{"id":9323,"date":"2014-03-24T21:16:42","date_gmt":"2014-03-24T19:16:42","guid":{"rendered":"http:\/\/www.bghaber.org\/bghaber\/?p=9323"},"modified":"2019-07-10T18:10:26","modified_gmt":"2019-07-10T16:10:26","slug":"vataniye","status":"publish","type":"post","link":"https:\/\/www.bghaber.org\/bghaber\/vataniye\/","title":{"rendered":"Vataniye"},"content":{"rendered":"<p><b>Neriman ERALP<\/b><\/p>\n<p>&nbsp;<\/p>\n<p>Ben bu yerde ya\u015famad\u0131m.<\/p>\n<p>Ya\u015fl\u0131l\u0131\u011f\u0131ma doyamad\u0131m<\/p>\n<p>Vatan\u0131ma hasret oldum.<\/p>\n<p>Vatans\u0131z olamad\u0131m.<\/p><div id=\"bghab-459473769\" class=\"bghab-icerik-icine bghab-entity-placement\"><script async src=\"\/\/pagead2.googlesyndication.com\/pagead\/js\/adsbygoogle.js?client=ca-pub-6203283170189293\" crossorigin=\"anonymous\"><\/script><ins class=\"adsbygoogle\" style=\"display:block; text-align:center;\" data-ad-client=\"ca-pub-6203283170189293\" \ndata-ad-slot=\"7303146466\" \ndata-ad-layout=\"in-article\"\ndata-ad-format=\"fluid\" data-full-width-responsive=\"true\"><\/ins>\n<script> \n(adsbygoogle = window.adsbygoogle || []).push({}); \n<\/script>\n<\/div>\n<p>&nbsp;<\/p>\n<p>Hey g\u00fczel K\u0131r\u0131m,<\/p>\n<p>Hey g\u00fczeller diyar\u0131 K\u0131r\u0131m! Hey\u2026<\/p>\n<p>&nbsp;<\/p>\n<p><b>Vataniye, <\/b>babalar\u0131 vatan hasretiyle ya\u015fayan, K\u0131r\u0131ml\u0131 k\u0131zlar\u0131n ad\u0131d\u0131r.<\/p>\n<p><b>Vatana sonsuz sevgi, Vataniye <\/b>bu d\u00fcnyada helalle\u015femeyen ve belki orada halle\u015fme umuduyla \u00e7ileli bir hayat\u0131 olan <b>K\u0131r\u0131m T\u00fcrkleri<\/b>nin \u00f6lmeyen \u00fcmit \u015fark\u0131s\u0131d\u0131r.<\/p>\n<p>&nbsp;<\/p>\n<p>Vatan iye\u2019yi \u0130stanbul Hali\u00e7 Hilton Oteli\u2019nde 2013\u2019te yap\u0131lan 16. D\u00fcnya T\u00fcrk Gen\u00e7lik Festivali\u2019nde tan\u0131d\u0131m. K\u0131r\u0131m T\u00fcrk Gen\u00e7li\u011fini temsil ediyordu. Y\u00fcz\u00fc pamuk kadar beyaz, g\u00f6zleri g\u00f6ky\u00fcz\u00fc gibi mavi, tek demette toplanm\u0131\u015f sa\u00e7lar\u0131, belki de o kadar olmasa da, ad\u0131 Atilla\u2019dan gelen \u0130dil (Volga) \u0131rma\u011f\u0131 kadar dolgun ve uzundu. \u0130nsanlar aralar\u0131nda ya\u015fad\u0131klar\u0131 a\u011fa\u00e7lara benzerler diyenler y\u00fczde y\u00fcz hakl\u0131yd\u0131, onun da boyu endaml\u0131 ve y\u00fcz\u00fc K\u0131r\u0131m yurdunun bin bir \u00e7i\u00e7e\u011finden en g\u00fczellerin a\u00e7m\u0131\u015f\u0131 kadar g\u00fczeldi. Konu\u015fmas\u0131na gerek yoktu. O konu\u015fmadan da konu\u015fuyordu. G\u00fczel yurdunu anlata anlata bitiremiyordu.<\/p><div id=\"bghab-383645377\" class=\"bghab-icerik-icine-10-paragraf bghab-entity-placement\"><script async src=\"\/\/pagead2.googlesyndication.com\/pagead\/js\/adsbygoogle.js?client=ca-pub-6203283170189293\" crossorigin=\"anonymous\"><\/script><ins class=\"adsbygoogle\" style=\"display:block; text-align:center;\" data-ad-client=\"ca-pub-6203283170189293\" \ndata-ad-slot=\"7303146466\" \ndata-ad-layout=\"in-article\"\ndata-ad-format=\"fluid\" data-full-width-responsive=\"true\"><\/ins>\n<script> \n(adsbygoogle = window.adsbygoogle || []).push({}); \n<\/script>\n<\/div>\n<p>&nbsp;<\/p>\n<p>\u00d6z T\u00fcrk ad\u0131 Ceyhun olan ve Amudarya olarak Rus\u00e7ala\u015ft\u0131r\u0131lan, \u00f6z T\u00fcrk ad\u0131 Seyhun olan ve S\u0131rdarya olarak Rus\u00e7ala\u015ft\u0131r\u0131lan ama eskiden oldu\u011fu gibi bug\u00fcn de T\u00fcrk D\u00fcnyas\u0131\u2019n\u0131n sonsuz step g\u00fczelliklerine hayat bah\u015feden bu iki \u0131rma\u011f\u0131n sessizce uzad\u0131k\u00e7a uzad\u0131\u011f\u0131 gibi, \u00f6rg\u00fcs\u00fcne \u00e7i\u00e7ek d\u00f6\u015fenmi\u015f sa\u00e7lar\u0131 beline iniyordu.<\/p>\n<p>&nbsp;<\/p>\n<p>Ruh halinde sonsuz bir gurur vard\u0131. Kayna\u011f\u0131n\u0131 sorsam, atalar\u0131m Moskova\u2019dan hara\u00e7 alm\u0131\u015ft\u0131r, diyebilirdi. Ne ki, \u0131rmaklar kuzeyden g\u00fcneye do\u011fru akt\u0131\u011f\u0131 gibi, b\u00fcy\u00fck olaylar oldu\u011funda insanlar da belirli kap\u0131lara y\u00f6neliyordu. Onun \u00f6z yurdu G\u00fcneyin giri\u015f kap\u0131s\u0131yd\u0131. Kale duvarlar\u0131 dayan\u0131r ama olan hep kap\u0131lara oldu\u011fundan dolay\u0131, onun yurdu da daha geni\u015f kap\u0131 a\u00e7mak isteyenler taraf\u0131ndan ka\u00e7 kez yak\u0131l\u0131p y\u0131k\u0131lm\u0131\u015f ve olan hep onlara olmu\u015ftu. O, facialar\u0131n en b\u00fcy\u00fc\u011f\u00fcnden kalm\u0131\u015f bir \u00fcmit p\u0131r\u0131lt\u0131s\u0131yd\u0131.<\/p>\n<p>&nbsp;<\/p>\n<p>Sen, T\u00fcrk Gen\u00e7lik D\u00fcnyas\u0131n\u0131n g\u00fczellikler sembol\u00fc m\u00fcs\u00fcn diye sorsam, bilmem ne cevap verirdi. Koskoca Asya k\u0131tas\u0131nda ne varsa Anadolu\u2019da da oldu\u011fu gibi, Macaristan\u2019dan Macurya\u2019ya uzanan T\u00fcrk D\u00fcnyas\u0131 pete\u011finin \u00f6z bal\u0131 sanki K\u0131r\u0131m T\u00fcrk Yurduna damlam\u0131\u015ft\u0131. O da adeta ba\u015fka hi\u00e7bir \u015fey yememi\u015f i\u00e7memi\u015f, ballanm\u0131\u015f da ballanm\u0131\u015ft\u0131.<\/p>\n<p>Da\u011flarda, Kara Kum ve K\u0131z\u0131l Kum \u00e7\u00f6llerinde, stepleri sulamaktan yorgun d\u00fc\u015fen Azov G\u00f6l\u00fcnde, r\u00fczg\u00e2r\u0131n yaln\u0131z atlarla ve \u015fahinlerle yar\u0131\u015fabildi\u011fi boz k\u0131rlarda hayat bulan her \u015feyin bir arada oldu\u011fu K\u0131r\u0131m Yurdu, tarih boyu iyilik ve k\u00f6t\u00fcl\u00fc\u011f\u00fcn, istenen ile istenmeyenin kesi\u015fti\u011fi, kem g\u00f6zlerin odak yeri oldu. Biz, tarihten ders al\u0131nsa k\u00f6t\u00fcl\u00fckler ya\u015fayamaz desek de, bu s\u00f6zler, K\u0131r\u0131ml\u0131lar\u0131n kara yazg\u0131s\u0131n\u0131 bilenler i\u00e7in hi\u00e7bir anlam ta\u015f\u0131m\u0131yor.<\/p>\n<p>Son 2 y\u00fczy\u0131lda onlar\u0131n hayatlar\u0131na ister trajedi, ister trajik bir dram desek, her ikisi de, \u00e7ok zay\u0131f kal\u0131r. \u00c7\u00fcnk\u00fc trajik ve dramatik olan insan oldu\u011fu yerde olur. K\u0131r\u0131m T\u00fcrkleri ise, topyek\u00fbn de\u011fil, soy k\u00f6klerinin en derin k\u00f6kleri s\u00f6k\u00fclerek yok edilmek istenmi\u015fti. Ve bu \u00f6yle bir imha idi ki, da\u011flar ta\u015flar \u0131rmaklar g\u00f6ller orman ve ovalar ve bu d\u00fcnyada daha ne kadar a\u011fz\u0131 var dili olmayan varsa hepsinin g\u00f6z\u00fc \u00f6n\u00fcnde ve sanki t\u00fcm insanl\u0131\u011fa g\u00f6zda\u011f\u0131 verircesine olmu\u015ftu. Bu, kur\u015funlardan delik de\u015fik olan, aylarca kendi t\u00fck\u00fcr\u00fc\u011f\u00fcnden ba\u015fka hi\u00e7bir \u015fey yemeyen, kapal\u0131 hayvan vagonlar\u0131nda son adresi olmayan ve uzad\u0131k\u00e7a uzayan yolculu\u011fa dayanamayanlar\u0131n facial\u0131 feryad\u0131d\u0131r. K\u00f6r, sakat, ya\u015fl\u0131, emzikte bebe, gen\u00e7 k\u0131z ve o\u011flan, ana babalar, yediden yetmi\u015fe Vatan topra\u011f\u0131ndan s\u00f6k\u00fclen K\u0131r\u0131m T\u00fcrkleri sonras\u0131 olmayan bir yolculuk yapt\u0131. Hi\u00e7bir yerde bir saat aray\u0131 bile bekleyemeden \u00f6len yeni birini g\u00f6mmeye ne ya\u015fayanlarda takat, ne bir kazma k\u00fcrek vard\u0131. Buz kesmi\u015f cesetlerin ba\u015fucuna \u00fcst \u00fcst\u00fcne iki ta\u015fca\u011f\u0131z bile koyamad\u0131lar. Fatihas\u0131z bir katliam! K\u0131r\u0131m T\u00fcrk katliam\u0131!\u00a0 2 milyondular 300 bine d\u00fc\u015ft\u00fcler. Ve o, bu K\u0131r\u0131ml\u0131 T\u00fcrk k\u0131zlar\u0131ndan biriydi Vataniye. Bana bakt\u0131k\u00e7a, ben de ona bakarken i\u015fte b\u00f6yle k\u0131z k\u0131za, g\u00f6z g\u00f6ze, kokla\u015farak tan\u0131\u015ft\u0131k.<\/p><div id=\"bghab-2946042640\" class=\"bghab-icerik-icine-15-paragraf bghab-entity-placement\"><script async src=\"\/\/pagead2.googlesyndication.com\/pagead\/js\/adsbygoogle.js?client=ca-pub-6203283170189293\" crossorigin=\"anonymous\"><\/script><ins class=\"adsbygoogle\" style=\"display:block; text-align:center;\" data-ad-client=\"ca-pub-6203283170189293\" \ndata-ad-slot=\"7303146466\" \ndata-ad-layout=\"in-article\"\ndata-ad-format=\"fluid\" data-full-width-responsive=\"true\"><\/ins>\n<script> \n(adsbygoogle = window.adsbygoogle || []).push({}); \n<\/script>\n<\/div>\n<p>&nbsp;<\/p>\n<p>Ben de anam\u0131n karn\u0131nda gelmi\u015fim Ana Vatana. Ben de Ata Vatan\u0131ndan kovulanlar\u0131n bir k\u0131z\u0131y\u0131m. Do\u011fmadan ayaklanm\u0131\u015f\u0131m anamla. Do\u011fmadan i\u00e7mi\u015fim m\u00fccadeleci suyundan. Ben de karde\u015flerim ve akranlar\u0131m gibi do\u011fmadan a\u011flam\u0131\u015f\u0131m \u015fehitlerin ard\u0131ndan. Do\u011fmadan sevmi\u015fim h\u00fcrriyeti, sevdal\u0131y\u0131m \u00f6zg\u00fcrl\u00fcklere, kavgaya, sevildik\u00e7e sevmeye\u2026<\/p>\n<p>&nbsp;<\/p>\n<p>Vatan iye\u2019nin dedesi, Karadeniz\u2019in birbirini kovalayan g\u00fczelim dalgalar\u0131nda y\u00fczerken y\u00fczle\u015fmi\u015f d\u00fcnyas\u0131n\u0131 k\u00f6r eden ac\u0131yla. Yeti\u015ftirdi\u011fi bah\u00e7enin duvar\u0131na vuran k\u00f6p\u00fckl\u00fc dalgalar\u0131 g\u00f6rememi\u015f bir daha. Koparamam\u0131\u015f dikti\u011fi a\u011fa\u00e7lar\u0131n meyvelerinden, koklayamam\u0131\u015f g\u00fcllerini. Kadim T\u00fcrk bozk\u0131rlar\u0131n\u0131n en u\u00e7 noktas\u0131na, en yal\u00e7\u0131n da\u011flar\u0131n en y\u00fcksek tepesine ve neredeyse yerin dibinin dibine s\u00fcrg\u00fcn edilirken nenesi, b\u00fcnyesinde ta\u015f\u0131d\u0131\u011f\u0131 Vatan iye\u2019nin annesiyle gitmi\u015f o uzaklara. Babas\u0131 Vatan hasretiyle hayata g\u00f6zlerini yumarken k\u0131z\u0131m\u0131n ad\u0131 Vataniye olsun demi\u015f\u2026<\/p>\n<p>&nbsp;<\/p>\n<p>Bizim durmadan akan \u00e7e\u015fmeler gibi bir \u015fey i\u015fte\u2026Ak\u0131yor da su, art\u0131k i\u00e7eni yok. Al\u0131\u015fm\u0131\u015f\u0131z suyun sesini dinlemeye, akt\u0131k\u00e7a akar demeye\u2026\u201dSu uyur y\u0131lan uyumaz!,\u201d atas\u00f6z\u00fcn\u00fc bile unutmu\u015fuz. Y\u0131lan\u0131n d\u00fc\u015fman oldu\u011funu d\u00fc\u015f\u00fcnenimiz bile kalmad\u0131. Oysa y\u0131lan uyurken yap\u0131yor i\u015fini, korkuyu ko\u015fmu\u015f i\u015fe\u2026Sokup zehirlemeden, boynuna sar\u0131l\u0131p bo\u011fmadan yapabiliyorsa istedi\u011fini, neden zorlas\u0131n kendini? Suyun ho\u015f sesi, y\u0131lan korkusundan \u00f6nce unutuldu, ne yaz\u0131k. Ve g\u00fczellik ge\u00e7icidir ve korku ebedidir deyenin de g\u00f6z\u00fc k\u00f6r olsun. Ve ben bu hayatta g\u00fczelliklerin galibiyetinden yanay\u0131m.<\/p>\n<p>&nbsp;<\/p>\n<p>Kar\u015f\u0131mda insan ruhunun en g\u00fczeliyle y\u00fcklenmi\u015f sakince s\u00fcz\u00fclen ve bizim leh\u00e7emizde ad\u0131 belki de \u201cVatansever\u201d olan bir enderli\u011fin, \u00e7ok ac\u0131 bir d\u00fcnyada yeti\u015fmi\u015f, bir nur topu var.<\/p>\n<p>Ona bak\u0131yorum da, Vataniye isminin anlam\u0131 Vatanseverle tam \u00f6rt\u00fc\u015fm\u00fcyor, diye d\u00fc\u015f\u00fcn\u00fcyorum. Vatansever senin ata vatan\u0131n\u0131 ya da ana vatan\u0131n\u0131 sevdi\u011fin anlam\u0131na gelirken, Vataniye bir baban\u0131n ya\u015famaya doyamad\u0131\u011f\u0131 vatan\u0131na yan\u0131k hasretidir. S\u0131radan vatan sevgisi ile hasretlik ortam\u0131nda do\u011fan Vatan sevgisi aras\u0131nda da\u011flar kadar fark vard\u0131r. K\u0131r\u0131m k\u0131zlar\u0131n\u0131n birka\u00e7 tanesinden birinin ismi hep Vataniyedir. Vatan iye\u2019nin tam anlam\u0131 biz var olduk\u00e7a K\u0131r\u0131m bir T\u00fcrk Yurdu olarak var olacak anlam\u0131ndad\u0131r. Vataniye bir k\u0131z ad\u0131d\u0131r ve Vatan\u2019a olan sevgiyi \u00e7o\u011faltarak ya\u015fatmak \u00fczere hayata \u00e7a\u011fr\u0131lm\u0131\u015ft\u0131r.<\/p><div id=\"bghab-3822345173\" class=\"bghab-icerik-icine-20-paragraf bghab-entity-placement\"><script async src=\"\/\/pagead2.googlesyndication.com\/pagead\/js\/adsbygoogle.js?client=ca-pub-6203283170189293\" crossorigin=\"anonymous\"><\/script><ins class=\"adsbygoogle\" style=\"display:block; text-align:center;\" data-ad-client=\"ca-pub-6203283170189293\" \ndata-ad-slot=\"7303146466\" \ndata-ad-layout=\"in-article\"\ndata-ad-format=\"fluid\" data-full-width-responsive=\"true\"><\/ins>\n<script> \n(adsbygoogle = window.adsbygoogle || []).push({}); \n<\/script>\n<\/div>\n<p>\u0130nsan\u0131n en a\u011f\u0131r \u00e7ileleri yenebilece\u011fini, yendi\u011fini ve zaferi simgeler.<\/p>\n<p>&nbsp;<\/p>\n<p>Rusya Ba\u015f\u0131 Kru\u015f\u00e7ev, \u201cK\u0131r\u0131m T\u00fcrkleri d\u00f6nebilir\u201d dedi\u011finde kimin nereden d\u00f6nece\u011fini s\u00f6ylemedi. D\u00f6nenler bamba\u015fka bir d\u00fcnyadan adeta cehennemin dibinden emekleye emekleye s\u00fcr\u00fcne s\u00fcr\u00fcne geldiler. Anayurdu doya doya koklamaya ve art\u0131k ebediyen burada kalmaya d\u00f6nm\u00fc\u015flerdi. Yurt meydanlar\u0131ndan herhangi birine dikildiklerinde sanki \u00fczerlerinden bin ton y\u00fck iniyordu. Evlerinin yak\u0131lm\u0131\u015f y\u0131k\u0131lm\u0131\u015f olmas\u0131 hi\u00e7 \u00f6nemli de\u011fildi. Her yer bombo\u015ftu. Gelenleri yabanc\u0131 san\u0131p havlayan k\u00f6pek bile yoktu. Sevin\u00e7ten co\u015fan deniz u\u011fulduyor, ne zamandan beri ekilip bi\u00e7ilmeyen tarlalar y\u0131llar\u0131n hasretine dayanan sevgililer gibi sevin\u00e7 g\u00f6zya\u015flar\u0131 d\u00f6kerken, rahmet \u00e7a\u011f\u0131r\u0131yordu.<\/p>\n<p>&nbsp;<\/p>\n<p>K\u0131r\u0131m T\u00fcrkleri unutulmaya mahk\u00fbm bir trajedinin kurban\u0131d\u0131r. Hitler \u00e7izmesi K\u0131r\u0131ma bast\u0131\u011f\u0131nda ba\u015flar\u0131na gelen \u201cEfendi de\u011fi\u015ftirmek\u201d trajedisidir. \u201cVatanperverlik\u201d ile \u201cVatan Hainli\u011fi\u201d aras\u0131nda kalm\u0131\u015flard\u0131. Onlara hem Stalin hem Hitler \u201cba\u011f\u0131ms\u0131zl\u0131k\u201d vaat etmi\u015fti. Zor zamanda verilen s\u00f6zler vaatten say\u0131lmazd\u0131. Hitler s\u00fcr\u00fclerine takt\u0131klar\u0131 \u201cMavi Alay\u201d bir i\u015fe yaramad\u0131, fakat onlar\u0131n ba\u015flar\u0131n\u0131 yedi. Cani Stalin onlar\u0131 Vatans\u0131z b\u0131rakt\u0131. Bir m\u0131z\u0131r ot gibi s\u00f6k\u00fcp att\u0131. Oysa kaynayan bir suyun buharla\u015fmas\u0131na neden, alt\u0131nda yanan ate\u015fti. Ate\u015fi s\u00f6nd\u00fcremeyen Stalin, kinci \u00e7\u0131kt\u0131 ve h\u0131nc\u0131n\u0131 onlardan ald\u0131, onlar\u0131 \u00e7amurda yuvarlanan manda gibi ezdi bitirdi.<\/p>\n<p>&nbsp;<\/p>\n<p>\u201cOh! \u015e\u00fck\u00fcr Allah\u2019\u0131ma! Bitti!\u201d diyenler, sonsuz \u00e7ileler d\u00fcnyas\u0131ndan, vatans\u0131zl\u0131ktan d\u00f6nenlerdi. G\u00f6z bebekleri bir daha yerlerine d\u00f6nmemek \u00fczere \u00e7\u00f6kt\u00fck\u00e7e \u00e7\u00f6km\u00fc\u015f erkek ve kad\u0131nlard\u0131. Ben yaln\u0131z bir deri de\u011filim, kemiklerim da var diye hayk\u0131ran almac\u0131k kemikleri, olmayan yanaklar\u0131nda yumruk gibi f\u0131rlam\u0131\u015f day\u0131lar\u0131m ve amcalar\u0131md\u0131. Sa\u00e7lar karman \u00e7orman, ayaklar yal\u0131n ayak, nas\u0131rl\u0131 eller kocaman, hayat\u0131 ya\u015fatmaya d\u00f6nm\u00fc\u015flerdi. Yorgun bak\u0131\u015flarda umut k\u0131v\u0131lc\u0131mlar\u0131 vard\u0131. K\u0131r\u0131m T\u00fcrkl\u00fc\u011f\u00fcn\u00fc ya\u015fatmak! K\u0131r\u0131m\u2019da \u00f6lmek! K\u00f6y kabristanl\u0131\u011f\u0131na g\u00f6m\u00fclmek! Hem burada hem orada beraber olmak! Bu da mutlu olmakt\u0131. \u00c7ileler,\u00a0 \u00e7ekiler, eziyetler,\u00a0 g\u00f6zya\u015flar\u0131 unutulmak i\u00e7in vard\u0131. D\u00fcnya d\u00fcnya olal\u0131 onlar\u0131n ac\u0131s\u0131n\u0131 tartacak bir kantar bile icat edememi\u015fti. G\u00fcne\u015fin bir damla suda yans\u0131d\u0131\u011f\u0131n\u0131 anlatanlar, onlar\u0131n ba\u015f\u0131na gelenlere serence deyemedi. \u00c7ok sava\u015flar olmu\u015f ama bir halk\u0131n \u00f6z yurdundan bu kadar gaddar bir \u015fekilde s\u00f6k\u00fcld\u00fc\u011f\u00fc asla g\u00f6r\u00fclmemi\u015fti.<\/p>\n<p>&nbsp;<\/p>\n<p>Bir miller olarak \u00e7ok az kalm\u0131\u015flard\u0131. \u0130nan\u00e7lar\u0131nda bir orman bir a\u011fa\u00e7la ba\u015flar ger\u00e7e\u011fi vard\u0131. \u00c7ok par\u00e7alanm\u0131\u015flar, \u00e7ok da\u011f\u0131t\u0131lm\u0131\u015flar, hay\u0131r, onlar bir daha toplanamamak \u00fczere t\u00fcm t\u00fcm sa\u00e7\u0131lm\u0131\u015flard\u0131. Ve art\u0131k yeniden ezan sesini, yeni do\u011fan bebelerin \u00e7\u0131\u011fl\u0131\u011f\u0131n\u0131, bahar\u0131 yaz\u0131 beklerken canlan\u0131p yeniden a\u00e7m\u0131\u015flard\u0131.<\/p><div id=\"bghab-3097775254\" class=\"bghab-icerik-icine-25-paragraf bghab-entity-placement\"><script async src=\"\/\/pagead2.googlesyndication.com\/pagead\/js\/adsbygoogle.js?client=ca-pub-6203283170189293\" crossorigin=\"anonymous\"><\/script><ins class=\"adsbygoogle\" style=\"display:block; text-align:center;\" data-ad-client=\"ca-pub-6203283170189293\" \ndata-ad-slot=\"7303146466\" \ndata-ad-layout=\"in-article\"\ndata-ad-format=\"fluid\" data-full-width-responsive=\"true\"><\/ins>\n<script> \n(adsbygoogle = window.adsbygoogle || []).push({}); \n<\/script>\n<\/div>\n<p>&nbsp;<\/p>\n<p>Son g\u00fcnlerde K\u0131r\u0131ml\u0131lar kendilerini yeniden d\u00fcnya siyaset merkezinde bulduklar\u0131nda Vatan\u0131ye\u2019yi d\u00fc\u015f\u00fcnd\u00fcm. Ne yap\u0131yor acaba? Oturmu\u015f kendine \u00e7eyiz mi haz\u0131rl\u0131yordur! Meydanlara \u00e7\u0131km\u0131\u015f bayrak m\u0131 savuruyordur! Gen\u00e7leri toplam\u0131\u015f yal\u0131n sesiyle nutuk mu at\u0131yordur! Acaba neler anlat\u0131yor diye d\u00fc\u015f\u00fcn\u00fcrken telefona sar\u0131ld\u0131m.<\/p>\n<p>&nbsp;<\/p>\n<p><b>Hemen a\u00e7t\u0131.<\/b><\/p>\n<p>&#8211;\u00a0\u00a0\u00a0\u00a0\u00a0\u00a0\u00a0\u00a0\u00a0 Buyurun, ben Vataniye, dedi.<\/p>\n<p>&#8211;\u00a0\u00a0\u00a0\u00a0\u00a0\u00a0\u00a0\u00a0\u00a0 Vataniye, tan\u0131yamad\u0131n m\u0131? Ben \u0130stanbul\u2019dan. Neriman. Nas\u0131ls\u0131n?<\/p>\n<p>&#8211;\u00a0\u00a0\u00a0\u00a0\u00a0\u00a0\u00a0\u00a0\u00a0 Kuyruktay\u0131m. Rusya Pasaportu al\u0131yorum. K\u0131r\u0131mdan koptuk.<\/p><div id=\"bghab-3720571972\" class=\"bghab-icerik-icine-30-paragraf bghab-entity-placement\"><script async src=\"\/\/pagead2.googlesyndication.com\/pagead\/js\/adsbygoogle.js?client=ca-pub-6203283170189293\" crossorigin=\"anonymous\"><\/script><ins class=\"adsbygoogle\" style=\"display:block; text-align:center;\" data-ad-client=\"ca-pub-6203283170189293\" \ndata-ad-slot=\"7303146466\" \ndata-ad-layout=\"in-article\"\ndata-ad-format=\"fluid\" data-full-width-responsive=\"true\"><\/ins>\n<script> \n(adsbygoogle = window.adsbygoogle || []).push({}); \n<\/script>\n<\/div>\n<p>Hi\u00e7bir \u015feye kar\u0131\u015fm\u0131yoruz. Ada yerinde duruyor. Biz de \u00fczerindeyiz, derken espri yapt\u0131\u011f\u0131 belli oldu.<\/p>\n<p>&#8211;\u00a0\u00a0\u00a0\u00a0\u00a0\u00a0\u00a0\u00a0\u00a0 Tamam, sonra yine arar\u0131m, diyerek kapad\u0131m.<\/p>\n<p>K\u00fcrs\u00fcde de\u011fildi. K\u00fcrs\u00fcye \u00e7\u0131ksa, hi\u00e7 a\u011fz\u0131n\u0131 a\u00e7madan yaln\u0131z g\u00fczelli\u011finin sihrinden diller yutulur, silahlar iner, bayraklar d\u00fcr\u00fcl\u00fcr ve niyetler de\u011fi\u015firdi. Tarihin \u00e7\u0131ras\u0131 olan bir milletin g\u00fczel dilberi, itirazlar\u0131n ge\u00e7icili\u011fine inanm\u0131\u015f bir halk\u0131 simgeliyordu. En \u00f6nemli olan pasaportun rengi de\u011fil Vatan sevgisine sar\u0131lm\u0131\u015f hayat\u0131n ya\u015famas\u0131yd\u0131. G\u00fczellerin bir bak\u0131\u015f\u0131 nice sava\u015flar ba\u015flatm\u0131\u015f, nicelerini de durdurmu\u015f, Tanr\u0131lara ba\u015fkald\u0131rm\u0131\u015f ba\u015fkomutanlar g\u00fczelli\u011fin aya\u011f\u0131na kapanm\u0131\u015f ve pes olmu\u015ftu. \u00d6nemli olan b\u00fcy\u00fck sava\u015flar\u0131 da sava\u015fmadan kazanmakt\u0131.<\/p>\n<div id=\"bghab-4012445347\" class=\"bghab-yazi-altinda bghab-entity-placement\"><script async src=\"https:\/\/pagead2.googlesyndication.com\/pagead\/js\/adsbygoogle.js\"><\/script>\r\n<!-- bghaber-yaz\u0131-sonu -->\r\n<ins class=\"adsbygoogle\"\r\n     style=\"display:block\"\r\n     data-ad-client=\"ca-pub-6203283170189293\"\r\n     data-ad-slot=\"4222328180\"\r\n     data-ad-format=\"auto\"\r\n     data-full-width-responsive=\"true\"><\/ins>\r\n<script>\r\n     (adsbygoogle = window.adsbygoogle || []).push({});\r\n<\/script><\/div><br style=\"clear: both; display: block; float: none;\"\/>","protected":false},"excerpt":{"rendered":"<p>Neriman ERALP &nbsp; Ben bu yerde ya\u015famad\u0131m. Ya\u015fl\u0131l\u0131\u011f\u0131ma doyamad\u0131m Vatan\u0131ma hasret oldum. Vatans\u0131z olamad\u0131m. &nbsp; Hey g\u00fczel K\u0131r\u0131m, Hey g\u00fczeller diyar\u0131 K\u0131r\u0131m! Hey\u2026 &nbsp; Vataniye,<\/p>\n","protected":false},"author":29,"featured_media":0,"comment_status":"closed","ping_status":"closed","sticky":false,"template":"","format":"standard","meta":{"advanced_seo_description":"","jetpack_seo_html_title":"","jetpack_seo_noindex":false,"jetpack_seo_schema_type":"","_jetpack_newsletter_access":"","_jetpack_dont_email_post_to_subs":false,"_jetpack_newsletter_tier_id":0,"_jetpack_memberships_contains_paywalled_content":false,"_jetpack_feature_clip_id":0,"_jetpack_memberships_contains_paid_content":false,"footnotes":"","jetpack_post_was_ever_published":false},"categories":[6],"tags":[],"class_list":["post-9323","post","type-post","status-publish","format-standard","hentry","category-yorum"],"jetpack_sharing_enabled":true,"jetpack_likes_enabled":true,"jetpack-related-posts":[],"jetpack_shortlink":"https:\/\/wp.me\/sc2PfJ-vataniye","jetpack_featured_media_url":"","_links":{"self":[{"href":"https:\/\/www.bghaber.org\/bghaber\/wp-json\/wp\/v2\/posts\/9323","targetHints":{"allow":["GET"]}}],"collection":[{"href":"https:\/\/www.bghaber.org\/bghaber\/wp-json\/wp\/v2\/posts"}],"about":[{"href":"https:\/\/www.bghaber.org\/bghaber\/wp-json\/wp\/v2\/types\/post"}],"author":[{"embeddable":true,"href":"https:\/\/www.bghaber.org\/bghaber\/wp-json\/wp\/v2\/users\/29"}],"replies":[{"embeddable":true,"href":"https:\/\/www.bghaber.org\/bghaber\/wp-json\/wp\/v2\/comments?post=9323"}],"version-history":[{"count":0,"href":"https:\/\/www.bghaber.org\/bghaber\/wp-json\/wp\/v2\/posts\/9323\/revisions"}],"wp:attachment":[{"href":"https:\/\/www.bghaber.org\/bghaber\/wp-json\/wp\/v2\/media?parent=9323"}],"wp:term":[{"taxonomy":"category","embeddable":true,"href":"https:\/\/www.bghaber.org\/bghaber\/wp-json\/wp\/v2\/categories?post=9323"},{"taxonomy":"post_tag","embeddable":true,"href":"https:\/\/www.bghaber.org\/bghaber\/wp-json\/wp\/v2\/tags?post=9323"}],"curies":[{"name":"wp","href":"https:\/\/api.w.org\/{rel}","templated":true}]}}