{"id":8994,"date":"2014-02-20T00:34:58","date_gmt":"2014-02-19T22:34:58","guid":{"rendered":"http:\/\/www.bghaber.org\/bghaber\/?p=8994"},"modified":"2019-07-10T18:11:41","modified_gmt":"2019-07-10T16:11:41","slug":"tercumanlara-is-cikti","status":"publish","type":"post","link":"https:\/\/www.bghaber.org\/bghaber\/tercumanlara-is-cikti\/","title":{"rendered":"Terc\u00fcmanlara \u0130\u015f \u00c7\u0131kt\u0131"},"content":{"rendered":"<p>BG-SAM<\/p>\n<p>Havada ya\u011fmur, kar kokusu var. Bu y\u0131l, k\u0131\u015f ortas\u0131nda bahar ya\u015farken, hava birden bozar m\u0131 dersiniz. Bulgar\u2019da politika yine buzland\u0131, kayganla\u015ft\u0131.<\/p>\n<p>600 y\u0131ldan beri Rumeli\u2019de ya\u015fan Bulgaristan T\u00fcrkleri\u2019ne Avrupa Birli\u011fi se\u00e7im propagandas\u0131 Bulgar dilinde yap\u0131lacak ve ana dilleri T\u00fcrk\u00e7eye terc\u00fcme dilecek. Terc\u00fcmanlara i\u015f \u00e7\u0131kt\u0131.<\/p>\n<p>\u0130yilikten anlamayan bir millete iyilik yapmaktan zor bir \u015fey yoktur, s\u00f6zlerine hak vermemek olanaks\u0131z oldu.<\/p>\n<p>Politikada hava durumunda oldu\u011fu gibi ani de\u011fi\u015fimler izliyoruz.<\/p><div id=\"bghab-2325104265\" class=\"bghab-icerik-icine bghab-entity-placement\"><script async src=\"\/\/pagead2.googlesyndication.com\/pagead\/js\/adsbygoogle.js?client=ca-pub-6203283170189293\" crossorigin=\"anonymous\"><\/script><ins class=\"adsbygoogle\" style=\"display:block; text-align:center;\" data-ad-client=\"ca-pub-6203283170189293\" \ndata-ad-slot=\"7303146466\" \ndata-ad-layout=\"in-article\"\ndata-ad-format=\"fluid\" data-full-width-responsive=\"true\"><\/ins>\n<script> \n(adsbygoogle = window.adsbygoogle || []).push({}); \n<\/script>\n<\/div>\n<p>Devlet \u00e7\u00f6km\u00fc\u015f, AB\u2019de en fakir halk olduk, 2.5 milyon insan\u0131m\u0131z \u00fclkeyi terk etmi\u015f ve ba\u015fka \u00fclkelerde i\u015f ararken, 500\u00a0000 yeni gurbet\u00e7i de ilkyaz\u0131 beklemeden k\u00f6ylerini, kasabalar\u0131n\u0131 terk etmeye haz\u0131rlan\u0131rken, b\u00fct\u00fcn i\u015fimizi g\u00fcc\u00fcm\u00fcz\u00fc b\u0131rakt\u0131k, T\u00fcrklerin ana diliyle u\u011fra\u015f\u0131yoruz, ana dilde konu\u015fmay\u0131 nas\u0131l yasaklayal\u0131m diye, g\u00fcnlerce genel kurul toplant\u0131lar\u0131 yap\u0131l\u0131yor.<\/p>\n<p>T\u00fcrk ba\u011f\u0131ms\u0131z milletvekili Vejdi Ra\u015f\u0131dov\u2019un dedi\u011fi gibi, parlamento t\u00fckenmi\u015f, k\u0131s\u0131rla\u015fm\u0131\u015f ve halktan uzakla\u015fm\u0131\u015ft\u0131r, izlenen politika toslam\u0131\u015ft\u0131r. Meclis hemen kendini da\u011f\u0131tmal\u0131 ve yeni genel se\u00e7ime gidilmelidir. Bulgar kamuoyunu as\u0131ls\u0131z ve bo\u015f i\u015flerle me\u015fgul etmeye son verilmelidir. Bu \u00fclkede herkes hayal k\u0131r\u0131kl\u0131\u011f\u0131na u\u011fram\u0131\u015ft\u0131r.<\/p>\n<p>Eski Bakan Ra\u015fidov, o\u011flunun iki k\u0131z\u0131 ve e\u015fiyle birlikte \u00fclkeyi terk etti\u011fini ac\u0131yla payla\u015f\u0131rken,\u00a0 o\u011flum k\u0131zlar\u0131n\u0131 bu kadar kara renkli, korku ve deh\u015fet dolu bir \u00fclkede e\u011fitip yeti\u015ftirmek istemiyor, dedi. T\u00fcrk d\u00fc\u015fmanl\u0131\u011f\u0131 eski bakan\u0131n ailesi de bu arada b\u00fct\u00fcn ailelerimizi etkiliyor. Bulgaristan\u2019da anti-T\u00fcrk, anti-\u0130slam kinli fa\u015fizm dal budak sal\u0131yor.<\/p>\n<p>&nbsp;<\/p>\n<p>Bulgar parlamentosunda Hak ve \u00d6zg\u00fcrl\u00fckler Milletvekili H\u00fcseyin Haf\u0131zov\u2019un 14 \u015eubatta yapt\u0131\u011f\u0131 ate\u015fli konu\u015fma, saman\u0131m kuru keyfi ya\u015fayanlar\u0131n rahat\u0131n\u0131 bozdu. T\u00fcrklerin <b>ana dil \u00f6zg\u00fcrl\u00fc\u011f\u00fc hakk\u0131n\u0131 YEN\u0130 SE\u00c7\u0130M YASASINA da i\u015fleyerek<\/b> ebediyen ve yasalarla yok etmek isteyenler bu defa tepki g\u00f6rd\u00fc.<\/p>\n<p>Haf\u0131zov, \u201c<b>demokratik haklar\u0131m\u0131z u\u011fruna hakl\u0131 davam\u0131za her \u015feyi g\u00f6ze alarak devam edece\u011fim!\u201d dedi.<\/b> Bulgar meclisinde son 24 y\u0131lda bir T\u00fcrk hatip T\u00fcrklerin ana dil hakk\u0131 \u00fcst\u00fcne bu kadar kesin, net, ate\u015fli ve kararl\u0131 bir konu\u015fma yap\u0131lmam\u0131\u015ft\u0131. 6 c\u00fcmleden ibaret olan bu k\u00fcrs\u00fc s\u00f6ylevi, hem Boyko Borisov\u2019u ve partisi GERB milletvekillerini, hem de Volen Siderov ve \u201cATAKA\u201d meclis grubunu genel kurul salonundan \u00e7\u0131kard\u0131. Sosyalist Parti i\u00e7inden \u00e7at\u0131rt\u0131 geldi. Ahmet Do\u011fanc\u0131 H\u00d6H milletvekilleri sustu ve kabuklar\u0131na b\u00fcz\u00fcld\u00fc.<\/p><div id=\"bghab-1072395003\" class=\"bghab-icerik-icine-10-paragraf bghab-entity-placement\"><script async src=\"\/\/pagead2.googlesyndication.com\/pagead\/js\/adsbygoogle.js?client=ca-pub-6203283170189293\" crossorigin=\"anonymous\"><\/script><ins class=\"adsbygoogle\" style=\"display:block; text-align:center;\" data-ad-client=\"ca-pub-6203283170189293\" \ndata-ad-slot=\"7303146466\" \ndata-ad-layout=\"in-article\"\ndata-ad-format=\"fluid\" data-full-width-responsive=\"true\"><\/ins>\n<script> \n(adsbygoogle = window.adsbygoogle || []).push({}); \n<\/script>\n<\/div>\n<p>\u015eimdi Bulgar Meclisinde 3 bildiri g\u00f6r\u00fc\u015f\u00fcl\u00fcyor. Meclis k\u00fcrs\u00fcs\u00fcnden hiddetli konu\u015fmalar\u0131n yaratt\u0131\u011f\u0131 gerginli\u011fi da\u011f\u0131tma yollar\u0131 aran\u0131yor.<\/p>\n<p>H. Haf\u0131zov\u2019un s\u00f6zde \u201c<b>Bulgarlara ve devlete kar\u015f\u0131<\/b> \u201c konu\u015fmas\u0131n\u0131n k\u0131nanmas\u0131 isteniyor, Ba\u015f Savc\u0131 g\u00f6reve \u00e7a\u011fr\u0131l\u0131yor. Se\u00e7im propagandam\u0131z\u0131 ana dilimizde yapmam\u0131z en do\u011fal hakk\u0131m\u0131zd\u0131r. Kendi toplant\u0131 ve mitinglerimizde terc\u00fcmeli konu\u015fmay\u0131 asla kabul edemeyiz. Olaya Avrupa Birli\u011fi Parlamento Ba\u015fkanl\u0131\u011f\u0131n\u0131n m\u00fcdahale etmesi gereklidir. Bulgaristan T\u00fcrklerinin ana dil hakk\u0131 kutsald\u0131r.<\/p>\n<p>T\u00fcrk\u00e7e konu\u015fmam\u0131z, politikalar\u0131, dalavereleri, r\u00fc\u015fvet olaylar\u0131n\u0131, h\u0131rs\u0131zl\u0131klar\u0131 ana dilimizde yorumlamam\u0131z Bulgarlara ve Bulgar devletine kar\u015f\u0131 s\u00f6ylev olarak m\u00fctalaa ediliyor. Olacak i\u015f de\u011fil! Avrupa Birli\u011fi \u00fcyesiyiz. Avrupa halklar\u0131n\u0131 bu toplulu\u011funda resmi 28 dilde konu\u015fuluyor. AB dil ayr\u0131m\u0131 olmayan bir topluluktur. Bulgaristan d\u0131\u015f\u0131nda hi\u00e7bir AB \u00fclkesinde dil yasa\u011f\u0131 yoktur.<\/p>\n<p>Ana dilimize kar\u015f\u0131 \u00e7\u0131kanlar Bulgar devletinin tek uluslu bir devlet oldu\u011funu \u00f6ne s\u00fcrerken, Tek Uluslu Bulgar devletinin ana dilleri farkl\u0131 olan etniklerden olu\u015ftu\u011funu kabul etmek istemiyorlar. T\u00fcrklerin ve di\u011fer etniklerin ana dillerini yasaklayanlar, insanlar\u0131n en kutsal hakk\u0131 olan ana dilinde konu\u015fmay\u0131 yasal bir uygulama, Bulgar \u201ctolerans\u0131\u201d \u015feklinde yorumluyorlar. \u00c7arl\u0131k d\u00f6neminde ba\u015flayan, totalitarizm y\u0131llar\u0131nda \u00e7ok \u015fiddetlenen ve b\u00fcy\u00fck say\u0131da kurban alan \u201c<b>eriterek Bulgarla\u015ft\u0131rma<\/b>\u201d politikas\u0131 bin bir yeni icatla, de\u011fi\u015fik \u015fekillere b\u00fcr\u00fcnerek en feci bir bi\u00e7imde t\u0131rmand\u0131r\u0131lmaya devam ediyor. Bu i\u015fe Meclis d\u0131\u015f\u0131nda eski d\u00fczenin en gizli ajanlar\u0131 uyand\u0131r\u0131larak devam ediliyor. Bir yandan Vasil Levski\u2019yi ele verenler lanetlenirken, \u00f6te yandan T\u00fcrk halk\u0131n\u0131n en g\u00f6zde evlatlar\u0131n\u0131 ihbar eden ve onlar\u0131 canlar\u0131ndan eden hainler Saraylarda ya\u015fat\u0131l\u0131yor, polis taburlar\u0131yla korunuyor, kendilerine z\u0131rhl\u0131 ara\u00e7lar tesis ediliyor. Bulgar toplumunun demokrasi kurabilmesi i\u00e7in \u201ckorumal\u0131 hainlerden\u201d tamamen kurtulmas\u0131 en acil ve en can al\u0131c\u0131 sorun olmu\u015ftur. <b>A. Do\u011fan Bulgaristan T\u00fcrk ve M\u00fcsl\u00fcmanlar\u0131 i\u00e7in bir haindir ve Bulgar politik erki bunu kabul etmek zorundad\u0131r.<\/b> Bulgar toplumunun en onurlu, en \u00e7al\u0131\u015fkan ve en iyi niyetli kesimi bir hain ve ihbarc\u0131 taraf\u0131ndan bundan b\u00f6yle bir g\u00fcn bile temsil edilmemelidir. Bu i\u015fler yalan dolanla, haini kahraman g\u00f6stermekle y\u00fcr\u00fcmez, bunu her g\u00fcn g\u00f6r\u00fcyoruz.<\/p>\n<p>Y\u0131llard\u0131r AB\u2019ye girmek isteyen ve g\u00f6r\u00fc\u015fmeleri son a\u015famada olan en b\u00fcy\u00fck devletlerden biri T\u00fcrkiye Cumhuriyetidir. Yar\u0131n \u00f6b\u00fcr g\u00fcn T.C. AB \u00fcyesi olunca T\u00fcrk dili AB i\u00e7indeki resmi dillerden bir olacakt\u0131r. Sorun g\u00fcndemdeyken Bulgar parlamentosunda kopan f\u0131rt\u0131naya, Bulgar milliyet\u00e7ili\u011finin \u015fi\u015fedeki cin oldu\u011funu g\u00f6rmemek i\u00e7in k\u00f6r olmak gerek. <b>T\u00fcrk dili<\/b>, T\u00fcrkl\u00fck ve \u0130slam korkusu Bulgar toplumunu \u00f6yle bir sarm\u0131\u015f ki, hepsi bir pire i\u00e7in yorgan\u0131 yakmaya haz\u0131r.<\/p><div id=\"bghab-3286833420\" class=\"bghab-icerik-icine-15-paragraf bghab-entity-placement\"><script async src=\"\/\/pagead2.googlesyndication.com\/pagead\/js\/adsbygoogle.js?client=ca-pub-6203283170189293\" crossorigin=\"anonymous\"><\/script><ins class=\"adsbygoogle\" style=\"display:block; text-align:center;\" data-ad-client=\"ca-pub-6203283170189293\" \ndata-ad-slot=\"7303146466\" \ndata-ad-layout=\"in-article\"\ndata-ad-format=\"fluid\" data-full-width-responsive=\"true\"><\/ins>\n<script> \n(adsbygoogle = window.adsbygoogle || []).push({}); \n<\/script>\n<\/div>\n<p>&nbsp;<\/p>\n<p>\u00d6te yandan, daha ilk se\u00e7ime kar\u0131lmadan, kendi kendine gelin g\u00fcveyi olan ve kendini Bulgar Ba\u015fbakan\u0131 koltu\u011funda g\u00f6ren, \u201c<b>Sans\u00fcrs\u00fcz Bulgaristan<\/b>\u201d Ba\u015fkan\u0131 Nikolay Barekov, ortada ne hol ne yumurta varken, <b>T\u00fcrkiye Cumhuriyeti\u2019nin Avrupa Birli\u011fine \u00fcye al\u0131nmas\u0131na kar\u015f\u0131 imza topluyor<\/b>, bu konuda halk oylamas\u0131 yap\u0131lmas\u0131n\u0131 istiyor. Bulgar politikas\u0131na yeni giren gen\u00e7 ku\u015fa\u011f\u0131n da \u201c<b>atalar\u0131ndan\u201d pek fark\u0131 yok<\/b>. Bunlar Makedon komitac\u0131lar\u0131n torunlar\u0131. Y\u00fczy\u0131l ge\u00e7ti bir gram de\u011fi\u015fmemi\u015fler. Bulgar politikas\u0131na girme \u015fartlar\u0131 netle\u015fti: \u0130lk \u00f6nce \u201c<b>Ermeni Soyk\u0131r\u0131m\u0131<\/b>\u201d bildirisini imzal\u0131yorlar.\u00a0 \u0130kinci olarak, 24 ayar Bulgar olduklar\u0131n\u0131 kan\u0131tlamak i\u00e7in \u201c<b>T\u00fcrkleri ve Pomaklar\u0131 \u00c7ingenelerle birlikte hepimizi Bulgarla\u015ft\u0131rma<\/b>\u201d (soya d\u00f6nme sa\u00e7mal\u0131\u011f\u0131) politikas\u0131n\u0131n isabetli, hak\u00e7a, do\u011fru oldu\u011fu konusunda g\u00f6r\u00fc\u015f a\u00e7\u0131klamak, konum beyan etmek zorunlulu\u011fu akt\u00fcel oldu. Bu, halkla g\u00f6r\u00fc\u015fmelerde, miting, toplant\u0131 ve bas\u0131nda yap\u0131l\u0131yor. \u00dc\u00e7 olarak, Bulgaristan\u2019daki M\u00fcsl\u00fcman\u00a0 vak\u0131f mallar\u0131n\u0131n Bulgar devletinin, kurumlar\u0131n\u0131n, beledilelerin mal\u0131 oldu\u011funu ve mahkeme karar\u0131yla da olsa Ba\u015f M\u00fcft\u00fcl\u00fc\u011fe ve M\u00fcft\u00fcl\u00fcklere geri verilmesine kar\u015f\u0131 \u00e7\u0131k\u0131p, bu ama\u00e7la \u00e7a\u011fr\u0131lar protesto g\u00f6steri, miting ve \u00f6teki eylemlerde polis kafan\u0131 da k\u0131rsa direneceksin. \u201cT\u00fcrklerin Bulgaristan\u2019da mal\u0131 m\u00fclk\u00fc olamaz! diye tempo tutacaks\u0131n. Politikac\u0131 s\u0131nav\u0131n\u0131 verebilmen i\u00e7in bu ko\u015fullara uyacaks\u0131n.<\/p>\n<p>\u015eu \u00fc\u00e7\u00fcnc\u00fc ko\u015fulla ilgili \u015funlar iyi bilinmelidir. Bulgaristan topraklar\u0131nda bulunan Osmanl\u0131 ta\u015f\u0131nmazlar\u0131, vak\u0131f mal ve m\u00fclk\u00fcn\u00fcn Bulgaristan\u2019da ya\u015fayan M\u00fcsl\u00fcman n\u00fcfusun, \u0130slam m\u00fcesseslerinin mal\u0131 m\u00fclk\u00fc oldu\u011funa dair, 1909 y\u0131l\u0131nda Bulgar \u00c7arl\u0131\u011f\u0131 ile Osmanl\u0131 Devleti aras\u0131nda bir s\u00f6zle\u015fme imzalanm\u0131\u015ft\u0131r. Bu s\u00f6zle\u015fme bug\u00fcn de ge\u00e7erlidir.<\/p>\n<p>Bununla birlikte Bulgar Topraklar\u0131nda bulunan M\u00fcsl\u00fcman ta\u015f\u0131nmazlar\u0131 ve t\u00fcm mal ve m\u00fclklerle ilgili 1990\u2019da T\u00fcrkiye Cumhuriyeti h\u00fck\u00fcmeti ile Bulgar h\u00fck\u00fcmeti aras\u0131nda 2 iki s\u00f6zle\u015fme imzalanm\u0131\u015ft\u0131r. Bu s\u00f6zle\u015fmelere g\u00f6re, Bulgaristan\u2019\u0131n T.C.\u2019ndeki ta\u015f\u0131nmazlar\u0131n\u0131n bak\u0131m ve onar\u0131m\u0131z\u0131, iade edilmemi\u015f olanlar\u0131n yasal iadesini T.C. h\u00fck\u00fcmeti \u00fcslenirken, Bulgar h\u00fck\u00fcmeti de yasal yollardan olmak \u00fczere Ba\u015f M\u00fcft\u00fcl\u00fck, m\u00fcft\u00fcl\u00fckler ve vak\u0131flar\u0131n t\u00fcm ta\u015f\u0131nmazlar\u0131n\u0131n yasal yollardan iade edilmesinin sa\u011flanmas\u0131n\u0131, bak\u0131m\u0131na, onar\u0131m\u0131na ve kullan\u0131m\u0131na engel olmamay\u0131 \u00fcslenmi\u015ftir.<\/p>\n<p>\u015eimdi bu konuda \u00e7\u0131kan mahkeme kararlar\u0131 g\u00fcr\u00fclt\u00fcye getirilip uygulanmalar\u0131n\u0131n ertelenmesi veya ask\u0131ya al\u0131nmas\u0131na \u00e7al\u0131\u015f\u0131l\u0131yor. Bu geli\u015fmeler bir AB \u00fcyesi olan Bulgar toplumunun \u201d<b>olgunla\u015fmam\u0131\u015f<\/b>\u201d oldu\u011funa kesin kan\u0131tt\u0131r.<\/p>\n<p>Bu konuda, Mecliste patlak veren gerginli\u011fi yat\u0131\u015ft\u0131rmak amac\u0131yla Halk Meclisi Ba\u015fkan\u0131 Mihov bir bildiri yay\u0131nlayarak \u201c<b>tarih i\u00e7inde fa\u015fist ideolojiye ba\u011fl\u0131 olan ki\u015filerin kamuoyunda aklanmas\u0131na<\/b>\u201d izin verilmemesinde, \u201c<b>ibadethanelere sald\u0131r\u0131da bulunulmas\u0131<\/b>\u201d yollar\u0131n\u0131n kesinde \u0131srar ederken, \u201c<b>parlamentoda temsilcisi olan politik partilerden gerginlik ve \u00f6fke yaratan, kabul edilmesi olanaks\u0131z ve k\u0131\u015fk\u0131rt\u0131c\u0131 konu\u015fmalar yap\u0131lmas\u0131na<\/b>\u201d son vermelerini istedi.<\/p><div id=\"bghab-103850740\" class=\"bghab-icerik-icine-20-paragraf bghab-entity-placement\"><script async src=\"\/\/pagead2.googlesyndication.com\/pagead\/js\/adsbygoogle.js?client=ca-pub-6203283170189293\" crossorigin=\"anonymous\"><\/script><ins class=\"adsbygoogle\" style=\"display:block; text-align:center;\" data-ad-client=\"ca-pub-6203283170189293\" \ndata-ad-slot=\"7303146466\" \ndata-ad-layout=\"in-article\"\ndata-ad-format=\"fluid\" data-full-width-responsive=\"true\"><\/ins>\n<script> \n(adsbygoogle = window.adsbygoogle || []).push({}); \n<\/script>\n<\/div>\n<p>GERP partisi meclis grubu ise \u201cetnikler ras\u0131 bar\u0131\u015f\u0131n politikaya alet edilmemesinde\u201d \u0131srar ettiklerini a\u00e7\u0131klad\u0131lar.<\/p>\n<p>Ayn\u0131 zamanda, H\u00d6H Genel Ba\u015fkan\u0131 L. Mestan ile Cumhurba\u015fkan\u0131 R. Plevneliev aras\u0131nda<\/p>\n<p>\u201d<b>Plovdiv \u201cCuma Cami\u201dne yap\u0131lan sald\u0131r\u0131 ve ana dilde se\u00e7im propagandas\u0131 yapmay\u0131 yasaklayan yasa \u00f6nerisinin<\/b> \u201c m\u00fczakere edildi\u011fi g\u00f6r\u00fc\u015fmeden sonra verdi\u011fi deme\u00e7te, <b>dinsel ve etnik gerginli\u011fin t\u0131rmanmas\u0131yla politik gerginli\u011fin de yeni boyutlar ald\u0131\u011f\u0131na<\/b> i\u015faret etti.<\/p>\n<p>24 y\u0131l yerinde sayan H\u00d6H partisinin haklar\u0131m\u0131z\u0131 ve \u00f6zg\u00fcrl\u00fcklerimizi \u201csavunma\u201d politikas\u0131n\u0131n \u201ctopra\u011fa g\u00f6m\u00fclen \u00e7\u00fcr\u00fcm\u00fc\u015f tohum oldu\u011fu\u201d art\u0131k g\u00fcn \u0131\u015f\u0131\u011f\u0131na \u00e7\u0131kt\u0131. Bu tohum asla \u00e7\u0131kmayaca\u011f\u0131na, asla ye\u015fermeyece\u011fine, asla sar\u0131p meyve vermeyece\u011fine g\u00f6re, g\u00fcndem d\u0131\u015f\u0131 al\u0131nmal\u0131, tarla yeniden s\u00fcr\u00fclerek do\u011fal ve yasal haklar\u0131m\u0131z\u0131n en geni\u015f kapsaml\u0131 elde edilmesi Avrupa Birli\u011fi istemlerine uygun bir \u015fekilde k\u00f6kl\u00fc ve kesin \u00e7\u00f6z\u00fcm bulmal\u0131d\u0131r.<\/p>\n<p><b>Biz terc\u00fcmeli se\u00e7im mitinglerine gitmeyece\u011fiz.<\/b><\/p><div id=\"bghab-2798191608\" class=\"bghab-icerik-icine-25-paragraf bghab-entity-placement\"><script async src=\"\/\/pagead2.googlesyndication.com\/pagead\/js\/adsbygoogle.js?client=ca-pub-6203283170189293\" crossorigin=\"anonymous\"><\/script><ins class=\"adsbygoogle\" style=\"display:block; text-align:center;\" data-ad-client=\"ca-pub-6203283170189293\" \ndata-ad-slot=\"7303146466\" \ndata-ad-layout=\"in-article\"\ndata-ad-format=\"fluid\" data-full-width-responsive=\"true\"><\/ins>\n<script> \n(adsbygoogle = window.adsbygoogle || []).push({}); \n<\/script>\n<\/div>\n<p><b>Biz Delyan Peevski gibi mafya pa\u015falar\u0131n\u0131 partimizden milletvekili se\u00e7mek istemiyoruz.<\/b><\/p>\n<p><b>Biz Ahmet Do\u011fan\u2019\u0131n politikadan ihra\u00e7 edildi\u011fine dair H\u00d6H Genel Merkezinden ve parlamento grubundan a\u00e7\u0131klama bekliyoruz.<\/b><\/p>\n<p><b>Yepyeni bir politika, yepyeni bir demokrasi, yepyeni bir Vatan sava\u015f\u0131nda omuz omuzday\u0131z!<\/b><\/p>\n<div id=\"bghab-2600417132\" class=\"bghab-yazi-altinda bghab-entity-placement\"><script async src=\"https:\/\/pagead2.googlesyndication.com\/pagead\/js\/adsbygoogle.js\"><\/script>\r\n<!-- bghaber-yaz\u0131-sonu -->\r\n<ins class=\"adsbygoogle\"\r\n     style=\"display:block\"\r\n     data-ad-client=\"ca-pub-6203283170189293\"\r\n     data-ad-slot=\"4222328180\"\r\n     data-ad-format=\"auto\"\r\n     data-full-width-responsive=\"true\"><\/ins>\r\n<script>\r\n     (adsbygoogle = window.adsbygoogle || []).push({});\r\n<\/script><\/div><br style=\"clear: both; display: block; float: none;\"\/>","protected":false},"excerpt":{"rendered":"<p>BG-SAM Havada ya\u011fmur, kar kokusu var. Bu y\u0131l, k\u0131\u015f ortas\u0131nda bahar ya\u015farken, hava birden bozar m\u0131 dersiniz. Bulgar\u2019da politika yine buzland\u0131, kayganla\u015ft\u0131. 600 y\u0131ldan beri<\/p>\n","protected":false},"author":29,"featured_media":6093,"comment_status":"closed","ping_status":"closed","sticky":false,"template":"","format":"standard","meta":{"advanced_seo_description":"","jetpack_seo_html_title":"","jetpack_seo_noindex":false,"jetpack_seo_schema_type":"","_jetpack_newsletter_access":"","_jetpack_dont_email_post_to_subs":false,"_jetpack_newsletter_tier_id":0,"_jetpack_memberships_contains_paywalled_content":false,"_jetpack_feature_clip_id":0,"_jetpack_memberships_contains_paid_content":false,"footnotes":"","jetpack_post_was_ever_published":false},"categories":[6],"tags":[],"class_list":["post-8994","post","type-post","status-publish","format-standard","has-post-thumbnail","hentry","category-yorum"],"jetpack_sharing_enabled":true,"jetpack_likes_enabled":true,"jetpack-related-posts":[],"jetpack_shortlink":"https:\/\/wp.me\/pc2PfJ-2l4","jetpack_featured_media_url":"https:\/\/i0.wp.com\/www.bghaber.org\/bghaber\/wp-content\/uploads\/2013\/09\/1-logo-yk.jpg?fit=552%2C531&ssl=1","_links":{"self":[{"href":"https:\/\/www.bghaber.org\/bghaber\/wp-json\/wp\/v2\/posts\/8994","targetHints":{"allow":["GET"]}}],"collection":[{"href":"https:\/\/www.bghaber.org\/bghaber\/wp-json\/wp\/v2\/posts"}],"about":[{"href":"https:\/\/www.bghaber.org\/bghaber\/wp-json\/wp\/v2\/types\/post"}],"author":[{"embeddable":true,"href":"https:\/\/www.bghaber.org\/bghaber\/wp-json\/wp\/v2\/users\/29"}],"replies":[{"embeddable":true,"href":"https:\/\/www.bghaber.org\/bghaber\/wp-json\/wp\/v2\/comments?post=8994"}],"version-history":[{"count":0,"href":"https:\/\/www.bghaber.org\/bghaber\/wp-json\/wp\/v2\/posts\/8994\/revisions"}],"wp:featuredmedia":[{"embeddable":true,"href":"https:\/\/www.bghaber.org\/bghaber\/wp-json\/wp\/v2\/media\/6093"}],"wp:attachment":[{"href":"https:\/\/www.bghaber.org\/bghaber\/wp-json\/wp\/v2\/media?parent=8994"}],"wp:term":[{"taxonomy":"category","embeddable":true,"href":"https:\/\/www.bghaber.org\/bghaber\/wp-json\/wp\/v2\/categories?post=8994"},{"taxonomy":"post_tag","embeddable":true,"href":"https:\/\/www.bghaber.org\/bghaber\/wp-json\/wp\/v2\/tags?post=8994"}],"curies":[{"name":"wp","href":"https:\/\/api.w.org\/{rel}","templated":true}]}}