{"id":8990,"date":"2014-02-20T00:32:43","date_gmt":"2014-02-19T22:32:43","guid":{"rendered":"http:\/\/www.bghaber.org\/bghaber\/?p=8990"},"modified":"2019-07-10T18:11:41","modified_gmt":"2019-07-10T16:11:41","slug":"devlet-baskanlarindan-bildiri","status":"publish","type":"post","link":"https:\/\/www.bghaber.org\/bghaber\/devlet-baskanlarindan-bildiri\/","title":{"rendered":"Devlet Ba\u015fkanlar\u0131ndan Bildiri"},"content":{"rendered":"<p><b>DEVLET B\u0130LD\u0130R\u0130S\u0130<\/b><\/p>\n<p>Bulgaristan Cumhurba\u015fkan\u0131 Rosen Plevneliev ile<\/p>\n<p>Bulgaristan Ba\u015fbakan\u0131 Plamen Ore\u015farski\u00a0 bir<\/p>\n<p><b>Tolumun Par\u00e7alanmas\u0131n\u0131 \u00d6nleyelim!<\/b><\/p>\n<p><b>\u00a0\u00a0\u00a0\u00a0\u00a0\u00a0\u00a0\u00a0\u00a0\u00a0\u00a0\u00a0\u00a0\u00a0\u00a0\u00a0 \u00a0 \u00a0\u00a0\u00a0\u00a0\u00a0\u00a0\u00a0Ortak Bildirisi yay\u0131nlad\u0131.<\/b><\/p><div id=\"bghab-3099579031\" class=\"bghab-icerik-icine bghab-entity-placement\"><script async src=\"\/\/pagead2.googlesyndication.com\/pagead\/js\/adsbygoogle.js?client=ca-pub-6203283170189293\" crossorigin=\"anonymous\"><\/script><ins class=\"adsbygoogle\" style=\"display:block; text-align:center;\" data-ad-client=\"ca-pub-6203283170189293\" \ndata-ad-slot=\"7303146466\" \ndata-ad-layout=\"in-article\"\ndata-ad-format=\"fluid\" data-full-width-responsive=\"true\"><\/ins>\n<script> \n(adsbygoogle = window.adsbygoogle || []).push({}); \n<\/script>\n<\/div>\n<p><b>Bildiride \u015f\u00f6yle deniyor:<\/b><\/p>\n<p>\u201cSon haftalarda ve g\u00fcnlerde demokrasi ve ulusun b\u00fct\u00fcnl\u00fc\u011f\u00fc i\u00e7in tehlikeli eylemlere tan\u0131k olduk. Farkl\u0131 olana kar\u015f\u0131 d\u00fc\u015fmanl\u0131k ve tahamm\u00fcls\u00fczl\u00fck dayatma denemeleri, Bulgar vatanda\u015flar\u0131n\u0131 birbirlerine kar\u015f\u0131 tav\u0131r almaya zorlanma, etnik bar\u0131\u015f\u0131 huzursuzlu\u011fa alet etme ve d\u00fc\u015fmanl\u0131k diliyle konu\u015fma kabul edilemez ve kesinlikle lanetlenmelidir.<\/p>\n<p>&nbsp;<\/p>\n<p>Etnik bar\u0131\u015ftan ve Bulgar vatanda\u015flar\u0131n\u0131n birli\u011finden g\u00fc\u00e7 alan \u00fclkemiz demokrasi yolunca ilerledi. Vatanda\u015flar\u0131n hepsi yasa kar\u015f\u0131s\u0131nda e\u015fittir, anayasal ilkesi demokratik bir toplumda ya\u015fama azmimizin bir erdemi oldu. . Irk, milli men\u015fe, etnik mensubiyet, cinsiyet, kimlik, din, \u00f6\u011frenim, inan\u00e7, politik mensubiyet, ki\u015fisel ve toplumsal durum ile mal m\u00fclk durumu yemelinde haklar\u0131 k\u0131s\u0131tlama ya da ayr\u0131cal\u0131k tan\u0131ma gibi herhangi bir s\u0131n\u0131rlamaya yer verilmiyor.<\/p>\n<p>&nbsp;<\/p>\n<p>T\u00fcm politik kurumlar\u0131n, politik partilerin, sivil toplum \u00f6rg\u00fctlerinin ve bunlar\u0131n tek tek t\u00fcm temsilciliklerinin t\u00fcm \u00e7abalar\u0131nda gerginli\u011fin gemlenmesine ve toplumun b\u00f6l\u00fcnmesini durdurmaya gayret olmal\u0131d\u0131r.<\/p>\n<p>&nbsp;<\/p>\n<p>Levski G\u00fcn\u00fc arifesinde k\u0131sa vadeli politik kazan\u00e7 elde etmek ve ucuz pop\u00fclizme alet edilerek etnik bar\u0131\u015fa ve ulusal birli\u011fe zarar verilmesine yol verilemez.<\/p><div id=\"bghab-1064967420\" class=\"bghab-icerik-icine-10-paragraf bghab-entity-placement\"><script async src=\"\/\/pagead2.googlesyndication.com\/pagead\/js\/adsbygoogle.js?client=ca-pub-6203283170189293\" crossorigin=\"anonymous\"><\/script><ins class=\"adsbygoogle\" style=\"display:block; text-align:center;\" data-ad-client=\"ca-pub-6203283170189293\" \ndata-ad-slot=\"7303146466\" \ndata-ad-layout=\"in-article\"\ndata-ad-format=\"fluid\" data-full-width-responsive=\"true\"><\/ins>\n<script> \n(adsbygoogle = window.adsbygoogle || []).push({}); \n<\/script>\n<\/div>\n<p>&nbsp;<\/p>\n<p>Temel demokratik edinimlerimiz korunmas\u0131na her zamankinden daha sorumlu davranmal\u0131y\u0131z.<\/p>\n<p>Bu kazan\u0131mlar\u0131m\u0131zdan hangisini yitirirsek yitirelim her biri bizi di\u011fer Avrupa halklar\u0131yla e\u015fit hakl\u0131 olmam\u0131za a\u00e7\u0131lan uygar se\u00e7ene\u011fimizi ger\u00e7ekle\u015ftirmemizden uzakla\u015ft\u0131racakt\u0131r. 7 milyon Bulgaristan vatanda\u015f\u0131n\u0131n ya\u015fam\u0131yla oyun oynan\u0131yor, her bak\u0131ma olgun hareket etmek zorunday\u0131z.\u201d<\/p>\n<div id=\"bghab-4107861504\" class=\"bghab-yazi-altinda bghab-entity-placement\"><script async src=\"https:\/\/pagead2.googlesyndication.com\/pagead\/js\/adsbygoogle.js\"><\/script>\r\n<!-- bghaber-yaz\u0131-sonu -->\r\n<ins class=\"adsbygoogle\"\r\n     style=\"display:block\"\r\n     data-ad-client=\"ca-pub-6203283170189293\"\r\n     data-ad-slot=\"4222328180\"\r\n     data-ad-format=\"auto\"\r\n     data-full-width-responsive=\"true\"><\/ins>\r\n<script>\r\n     (adsbygoogle = window.adsbygoogle || []).push({});\r\n<\/script><\/div><br style=\"clear: both; display: block; float: none;\"\/>","protected":false},"excerpt":{"rendered":"<p>DEVLET B\u0130LD\u0130R\u0130S\u0130 Bulgaristan Cumhurba\u015fkan\u0131 Rosen Plevneliev ile Bulgaristan Ba\u015fbakan\u0131 Plamen Ore\u015farski\u00a0 bir Tolumun Par\u00e7alanmas\u0131n\u0131 \u00d6nleyelim! \u00a0\u00a0\u00a0\u00a0\u00a0\u00a0\u00a0\u00a0\u00a0\u00a0\u00a0\u00a0\u00a0\u00a0\u00a0\u00a0 \u00a0 \u00a0\u00a0\u00a0\u00a0\u00a0\u00a0\u00a0Ortak Bildirisi yay\u0131nlad\u0131. Bildiride \u015f\u00f6yle deniyor: \u201cSon haftalarda<\/p>\n","protected":false},"author":29,"featured_media":5823,"comment_status":"closed","ping_status":"closed","sticky":false,"template":"","format":"standard","meta":{"advanced_seo_description":"","jetpack_seo_html_title":"","jetpack_seo_noindex":false,"jetpack_seo_schema_type":"","_jetpack_newsletter_access":"","_jetpack_dont_email_post_to_subs":false,"_jetpack_newsletter_tier_id":0,"_jetpack_memberships_contains_paywalled_content":false,"_jetpack_feature_clip_id":0,"_jetpack_memberships_contains_paid_content":false,"footnotes":"","jetpack_post_was_ever_published":false},"categories":[4],"tags":[],"class_list":["post-8990","post","type-post","status-publish","format-standard","has-post-thumbnail","hentry","category-siyaset"],"jetpack_sharing_enabled":true,"jetpack_likes_enabled":true,"jetpack-related-posts":[],"jetpack_shortlink":"https:\/\/wp.me\/pc2PfJ-2l0","jetpack_featured_media_url":"https:\/\/i0.wp.com\/www.bghaber.org\/bghaber\/wp-content\/uploads\/2013\/09\/bulgaristan-cumhurbaskani-plevneliev.jpg?fit=610%2C343&ssl=1","_links":{"self":[{"href":"https:\/\/www.bghaber.org\/bghaber\/wp-json\/wp\/v2\/posts\/8990","targetHints":{"allow":["GET"]}}],"collection":[{"href":"https:\/\/www.bghaber.org\/bghaber\/wp-json\/wp\/v2\/posts"}],"about":[{"href":"https:\/\/www.bghaber.org\/bghaber\/wp-json\/wp\/v2\/types\/post"}],"author":[{"embeddable":true,"href":"https:\/\/www.bghaber.org\/bghaber\/wp-json\/wp\/v2\/users\/29"}],"replies":[{"embeddable":true,"href":"https:\/\/www.bghaber.org\/bghaber\/wp-json\/wp\/v2\/comments?post=8990"}],"version-history":[{"count":0,"href":"https:\/\/www.bghaber.org\/bghaber\/wp-json\/wp\/v2\/posts\/8990\/revisions"}],"wp:featuredmedia":[{"embeddable":true,"href":"https:\/\/www.bghaber.org\/bghaber\/wp-json\/wp\/v2\/media\/5823"}],"wp:attachment":[{"href":"https:\/\/www.bghaber.org\/bghaber\/wp-json\/wp\/v2\/media?parent=8990"}],"wp:term":[{"taxonomy":"category","embeddable":true,"href":"https:\/\/www.bghaber.org\/bghaber\/wp-json\/wp\/v2\/categories?post=8990"},{"taxonomy":"post_tag","embeddable":true,"href":"https:\/\/www.bghaber.org\/bghaber\/wp-json\/wp\/v2\/tags?post=8990"}],"curies":[{"name":"wp","href":"https:\/\/api.w.org\/{rel}","templated":true}]}}