{"id":8988,"date":"2014-02-19T01:53:23","date_gmt":"2014-02-18T23:53:23","guid":{"rendered":"http:\/\/www.bghaber.org\/bghaber\/?p=8988"},"modified":"2019-07-10T18:11:41","modified_gmt":"2019-07-10T16:11:41","slug":"karamsar-olmayalim","status":"publish","type":"post","link":"https:\/\/www.bghaber.org\/bghaber\/karamsar-olmayalim\/","title":{"rendered":"Karamsar Olmayal\u0131m!"},"content":{"rendered":"<p><b>Rafet ULUTURK<\/b><\/p>\n<p><b>\u00a0<\/b><\/p>\n<p>G\u00fcnl\u00fck hayat\u0131m\u0131zda bizi iyimser yapacak bir \u015feyler olmay\u0131nca, karamsarl\u0131k bas\u0131yor.<\/p>\n<p>Pesimizme yenilmemek i\u00e7in, g\u00fcnl\u00fck git gel seyrinde, k\u00fc\u00e7\u00fcc\u00fck de olsa k\u0131p\u0131rdan\u0131\u015flarda olumlu olan\u0131 \u00f6n plana \u00e7ekmek, ya\u015fatmak zorunday\u0131z. En \u00f6nemli vazifemi k\u00f6t\u00fc olan\u0131n i\u00e7indeki olumlu \u00e7izgileri de g\u00f6rebilmemizdir. Bunu yapamazsak bedbinlik bizi ezebilir. <b>G\u00f6nl\u00fcm\u00fcz yenilik esintilerine her zaman ve her yerde a\u00e7\u0131k olmal\u0131d\u0131r.<\/b><\/p>\n<p>&nbsp;<\/p>\n<p>Ge\u00e7en hafta, Bulgaristan\u2019da meydana gelen bizim i\u00e7in ola\u011fan\u00fcst\u00fc \u00f6nemli iki olaydan biri \u00fczerinde durmak istiyorum. Bu olaylarda ekti\u011fimiz \u00fcmitlerin \u00e7\u00fcr\u00fcd\u00fc\u011f\u00fcn\u00fc de\u011fil, ye\u015fermeye can atmaya ba\u015flad\u0131\u011f\u0131n\u0131 g\u00f6rmeliyiz.<\/p>\n<p>K\u00fcstahl\u0131\u011f\u0131n kirli \u00e7ama\u015f\u0131rlar\u0131n\u0131 Plovdiv\u2019te, devletle belediye ve de\u011fi\u015fik kurumlar\u0131n el koydu\u011fu, \u00fczerine oturdu\u011fu ve bize g\u00f6n\u00fcll\u00fc iade etmek istemedikleri gibi, bu konuda al\u0131nan mahkeme kararlar\u0131na uyulmad\u0131\u011f\u0131 ve yarg\u0131 h\u00fck\u00fcmlerinin sokak ve meydanlarda ayakalt\u0131na al\u0131nd\u0131\u011f\u0131 bir ortamda, <b>vak\u0131f mallar\u0131m\u0131z\u0131 geri alma davam\u0131zda izledik<\/b>.<\/p><div id=\"bghab-2504259842\" class=\"bghab-icerik-icine bghab-entity-placement\"><script async src=\"\/\/pagead2.googlesyndication.com\/pagead\/js\/adsbygoogle.js?client=ca-pub-6203283170189293\" crossorigin=\"anonymous\"><\/script><ins class=\"adsbygoogle\" style=\"display:block; text-align:center;\" data-ad-client=\"ca-pub-6203283170189293\" \ndata-ad-slot=\"7303146466\" \ndata-ad-layout=\"in-article\"\ndata-ad-format=\"fluid\" data-full-width-responsive=\"true\"><\/ins>\n<script> \n(adsbygoogle = window.adsbygoogle || []).push({}); \n<\/script>\n<\/div>\n<p>Kanl\u0131 olaylar, bir yandan \u00c7ar ve totaliter devletlerin keyfi hareketlerinden kalan derin izlerin silinmedi\u011fini, \u00a0yaralar\u0131n zonklad\u0131\u011f\u0131n\u0131 meydana \u00e7\u0131kard\u0131. S\u00f6zde demokrasi ko\u015fullar\u0131nda i\u011fren\u00e7 ge\u00e7mi\u015fin ar\u0131t\u0131lmas\u0131 konusunda yap\u0131lanlar\u0131n yetersiz oldu\u011funu g\u00f6rd\u00fck. Bulgar toplumunun g\u00f6n\u00fcl ferahl\u0131\u011f\u0131 i\u00e7inde ya\u015famaya kap\u0131 a\u00e7maya el uzatt\u0131k\u00e7a kuru kapl\u0131 \u00c7arl\u0131k ve totaliter d\u00f6nem yaralar\u0131nda zonklayan d\u00fc\u015fmanl\u0131k yuvalar\u0131 oldu\u011funu izledik. Bu denli k\u00f6r karamsar bir ortamda, biz yine de \u0131\u015f\u0131lt\u0131 aramak zorunday\u0131z. Karamsar olmamal\u0131y\u0131z.<\/p>\n<p>\u0130lk kez olmak \u00fczere, \u00f6z\u00fcm\u00fczden, tarihimizden ve k\u00fclt\u00fcr\u00fcm\u00fczden olan ta\u015f\u0131nmazlar\u0131m\u0131z konusunda Plovdiv \u0130l Mahkemesi lehimizde bir karar ald\u0131. Bu karara itiraz eden, yarg\u0131 h\u00fckm\u00fcne ba\u015fkald\u0131ran kinli kalabal\u0131k, ilk kez kar\u015f\u0131s\u0131nda devlet polisini buldular, adaletin \u00fcst\u00fcnl\u00fc \u00fcst\u00fcne \u00e7at\u0131\u015ft\u0131lar, \u00e7arp\u0131\u015ft\u0131lar, d\u00f6v\u00fc\u015ft\u00fcler, kan ak\u0131tt\u0131lar. <b>Bizim ta\u015f\u0131nmazlar\u0131m\u0131z i\u00e7in devletle \u0131rk\u00e7\u0131 marjinaller birbirine girdiler. <\/b><\/p>\n<p>Hakl\u0131 oldu\u011fumuza, bu vak\u0131f m\u00fclk\u00fcn\u00fcn hakikaten bizim oldu\u011funa, Ba\u015f M\u00fcft\u00fcl\u00fc\u011f\u00fcm\u00fcz\u00fcn emrinde olmas\u0131 gerekti\u011fine inananlar \u00e7o\u011fal\u0131yor. <b>H\u0131ristiyanlar\u0131n \u201ccamiler\u201d bizimdir demesinden daha b\u00fcy\u00fck bir sa\u00e7mal\u0131k olabilir mi?<\/b> \u0130slam ve tarih eserlerimizin korunup, onar\u0131larak hizmete kazand\u0131r\u0131lmas\u0131yla b\u00fcy\u00fck \u015fehirlerimizde g\u00f6r\u00fcn\u00fcm ve hava de\u011fi\u015fiyor. Tarla, \u00e7ay\u0131r, ba\u011f bah\u00e7e, ormanlardan faydalan\u0131lmas\u0131ndan binlerce hane nemlenebilir. <b>Bug\u00fcn AB\u2019den dilenilen fasulye, pirin\u00e7 ve ay\u00e7i\u00e7e\u011fi ya\u011f\u0131n\u0131 bekleyenlerin sofras\u0131 M\u00fcsl\u00fcman bereketiyle bollan\u0131r, herkesin y\u00fcz\u00fc g\u00fcler.<\/b><\/p>\n<p>Bulgar devleti, yarg\u0131 d\u00fczeni ve halk\u0131n b\u00fcy\u00fck bir k\u0131sm\u0131n\u0131n bu ger\u00e7ekleri g\u00f6r\u00fcp, onlara inanm\u0131\u015f olmas\u0131, pozitif at\u0131l\u0131mlar\u0131n meyvesidir. Olumlu ad\u0131mlar ge\u00e7en y\u00fczy\u0131l boyunca devam eden ve kat\u0131la\u015fan durgunluk s\u00fcrecinde buzlar\u0131n yava\u015f yava\u015f da olsa art\u0131k \u00e7\u00f6z\u00fclmeye ba\u015flad\u0131\u011f\u0131na i\u015farettir. Tabii k\u00f6r bir zihniyetin ayd\u0131nlanmas\u0131 da \u00e7at\u0131r \u00e7uturla oluyor. Sokaklarda kabaday\u0131l\u0131k edenler ger\u00e7ekleri g\u00f6rd\u00fck\u00e7e kendilerinden utananlard\u0131r. G\u00f6z\u00fc kararm\u0131\u015flar\u0131n meydan kabaday\u0131l\u0131\u011f\u0131nda, hakikate yenik d\u00fc\u015fme, demokrasiye ma\u011flup olma, hukuksal adalete dayanan bir d\u00fczen anlay\u0131\u015f\u0131 kar\u015f\u0131s\u0131nda yenilgiyi kabul etmeme, zamana pes olma, k\u00f6hnemi\u015f de\u011fer yarg\u0131lar\u0131ndan, k\u00fcfl\u00fc milliyet\u00e7ilikten kurtulamama, bitlenmi\u015flikten silkinememe var. Sirkeli ba\u015fl\u0131lar, \u00f6zg\u00fcr bir d\u00fcnyada ibadet h\u00fcrriyetine, do\u011fal bir hak olan, mal m\u00fclk sahibi olma yasall\u0131\u011f\u0131na, k\u00fclt\u00fcrel \u00e7e\u015fitlili\u011fe, yeni bir uygarl\u0131kta beraber olmam\u0131za kar\u015f\u0131 ba\u015f kald\u0131r\u0131yorlar.<\/p>\n<p>Olaylara, buruk bir y\u00fcrekle de olsa, <b>her \u015feyde hay\u0131r vard\u0131r<\/b>, anlay\u0131\u015f\u0131yla bakt\u0131\u011f\u0131m\u0131zda, bir \u00e7\u0131banba\u015f\u0131n\u0131n daha patlad\u0131\u011f\u0131n\u0131, olaylar\u0131n derinli\u011fini, birbirini k\u0131\u015fk\u0131rtan g\u00fc\u00e7leri, serseri tayfas\u0131n\u0131, \u00e7arp\u0131k d\u00fcnya g\u00f6r\u00fc\u015f\u00fcyle devlet makamlar\u0131nda yer alm\u0131\u015f olanlar\u0131, ellerindeki silahlar\u0131, sloganlar\u0131n\u0131, sald\u0131r\u0131 hedeflerini g\u00f6rebildik. Onlar bizi geri d\u00f6nmeyen g\u00f6\u00e7ebe ku\u015flar haline getirmi\u015f olsalar da, <b>harama oturan rahat g\u00fcng\u00f6rmez<\/b>, inanc\u0131m\u0131z\u0131n bug\u00fcn de ge\u00e7erli oldu\u011funa yeniden inand\u0131k. Sab\u0131r silah\u0131yla donanm\u0131\u015f y\u00fcreklerimiz birbirine kenetlendik\u00e7e zaferlerin galebe \u00e7alaca\u011f\u0131na inanc\u0131m\u0131z sonsuzdur.<\/p><div id=\"bghab-230038636\" class=\"bghab-icerik-icine-10-paragraf bghab-entity-placement\"><script async src=\"\/\/pagead2.googlesyndication.com\/pagead\/js\/adsbygoogle.js?client=ca-pub-6203283170189293\" crossorigin=\"anonymous\"><\/script><ins class=\"adsbygoogle\" style=\"display:block; text-align:center;\" data-ad-client=\"ca-pub-6203283170189293\" \ndata-ad-slot=\"7303146466\" \ndata-ad-layout=\"in-article\"\ndata-ad-format=\"fluid\" data-full-width-responsive=\"true\"><\/ins>\n<script> \n(adsbygoogle = window.adsbygoogle || []).push({}); \n<\/script>\n<\/div>\n<p>\u0130yimserlik karamsarl\u0131\u011f\u0131 her zaman yenmi\u015ftir ve yine yenecektir.<\/p>\n<div id=\"bghab-1853184121\" class=\"bghab-yazi-altinda bghab-entity-placement\"><script async src=\"https:\/\/pagead2.googlesyndication.com\/pagead\/js\/adsbygoogle.js\"><\/script>\r\n<!-- bghaber-yaz\u0131-sonu -->\r\n<ins class=\"adsbygoogle\"\r\n     style=\"display:block\"\r\n     data-ad-client=\"ca-pub-6203283170189293\"\r\n     data-ad-slot=\"4222328180\"\r\n     data-ad-format=\"auto\"\r\n     data-full-width-responsive=\"true\"><\/ins>\r\n<script>\r\n     (adsbygoogle = window.adsbygoogle || []).push({});\r\n<\/script><\/div><br style=\"clear: both; display: block; float: none;\"\/>","protected":false},"excerpt":{"rendered":"<p>Rafet ULUTURK \u00a0 G\u00fcnl\u00fck hayat\u0131m\u0131zda bizi iyimser yapacak bir \u015feyler olmay\u0131nca, karamsarl\u0131k bas\u0131yor. Pesimizme yenilmemek i\u00e7in, g\u00fcnl\u00fck git gel seyrinde, k\u00fc\u00e7\u00fcc\u00fck de olsa k\u0131p\u0131rdan\u0131\u015flarda olumlu<\/p>\n","protected":false},"author":29,"featured_media":4406,"comment_status":"closed","ping_status":"closed","sticky":false,"template":"","format":"standard","meta":{"advanced_seo_description":"","jetpack_seo_html_title":"","jetpack_seo_noindex":false,"jetpack_seo_schema_type":"","_jetpack_newsletter_access":"","_jetpack_dont_email_post_to_subs":false,"_jetpack_newsletter_tier_id":0,"_jetpack_memberships_contains_paywalled_content":false,"_jetpack_feature_clip_id":0,"_jetpack_memberships_contains_paid_content":false,"footnotes":"","jetpack_post_was_ever_published":false},"categories":[6],"tags":[],"class_list":["post-8988","post","type-post","status-publish","format-standard","has-post-thumbnail","hentry","category-yorum"],"jetpack_sharing_enabled":true,"jetpack_likes_enabled":true,"jetpack-related-posts":[],"jetpack_shortlink":"https:\/\/wp.me\/pc2PfJ-2kY","jetpack_featured_media_url":"https:\/\/i0.wp.com\/www.bghaber.org\/bghaber\/wp-content\/uploads\/2013\/07\/Rafet-Ulut%C3%BCrk-e1514372078752.jpg?fit=335%2C500&ssl=1","_links":{"self":[{"href":"https:\/\/www.bghaber.org\/bghaber\/wp-json\/wp\/v2\/posts\/8988","targetHints":{"allow":["GET"]}}],"collection":[{"href":"https:\/\/www.bghaber.org\/bghaber\/wp-json\/wp\/v2\/posts"}],"about":[{"href":"https:\/\/www.bghaber.org\/bghaber\/wp-json\/wp\/v2\/types\/post"}],"author":[{"embeddable":true,"href":"https:\/\/www.bghaber.org\/bghaber\/wp-json\/wp\/v2\/users\/29"}],"replies":[{"embeddable":true,"href":"https:\/\/www.bghaber.org\/bghaber\/wp-json\/wp\/v2\/comments?post=8988"}],"version-history":[{"count":0,"href":"https:\/\/www.bghaber.org\/bghaber\/wp-json\/wp\/v2\/posts\/8988\/revisions"}],"wp:featuredmedia":[{"embeddable":true,"href":"https:\/\/www.bghaber.org\/bghaber\/wp-json\/wp\/v2\/media\/4406"}],"wp:attachment":[{"href":"https:\/\/www.bghaber.org\/bghaber\/wp-json\/wp\/v2\/media?parent=8988"}],"wp:term":[{"taxonomy":"category","embeddable":true,"href":"https:\/\/www.bghaber.org\/bghaber\/wp-json\/wp\/v2\/categories?post=8988"},{"taxonomy":"post_tag","embeddable":true,"href":"https:\/\/www.bghaber.org\/bghaber\/wp-json\/wp\/v2\/tags?post=8988"}],"curies":[{"name":"wp","href":"https:\/\/api.w.org\/{rel}","templated":true}]}}