{"id":8977,"date":"2014-02-17T23:32:13","date_gmt":"2014-02-17T21:32:13","guid":{"rendered":"http:\/\/www.bghaber.org\/bghaber\/?p=8977"},"modified":"2019-07-10T18:11:41","modified_gmt":"2019-07-10T16:11:41","slug":"141-yasindaki-hainlik","status":"publish","type":"post","link":"https:\/\/www.bghaber.org\/bghaber\/141-yasindaki-hainlik\/","title":{"rendered":"141 Ya\u015f\u0131ndaki Hainlik"},"content":{"rendered":"<p><b>BG-SAM<\/b><\/p>\n<p>Vasil Levski\u2019nin \u00f6l\u00fcm\u00fcnden bu yana 141 y\u0131l ge\u00e7ti. Kimse \u00f6ld\u00fc demiyor, kullan\u0131lan s\u00f6z \u201c<b>as\u0131ld\u0131<\/b>.\u201d<\/p>\n<p>\u0130pi \u00e7eken kim? \u201c<b>Osmanl\u0131la<\/b>r!\u201d<\/p>\n<p>Levki\u2019yi ele veren kim? Bulgar papaz\u0131<b> \u201cKrast\u00f6 Nikoforov<\/b>.\u201d<\/p>\n<p>Sofya\u2019da Vasil Levski davas\u0131na kim bakt\u0131?<\/p><div id=\"bghab-3238329397\" class=\"bghab-icerik-icine bghab-entity-placement\"><script async src=\"\/\/pagead2.googlesyndication.com\/pagead\/js\/adsbygoogle.js?client=ca-pub-6203283170189293\" crossorigin=\"anonymous\"><\/script><ins class=\"adsbygoogle\" style=\"display:block; text-align:center;\" data-ad-client=\"ca-pub-6203283170189293\" \ndata-ad-slot=\"7303146466\" \ndata-ad-layout=\"in-article\"\ndata-ad-format=\"fluid\" data-full-width-responsive=\"true\"><\/ins>\n<script> \n(adsbygoogle = window.adsbygoogle || []).push({}); \n<\/script>\n<\/div>\n<p>Osmanl\u0131 Mahkemesi Ba\u015fkan\u0131 <b>Bulgar Hakim \u0130van\u00e7o Hac\u0131pen\u00e7evi\u00e7.<\/b><\/p>\n<p>Hakim Hac\u0131ben\u00e7evi\u00e7\u2019e g\u00f6re Vasil Levski kimd<b>ir: Bir hayta, bir serseri ve bir uyuzdur.<\/b><\/p>\n<p>Osmanl\u0131 d\u00f6neminde muhbirlik nas\u0131l de\u011ferlendiriliyordu? \u201c<b>Hukuksal anlamda bir hizmetti<\/b>.\u201d \u0130hbarda bulunanlar \u201c<b>Su\u00e7 i\u015flemi\u015f olanlar\u0131n \u00e7evresinden \u00e7\u0131kar\u0131l\u0131yor ve hain \u015ferefliler taht\u0131nda yer al\u0131yordu.\u201d<\/b><\/p>\n<p>\u201cArabakonak\u201d h\u0131rs\u0131zl\u0131\u011f\u0131n\u0131 sorgulayan dolay\u0131s\u0131yla Levski soru\u015fturmas\u0131nda da katk\u0131s\u0131 olan Mazhar Pa\u015fa 24 Kas\u0131m 1872\u2019de \u0130stanbul\u2019a g\u00f6nderdi\u011fi bir telgrafta \u015f\u00f6yle der:<\/p>\n<p>\u201c<b>Komitelerle ilgili ihbarda bulunanlar, halk ve devlet i\u00e7in \u00f6vg\u00fcye de\u011fer hizmet sundu<\/b>!\u201d<\/p><div id=\"bghab-3327583784\" class=\"bghab-icerik-icine-10-paragraf bghab-entity-placement\"><script async src=\"\/\/pagead2.googlesyndication.com\/pagead\/js\/adsbygoogle.js?client=ca-pub-6203283170189293\" crossorigin=\"anonymous\"><\/script><ins class=\"adsbygoogle\" style=\"display:block; text-align:center;\" data-ad-client=\"ca-pub-6203283170189293\" \ndata-ad-slot=\"7303146466\" \ndata-ad-layout=\"in-article\"\ndata-ad-format=\"fluid\" data-full-width-responsive=\"true\"><\/ins>\n<script> \n(adsbygoogle = window.adsbygoogle || []).push({}); \n<\/script>\n<\/div>\n<p>Vasil Levski\u2019nin hayat yolunu en iyi anlatan Bulgar yazar kim?<\/p>\n<p>V. Levski\u2019yi \u015fahsen tan\u0131yan, dava s\u0131rda\u015f\u0131, onunla omuz omuza m\u00fccadele eden, Osmanl\u0131\u2019n\u0131n Diyarbak\u0131r zindan\u0131nda yatm\u0131\u015f, daha sonra Sofya\u2019da Bulgar Parlamentosu ba\u015fkan\u0131 olan,<b> <\/b><\/p>\n<p>Komitac\u0131 yazar<b> Zahari Stoyanov\u2019tur.\u00a0 <\/b>O<b>, \u201cBir Dava U\u011fruna M\u00fccadele Eden Kahraman\u201d <\/b>yani \u201cHavari (Apostol\u0131t) kitab\u0131nda \u201c<i>son duru\u015fmada idam cezas\u0131n\u0131 i\u015fittikten sonra ta\u015f duvarl\u0131 mahzene indirilen yaral\u0131 ve kuvvetten d\u00fc\u015fm\u00fc\u015f halde olan Levski\u2019nin ba\u015f\u0131n\u0131 duvardaki b\u00fcy\u00fck ta\u015flardan birine vurarak, ya\u015fam\u0131na son verdi\u011fini<\/i>\u201d yazar.<\/p>\n<p>&nbsp;<\/p>\n<p>Ne var ki, b\u00fcy\u00fck davas\u0131na son derece b\u00fcy\u00fck ve kutsal bir ulusal kahraman arayan Bulgar halk\u0131n\u0131n Levski\u2019nin \u201c<b>can\u0131na k\u0131yd\u0131\u011f\u0131n\u0131<\/b>\u201d kabul etmemesi normaldir. Bundan dolay\u0131 da o,\u00a0 \u201c<b><i>\u015eubat ay\u0131n\u0131n en karanl\u0131k, en so\u011fuk bir gecesinde, kurt u\u011fultusundan ve k\u00f6pek sesinden ba\u015fka hi\u00e7bir \u015feyin i\u015fitilmedi\u011fi diz boyu karda dar a\u011f\u0131c\u0131nda sallanan ve ipi \u00e7ekilen \u00f6l\u00fcms\u00fcz kahraman efsanesini yaratt\u0131r \u00a0ve ona inan\u0131r.<\/i><\/b><i>\u201d<\/i><\/p>\n<p><b>\u00a0<\/b><\/p>\n<p><b>Biz Levski\u2019den Levski e\u011fitildik.<\/b><i><\/i><\/p><div id=\"bghab-1635121258\" class=\"bghab-icerik-icine-15-paragraf bghab-entity-placement\"><script async src=\"\/\/pagead2.googlesyndication.com\/pagead\/js\/adsbygoogle.js?client=ca-pub-6203283170189293\" crossorigin=\"anonymous\"><\/script><ins class=\"adsbygoogle\" style=\"display:block; text-align:center;\" data-ad-client=\"ca-pub-6203283170189293\" \ndata-ad-slot=\"7303146466\" \ndata-ad-layout=\"in-article\"\ndata-ad-format=\"fluid\" data-full-width-responsive=\"true\"><\/ins>\n<script> \n(adsbygoogle = window.adsbygoogle || []).push({}); \n<\/script>\n<\/div>\n<p>Biz hepimiz \u201cVasil Levski\u201d okullar\u0131nda okuduk. Birinci s\u0131n\u0131fta bize okunan ilk masal \u201cLevski\u2019nin Kahramanl\u0131\u011f\u0131\u201d \u00fcst\u00fcneydi. \u201c\u00c7avdar\u00e7e\u201d te\u015fkilat\u0131m\u0131z\u0131n ad\u0131 \u201cLevski\u201d olup, ilk \u00e7i\u00e7ek koydu\u011fumuz an\u0131t Levski b\u00fcst\u00fcyd\u00fc. \u201cPiyoner\u201d \u00f6rg\u00fct\u00fcm\u00fcz\u00fcn ad\u0131 da \u201cLevski\u201dydi, kom\u015fu koruya yapt\u0131\u011f\u0131m\u0131z ilk gezimizi Levskiye adam\u0131\u015ft\u0131k. Dimitrovcu Komsomol birli\u011fimizin ad\u0131 da \u201cLevski\u201d idi ve her y\u0131l yap\u0131lan gen\u00e7lik festivalini Levski\u2019ye adamak adetten olmu\u015ftu. Tutu\u011fumuz futbol tak\u0131m\u0131n\u0131n ad\u0131 da \u201cLevski\u201d oldu\u011fundan baz\u0131 kar\u015f\u0131la\u015fmalarda yenildi\u011finde derin h\u00fcz\u00fcn ya\u015famasak olmazd\u0131. \u00dcniversite y\u0131llar\u0131m\u0131z da Sofya\u2019daki Vasil Levski\u2019nin an\u0131t\u0131na \u00e7elek ta\u015f\u0131rken, \u201cLevski\u2019yi anma geceleri\u201dnde, \u201cLevski i\u00e7in \u015fiir yar\u0131\u015fmalar\u0131nda,\u201d \u201cLevski\u2019den ilham alma gecelerinde\u201d ge\u00e7ti. Birimiz herhangi bir konuda en k\u00fc\u00e7\u00fck bir yetersizlik g\u00f6stersek, bu Levski\u2019nin kutsal davas\u0131na ihanet olurdu. Okudu\u011fumuz Yeni Bulgar Tarihi\u2019nde uyan\u0131\u015f, dirili\u015f, ulusal bilin\u00e7lenme,\u00a0 komitac\u0131l\u0131k sayfalar\u0131nda hep Levski vard\u0131. Bulgar edebiyat\u0131n\u0131n atas\u0131 olan \u0130van Vazov en g\u00f6zde \u015fiirinde Levski\u2019yi \u00f6l\u00fcms\u00fczle\u015ftirdi. Birka\u00e7 k\u00f6y ve baz\u0131 \u015fehir ismi \u201cLevski\u201d oldu. \u00c7arl\u0131k d\u00f6neminde Ferdinat, Levski\u2019yi k\u0131skand\u0131, \u00e7ok an\u0131l\u0131p \u00e7ok sevildi\u011finden korktu. Levski az sevilirse unutulur korkusuna kap\u0131lan yazar Nikolay Haytov, Levski\u2019den ate\u015fli Levski\u00a0 olup kitaplar yazd\u0131, na\u015f\u0131n\u0131 birka\u00e7 mezardan \u00e7\u0131kar\u0131p her ayinde olsun diye\u00a0 kiliseye g\u00f6md\u00fc. Film senaryolar\u0131 yazd\u0131.\u00a0 Ard\u0131ndan Bulgaristan\u2019da muhbirlik dosyalar\u0131 a\u00e7\u0131ld\u0131. Levski de hainlerce ele verilmi\u015f oldu\u011fundan Levski Dosyas\u0131 da a\u00e7\u0131ld\u0131. Bulgar polisinde kriminoloji uzman\u0131 Do\u00e7ent D-r Nedel\u00e7o Stoy\u00e7ev\u2019in y\u00f6netimindeki uzmanlar ekibi \u201c<b>Levskiyi ihbar eden kim<\/b>?\u201d konusu \u00fczerinde birka\u00e7 y\u0131l \u00e7al\u0131\u015ft\u0131. Yazar Rosen Yankov\u2019un kaleminden, \u201c<b>LEVSK\u0130N\u0130N ELE VER\u0130LMES\u0130<\/b>\u201d &#8211; Yeni Deliller ba\u015fl\u0131kl\u0131, yepyeni bir kitap \u00e7\u0131kt\u0131. Yepyeni diyorum, \u00e7\u00fcnk\u00fc ayn\u0131 konu daha \u00f6nce 120 eserde, ge\u00e7en sene de yeni 8 kitapta i\u015flense de, bu yeninin yenisi yani yepyeni oldu.<\/p>\n<p>&nbsp;<\/p>\n<p>\u201c<b>LEVSK\u0130N\u0130N ELE VER\u0130LMES\u0130<\/b>\u201d &#8211; Yeni Deliller ara\u015ft\u0131rma yapanlar, \u201c<b>Levski hakk\u0131nda ilk ihbar\u0131n yap\u0131ld\u0131\u011f\u0131 g\u00fcnden tutuklanmas\u0131na kadar ge\u00e7en 62 g\u00fcn\u00fc<\/b>\u201d b\u00fcy\u00fclt\u00fcc\u00fc alt\u0131na ald\u0131. Fakat Levski tutukland\u0131ktan sonra da, yani Osmanl\u0131 zindan\u0131nda tutulurken, sorgulan\u0131rken, y\u00fczle\u015ftirmelerde ve hatta \u00f6l\u00fcm cezas\u0131n\u0131 ald\u0131\u011f\u0131 ve hakimin kalemini k\u0131rd\u0131\u011f\u0131 an bile hainlerce ele verilmeye devam etti.<\/p>\n<p>Biz hainlerin boyu ne kadar uzar bilemeyiz. Ne ki, Osmanl\u0131\u2019n\u0131n son d\u00f6neminde Bulgarlar aras\u0131nda hainlik <b>hukuksal bir mevki<\/b> haline gelmi\u015ftir. \u201cBEN \u0130HBAR ED\u0130YORUM. L\u00dcFTEN \u00d6D\u00dcL\u00dcM\u00dc VER\u0130N. Deyenler bile olmu\u015ftur. Asl\u0131nda o g\u00fcn bug\u00fcn de\u011fi\u015fen bir \u015feycik yoktur. Bu g\u00fcn de hainler ya saraylarda ya\u015f\u0131yor ya da \u201ckorunan tan\u0131k\u201d olmay\u0131 hak ediyor.<\/p>\n<p>&nbsp;<\/p>\n<p><b>Kitab\u0131n can al\u0131c\u0131 noktas\u0131:<\/b><\/p>\n<p>Bu kitapta \u00fczerinde \u00f6nemle durulmas\u0131 gereken bir \u00f6zellik var. Yazar yaln\u0131z hainli\u011fi de\u011fil, insanlar\u0131n hain olma azmini de irdeliyor. Eserde, Bulgaristan\u2019da hainlik konusunda ilk kez yap\u0131lan \u00fc\u00e7 ayr\u0131 ara\u015ft\u0131rmaya yer veriliyor. Birinde hainin <b>psi\u015fik-g\u00f6r\u00fcnt\u00fc resmi<\/b> \u00e7iziliyor.<\/p><div id=\"bghab-1588204173\" class=\"bghab-icerik-icine-20-paragraf bghab-entity-placement\"><script async src=\"\/\/pagead2.googlesyndication.com\/pagead\/js\/adsbygoogle.js?client=ca-pub-6203283170189293\" crossorigin=\"anonymous\"><\/script><ins class=\"adsbygoogle\" style=\"display:block; text-align:center;\" data-ad-client=\"ca-pub-6203283170189293\" \ndata-ad-slot=\"7303146466\" \ndata-ad-layout=\"in-article\"\ndata-ad-format=\"fluid\" data-full-width-responsive=\"true\"><\/ins>\n<script> \n(adsbygoogle = window.adsbygoogle || []).push({}); \n<\/script>\n<\/div>\n<p>Levski\u2019yi ele veren aran\u0131rken, Osmanl\u0131da bir istihbarat\u00e7\u0131, bir papaz, bir s\u0131\u011f\u0131nak\u00e7\u0131, bir ihtiyar, bir gen\u00e7, bir k\u00f6y zengini (\u00e7orbac\u0131) bir hanc\u0131 ve bir bak\u0131rc\u0131n\u0131n kimli\u011finin nitelik \u00f6zellikleri ve g\u00f6r\u00fcnt\u00fcleri aras\u0131nda y\u0131llar sonra bir kar\u015f\u0131la\u015ft\u0131rmal\u0131 inceleme s\u00f6z konusudur. Zaman ve mekan a\u00e7\u0131s\u0131ndan meydana gelen silinme ve a\u015f\u0131nma dikkate al\u0131nmadan, kaymakaml\u0131k, zaptiyeler ve yerli yard\u0131mc\u0131lar\u0131n\u0131n, kad\u0131n ve erkek tiplemesinde en ince ayr\u0131nt\u0131ya iniliyor.<\/p>\n<p>&nbsp;<\/p>\n<p>Zamanla defalarca y\u00fczle\u015fmenin temelinde, y\u0131llar \u00f6nce muhbirlerden kalm\u0131\u015f su\u00e7 izleri esas al\u0131n\u0131yor. \u0130\u015flenen su\u00e7a g\u00f6re sima \u00e7izip karakter g\u00f6rebilen uzmanlar Levski\u2019yi ele vereni ararken modern analiz y\u00f6ntemlerine ba\u015f vuruyor.<\/p>\n<p>Kitaptaki \u00f6nemli saptamalardan biri MUHB\u0130R, ELE VEREN, HA\u0130N, FESAT\u00c7I, LEKELEY\u0130C\u0130 S\u0130MASIDIR.<\/p>\n<p><b>Bug\u00fcn de yan\u0131 tiplemelerin aram\u0131zda gezindi\u011fi d\u00fc\u015f\u00fcn\u00fcld\u00fc\u011f\u00fcnde analiz yararl\u0131d\u0131r:<\/b><\/p>\n<p>Bilindi\u011fi \u00fczere, normal d\u00fczende,\u00a0 ahlak ve yasalar her t\u00fcrden hainli\u011fi ve ihbarc\u0131l\u0131\u011f\u0131 k\u0131nar.<\/p><div id=\"bghab-3532388726\" class=\"bghab-icerik-icine-25-paragraf bghab-entity-placement\"><script async src=\"\/\/pagead2.googlesyndication.com\/pagead\/js\/adsbygoogle.js?client=ca-pub-6203283170189293\" crossorigin=\"anonymous\"><\/script><ins class=\"adsbygoogle\" style=\"display:block; text-align:center;\" data-ad-client=\"ca-pub-6203283170189293\" \ndata-ad-slot=\"7303146466\" \ndata-ad-layout=\"in-article\"\ndata-ad-format=\"fluid\" data-full-width-responsive=\"true\"><\/ins>\n<script> \n(adsbygoogle = window.adsbygoogle || []).push({}); \n<\/script>\n<\/div>\n<p><b>Hainlik<\/b>, bir davaya ya da bir \u015fahsa ba\u011fl\u0131l\u0131\u011f\u0131, g\u00fcveni, yemini, sadakati, verilmi\u015f s\u00f6z\u00fc, \u00fcstlenilmi\u015f y\u00fck\u00fcml\u00fcl\u00fc\u011f\u00fc bozmakt\u0131r.<\/p>\n<p><b>Psi\u015fik anlamda<\/b>, hainlik, bir ki\u015fiye ya da bir grup insana, k\u00f6t\u00fcl\u00fck yapmak amac\u0131yla \u00f6nceden planlanm\u0131\u015f, bilin\u00e7li niyetlenilmi\u015f bir hareket ve ya eylemler toplam\u0131 olarak ele al\u0131n\u0131r.<\/p>\n<p><b>Hainlik \u00fcst\u00fcne yap\u0131lan bu tan\u0131m<\/b>, hainli\u011fi, davran\u0131\u015f d\u00fczeyinde birini bilin\u00e7li olarak kapana d\u00fc\u015f\u00fcrme, bir ki\u015fiyle hesapla\u015fmak i\u00e7in verilmi\u015f bir sipari\u015f, k\u00f6t\u00fcleyici haberler yay\u0131lmas\u0131 ve g\u00f6zden d\u00fc\u015f\u00fcren s\u00f6ylentiler yayma \u015feklinde olumsuz duygularla gerek\u00e7elenmi\u015f, dolayl\u0131 da olsa al\u00e7ak\u00e7a bir \u015fiddet olarak g\u00fcn \u0131\u015f\u0131\u011f\u0131na \u00e7\u0131kar\u0131yor.<\/p>\n<p>&nbsp;<\/p>\n<p><b>Dolayl\u0131 \u015fiddet \u015fekli<\/b> olarak gerek\u00e7elendirilen hainli\u011fin temelinde, k\u0131skan\u00e7l\u0131k, egoizm, tahamm\u00fcls\u00fczl\u00fck, kin beslemek, kendini be\u011fenmi\u015flik, kibirli olma, b\u00f6b\u00fcrlenme, a\u00e7 g\u00f6zl\u00fcl\u00fck gibi olumsuz duygular bulunur. Hainin genelde kurban\u0131n\u0131n yani ele verdi\u011fi ki\u015finin g\u00fcvenini kazanm\u0131\u015f olan biri oldu\u011fu ispat edilirken, ele verilip can\u0131 yak\u0131lan\u0131n umumiyetle hainden daha sayg\u0131n, daha b\u00fcy\u00fck g\u00fcven kazanm\u0131\u015f, daha y\u00fcksek mevkide olan bir ki\u015fi oldu\u011fu dikkati \u00e7eker.<\/p>\n<p>Hainler, ihbar ederek canlar\u0131n\u0131 yakt\u0131klar\u0131 ki\u015fileri ki\u015fisel nitelikleri menfi olan \u015fahsiyetler olarak g\u00f6stererek yapt\u0131klar\u0131 hainli\u011fi hakl\u0131 \u00e7\u0131karmaya \u00e7al\u0131\u015f\u0131rlar.<\/p><div id=\"bghab-1581094728\" class=\"bghab-icerik-icine-30-paragraf bghab-entity-placement\"><script async src=\"\/\/pagead2.googlesyndication.com\/pagead\/js\/adsbygoogle.js?client=ca-pub-6203283170189293\" crossorigin=\"anonymous\"><\/script><ins class=\"adsbygoogle\" style=\"display:block; text-align:center;\" data-ad-client=\"ca-pub-6203283170189293\" \ndata-ad-slot=\"7303146466\" \ndata-ad-layout=\"in-article\"\ndata-ad-format=\"fluid\" data-full-width-responsive=\"true\"><\/ins>\n<script> \n(adsbygoogle = window.adsbygoogle || []).push({}); \n<\/script>\n<\/div>\n<p><b>Hainlerin kendilerini savunma davran\u0131\u015flar\u0131<\/b>, yani kendilerini hakl\u0131 g\u00f6sterme mekanizmalar\u0131, lanetlemeden, uzakla\u015ft\u0131rmadan, ink\u00e2r etmeden, k\u00f6t\u00fclemeden ve s\u0131k\u0131\u015fmadan\u00a0 ge\u00e7er.<\/p>\n<p>Somut bir eylem veya yenileyen bir davran\u0131\u015f olarak ortaya \u00e7\u0131kan hainlik, muhbir ile bilgiyi alan taraf\u0131ndan ayn\u0131 \u015fekilde alg\u0131lan\u0131p kavran\u0131ld\u0131\u011f\u0131ndan dolay\u0131 y\u00fcr\u00fcrl\u00fc\u011fe konur.<\/p>\n<p>Hainlik yaparak i\u015fledi\u011fi cinayetin izlerini kapatmak, i\u015fledi\u011fi su\u00e7tan ceza almamak i\u00e7in, muhbir islerini \u00f6rtbas etmeye ve su\u00e7u ba\u015fkalar\u0131na aktarmaya, olay yerinden uzakla\u015fmaya b\u00fcy\u00fck \u00e7aba g\u00f6sterir.<\/p>\n<p>\u00c7a\u011fda\u015f kremi nal psikoloji y\u00f6ntemleri, ki\u015fiye kar\u015f\u0131 i\u015flenmi\u015f su\u00e7un ara\u015ft\u0131r\u0131lmas\u0131 esnas\u0131nda oldu\u011fu gibi, hainli\u011fin ortaya \u00e7\u0131kar\u0131lmas\u0131nda da, su\u00e7lunun kimli\u011fine ili\u015fkin do\u011fru ve isabetli sonu\u00e7 elde edilmesine olanak veriyor.<\/p>\n<p>Su\u00e7un psikolojik analiz ilkesi, su\u00e7u i\u015fleyenin davran\u0131\u015flar\u0131n\u0131n onun ki\u015fili\u011fini yans\u0131tt\u0131\u011f\u0131 varsay\u0131m\u0131na dayan\u0131r.<\/p><div id=\"bghab-681399172\" class=\"bghab-icerik-icine-35-paragraf bghab-entity-placement\"><script async src=\"\/\/pagead2.googlesyndication.com\/pagead\/js\/adsbygoogle.js?client=ca-pub-6203283170189293\" crossorigin=\"anonymous\"><\/script><ins class=\"adsbygoogle\" style=\"display:block; text-align:center;\" data-ad-client=\"ca-pub-6203283170189293\" \ndata-ad-slot=\"7303146466\" \ndata-ad-layout=\"in-article\"\ndata-ad-format=\"fluid\" data-full-width-responsive=\"true\"><\/ins>\n<script> \n(adsbygoogle = window.adsbygoogle || []).push({}); \n<\/script>\n<\/div>\n<p>Yap\u0131lan bilimsel incelemeden sonra \u201cB\u0130L\u0130NMEYEN SU\u00c7LUNUN PS\u0130\u015e\u0130K PROF\u0130L\u0130NDE\u201d \u015funlar\u0131 okuyoruz:<\/p>\n<p>&nbsp;<\/p>\n<p><b>Kimlik \u00f6zellikleri<\/b>:<\/p>\n<p>\u201cKendini be\u011fenmi\u015f, izzeti nefis sahibi, kendini koruyan ve a\u00e7g\u00f6zl\u00fc. Hakiki liderler \u00f6n\u00fcnde iki b\u00fckl\u00fcm olarak \u00fcst\u00fcnl\u00fck heveslerini gizleyen biridir. Kurnaz ve ba\u015far\u0131l\u0131 bir hilek\u00e2r. Kendini sosyal ortamda aranan biri olarak g\u00f6sterip g\u00fcven kazan\u0131yor. Ba\u015far\u0131s\u0131z oldu\u011fu hallerde ithamc\u0131 ve ki\u015fisel tehlike g\u00f6rd\u00fc\u011f\u00fcnde \u00f6dlek. \u0130hbarda bulunmak i\u00e7in ki\u015fisel gerek\u00e7esi vard\u0131r.<\/p>\n<p>&nbsp;<\/p>\n<p><b>Hainlikten sonraki tavr\u0131<\/b>:<\/p>\n<p>\u0130nk\u00e2r edicidir. Su\u00e7u ba\u015fkalar\u0131n\u0131n \u00fcst\u00fcne atar. Levki\u2019nin tutuklanmas\u0131ndan sonra onun ya\u015fay\u0131\u015f\u0131 de\u011fi\u015fmemi\u015ftir.<\/p><div id=\"bghab-2918169747\" class=\"bghab-icerik-icine-40-paragraf bghab-entity-placement\"><script async src=\"\/\/pagead2.googlesyndication.com\/pagead\/js\/adsbygoogle.js?client=ca-pub-6203283170189293\" crossorigin=\"anonymous\"><\/script><ins class=\"adsbygoogle\" style=\"display:block; text-align:center;\" data-ad-client=\"ca-pub-6203283170189293\" \ndata-ad-slot=\"7303146466\" \ndata-ad-layout=\"in-article\"\ndata-ad-format=\"fluid\" data-full-width-responsive=\"true\"><\/ins>\n<script> \n(adsbygoogle = window.adsbygoogle || []).push({}); \n<\/script>\n<\/div>\n<p>&nbsp;<\/p>\n<p>Haincik konusu Bulgar toplumunu ve ilgili makamlar\u0131n\u0131 \u00e7ok yak\u0131ndan ilgilendiriyor.<\/p>\n<p>Son 141\u2019y\u0131lda ortam, insanlar ve dava de\u011fi\u015fti ama hainlerin say\u0131s\u0131 azalaca\u011f\u0131na \u00e7o\u011fald\u0131. En b\u00fcy\u00fck hainler en kal\u0131n g\u00f6lgelerde ve en g\u00f6rkemli saraylarda devam ediyor. Hainlerden korunmak davay\u0131 korumakla e\u015fittir.<\/p>\n<div id=\"bghab-1047880183\" class=\"bghab-yazi-altinda bghab-entity-placement\"><script async src=\"https:\/\/pagead2.googlesyndication.com\/pagead\/js\/adsbygoogle.js\"><\/script>\r\n<!-- bghaber-yaz\u0131-sonu -->\r\n<ins class=\"adsbygoogle\"\r\n     style=\"display:block\"\r\n     data-ad-client=\"ca-pub-6203283170189293\"\r\n     data-ad-slot=\"4222328180\"\r\n     data-ad-format=\"auto\"\r\n     data-full-width-responsive=\"true\"><\/ins>\r\n<script>\r\n     (adsbygoogle = window.adsbygoogle || []).push({});\r\n<\/script><\/div><br style=\"clear: both; display: block; float: none;\"\/>","protected":false},"excerpt":{"rendered":"<p>BG-SAM Vasil Levski\u2019nin \u00f6l\u00fcm\u00fcnden bu yana 141 y\u0131l ge\u00e7ti. Kimse \u00f6ld\u00fc demiyor, kullan\u0131lan s\u00f6z \u201cas\u0131ld\u0131.\u201d \u0130pi \u00e7eken kim? \u201cOsmanl\u0131lar!\u201d Levki\u2019yi ele veren kim? Bulgar papaz\u0131<\/p>\n","protected":false},"author":29,"featured_media":6093,"comment_status":"closed","ping_status":"closed","sticky":false,"template":"","format":"standard","meta":{"advanced_seo_description":"","jetpack_seo_html_title":"","jetpack_seo_noindex":false,"jetpack_seo_schema_type":"","_jetpack_newsletter_access":"","_jetpack_dont_email_post_to_subs":false,"_jetpack_newsletter_tier_id":0,"_jetpack_memberships_contains_paywalled_content":false,"_jetpack_feature_clip_id":0,"_jetpack_memberships_contains_paid_content":false,"footnotes":"","jetpack_post_was_ever_published":false},"categories":[6],"tags":[],"class_list":["post-8977","post","type-post","status-publish","format-standard","has-post-thumbnail","hentry","category-yorum"],"jetpack_sharing_enabled":true,"jetpack_likes_enabled":true,"jetpack-related-posts":[],"jetpack_shortlink":"https:\/\/wp.me\/pc2PfJ-2kN","jetpack_featured_media_url":"https:\/\/i0.wp.com\/www.bghaber.org\/bghaber\/wp-content\/uploads\/2013\/09\/1-logo-yk.jpg?fit=552%2C531&ssl=1","_links":{"self":[{"href":"https:\/\/www.bghaber.org\/bghaber\/wp-json\/wp\/v2\/posts\/8977","targetHints":{"allow":["GET"]}}],"collection":[{"href":"https:\/\/www.bghaber.org\/bghaber\/wp-json\/wp\/v2\/posts"}],"about":[{"href":"https:\/\/www.bghaber.org\/bghaber\/wp-json\/wp\/v2\/types\/post"}],"author":[{"embeddable":true,"href":"https:\/\/www.bghaber.org\/bghaber\/wp-json\/wp\/v2\/users\/29"}],"replies":[{"embeddable":true,"href":"https:\/\/www.bghaber.org\/bghaber\/wp-json\/wp\/v2\/comments?post=8977"}],"version-history":[{"count":0,"href":"https:\/\/www.bghaber.org\/bghaber\/wp-json\/wp\/v2\/posts\/8977\/revisions"}],"wp:featuredmedia":[{"embeddable":true,"href":"https:\/\/www.bghaber.org\/bghaber\/wp-json\/wp\/v2\/media\/6093"}],"wp:attachment":[{"href":"https:\/\/www.bghaber.org\/bghaber\/wp-json\/wp\/v2\/media?parent=8977"}],"wp:term":[{"taxonomy":"category","embeddable":true,"href":"https:\/\/www.bghaber.org\/bghaber\/wp-json\/wp\/v2\/categories?post=8977"},{"taxonomy":"post_tag","embeddable":true,"href":"https:\/\/www.bghaber.org\/bghaber\/wp-json\/wp\/v2\/tags?post=8977"}],"curies":[{"name":"wp","href":"https:\/\/api.w.org\/{rel}","templated":true}]}}