{"id":8970,"date":"2014-02-16T00:33:49","date_gmt":"2014-02-15T22:33:49","guid":{"rendered":"http:\/\/www.bghaber.org\/bghaber\/?p=8970"},"modified":"2016-09-18T18:03:19","modified_gmt":"2016-09-18T15:03:19","slug":"bulgaristanda-ayarsiz-demokrasi","status":"publish","type":"post","link":"https:\/\/www.bghaber.org\/bghaber\/bulgaristanda-ayarsiz-demokrasi\/","title":{"rendered":"Bulgaristan&#8217;da Ayars\u0131z Demokrasi"},"content":{"rendered":"<p><b>Rafet ULUTURK<\/b><\/p>\n<p><b>\u0130\u015fin ger\u00e7e\u011fi, \u015fu Bulgaristan demokrasisi hakikatten tamamen ayars\u0131z<\/b>.<\/p>\n<p>\u015eimdiye kadar Anayasa\u2019ya uyulmad\u0131\u011f\u0131n\u0131, kanunlar\u0131n ayakalt\u0131na al\u0131nd\u0131\u011f\u0131n\u0131 g\u00f6rd\u00fck de, kendini be\u011fenmi\u015f belediye ba\u015fkanlar\u0131n\u0131n iyice yoldan \u00e7\u0131kt\u0131\u011f\u0131n\u0131 \u0130\u00e7 \u0130\u015fleri Bakanl\u0131\u011f\u0131 ve Ba\u015f Savc\u0131l\u0131\u011f\u0131n uyar\u0131lar\u0131na, talimat ve emirlerine de uymad\u0131\u011f\u0131n\u0131 g\u00f6rmemi\u015ftik.<\/p>\n<p>Bilinen bir kurald\u0131r, bir \u015fehirde g\u00f6steriler, y\u00fcr\u00fcy\u00fc\u015fler, protestolar beledi iznine tabiidir.<\/p>\n<p>Belediye Ba\u015fkan\u0131 izin vermezse yollar meydanlar kapat\u0131lamaz, \u015fehrin i\u00e7inde kimse ba\u011f\u0131r\u0131p \u00e7a\u011f\u0131ramaz, eli sopal\u0131 dola\u015famaz, camilere ta\u015f atamaz, kap\u0131, cam, pencere k\u0131ramaz, d\u00fckk\u00e2n vitrinlerini tuzla buz edemez, yoldan ge\u00e7ene sark\u0131nt\u0131l\u0131k edemez, insanlar\u0131 evinden bark\u0131ndan kovamaz, ba\u015fka vatanda\u015f ve kurumlar\u0131n ta\u015f\u0131nmazlar\u0131n\u0131 talan edemez, mahkemenin normal \u00e7al\u0131\u015fmas\u0131n\u0131 engelleyemez vb. vb.<\/p><div id=\"bghab-2274917697\" class=\"bghab-icerik-icine bghab-entity-placement\"><script async src=\"\/\/pagead2.googlesyndication.com\/pagead\/js\/adsbygoogle.js?client=ca-pub-6203283170189293\" crossorigin=\"anonymous\"><\/script><ins class=\"adsbygoogle\" style=\"display:block; text-align:center;\" data-ad-client=\"ca-pub-6203283170189293\" \ndata-ad-slot=\"7303146466\" \ndata-ad-layout=\"in-article\"\ndata-ad-format=\"fluid\" data-full-width-responsive=\"true\"><\/ins>\n<script> \n(adsbygoogle = window.adsbygoogle || []).push({}); \n<\/script>\n<\/div>\n<p>Bunlar\u0131n hi\u00e7 birine uymayan Plovdiv Belediye Ba\u015fkan\u0131 bir Gauleiter gibi hareket etti. Gauleiterler Hitler Almancas\u0131\u2019nda Belediye Ba\u015fkan\u0131yd\u0131. Bizde ilk kez b\u00f6yle bir olay ger\u00e7ekle\u015fti. Yerel idare haklar\u0131n\u0131 merkez erkten daha y\u00fcksek g\u00f6rd\u00fc ve itaat etmedi, netice 6 kafa patlad\u0131, 130 tutuklu, binlerce leval\u0131k maddi hasar ve<\/p>\n<p>&nbsp;<\/p>\n<p><b>POL\u0130T\u0130K \u0130BRE B\u0130R ANDA HIZLA OYNADI.<\/b><\/p>\n<p><b>Bal\u0131k ba\u015ftan kokar<\/b> demi\u015fler. Bizde, ba\u015ftan kokmazsa, ci\u011ferden kokar.<\/p>\n<p>Hem kafas\u0131 hem ci\u011feri bozuk oldu\u011fundan mutlaka kokar ve etraf\u0131 kokutuyor.<\/p>\n<p>&nbsp;<\/p>\n<p><b>Yap\u0131lanlar \u00a0bu \u015fehre hi\u00e7 amma hi\u00e7 yak\u0131\u015fmad\u0131<\/b>:<\/p><div id=\"bghab-505517269\" class=\"bghab-icerik-icine-10-paragraf bghab-entity-placement\"><script async src=\"\/\/pagead2.googlesyndication.com\/pagead\/js\/adsbygoogle.js?client=ca-pub-6203283170189293\" crossorigin=\"anonymous\"><\/script><ins class=\"adsbygoogle\" style=\"display:block; text-align:center;\" data-ad-client=\"ca-pub-6203283170189293\" \ndata-ad-slot=\"7303146466\" \ndata-ad-layout=\"in-article\"\ndata-ad-format=\"fluid\" data-full-width-responsive=\"true\"><\/ins>\n<script> \n(adsbygoogle = window.adsbygoogle || []).push({}); \n<\/script>\n<\/div>\n<p>Milattan \u00f6nce 300\u2019l\u00fc y\u0131llarda kurulan, Makedonya Kral\u0131 II. Filip taraf\u0131ndan ele ge\u00e7irilmesinden sonra Filipolis yani Filip \u015fehri ad\u0131n\u0131 alan, daha sonra Romal\u0131lar h\u00e2kimiyetine ge\u00e7ti\u011finde yeni ismine Trimontsium yani \u201c3 Tepe\u201d \u015fehri denen, Osmanl\u0131lar d\u00f6neminde Filibe ad\u0131n\u0131 koruyan ve \u015fimdi de Slavcadan gelen Plovdiv ad\u0131yla bilin ve huzurlu esnaf ya\u015fant\u0131s\u0131yla anlat\u0131lan bir yerle\u015fim yerinden s\u00f6z ediyoruz.<\/p>\n<p>T\u00fcrkler ve Bulgarlardan ba\u015fka b\u00fcy\u00fck say\u0131da \u00c7ingene, Pomak\u2019\u0131n, Ermeni ve Yahudi\u2019nin de oturdu bu Rumeli \u015fehri, Balkan Yar\u0131madas\u0131n\u0131n ovas\u0131 \u00e7ok geni\u015f, suyu bol ve da\u011flar\u0131 yak\u0131n, g\u00f6zde, \u015firin ve huzurlu \u015fehirlerinden biri olma \u00f6zelli\u011fini bu hafta tamamen bozdu.<\/p>\n<p>&nbsp;<\/p>\n<p>14 \u015eubat 2014 (Cuma) sabah\u0131 erken saatlerde bu kadim \u015fehre toplanan 3 bin dazlak kafal\u0131, \u0131zbandut, haydut hurdas\u0131, futbol serserisi, a\u015f\u0131r\u0131 milliyet\u00e7i ve \u0131rk\u00e7\u0131 &#8211; fa\u015fist, Karlovo \u015fehri Belediye Ba\u015fkan\u0131 liderli\u011finde ve Plovdiv yerli makamlar\u0131n\u0131n g\u00f6z yummas\u0131yla Plovdiv tepelerinden <b>etnik ve dini ho\u015fg\u00f6r\u00fc \u015fehri olma tac\u0131n\u0131 indirip \u00e7i\u011fnediler<\/b>.<\/p>\n<p>Ayn\u0131 g\u00fcn, \u015fehir merkezinde, daha \u00f6nce ya\u015fanmam\u0131\u015f bir i\u011fren\u00e7 olay ya\u015fand\u0131,\u00a0 T\u00fcrk, M\u00fcsl\u00fcman, \u0130slam d\u00fc\u015fmanl\u0131\u011f\u0131n\u0131 ayyuka \u00e7\u0131kt\u0131. Yumruklar, kald\u0131r\u0131m ta\u015flar\u0131, sopalar, k\u00fcf\u00fcr ve lanetler yerle g\u00f6\u011f\u00fc birbirine katt\u0131. Kendilerini \u201c\u015fpits komando\u201d yani (\u00f6n saflarda \u00e7arp\u0131\u015fan milliyet\u00e7i komandolar) olarak tan\u0131tan, modern T\u00fcrk\u00e7emizde a\u015f\u0131r\u0131 sa\u011fc\u0131 marjinaller olarak tan\u0131mlanan,\u00a0 g\u00f6z\u00fc d\u00f6nm\u00fc\u015flerin kara cehalet alay\u0131 \u00f6nce <b>Plovdiv \u0130stinaf Mahkemesi<\/b>\u2019ne (apelativen s\u0131d) sald\u0131rd\u0131. Bu mahkemede saat dokuzda ba\u015flayan duru\u015fmada, birinci derece bir yarg\u0131 organ\u0131 olan Plovdiv \u0130l Mahkemesi\u2019de al\u0131nan Karlovo \u015fehir merkezindeki tarihi \u201cKur\u015fun Cami\u201d nin belediye m\u00fclk\u00fcnden al\u0131n\u0131p ger\u00e7ek sahibine yani Bulgaristan M\u00fcsl\u00fcmanlar\u0131 <b>Ba\u015f M\u00fcft\u00fcl\u00fck m\u00fclk\u00fcne geri verilip ibadete a\u00e7\u0131lmas\u0131 karar\u0131na itiraz\u0131 g\u00f6r\u00fc\u015fecekti. <\/b>Marjinaller, \u0130stinaf Mahkemesi\u2019nin karar\u0131 lehlerinde vermesini sa\u011flamak amac\u0131yla sokaktan \u015fiddetli bask\u0131 yapmaya toplanm\u0131\u015flard\u0131.<\/p>\n<p><b>\u00a0<\/b><\/p>\n<p><b>Bir \u00e7\u0131rp\u0131da T\u00fcrkl\u00fc\u011fe ve \u0130slama ait ne varsa s\u00fcp\u00fcrmek istediler:<\/b><\/p><div id=\"bghab-2080092600\" class=\"bghab-icerik-icine-15-paragraf bghab-entity-placement\"><script async src=\"\/\/pagead2.googlesyndication.com\/pagead\/js\/adsbygoogle.js?client=ca-pub-6203283170189293\" crossorigin=\"anonymous\"><\/script><ins class=\"adsbygoogle\" style=\"display:block; text-align:center;\" data-ad-client=\"ca-pub-6203283170189293\" \ndata-ad-slot=\"7303146466\" \ndata-ad-layout=\"in-article\"\ndata-ad-format=\"fluid\" data-full-width-responsive=\"true\"><\/ins>\n<script> \n(adsbygoogle = window.adsbygoogle || []).push({}); \n<\/script>\n<\/div>\n<p>Tehdit alt\u0131nda \u00e7al\u0131\u015fmay\u0131 kabul etmeyen mahkeme heyeti, duru\u015fmay\u0131 erteleyince, g\u00f6z\u00fc d\u00f6nm\u00fc\u015f, \u00f6fke kusan, derme \u00e7atma \u0131rk\u00e7\u0131-fa\u015fist kalabal\u0131k Plovdiv\u2019in merkezine y\u00f6neldi. Cuma namaz\u0131 esnas\u0131nda ana cadde \u00fczerindeki \u201c<b>Cuma Cami<\/b>\u201dye sald\u0131rd\u0131. Camlar k\u0131r\u0131ld\u0131. Kap\u0131lar zorland\u0131. Cami ta\u015f ya\u011fmuruna tutuldu. \u0130nsan m\u00fcsveddelerinin ci\u011ferlerinde birikmi\u015f i\u011fren\u00e7lik meydana d\u00f6k\u00fcld\u00fc. \u0130slam\u2019\u0131n onur kalesi, y\u00fczy\u0131llarca ayakta kalman\u0131n gururuyla ma\u011frur \u201cCuma Cami\u201d ayar\u0131 bozulmu\u015f, dengesi ka\u00e7m\u0131\u015f bir toplumda \u201colacak o kadar<b>\u201d ha\u015fmetiyle huzurunu bile bozmad\u0131. <\/b><\/p>\n<p><b>\u00a0<\/b><\/p>\n<p><b>Kinini kussa da, \u00f6fke stresinden kurtulamayan vah\u015fet s\u00fcr\u00fcs\u00fc adres \u015fa\u015f\u0131rmad\u0131. <\/b><\/p>\n<p>Plovdiv \u015fehrindeki T\u00fcrkiye Cumhuriyeti Konsoloslu\u011fu\u2019na y\u00f6neldi.<\/p>\n<p>Kafalar\u0131ndaki k\u00fcfl\u00fc \u00e7ivi binay\u0131 yak\u0131n i\u015fareti veriyordu. Bu \u015fehrin ne kald\u0131r\u0131m\u0131, ne tepeleri ne de ilk insan buraya geleliden beri hi\u00e7 kimseye hi\u00e7bir zarar vermemek i\u00e7in dalgalanmadan, ta\u015fmadan akan Meri\u00e7 b\u00f6yle bir rezillik, bu denli al\u00e7ak d\u00fc\u015fmemi\u015fti.<\/p>\n<p>&nbsp;<\/p>\n<p>Kuduz mu\u015fluklar\u0131n\u0131 gizlerken selam sabah\u0131 kesmeyen, bayramdan bayrama baklavalar\u0131m\u0131z\u0131 tadan, yaz tatilleri d\u0131\u015f\u0131nda hafta sonlar\u0131n\u0131 da T\u00fcrkiye\u2019de ge\u00e7iren g\u00f6z\u00fc doymazlar\u0131n \u00f6fkesinde birikmi\u015f \u00e7ok enerji vard\u0131.<b> <\/b><\/p><div id=\"bghab-560842284\" class=\"bghab-icerik-icine-20-paragraf bghab-entity-placement\"><script async src=\"\/\/pagead2.googlesyndication.com\/pagead\/js\/adsbygoogle.js?client=ca-pub-6203283170189293\" crossorigin=\"anonymous\"><\/script><ins class=\"adsbygoogle\" style=\"display:block; text-align:center;\" data-ad-client=\"ca-pub-6203283170189293\" \ndata-ad-slot=\"7303146466\" \ndata-ad-layout=\"in-article\"\ndata-ad-format=\"fluid\" data-full-width-responsive=\"true\"><\/ins>\n<script> \n(adsbygoogle = window.adsbygoogle || []).push({}); \n<\/script>\n<\/div>\n<p>Ruhen minicik olu\u015flar\u0131 ve b\u00fcy\u00fck i\u015fler yapamamalar\u0131 i\u00e7lerini kemirendi.<\/p>\n<p><b>\u00a0\u201cBende olmayan sende de olamaz!\u201d <\/b><\/p>\n<p><b>\u201cBende olmayan sende varsa, o benimdir!\u201d<\/b><\/p>\n<p><b>\u201c Buras\u0131 Bulgaristan, T\u00fcrklerin mal m\u00fclk\u00fc de\u011fil, mal m\u00fclk edinme hakk\u0131 bile olamaz! gibi \u00e7a\u011flar d\u0131\u015f\u0131 bir kibirle mayalanm\u0131\u015f olduklar\u0131n\u0131 ele verdiler.\u201d Halbuki Rus-T\u00fcrk harbinden \u00f6nce Bulgaristan\u2019da topraklar\u0131n %80\u2019i T\u00fcrklerindi, ya \u015fimdi?<\/b><\/p>\n<p>Hitlerin vaktiyle<b> \u201cAlmanya\u2019da ne varsa Almanlara aittir\u201d <\/b>sa\u00e7mal\u0131\u011f\u0131 onlar\u0131n beyinlerini de tamamen y\u0131kam\u0131\u015ft\u0131r.<b> Camilerimizi, medreselerimizi, \u00e7e\u015fmelerimizi, hamamlar\u0131m\u0131z\u0131, mezarl\u0131klar\u0131m\u0131z\u0131, vak\u0131f mal\u0131 ba\u011f bah\u00e7eleri, \u00e7ay\u0131r, orman ve i\u015flenir tarlalar\u0131m\u0131za el atm\u0131\u015flar, mahkeme kararlar\u0131n\u0131 hi\u00e7e say\u0131yor, devlete bile kar\u015f\u0131 geliyorlar. <\/b><\/p><div id=\"bghab-1764040098\" class=\"bghab-icerik-icine-25-paragraf bghab-entity-placement\"><script async src=\"\/\/pagead2.googlesyndication.com\/pagead\/js\/adsbygoogle.js?client=ca-pub-6203283170189293\" crossorigin=\"anonymous\"><\/script><ins class=\"adsbygoogle\" style=\"display:block; text-align:center;\" data-ad-client=\"ca-pub-6203283170189293\" \ndata-ad-slot=\"7303146466\" \ndata-ad-layout=\"in-article\"\ndata-ad-format=\"fluid\" data-full-width-responsive=\"true\"><\/ins>\n<script> \n(adsbygoogle = window.adsbygoogle || []).push({}); \n<\/script>\n<\/div>\n<p><b>Belediye Ba\u015fkanlar\u0131n\u0131n mahkeme kararlar\u0131na uymad\u0131\u011f\u0131 bir \u00fclkede demokrasinin ayar\u0131 yok demek azd\u0131r, \u00e7\u0131lg\u0131nlar totalitarizm d\u00f6neminin adaletsizli\u011fine, hukuksuzlu\u011funa, yarg\u0131s\u0131z ya\u015fama yeniden susam\u0131\u015flar.<\/b><\/p>\n<p>\u00c7ok tehlikeli olan bu zihniyet Todor Jivkov totaliter rejimini ve daha \u00f6nce Hitleri ba\u015f\u0131n\u0131 yemekle kalmay\u0131p Almanya\u2019y\u0131 da y\u0131k\u0131p yerle bir etmi\u015ftir. Avrupa haklar\u0131 fa\u015fizmle m\u00fccadelede 50 milyon kurban verdi. Bunu Filibe de t\u00fcm \u0131rk\u00e7\u0131lara hat\u0131rlatmak isteriz.<\/p>\n<p><b>\u00a0<\/b><\/p>\n<p>Bu k\u00f6kten \u00e7arp\u0131k ve s\u0131ra d\u0131\u015f\u0131 zihniyet Bulgaristan\u2019a,<b> Bulgar Milli Lejyon\u2019u ve ona ba\u011fl\u0131 olarak \u201cBrannik\u201d Gen\u00e7lik \u00d6rg\u00fct\u00fc <\/b>kurulmas\u0131yla ge\u00e7en y\u00fczy\u0131l\u0131n<b> 1930\u2019lu y\u0131llar\u0131nda girdi ve 9. 09. 1944\u2019e kadar ayakta kald\u0131. General Lukof fa\u015fimle b\u00fct\u00fcnle\u015fmenin ba\u015f\u0131n\u0131 \u00e7ekmi\u015fti. \u015eimdi her y\u0131l Lukov fener alaylar\u0131yla Sofya\u2019da an\u0131l\u0131yor.. <\/b><\/p>\n<p><b>Almanya\u2019da Hitlerin eserleri, fa\u015fizme ait son z\u0131rn\u0131k bile yasaklanm\u0131\u015fken, bizde Alman ve \u0130talyan fa\u015fizmini \u00f6ven eserler serbest sat\u0131l\u0131yor. \u0130ktidardakilerle eski kom\u00fcnistlerin Bulgar, T\u00fcrk ve Pomak varisler. Nas\u0131l oldu da babalar\u0131n\u0131n ve dedelerinin fa\u015fizmle amans\u0131z m\u00fccadelesini, partizan hareketini, \u0130kinci D\u00fcnya Sava\u015f\u0131 cephelerinde verilen \u015fehitler unutuluverdi???<\/b><\/p>\n<p>\u00c7arl\u0131k y\u0131llar\u0131nda \u201cBarannik\u201dlere<b> Hitlerin<\/b> <b>\u201cOst\u201d (<\/b>Do\u011fu) politikas\u0131 d\u00e2hilinde Alman fa\u015fistlerinden paralar akm\u0131\u015ft\u0131. Onlar, o zaman Bulgaristan\u2019\u0131n Sovyetler Birli\u011fi\u2019ne kar\u015f\u0131 sava\u015fa kat\u0131lmas\u0131nda ayak dirediler.<\/p><div id=\"bghab-1354570758\" class=\"bghab-icerik-icine-30-paragraf bghab-entity-placement\"><script async src=\"\/\/pagead2.googlesyndication.com\/pagead\/js\/adsbygoogle.js?client=ca-pub-6203283170189293\" crossorigin=\"anonymous\"><\/script><ins class=\"adsbygoogle\" style=\"display:block; text-align:center;\" data-ad-client=\"ca-pub-6203283170189293\" \ndata-ad-slot=\"7303146466\" \ndata-ad-layout=\"in-article\"\ndata-ad-format=\"fluid\" data-full-width-responsive=\"true\"><\/ins>\n<script> \n(adsbygoogle = window.adsbygoogle || []).push({}); \n<\/script>\n<\/div>\n<p>O a\u011f\u0131r d\u00f6nemde \u00fclkedeki \u0130ngiliz, Frans\u0131z ve Amerikan yanl\u0131s\u0131 ve Moskova\u2019ya m\u00fcttefik g\u00fc\u00e7ler fa\u015fizme kar\u015f\u0131 ortak m\u00fccadele vermi\u015flerdi.<\/p>\n<p>&nbsp;<\/p>\n<p><b>Yeniden canlanma ve yap\u0131lanman\u0131n \u015fekilleri<\/b>:<\/p>\n<p>60 y\u0131ll\u0131k bir aradan sonra, \u00f6nce Rusya\u2019n\u0131n iste\u011fiyle NATO ve Avrupa Birli\u011fi\u2019ne ve genelde Bulgaristan\u2019\u0131n Bat\u0131 lehinde bir politika izlemesine kar\u015f\u0131, bir a\u015f\u0131r\u0131 u\u00e7 olan Volen Siderov\u2019a kurdurulan \u201cATAKA\u201d partisi, Bulgar a\u015f\u0131r\u0131 milliyet\u00e7ilik ve fa\u015fizmini XXI. y\u00fczy\u0131l sahnesine \u00e7\u0131kard\u0131. \u015eu anda Bulgaristan marjinalleri motorcu, futbolcu, d\u00fczenci vb. fenler olarak totaliter rejim taraf\u0131ndan gasp edilen Bulgaristan M\u00fcsl\u00fcmanlar\u0131n\u0131n vak\u0131f mallar\u0131n\u0131n hukuk yoluyla ve mahkeme karar\u0131yla resmen geri verilmesine kar\u015f\u0131 ulusal cephe halinde birle\u015fme sa\u011flam\u0131\u015f durumdad\u0131r.<\/p>\n<p>Plovdiv \u015fehrindeki kanl\u0131 olaylar bu cephenin son anti-T\u00fcrk, anti-\u0130slam hortlamas\u0131d\u0131r.<\/p>\n<p>&nbsp;<\/p>\n<p><b>Stratejik hedefleri<\/b> Bulgaristan\u2019\u0131 T\u00fcrklerden, Pomaklardan, \u00c7ingenelerden, \u0130slam eserlerinden, M\u00fcsl\u00fcmanl\u0131\u011fa ait ne varsa her \u015feyden tamamen ve kesin temizlemek olan, bu a\u015f\u0131r\u0131 milliyet\u00e7i fa\u015fizan hareket, Anayasa ve yasa d\u0131\u015f\u0131 hareketlerine 3 bin ki\u015filik dala\u015f d\u00f6v\u00fc\u015f \u00e7etesi toplayabiliyor, \u00f6z propaganda ara\u00e7lar\u0131ndan yararlan\u0131yor, meclisteki grubuyla iktidar ortakl\u0131\u011f\u0131na y\u00fckselebilmi\u015f durumdad\u0131r. Milliyet\u00e7i propaganday\u0131 y\u00f6nlendiren radyo, gazete ve TV yay\u0131nlar\u0131na sahiptirler.<\/p><div id=\"bghab-1384719481\" class=\"bghab-icerik-icine-35-paragraf bghab-entity-placement\"><script async src=\"\/\/pagead2.googlesyndication.com\/pagead\/js\/adsbygoogle.js?client=ca-pub-6203283170189293\" crossorigin=\"anonymous\"><\/script><ins class=\"adsbygoogle\" style=\"display:block; text-align:center;\" data-ad-client=\"ca-pub-6203283170189293\" \ndata-ad-slot=\"7303146466\" \ndata-ad-layout=\"in-article\"\ndata-ad-format=\"fluid\" data-full-width-responsive=\"true\"><\/ins>\n<script> \n(adsbygoogle = window.adsbygoogle || []).push({}); \n<\/script>\n<\/div>\n<p>&nbsp;<\/p>\n<p><b>Bulgar demokrasisinin ayar\u0131n\u0131 bozan bu kesim 20 \u2013 25 ya\u015flar\u0131ndad\u0131r. <\/b><\/p>\n<p>Finans kaynaklar\u0131 d\u0131\u015f \u00fclkelerde oldu\u011fu i\u00e7in yabanc\u0131 \u00e7\u0131karlara da hizmet etmekte, hem \u00fclkemizde hem de Balkan Yar\u0131madas\u0131nda huzuru bozmak i\u00e7in ellerinden geleni arda b\u0131rakm\u0131yorlar. Bu gruplar \u00fc\u00e7 denizle s\u0131n\u0131r olan bir B\u00dcY\u00dcK BULGAR\u0130STAN hayaliyle de besleniyor. Makedonya ile Bulgaristan aras\u0131ndaki sorunlar\u0131n temelinde olan da budur.<\/p>\n<p><b>\u00a0<\/b><\/p>\n<p><b>S\u00fcr\u00fcdeki b\u00fcy\u00fck\u00e7e kesim<\/b>1990\u2019dan sonra d\u00fcnyaya gelmi\u015fti.<\/p>\n<p>\u00d6zel milliyet\u00e7ilik kurslar\u0131ndan, \u0131rk\u00e7\u0131l\u0131k ekol\u00fcnden, fa\u015fist e\u011fitimden ge\u00e7memi\u015f olsalar da, \u015feker bile gerekli ya\u015fam ortam\u0131 bulamay\u0131nca nas\u0131l zehire d\u00f6n\u00fc\u015f\u00fcyorsa, onlar da<b> ayars\u0131z demokrasinin ac\u0131 meyveleridir. G\u00f6n\u00fcllerinde olan <\/b>hep, T\u00fcrklerin mallar\u0131na konmak, mirasa oturmak, Bulgaristan\u2019da kalan T\u00fcrkleri k\u00f6le gibi \u00e7al\u0131\u015ft\u0131r\u0131p dilenci gibi s\u00fcr\u00fcnd\u00fcrmektir.<\/p>\n<p>Osmanl\u0131 d\u00f6neminde Filibe Beyli\u011fi Kona\u011f\u0131 olan bug\u00fcnk\u00fc \u201cPILDEN\u201d lokantas\u0131, halen be\u015f leva kira \u00f6demeden kullan\u0131l\u0131yor. Eski iki mescit i\u00e7kili lokantad\u0131r. Tarihi M\u00fcsl\u00fcman kabristanl\u0131\u011f\u0131 \u00e7\u00f6pl\u00fck olarak kullan\u0131l\u0131rken, bir sanat eseri olan g\u00f6bek ta\u015fl\u0131 hamam\u0131n \u00e7al\u0131\u015ft\u0131r\u0131lmas\u0131na izin verilmiyor.<\/p><div id=\"bghab-3208857334\" class=\"bghab-icerik-icine-40-paragraf bghab-entity-placement\"><script async src=\"\/\/pagead2.googlesyndication.com\/pagead\/js\/adsbygoogle.js?client=ca-pub-6203283170189293\" crossorigin=\"anonymous\"><\/script><ins class=\"adsbygoogle\" style=\"display:block; text-align:center;\" data-ad-client=\"ca-pub-6203283170189293\" \ndata-ad-slot=\"7303146466\" \ndata-ad-layout=\"in-article\"\ndata-ad-format=\"fluid\" data-full-width-responsive=\"true\"><\/ins>\n<script> \n(adsbygoogle = window.adsbygoogle || []).push({}); \n<\/script>\n<\/div>\n<p>Bununla birlikte mahkeme karar\u0131yla geri al\u0131nan baz\u0131 d\u00fckk\u00e2n ve bezi stenlerin camlar\u0131 g\u00fcn a\u015f\u0131r\u0131 sald\u0131r\u0131ya u\u011fruyor. Plovdiv Belediyesi a\u015f\u0131r\u0131 milliyet\u00e7ileri arkal\u0131yor. Anti- T\u00fcrk, Anti-\u0130slam davran\u0131\u015flar\u0131nda Sofya\u2019dan ba\u011f\u0131ms\u0131z hareket etmeye \u00e7al\u0131\u015f\u0131yor.<\/p>\n<p>Bu durumun mutlaka de\u011fi\u015fmesi ve sorunlar\u0131n k\u00f6kten \u00e7\u00f6z\u00fclmesi ka\u00e7\u0131n\u0131lmaz oldu.<\/p>\n<p>H\u00d6H politik partisinin birinci ve temel \u00f6devi kendini politik yamak olma psikolojisinden silkip sorunlar\u0131n \u00e7\u00f6z\u00fcm\u00fcnde s\u00f6z sahibi olmakt\u0131r. Halk\u0131m\u0131z\u0131n can al\u0131c\u0131 problemlerine inmektir. H\u00d6H politikac\u0131lar\u0131yla M\u00fcsl\u00fcman kurumlar\u0131m\u0131z aras\u0131ndaki dostluk ve yard\u0131mla\u015fma yaln\u0131z se\u00e7im g\u00fcn\u00fcne dayanamaz, dayanmamal\u0131d\u0131r.<\/p>\n<p>&nbsp;<\/p>\n<p>Irk\u00e7\u0131 alay\u0131n Plovdiv\u2019te yapt\u0131\u011f\u0131n\u0131 M\u00fcsl\u00fcman gen\u00e7ler yapsa, Kiliselere ta\u015f atmaya ba\u015flasa, herkesin sabr\u0131 ta\u015fsa Bulgaristan Kosovo, Bosna olabilir. Burada yanacak ate\u015f b\u00fct\u00fcn Balkanlar\u0131 yakabilir.<\/p>\n<p>Bunu mu istiyorlar acaba?<\/p><div id=\"bghab-1698019643\" class=\"bghab-icerik-icine-45-paragraf bghab-entity-placement\"><script async src=\"\/\/pagead2.googlesyndication.com\/pagead\/js\/adsbygoogle.js?client=ca-pub-6203283170189293\" crossorigin=\"anonymous\"><\/script><ins class=\"adsbygoogle\" style=\"display:block; text-align:center;\" data-ad-client=\"ca-pub-6203283170189293\" \ndata-ad-slot=\"7303146466\" \ndata-ad-layout=\"in-article\"\ndata-ad-format=\"fluid\" data-full-width-responsive=\"true\"><\/ins>\n<script> \n(adsbygoogle = window.adsbygoogle || []).push({}); \n<\/script>\n<\/div>\n<p>&nbsp;<\/p>\n<p><b>Bulgar marjinalli\u011fi T\u00fcrk ve M\u00fcsl\u00fcman d\u00fc\u015fmanl\u0131\u011f\u0131, \u0131rk\u00e7\u0131l\u0131k, zul\u00fcmden has alanlarca mayalanm\u0131\u015ft\u0131r. Bu hastal\u0131\u011fa ilac\u0131, mucize bilim, al\u015fimi bile bulamad\u0131. <\/b><\/p>\n<p><b>Son hesapta Bulgar demokrasine ayar bulma sab\u0131r ve zaman istemeye devam edecek de nereye kadar\u2026<\/b><\/p>\n<div id=\"bghab-3080503749\" class=\"bghab-yazi-altinda bghab-entity-placement\"><script async src=\"https:\/\/pagead2.googlesyndication.com\/pagead\/js\/adsbygoogle.js\"><\/script>\r\n<!-- bghaber-yaz\u0131-sonu -->\r\n<ins class=\"adsbygoogle\"\r\n     style=\"display:block\"\r\n     data-ad-client=\"ca-pub-6203283170189293\"\r\n     data-ad-slot=\"4222328180\"\r\n     data-ad-format=\"auto\"\r\n     data-full-width-responsive=\"true\"><\/ins>\r\n<script>\r\n     (adsbygoogle = window.adsbygoogle || []).push({});\r\n<\/script><\/div><br style=\"clear: both; display: block; float: none;\"\/>","protected":false},"excerpt":{"rendered":"<p>Rafet ULUTURK \u0130\u015fin ger\u00e7e\u011fi, \u015fu Bulgaristan demokrasisi hakikatten tamamen ayars\u0131z. \u015eimdiye kadar Anayasa\u2019ya uyulmad\u0131\u011f\u0131n\u0131, kanunlar\u0131n ayakalt\u0131na al\u0131nd\u0131\u011f\u0131n\u0131 g\u00f6rd\u00fck de, kendini be\u011fenmi\u015f belediye ba\u015fkanlar\u0131n\u0131n iyice yoldan<\/p>\n","protected":false},"author":2,"featured_media":8971,"comment_status":"closed","ping_status":"closed","sticky":false,"template":"","format":"standard","meta":{"advanced_seo_description":"","jetpack_seo_html_title":"","jetpack_seo_noindex":false,"jetpack_seo_schema_type":"","_jetpack_newsletter_access":"","_jetpack_dont_email_post_to_subs":false,"_jetpack_newsletter_tier_id":0,"_jetpack_memberships_contains_paywalled_content":false,"_jetpack_feature_clip_id":0,"_jetpack_memberships_contains_paid_content":false,"footnotes":"","jetpack_post_was_ever_published":false},"categories":[6],"tags":[],"class_list":["post-8970","post","type-post","status-publish","format-standard","has-post-thumbnail","hentry","category-yorum"],"jetpack_sharing_enabled":true,"jetpack_likes_enabled":true,"jetpack-related-posts":[],"jetpack_shortlink":"https:\/\/wp.me\/pc2PfJ-2kG","jetpack_featured_media_url":"https:\/\/i0.wp.com\/www.bghaber.org\/bghaber\/wp-content\/uploads\/2014\/02\/rafetuluturk141.jpg?fit=218%2C290&ssl=1","_links":{"self":[{"href":"https:\/\/www.bghaber.org\/bghaber\/wp-json\/wp\/v2\/posts\/8970","targetHints":{"allow":["GET"]}}],"collection":[{"href":"https:\/\/www.bghaber.org\/bghaber\/wp-json\/wp\/v2\/posts"}],"about":[{"href":"https:\/\/www.bghaber.org\/bghaber\/wp-json\/wp\/v2\/types\/post"}],"author":[{"embeddable":true,"href":"https:\/\/www.bghaber.org\/bghaber\/wp-json\/wp\/v2\/users\/2"}],"replies":[{"embeddable":true,"href":"https:\/\/www.bghaber.org\/bghaber\/wp-json\/wp\/v2\/comments?post=8970"}],"version-history":[{"count":0,"href":"https:\/\/www.bghaber.org\/bghaber\/wp-json\/wp\/v2\/posts\/8970\/revisions"}],"wp:featuredmedia":[{"embeddable":true,"href":"https:\/\/www.bghaber.org\/bghaber\/wp-json\/wp\/v2\/media\/8971"}],"wp:attachment":[{"href":"https:\/\/www.bghaber.org\/bghaber\/wp-json\/wp\/v2\/media?parent=8970"}],"wp:term":[{"taxonomy":"category","embeddable":true,"href":"https:\/\/www.bghaber.org\/bghaber\/wp-json\/wp\/v2\/categories?post=8970"},{"taxonomy":"post_tag","embeddable":true,"href":"https:\/\/www.bghaber.org\/bghaber\/wp-json\/wp\/v2\/tags?post=8970"}],"curies":[{"name":"wp","href":"https:\/\/api.w.org\/{rel}","templated":true}]}}