{"id":8966,"date":"2014-02-16T00:03:08","date_gmt":"2014-02-15T22:03:08","guid":{"rendered":"http:\/\/www.bghaber.org\/bghaber\/?p=8966"},"modified":"2019-07-10T18:11:42","modified_gmt":"2019-07-10T16:11:42","slug":"itleri-salmislar-taslari-baglamislar","status":"publish","type":"post","link":"https:\/\/www.bghaber.org\/bghaber\/itleri-salmislar-taslari-baglamislar\/","title":{"rendered":"\u0130tleri Salm\u0131\u015flar, Ta\u015flar\u0131 Ba\u011flam\u0131\u015flar"},"content":{"rendered":"<div id=\"yui_3_13_0_ym1_1_1392501032919_3221\">Alptekin CEVHERL\u0130<\/div>\n<div id=\"yui_3_13_0_ym1_1_1392501032919_3326\">++++++<\/div>\n<div id=\"yui_3_13_0_ym1_1_1392501032919_3327\">Adam\u0131n biri eski zamanda yaya olarak bir k\u00f6yden di\u011ferine gider. Tam k\u00f6ye yakla\u015fm\u0131\u015ft\u0131r ki uzaktan k\u00f6pek havlamalar\u0131 gelmeye ba\u015flar. Nas\u0131lsa ba\u011fl\u0131d\u0131rlar deyip, kendini teskin eder.<\/div>\n<div id=\"yui_3_13_0_ym1_1_1392501032919_3341\">Biraz daha ilerler, bir de bakar ki gayet muntazam bir k\u00f6y. Yollar\u0131 arnavut kald\u0131r\u0131m\u0131 kapl\u0131, kenarlarda kald\u0131r\u0131mlar var. Kendi kendine, &#8220;Ne g\u00fczel k\u00f6ym\u00fc\u015f&#8221; derken bir de ne g\u00f6rs\u00fcn, k\u00f6y\u00fcn k\u00f6pekleri etraf\u0131n\u0131 sarm\u0131\u015f&#8230;<\/div>\n<div id=\"yui_3_13_0_ym1_1_1392501032919_3342\">Kimisi havl\u0131yor, kimisi h\u0131rl\u0131yor&#8230;<\/div>\n<div id=\"yui_3_13_0_ym1_1_1392501032919_3344\">Can havliyle e\u011filir yerden bir ta\u015f al\u0131p, k\u00f6peklere atay\u0131m der&#8230;<\/div>\n<div id=\"yui_3_13_0_ym1_1_1392501032919_3345\">Fakat o da ne?<\/div>\n<div id=\"yui_3_13_0_ym1_1_1392501032919_3346\">Elini att\u0131\u011f\u0131 ta\u015f, sanki yere m\u0131hlanm\u0131\u015ft\u0131r. Bir di\u011ferini almaya kalkar, o da ayn\u0131. Yan\u0131ndaki; o da \u00f6yle&#8230; B\u0131rak eline al\u0131p k\u00f6peklere atmay\u0131, yerinden oynatamaz bile; m\u0131r\u0131ldan\u0131r: &#8220;Ulaaan, bu k\u00f6yde itleri salm\u0131\u015flar, ta\u015flar\u0131 ba\u011flam\u0131\u015flar&#8230;&#8221;<\/div>\n<div>\u00a0* * *<\/div>\n<div>\u0130ki g\u00fcn \u00f6nce \u0130stanbul Sefak\u00f6y&#8217;de \u00e7oluk \u00e7ocuk otomobile atlad\u0131k, bir yere seyahat etmeye \u00e7al\u0131\u015f\u0131yoruz.<\/div>\n<div>\u00c7al\u0131\u015f\u0131yoruz diyorum, elbette \u0130stanbul&#8217;un trafi\u011fi malum&#8230;<\/div>\n<div id=\"yui_3_13_0_ym1_1_1392501032919_3348\">Sefak\u00f6y&#8217;\u00fcn ana caddesine girdik. \u00d6n\u00fcm\u00fcze bir se\u00e7im minib\u00fcs\u00fc d\u00fc\u015ft\u00fc. Arac\u0131n arkas\u0131 sanki g\u00f6k ku\u015fa\u011f\u0131. Her renkten, her dilden yaz\u0131 var. Ermenice, S\u00fcryanice, Arap\u00e7a, \u0130branice, Rumca, Bulgarca, \u0130stanbul T\u00fcrk\u00e7esi ve \u00e7e\u015fitli leh\u00e7eler, \u015fiveler, a\u011f\u0131zlar ve de daha ne oldu\u011funu \u00e7\u00f6zemedi\u011fim bir s\u00fcr\u00fc alfabe ile yaz\u0131lar&#8230;<\/div>\n<div id=\"yui_3_13_0_ym1_1_1392501032919_3347\">M\u00fcbarek sanki Birlemi\u015f Milletler&#8217;de se\u00e7im yap\u0131lacak, oraya aday olan Birle\u015fmi\u015f Milletler Genel Sekreteri&#8217;nin propagandas\u0131n\u0131 yap\u0131yor san\u0131rs\u0131n\u0131z.<\/div>\n<div>Arac\u0131n sa\u011f ve sol yanlar\u0131ndan boynuna po\u015fu ba\u011flam\u0131\u015f 20 ya\u015flar\u0131nda iki gen\u00e7 ise \u00e7\u0131km\u0131\u015f, sa\u011fa sola g\u00fcl\u00fcc\u00fckler atarak zafer i\u015fareti yap\u0131yorlar. Sanki se\u00e7im sonu\u00e7lar\u0131 belli olmu\u015f da, kutlama yap\u0131yor gariplerim&#8230;<\/div>\n<div>Hoparl\u00f6r\u00fcnden ise anlamad\u0131\u011f\u0131m bir dilde, \u015fark\u0131 \u00e7\u0131\u011f\u0131r\u0131yorlar. Anlamad\u0131\u011f\u0131m dil diyorum, \u00e7\u00fcnk\u00fc ne k\u0131rman\u00e7i, ne sorani, ne gorani ne de zazaca&#8230;<\/div>\n<div id=\"yui_3_13_0_ym1_1_1392501032919_3349\">Arkada\u015flar u\u00e7mu\u015f, Sefak\u00f6y gibi neredeyse tamam\u0131 Rumeli &#8211; Balkan g\u00f6\u00e7menlerinden olu\u015fan bir semtte, a\u00e7\u0131k\u00e7a provokasyon ger\u00e7ekle\u015ftiriyorlar. Neyse Allah&#8217;tan millet, sa\u011f duyulu da onlara prim vermiyor.<\/div>\n<div>Tabi bu, daha bir \u015fey de\u011fil(mi\u015f)&#8230;<\/div>\n<div>Biz b\u00f6yle \u00e7alg\u0131l\u0131, g\u00fcl\u00fcc\u00fckl\u00fc, zafer i\u015faretli giderken, \u0131\u015f\u0131klarda duruyoruz.<\/div>\n<div>K\u0131z\u0131m soruyor, &#8220;Baba bu T\u00fcrk\u00fc&#8217;de ne s\u00f6yl\u00fcyor, ben anlam\u0131yorum&#8230;&#8221;<\/div>\n<div>Dedik ya sanki Birle\u015fmi\u015f Milletler Genel Sekreteri&#8217;ni se\u00e7ece\u011fiz. &#8220;Valla k\u0131z\u0131m ben de anlam\u0131yorum(!)&#8221; diyorum.<\/div>\n<div>Neyse, yan\u0131m\u0131za bir polis otosu yana\u015f\u0131yor. Se\u00e7im minib\u00fcs\u00fcn\u00fcn yan\u0131na gelip; o da k\u0131rm\u0131z \u0131\u015f\u0131kta beklemeye ba\u015fl\u0131yor. \u0130\u00e7inde orta ya\u015flarda iki polis memuru var.<\/div>\n<div id=\"yui_3_13_0_ym1_1_1392501032919_3350\">Bizim g\u00fcl\u00fcc\u00fckler atan po\u015fulu gen\u00e7 polisleri g\u00f6r\u00fcr g\u00f6rmez, elini polis otosunun cam\u0131na dayay\u0131p zafer i\u015faretlerine devam ediyor. Y\u00fcz\u00fcnde ise \u00e7ok pis ve hain bir bak\u0131\u015f beliriyor. G\u00fcl\u00fcc\u00fcklerden, zafer kazanan komutan edalar\u0131ndan eser kalm\u0131yor. O nefret dolu bak\u0131\u015f\u0131 unutmam, m\u00fcmk\u00fcn de\u011fil&#8230;<\/div>\n<div id=\"yui_3_13_0_ym1_1_1392501032919_3351\">Bu da yetmiyor, hepimizin bildi\u011fi malum &#8220;3&#8217;\u00fcn 1&#8217;i i\u015faretini&#8221; polisi otosunun cam\u0131na dayay\u0131p, polislerin g\u00f6z\u00fcn\u00fcn i\u00e7ine bakarak yapmaya ba\u015fl\u0131yor. 1 dakikaya yak\u0131n; ha \u015fimdi silahlar patlad\u0131, ha patlayacak diye bizim ufakl\u0131klar\u0131 nas\u0131l oradan ka\u00e7\u0131r\u0131r\u0131m\u0131, d\u00fc\u015f\u00fcn\u00fcyorum. Bir yandan da \u00f6ndeki provokasyon h\u00e2l\u00e2 devam ediyor.<\/div>\n<div>\u00a0* * *<\/div>\n<div>Allah&#8217;tan ye\u015fil \u0131\u015f\u0131k yan\u0131yor da, BM Se\u00e7im minib\u00fcs\u00fc tekrar hareket ediyor.<\/div>\n<div id=\"yui_3_13_0_ym1_1_1392501032919_3352\">Polis arac\u0131 ise, hala duruyor&#8230;<\/div>\n<div id=\"yui_3_13_0_ym1_1_1392501032919_3353\">Yan\u0131na yana\u015f\u0131yoruz. Polislerin y\u00fcz\u00fcne bak\u0131yorum, k\u0131pk\u0131rm\u0131z\u0131 olmu\u015f. \u015eoktalar&#8230;<\/div>\n<div id=\"yui_3_13_0_ym1_1_1392501032919_3354\">\u00d6ndeki ara\u00e7ta ise gen\u00e7ler, yine zafer i\u015fareti ile g\u00fcl\u00fcc\u00fckler sa\u00e7\u0131yorlar.<\/div>\n<div>O polislerin yerinde olmay\u0131, asla istemezdim.<\/div>\n<div id=\"yui_3_13_0_ym1_1_1392501032919_3355\">D\u00fc\u015f\u00fcn\u00fcn; asl\u0131nda o kadar \u00e7ok s\u00f6yleyecek s\u00f6z var ki, ama ad\u0131 &#8220;demokrasi&#8221; ya&#8230;<\/div>\n<div id=\"yui_3_13_0_ym1_1_1392501032919_3356\">(Not: Bu anlatt\u0131\u011f\u0131m olay, tamam\u0131yla ger\u00e7ektir)<\/div>\n<div id=\"bghab-3984146048\" class=\"bghab-yazi-altinda bghab-entity-placement\"><script async src=\"https:\/\/pagead2.googlesyndication.com\/pagead\/js\/adsbygoogle.js\"><\/script>\r\n<!-- bghaber-yaz\u0131-sonu -->\r\n<ins class=\"adsbygoogle\"\r\n     style=\"display:block\"\r\n     data-ad-client=\"ca-pub-6203283170189293\"\r\n     data-ad-slot=\"4222328180\"\r\n     data-ad-format=\"auto\"\r\n     data-full-width-responsive=\"true\"><\/ins>\r\n<script>\r\n     (adsbygoogle = window.adsbygoogle || []).push({});\r\n<\/script><\/div><br style=\"clear: both; display: block; float: none;\"\/>","protected":false},"excerpt":{"rendered":"<p>Alptekin CEVHERL\u0130 ++++++ Adam\u0131n biri eski zamanda yaya olarak bir k\u00f6yden di\u011ferine gider. Tam k\u00f6ye yakla\u015fm\u0131\u015ft\u0131r ki uzaktan k\u00f6pek havlamalar\u0131 gelmeye ba\u015flar. Nas\u0131lsa ba\u011fl\u0131d\u0131rlar deyip,<\/p>\n","protected":false},"author":29,"featured_media":0,"comment_status":"closed","ping_status":"closed","sticky":false,"template":"","format":"standard","meta":{"advanced_seo_description":"","jetpack_seo_html_title":"","jetpack_seo_noindex":false,"jetpack_seo_schema_type":"","_jetpack_newsletter_access":"","_jetpack_dont_email_post_to_subs":false,"_jetpack_newsletter_tier_id":0,"_jetpack_memberships_contains_paywalled_content":false,"_jetpack_feature_clip_id":0,"_jetpack_memberships_contains_paid_content":false,"footnotes":"","jetpack_post_was_ever_published":false},"categories":[6],"tags":[],"class_list":["post-8966","post","type-post","status-publish","format-standard","hentry","category-yorum"],"jetpack_sharing_enabled":true,"jetpack_likes_enabled":true,"jetpack-related-posts":[],"jetpack_shortlink":"https:\/\/wp.me\/pc2PfJ-2kC","jetpack_featured_media_url":"","_links":{"self":[{"href":"https:\/\/www.bghaber.org\/bghaber\/wp-json\/wp\/v2\/posts\/8966","targetHints":{"allow":["GET"]}}],"collection":[{"href":"https:\/\/www.bghaber.org\/bghaber\/wp-json\/wp\/v2\/posts"}],"about":[{"href":"https:\/\/www.bghaber.org\/bghaber\/wp-json\/wp\/v2\/types\/post"}],"author":[{"embeddable":true,"href":"https:\/\/www.bghaber.org\/bghaber\/wp-json\/wp\/v2\/users\/29"}],"replies":[{"embeddable":true,"href":"https:\/\/www.bghaber.org\/bghaber\/wp-json\/wp\/v2\/comments?post=8966"}],"version-history":[{"count":0,"href":"https:\/\/www.bghaber.org\/bghaber\/wp-json\/wp\/v2\/posts\/8966\/revisions"}],"wp:attachment":[{"href":"https:\/\/www.bghaber.org\/bghaber\/wp-json\/wp\/v2\/media?parent=8966"}],"wp:term":[{"taxonomy":"category","embeddable":true,"href":"https:\/\/www.bghaber.org\/bghaber\/wp-json\/wp\/v2\/categories?post=8966"},{"taxonomy":"post_tag","embeddable":true,"href":"https:\/\/www.bghaber.org\/bghaber\/wp-json\/wp\/v2\/tags?post=8966"}],"curies":[{"name":"wp","href":"https:\/\/api.w.org\/{rel}","templated":true}]}}