{"id":8964,"date":"2014-02-14T21:53:35","date_gmt":"2014-02-14T19:53:35","guid":{"rendered":"http:\/\/www.bghaber.org\/bghaber\/?p=8964"},"modified":"2016-09-18T18:02:17","modified_gmt":"2016-09-18T15:02:17","slug":"devlet-surgunden-donsun","status":"publish","type":"post","link":"https:\/\/www.bghaber.org\/bghaber\/devlet-surgunden-donsun\/","title":{"rendered":"Devlet S\u00fcrg\u00fcnden D\u00f6ns\u00fcn"},"content":{"rendered":"<p><b>Dr.Nedim B\u0130R\u0130NC\u0130<\/b><\/p>\n<p><b>AVRUPADA \u0130\u015eS\u0130ZL\u0130K<\/b>:<\/p>\n<p>Avrupa\u2019da yap\u0131lan son istatistik hesaplamalarda i\u015fsizler ordusuna <b>her g\u00fcn yeni 1000 (bin) ki\u015fi<\/b> kat\u0131ld\u0131\u011f\u0131 ortaya \u00e7\u0131kt\u0131. Sezon i\u015flerinin de durgunlu\u011fu ortada, k\u0131\u015f mevsimindeyiz, ama yap\u0131lan son 4 (d\u00f6rt) y\u0131l genellemesinde bu ordunun <b>10\u00a0000\u00a0000 (on milyon) ki\u015fi<\/b>yle artt\u0131\u011f\u0131 etkileyici oldu.\u00a0 \u0130\u015fsizler say\u0131s\u0131ndaki b\u00fcy\u00fcme yaln\u0131z mali bunal\u0131ma ve ekonomik krize ba\u011fl\u0131 olmakla kalm\u0131yor, bir de genel ekonomik durgunluk var. Helen 2008\u2019den sonra i\u015fsizlikte artma s\u00fcreci h\u0131z ald\u0131. \u0130nsanlar\u0131n \u00e7al\u0131\u015fmadan ya\u015fama sevdas\u0131 daha do\u011frusu e\u011filimi hayal olmaktan \u00e7\u0131karken,\u00a0 Bulgaristan gibi \u00fclkelerden eski k\u0131ta anakent merkezlerine s\u00fcr\u00fc s\u00fcr\u00fc ak\u0131n edenler oralarda bir yol bulup kay\u0131t yapt\u0131r\u0131p <b>sosyal yard\u0131mlarla ge\u00e7inmeye ba\u015fl\u0131yor<\/b>. \u0130nsanlar kendi kabu\u011funa s\u0131\u011f\u0131n\u0131p, kendi derdinin \u00e7aresine bakma yollar\u0131 ararken evi bark\u0131, yak\u0131nlar\u0131n\u0131 unutuyor, hayal ve planlar\u0131n\u0131 bir yana b\u0131rakarak, sosyal yabanc\u0131la\u015fma ortam\u0131na kapan\u0131yorlar.<\/p>\n<p>Avrupa Birli\u011fi resmi rakamlar\u0131na g\u00f6re 2018 y\u0131l\u0131nda k\u0131tadaki i\u015fsizlerin toplam say\u0131s\u0131 <b>215 milyon ki\u015fiden fazla olacak<\/b>t\u0131r.<\/p>\n<p>&nbsp;<\/p>\n<p><b>Hallo, hallo, Br\u00fcksel, biz ne zamana kadar yoksulla\u015faca\u011f\u0131z<\/b>?<\/p><div id=\"bghab-378749823\" class=\"bghab-icerik-icine bghab-entity-placement\"><script async src=\"\/\/pagead2.googlesyndication.com\/pagead\/js\/adsbygoogle.js?client=ca-pub-6203283170189293\" crossorigin=\"anonymous\"><\/script><ins class=\"adsbygoogle\" style=\"display:block; text-align:center;\" data-ad-client=\"ca-pub-6203283170189293\" \ndata-ad-slot=\"7303146466\" \ndata-ad-layout=\"in-article\"\ndata-ad-format=\"fluid\" data-full-width-responsive=\"true\"><\/ins>\n<script> \n(adsbygoogle = window.adsbygoogle || []).push({}); \n<\/script>\n<\/div>\n<p>\u015eu da var. Biz Avrupa Birli\u011fi\u2019ne 7 (yedi) y\u0131l \u00f6nce devaml\u0131 yoksulla\u015fmak i\u00e7in girmedik. Amac\u0131m\u0131z, i\u015fleri d\u00fczeltip daha iyi ya\u015famakt\u0131. Sonu\u00e7 yaln\u0131z i\u015fsiz kalmam\u0131zla da bitmedi. \u00c7al\u0131\u015fanlar\u0131m\u0131z \u00fccretlerinin donduruldu\u011funu, d\u00fc\u015f\u00fcr\u00fcld\u00fc\u011f\u00fcn\u00fc, aylarca \u00f6denmedi\u011fini anlat\u0131yor. Maa\u015f alamayanlar kredilerini \u00f6deyemiyor, elektrik, su, gaz, okul faturalar\u0131n\u0131 \u00f6deyemiyor, ila\u00e7 alam\u0131yor, daha iyi bir hastanede tedavi g\u00f6rmeyi se\u00e7emiyor ve \u00e7ocuklar\u0131na daha \u00fcst\u00fcn bir e\u011fitim \u00f6\u011fretim verebilme yollar\u0131 kapan\u0131yor. \u00dclkemizde ve AB \u00fclkelerinde,\u00a0 hele G\u00fcney Do\u011fu Avrupa \u00fcye \u00fclkelerinde sosyal yard\u0131mlar\u0131n, sosyal patronaj\u0131n ve yard\u0131mla\u015fman\u0131n 1950\u2019ler d\u00fczeyinden gerilere kayd\u0131\u011f\u0131n\u0131 g\u00f6zl\u00fcyoruz. Biz, AB \u00fclkeleri aras\u0131nda en fakir, en yoksul ve en sefil hayat\u0131 ya\u015famak zorunda olan bir \u00fclkedeyiz.<\/p>\n<p>&nbsp;<\/p>\n<p><b>T\u00fcnelde \u0131\u015f\u0131k yok<\/b>.<\/p>\n<p>Bir politik \u00f6nc\u00fc rol\u00fcnde bulunan Hak ve \u00d6zg\u00fcrl\u00fckler Partisinin (H\u00d6H \/ DPS) insanlar\u0131m\u0131za i\u015fe yarayan bir re\u00e7ete verebilmesi i\u00e7in doktor de\u011fi\u015ftirmesi gerekiyor ya da t\u00fcneldeki lambalar\u0131 yakabilecek <b>yeni bir elektrik\u00e7i \u00e7a\u011f\u0131rmak zorunludur<\/b>. Ad\u0131na bak\u0131ld\u0131\u011f\u0131nda, bir sol parti olmas\u0131 gereken Bulgaristan Sosyalist Partisi\u2019ne (BSP) yamak olup, onun izledi\u011fi sa\u011f politikaya, halk\u0131n % 99\u2019u a\u00e7 ve sefilken, oligar\u015fi ekme\u011fine ya\u011f bal s\u00fcrme gayretlerine hep alet oluyor.<\/p>\n<p>&nbsp;<\/p>\n<p><b>Neo-liberal politika toslad\u0131<\/b>.<\/p>\n<p>Bizi AB\u2019ye sokarken \u201c<b>hi\u00e7bir dertleri, hi\u00e7bir \u015fik\u00e2yetleri, hi\u00e7bir istekleri, \u00e7\u00f6z\u00fclmemi\u015f tek bir sorunlar\u0131 yok, kar\u0131nlar\u0131 tok<\/b>!\u201d diye imza atan, H\u00d6H partisi lideri, bu imzay\u0131 at\u0131ktan sonra Saraylarda beslenen Ahmet Do\u011fan, viski i\u00e7mekten ba\u015fkald\u0131r\u0131p, \u201c<b>ne oluyor acaba<\/b>\u201d deyip etraf\u0131na bile bak\u0131namad\u0131.<\/p><div id=\"bghab-708690379\" class=\"bghab-icerik-icine-10-paragraf bghab-entity-placement\"><script async src=\"\/\/pagead2.googlesyndication.com\/pagead\/js\/adsbygoogle.js?client=ca-pub-6203283170189293\" crossorigin=\"anonymous\"><\/script><ins class=\"adsbygoogle\" style=\"display:block; text-align:center;\" data-ad-client=\"ca-pub-6203283170189293\" \ndata-ad-slot=\"7303146466\" \ndata-ad-layout=\"in-article\"\ndata-ad-format=\"fluid\" data-full-width-responsive=\"true\"><\/ins>\n<script> \n(adsbygoogle = window.adsbygoogle || []).push({}); \n<\/script>\n<\/div>\n<p>A\u00c7 SUSUZ KALAN \u0130NSANLARIMIZA KLAS\u0130K <b>NEO-L\u0130BERAL RE\u00c7ETE DA\u011eITTI<\/b>, herkes \u201c<b>austerity<\/b>\u201d ad\u0131nda bir ila\u00e7 ald\u0131, yuttu ve genel sa\u011fl\u0131k durumumuz daha da gergin oldu. Bu ila\u00e7 bizim hastal\u0131klara de\u011filmi\u015f. Bu ila\u00e7 yemekten i\u00e7mekten kab\u0131z olanlar\u0131 rahatlatmak i\u00e7inmi\u015f. A\u00e7 karn\u0131na i\u00e7ildi\u011finde tuvaletten \u00e7\u0131kamad\u0131k, peri\u015fan olduk. Bu haplar herkese da\u011f\u0131t\u0131ld\u0131\u011f\u0131ndan aram\u0131zda beli tutan adam kalmad\u0131.<\/p>\n<p>Neo-liberal re\u00e7ete ekonomimize de mehlem olmad\u0131. B\u00fct\u00e7e giderleri \u00e7ok k\u0131s\u0131ld\u0131, sosyal harcamalar, maa\u015flar ve emekli maa\u015flar\u0131 donduruldu, devlet yat\u0131r\u0131mlar\u0131 durduruldu.<\/p>\n<p>Bu politika hayat\u0131m\u0131z\u0131 daha iyi yapmad\u0131. Hele GERB partisi d\u00f6neminde \u201c<b>biz devleti \u00e7\u00f6k\u00fc\u015ften koruyoruz<\/b>\u201d slogan\u0131yla \u00e7ok s\u0131k\u0131 tasarruf \u00f6nlemleri uyguland\u0131. Amerika\u2019da depo \u015fefli\u011finden gelen ve orada s\u00f6z\u00fc ge\u00e7en, eli kolu uzun Amerikal\u0131 kay\u0131n pederinin hat\u0131r\u0131 i\u00e7in Maliye Bakan\u0131 olan ve sonunda 1 miyar 400 milyon leva kaybolan veya kaybeden S. Dyankov \u201cY<b>emeden ya\u015famaya \u00f6\u011fretti\u011fim e\u015fek, \u00f6ld\u00fc!\u201d <\/b>demekten kendini alamad\u0131<b>. <\/b><\/p>\n<p><b>Her yerde ve her zaman kemer s\u0131kma politikas\u0131 halk\u0131 daha da ezerken, bir avu\u00e7 zengini daha da palazland\u0131r\u0131yor. Adil olmayan ve adalet yaratmayan bu neo-liberal politika yaln\u0131z Bulgaristan\u2019da de\u011fil b\u00fct\u00fcn Avrupa\u2019da \u015fiddetli gerginlik yarat\u0131yor, yol a\u00e7am\u0131yor, \u00e7\u00f6z\u00fcm getiremiyor.<\/b><\/p>\n<p><b>\u00a0<\/b><\/p>\n<p><b>Neo-liberal ortamda palazlanan milliyet\u00e7ilik ve \u0131rk\u00e7\u0131l\u0131k.<\/b><\/p><div id=\"bghab-344564897\" class=\"bghab-icerik-icine-15-paragraf bghab-entity-placement\"><script async src=\"\/\/pagead2.googlesyndication.com\/pagead\/js\/adsbygoogle.js?client=ca-pub-6203283170189293\" crossorigin=\"anonymous\"><\/script><ins class=\"adsbygoogle\" style=\"display:block; text-align:center;\" data-ad-client=\"ca-pub-6203283170189293\" \ndata-ad-slot=\"7303146466\" \ndata-ad-layout=\"in-article\"\ndata-ad-format=\"fluid\" data-full-width-responsive=\"true\"><\/ins>\n<script> \n(adsbygoogle = window.adsbygoogle || []).push({}); \n<\/script>\n<\/div>\n<p>Biz son aylarda Bulgaristan\u2019da be\u015f alt\u0131 ay \u00f6ncesine kadar yaln\u0131z fa\u015fizan, a\u015f\u0131r\u0131 milliyet\u00e7i \u201c<b>ATAKA<\/b>\u201d partisinin eylemlerinde ifade bulan, kin, \u00f6fke ve nefret politikas\u0131n\u0131n anti-T\u00fcrk ve anti-M\u00fcsl\u00fcman y\u00f6n ald\u0131\u011f\u0131n\u0131, her ge\u00e7en g\u00fcnle yo\u011funla\u015farak \u015fiddetlenip azd\u0131\u011f\u0131n\u0131 ve kurumsalla\u015ft\u0131\u011f\u0131n\u0131 g\u00f6r\u00fcyoruz. Bir de, son d\u00f6nemde ulusal \u00e7apta geni\u015f kapsaml\u0131 art arda eylemler d\u00fczenledi\u011fine bak\u0131ld\u0131\u011f\u0131nda, zengin kesimden temsilciler taraf\u0131ndan desteklendi\u011fi intibas\u0131 do\u011fuyor.<\/p>\n<p>\u015eimdi (14 \u015eubat 2014, saat 10) ben \u015fu sat\u0131rlar\u0131m\u0131 yazarken Plovdiv \u0130l Mahkemesi\u2019nin Karlovo \u015fehrindeki tarihi \u201cKur\u015fun Camiinin Ba\u015f M\u00fcft\u00fcl\u00fc\u011fe geri verilmesine ili\u015fkin ad\u0131l mahkeme karar\u0131n\u0131, \u201d Plovdiv \u0130stinas Mahkemesi nezdinde protesto eden a\u015f\u0131r\u0131 milliyet\u00e7i \u0131rk\u00e7\u0131 tayfalar toplan\u0131yor. Karlovo, Stara Zagora Pazarc\u0131k ve ba\u015fka \u015fehirlerden otob\u00fcslerle azg\u0131n Bulgar milliyet\u00e7ileri ta\u015f\u0131n\u0131yor. Motorlular Sofya\u2019da yola \u00e7\u0131km\u0131\u015f, Plovdiv futbol tak\u0131mlar\u0131ndan ve Sofya\u2019dan fenler hareket halindedir. Kan kabartanlar ayn\u0131 kazanda kaynamak istiyorlar. Bu i\u015fin ard\u0131nda 8 belediye ba\u015fkan\u0131 var.<\/p>\n<p>&nbsp;<\/p>\n<p><b>Sokak adaleti<\/b>:<\/p>\n<p>Onlar, al\u0131nm\u0131\u015f mahkeme karar\u0131n\u0131 sokak \u201cadaletiyle\u201d bozamazlarsa \u201c\u00e7ok k\u00f6t\u00fc\u201d olaca\u011f\u0131n\u0131 hayk\u0131r\u0131yorlar. \u201cArd\u0131ndan 90 mahkeme karar\u0131 daha \u00e7\u0131kacak\u201d diyorlar. Ba\u015f <b>M\u00fcft\u00fcl\u00fc\u011f\u00fcn Bulgaristan\u2019da 1000 (binden) fazla tapulu mal\u0131 m\u00fclk\u00fc oldu\u011funu<\/b>, hi\u00e7 birini vermeyeceklerini, bar\u0131m bar\u0131m ba\u011f\u0131r\u0131yorlar.<\/p>\n<p>&nbsp;<\/p>\n<p><b>Devlet s\u00fcrg\u00fcnde, ortada adalet sa\u011flayacak devlet yok.<\/b><\/p><div id=\"bghab-1608932604\" class=\"bghab-icerik-icine-20-paragraf bghab-entity-placement\"><script async src=\"\/\/pagead2.googlesyndication.com\/pagead\/js\/adsbygoogle.js?client=ca-pub-6203283170189293\" crossorigin=\"anonymous\"><\/script><ins class=\"adsbygoogle\" style=\"display:block; text-align:center;\" data-ad-client=\"ca-pub-6203283170189293\" \ndata-ad-slot=\"7303146466\" \ndata-ad-layout=\"in-article\"\ndata-ad-format=\"fluid\" data-full-width-responsive=\"true\"><\/ins>\n<script> \n(adsbygoogle = window.adsbygoogle || []).push({}); \n<\/script>\n<\/div>\n<p><b>M<\/b>ahkeme kurulmu\u015f savc\u0131 yok, savc\u0131 var, hakim yok, hak\u0131m var mah\u015fer yok. \u00d6zetlersek adalet sa\u011flayacak mekanizma yok. Bunlar\u0131n hepsi bulunsa, kanun yok.<\/p>\n<p>Jandarma da\u011fda ta\u015fta h\u0131rs\u0131z, \u00e7apulcu koval\u0131yor, belki devleti bulur da geri getirir. Devletin olmad\u0131\u011f\u0131 yerde adalet olamaz. Herkes g\u00f6rd\u00fc\u011f\u00fcne sahip \u00e7\u0131karsa, karga\u015fa olur, kavga olur, d\u00fczen bozulur.<\/p>\n<p>&nbsp;<\/p>\n<p><b>\u00dclkede hukuksal adalet tesis etmek gerek<\/b>.<\/p>\n<p>Bunun i\u00e7in iktidar olan Bulgaristan Sosyalistleri, teslim bayra\u011f\u0131n\u0131 \u00e7ekti, h\u00f6h\u00e7\u00fc neo-liberal elit pe\u015fine takarak sa\u011f cepheye ge\u00e7erek, olaylara seyirci kalmay\u0131 tercih ediyor. A\u00e7\u0131lacak tek kap\u0131 kald\u0131: <b>Strazburg Avrupa \u0130nsan Haklar\u0131 Mahkemesi<\/b>. Bu Mahkeme Yasalar\u0131nda cami, medrese, hamam kurmu\u015f H\u0131ristiyan Bulgar emsali var m\u0131 bilmiyoruz.<\/p>\n<p>&nbsp;<\/p>\n<p><b>A\u0130HM L\u00fctf\u00fc Mestan i\u00e7in de son bir \u015fans<\/b>.<\/p><div id=\"bghab-2922426727\" class=\"bghab-icerik-icine-25-paragraf bghab-entity-placement\"><script async src=\"\/\/pagead2.googlesyndication.com\/pagead\/js\/adsbygoogle.js?client=ca-pub-6203283170189293\" crossorigin=\"anonymous\"><\/script><ins class=\"adsbygoogle\" style=\"display:block; text-align:center;\" data-ad-client=\"ca-pub-6203283170189293\" \ndata-ad-slot=\"7303146466\" \ndata-ad-layout=\"in-article\"\ndata-ad-format=\"fluid\" data-full-width-responsive=\"true\"><\/ins>\n<script> \n(adsbygoogle = window.adsbygoogle || []).push({}); \n<\/script>\n<\/div>\n<p>Bu bak\u0131ma, ana dilde konu\u015ftu\u011fu i\u00e7in 2\u00a0000 (iki bin) leva cezaya \u00e7arpt\u0131r\u0131lan ve TV\u2019de yapt\u0131\u011f\u0131 konu\u015fmada Bulgaristan Ana Yasas\u0131nda propaganda dili konusunda bir de\u011fi\u015fiklik yap\u0131lmas\u0131n\u0131 istedi. Temel kanuna \u201c<b>Bulgarca d\u0131\u015f\u0131nda \u0130ngilizce, Frans\u0131zca, Yunanca, \u0130spanyolca ve Rus\u00e7a propaganda dili olarak serbesttir, T\u00fcrk\u00e7e konu\u015fmak, yazmak, propaganda yapmak ve sevi\u015fmek bile yasakt\u0131r!<\/b>\u201d yaz\u0131ls\u0131n derken, Genel Ba\u015fkan Mestan son bir \u015fans kulland\u0131. \u00d6neri sundu. \u00d6nerisi kabul edilmezse \u00f6tesini kendisi d\u00fc\u015f\u00fcns\u00fcn! \u00c7\u00fcnk\u00fc Bu problem Bulgaristan\u2019da \u00c7ingenelerin de problemi, Pomaklar\u0131n da problemi, Gagavuzlar\u0131n da problemi, Ulahlar\u0131n, evla kilerin, Karaka\u00e7anlar\u0131n da problemidir.<\/p>\n<p>&nbsp;<\/p>\n<p><b>28 dilli bir Avrupa Toplulu\u011fu kurdum<\/b> diyorsun, toplulu\u011fun i\u00e7inde <b>52 dil konu\u015fan halk topluluklar\u0131<\/b> ya\u015f\u0131yor. B\u00f6ylece <b>24 dili yasaklay\u0131p katlederken<\/b>, \u201c<b>ben en insanc\u0131l toplumum iddialar\u0131nda bulunuyorsun.<\/b>\u201d Dil konusunda \u0131rk ay\u0131r\u0131m\u0131 yapm\u0131yor musun? \u00c7apek ile Mi\u015fel\u2019in dili \u201c<b>iyi<\/b>\u201ddir,\u00a0 Hasan ile Manu\u015f\u2019un dili \u201c<b>k\u00f6t\u00fc<\/b>\u201dd\u00fcr diye bir \u015fey olur mu? \u0130nsanl\u0131k tarihi s\u00fczgecinden ge\u00e7emeyen, ya\u015fam ortam\u0131 bulamayan, ruhsuz ve k\u00fclt\u00fcrs\u00fcz insanlarla ya\u015famak istemedi\u011finden yok olmay\u0131 tercih eden y\u00fczlerce dil zaten tarih olmu\u015f, yery\u00fcz\u00fcnde dikili ta\u015flar\u0131 yok, iyi ki insano\u011flu e\u015felenmeye al\u0131\u015fk\u0131n, yeri dibe do\u011fru kazmaya \u00fc\u015fenmiyor da ne g\u00fczel dillerin izlerini buldu. Yer dibinde konu\u015fan kimse olmasa da duvarlar\u0131 bellek zar\u0131 olarak kullan\u0131p anlayana kendilerini anlatt\u0131.<\/p>\n<p>&nbsp;<\/p>\n<p><b>Bay Greel Matzen<\/b>:<\/p>\n<p>Son g\u00fcnlerde, ortaya \u201c benden <b>ba\u015fka bir \u015fey istemeyin, bu i\u015fi \u00e7\u00f6zeriz<\/b>\u201d deyen biri \u00e7\u0131kt\u0131. Anla\u015f\u0131lan bu i\u015fin viskisi de i\u00e7ilmi\u015f. Bulgaristan\u2019a gelen Avrupa Neo-liberallerinden Bay <b>GREEL MATZEN<\/b>, \u00fccret falan talebinden de bulunmadan, (fakir oldu\u011fumuzu anlam\u0131\u015f olacak) \u201c<b>25 May\u0131s 2014<\/b><b> g\u00fcn\u00fc, \u00a0Avrupa Birli\u011fi Parlamento se\u00e7iminde, beni H\u00d6H \/ DPS Milletvekili se\u00e7in, i\u015fi halledeyim!<\/b>\u201d dedi.<\/p>\n<p>\u0130nsan\u0131n akl\u0131na ilk gelen: \u201cBizim de Allah\u2019\u0131m\u0131z var!\u201d olmaz m\u0131!<\/p><div id=\"bghab-3831398396\" class=\"bghab-icerik-icine-30-paragraf bghab-entity-placement\"><script async src=\"\/\/pagead2.googlesyndication.com\/pagead\/js\/adsbygoogle.js?client=ca-pub-6203283170189293\" crossorigin=\"anonymous\"><\/script><ins class=\"adsbygoogle\" style=\"display:block; text-align:center;\" data-ad-client=\"ca-pub-6203283170189293\" \ndata-ad-slot=\"7303146466\" \ndata-ad-layout=\"in-article\"\ndata-ad-format=\"fluid\" data-full-width-responsive=\"true\"><\/ins>\n<script> \n(adsbygoogle = window.adsbygoogle || []).push({}); \n<\/script>\n<\/div>\n<p>Biz kendi akl\u0131m\u0131zca devleti s\u00fcrg\u00fcnden geri \u00e7a\u011f\u0131r\u0131yoruz, oysa Avrupa\u2019dan da\u011f gibi adam geldi.<\/p>\n<p>Avrupa Birli\u011fi milletvekilinin ayl\u0131k maa\u015f\u0131 40 bin Euro, 5 y\u0131l i\u00e7in se\u00e7ildi\u011fine g\u00f6re, 60 ayda alaca\u011f\u0131 para, 2,400,000 (iki milyon d\u00f6rt y\u00fcz bin) Euro oldu\u011fundan yani 4 milyon 800 bin levaya geliyor ki, Vay be! M\u00fcstakbel vekilimiz bizden ba\u015fka bir \u015fey istemiyor.<\/p>\n<p>Avrupa\u2019y\u0131 gidip g\u00f6rme imk\u00e2n\u0131m oldu da, Avrupal\u0131lar\u0131n \u201c<b>verdi\u011fini geri isteyen<\/b>\u201d tipten olduklar\u0131 dikkatimi \u00e7ekmemi\u015fti. Vay ve! Biz onlara her y\u0131l 600\u00a0000 milyon Euro veriyoruz, onlarsa bize verdikleri vekil maa\u015flar\u0131na bile g\u00f6z dikmi\u015fler, geri isteme yolu bulmu\u015flar.<\/p>\n<p>Tabii bizde adam k\u0131tl\u0131\u011f\u0131 oldu\u011fundan Bay Greel Matsen\u2019i vekil se\u00e7iverelim, diyorum da, o bizim ne istedi\u011fimizi nereden bilsin ki, dilimizi bilmez, suyumuzu i\u00e7mez. Neyse, \u201cviski g\u00f6nderir\u201d durumu idare ederiz.<\/p>\n<p>&nbsp;<\/p>\n<p><b>Ne de olsa ben devlet s\u00fcrg\u00fcnden d\u00f6ns\u00fcn diyorum.<\/b><\/p><div id=\"bghab-1290669202\" class=\"bghab-icerik-icine-35-paragraf bghab-entity-placement\"><script async src=\"\/\/pagead2.googlesyndication.com\/pagead\/js\/adsbygoogle.js?client=ca-pub-6203283170189293\" crossorigin=\"anonymous\"><\/script><ins class=\"adsbygoogle\" style=\"display:block; text-align:center;\" data-ad-client=\"ca-pub-6203283170189293\" \ndata-ad-slot=\"7303146466\" \ndata-ad-layout=\"in-article\"\ndata-ad-format=\"fluid\" data-full-width-responsive=\"true\"><\/ins>\n<script> \n(adsbygoogle = window.adsbygoogle || []).push({}); \n<\/script>\n<\/div>\n<p>\u0130\u015fte b\u00f6yle Ahmetlere, L\u00fctf\u00fclere vakt\u0131yla demi\u015ferdi. G\u00f6ndermeyin \u015fu \u00e7ocuklar\u0131 \u00c7in\u2019e, Viyetnam\u2019a, Singapur\u2019a \u015furac\u0131kta burnumuzun dibinde Avrupa merkezlerinde okusunlar, diye. \u00d6nal L\u00fctf\u00fcn\u00fcn \u00e7ocu\u011funu da Amerika\u2019da okudu, \u201c<b>d\u00f6neyim mi<\/b>?\u201d baba diye sordu, babas\u0131 da \u201c<b>gel<\/b>\u201d dedi, d\u00f6nd\u00fc ama dayanamad\u0131, geri gitti. Anla\u015f\u0131lan Amerikan hot doklar\u0131 bizimkilerden daha b\u00fcy\u00fck.<\/p>\n<p>Bir de d\u00fckk\u00e2nc\u0131 \u0130smail\u2019in k\u00fc\u00e7\u00fck \u00e7ocu\u011funu g\u00f6ndermi\u015ftik, o da orada yerli bir k\u0131za sevdalanm\u0131\u015f, k\u0131z da hot dok hastal\u0131\u011f\u0131na yakalanm\u0131\u015f, kilosu 150\u2019yi a\u015f\u0131nca u\u00e7a\u011fa bilet bulamam\u0131\u015flar, o da orada kald\u0131, geri d\u00f6nemedi.<\/p>\n<p>&nbsp;<\/p>\n<p>Hi\u00e7 olmazsa <b>gen\u00e7lerden kimisi insan haklar\u0131, kimisi i\u015f hukuku, \u00f6tekiler deniz hukuku okusun<\/b> deyenler dinlenmediler. Deniz Hukuku bizim neyimize deyenler oldu. Benlik gemimiz bat\u0131yor, kimli\u011fimiz su ald\u0131 yat\u0131yor. Deniz hukuk\u00e7ular\u0131na \u00e7ok i\u015f var.<\/p>\n<p>Bizim Sarayl\u0131 Ahmet hep bir ta\u015fla iki ku\u015f vurma pe\u015findedir. Kendine daire bile alamadan Saraya yerle\u015fti\u011fi gibi. Ona Metin ile \u00c7etin ikiz karde\u015flerin ayn\u0131 hukuk fak\u00fcltesinde okumas\u0131 hay\u0131r alameti de\u011fildir dedik. Dinlemedi. \u0130kisini de Fransa\u2019da okuttu? Okuttu da mahkemede iki taraf olur, ikiz karde\u015flerin iki has\u0131m taraf olmas\u0131 Ba\u015fkanl\u0131k\u00e7a kabul edilmiyor, \u201colamaz, imk\u00e2ns\u0131zd\u0131r\u201d diyorlar. AB hukukunda \u00f6yleymi\u015f. Bak \u015fimdi, yaz\u0131k masrafa, ikizler davaya \u00e7\u0131kam\u0131yorlar. Birisi Avrupa Parlamentosu Hukuk Komisyonu \u00fcyesi,\u00a0 \u00f6tekisi de Sofya Meclisi Hukuk Komisyonu ba\u015fkan\u0131 olunca, i\u015fler iyice sarpa sard\u0131, bir karde\u015f \u00f6tekine mektup g\u00f6nderiyor gibi, bir \u015fey oldu, yaz\u0131\u015fmalar durduruldu.<\/p>\n<p>Bizim Ana Yasa\u2019da olmasa bile, AB Hukukuna g\u00f6re, iki ikiz karde\u015fin ikisi de ayn\u0131 adalet d\u00fczeni i\u00e7inde g\u00f6rev ald\u0131\u011f\u0131nda, <b>adaletsizlik<\/b> olmuyormu\u015f. Bizim saraydakiler burunlar\u0131n\u0131n dibinden uza\u011f\u0131n\u0131 g\u00f6r\u00fclmediklerinden, bu i\u015fin de fark\u0131na varamam\u0131\u015flar, ama \u00f6yleymi\u015f\u2026<\/p><div id=\"bghab-1786167050\" class=\"bghab-icerik-icine-40-paragraf bghab-entity-placement\"><script async src=\"\/\/pagead2.googlesyndication.com\/pagead\/js\/adsbygoogle.js?client=ca-pub-6203283170189293\" crossorigin=\"anonymous\"><\/script><ins class=\"adsbygoogle\" style=\"display:block; text-align:center;\" data-ad-client=\"ca-pub-6203283170189293\" \ndata-ad-slot=\"7303146466\" \ndata-ad-layout=\"in-article\"\ndata-ad-format=\"fluid\" data-full-width-responsive=\"true\"><\/ins>\n<script> \n(adsbygoogle = window.adsbygoogle || []).push({}); \n<\/script>\n<\/div>\n<p>Bilirsiniz, Osmanl\u0131 zaman\u0131nda iki karde\u015fin ikisinden de tellal yapm\u0131yorlarm\u0131\u015f.<\/p>\n<p>Sebebi birbirini etkilemesinler. Tabii bizim akl\u0131m\u0131z ancak bu kadar\u0131na bile ermedi\u011finden, <b>devletin s\u00fcrg\u00fcnden geri gelmesine dua ediyoruz<\/b>.<\/p>\n<div id=\"bghab-2550478786\" class=\"bghab-yazi-altinda bghab-entity-placement\"><script async src=\"https:\/\/pagead2.googlesyndication.com\/pagead\/js\/adsbygoogle.js\"><\/script>\r\n<!-- bghaber-yaz\u0131-sonu -->\r\n<ins class=\"adsbygoogle\"\r\n     style=\"display:block\"\r\n     data-ad-client=\"ca-pub-6203283170189293\"\r\n     data-ad-slot=\"4222328180\"\r\n     data-ad-format=\"auto\"\r\n     data-full-width-responsive=\"true\"><\/ins>\r\n<script>\r\n     (adsbygoogle = window.adsbygoogle || []).push({});\r\n<\/script><\/div><br style=\"clear: both; display: block; float: none;\"\/>","protected":false},"excerpt":{"rendered":"<p>Dr.Nedim B\u0130R\u0130NC\u0130 AVRUPADA \u0130\u015eS\u0130ZL\u0130K: Avrupa\u2019da yap\u0131lan son istatistik hesaplamalarda i\u015fsizler ordusuna her g\u00fcn yeni 1000 (bin) ki\u015fi kat\u0131ld\u0131\u011f\u0131 ortaya \u00e7\u0131kt\u0131. Sezon i\u015flerinin de durgunlu\u011fu ortada,<\/p>\n","protected":false},"author":8,"featured_media":8403,"comment_status":"closed","ping_status":"closed","sticky":false,"template":"","format":"standard","meta":{"advanced_seo_description":"","jetpack_seo_html_title":"","jetpack_seo_noindex":false,"jetpack_seo_schema_type":"","_jetpack_newsletter_access":"","_jetpack_dont_email_post_to_subs":false,"_jetpack_newsletter_tier_id":0,"_jetpack_memberships_contains_paywalled_content":false,"_jetpack_feature_clip_id":0,"_jetpack_memberships_contains_paid_content":false,"footnotes":"","jetpack_post_was_ever_published":false},"categories":[6],"tags":[],"class_list":["post-8964","post","type-post","status-publish","format-standard","has-post-thumbnail","hentry","category-yorum"],"jetpack_sharing_enabled":true,"jetpack_likes_enabled":true,"jetpack-related-posts":[],"jetpack_shortlink":"https:\/\/wp.me\/pc2PfJ-2kA","jetpack_featured_media_url":"https:\/\/i0.wp.com\/www.bghaber.org\/bghaber\/wp-content\/uploads\/2013\/11\/nedim-birinci.jpg?fit=432%2C552&ssl=1","_links":{"self":[{"href":"https:\/\/www.bghaber.org\/bghaber\/wp-json\/wp\/v2\/posts\/8964","targetHints":{"allow":["GET"]}}],"collection":[{"href":"https:\/\/www.bghaber.org\/bghaber\/wp-json\/wp\/v2\/posts"}],"about":[{"href":"https:\/\/www.bghaber.org\/bghaber\/wp-json\/wp\/v2\/types\/post"}],"author":[{"embeddable":true,"href":"https:\/\/www.bghaber.org\/bghaber\/wp-json\/wp\/v2\/users\/8"}],"replies":[{"embeddable":true,"href":"https:\/\/www.bghaber.org\/bghaber\/wp-json\/wp\/v2\/comments?post=8964"}],"version-history":[{"count":0,"href":"https:\/\/www.bghaber.org\/bghaber\/wp-json\/wp\/v2\/posts\/8964\/revisions"}],"wp:featuredmedia":[{"embeddable":true,"href":"https:\/\/www.bghaber.org\/bghaber\/wp-json\/wp\/v2\/media\/8403"}],"wp:attachment":[{"href":"https:\/\/www.bghaber.org\/bghaber\/wp-json\/wp\/v2\/media?parent=8964"}],"wp:term":[{"taxonomy":"category","embeddable":true,"href":"https:\/\/www.bghaber.org\/bghaber\/wp-json\/wp\/v2\/categories?post=8964"},{"taxonomy":"post_tag","embeddable":true,"href":"https:\/\/www.bghaber.org\/bghaber\/wp-json\/wp\/v2\/tags?post=8964"}],"curies":[{"name":"wp","href":"https:\/\/api.w.org\/{rel}","templated":true}]}}