{"id":8961,"date":"2014-02-14T21:25:30","date_gmt":"2014-02-14T19:25:30","guid":{"rendered":"http:\/\/www.bghaber.org\/bghaber\/?p=8961"},"modified":"2019-07-10T18:11:42","modified_gmt":"2019-07-10T16:11:42","slug":"tirlarin-bulgaristana-gecisi-basladi","status":"publish","type":"post","link":"https:\/\/www.bghaber.org\/bghaber\/tirlarin-bulgaristana-gecisi-basladi\/","title":{"rendered":"T\u0131rlar\u0131n Bulgaristan&#8217;a ge\u00e7i\u015fi ba\u015flad\u0131"},"content":{"rendered":"<p>&#8220;Transit ge\u00e7i\u015f belgesi&#8221; sorununun \u00e7\u00f6z\u00fcme kavu\u015fmas\u0131 \u00fczerine, <a title=\"\" href=\"http:\/\/www.stargundem.com\/kapikule\/\">Kap\u0131kule<\/a> S\u0131n\u0131r Kap\u0131s\u0131&#8217;nda <a title=\"\" href=\"http:\/\/www.stargundem.com\/bulgaristan\/\">Bulgaristan<\/a>&#8216;a ge\u00e7mek i\u00e7in bekleyen t\u0131rlar, i\u015flemlerinin ard\u0131ndan \u00e7\u0131k\u0131\u015f yapmaya ba\u015flad\u0131.<\/p>\n<p>Ula\u015ft\u0131rma, Denizcilik ve Haberle\u015fme Bakanl\u0131\u011f\u0131n\u0131n, Bulgar makamlar\u0131yla yapt\u0131\u011f\u0131 g\u00f6r\u00fc\u015fmeler sonucunda, s\u0131n\u0131r kap\u0131s\u0131nda ya\u015fanan &#8220;transit ge\u00e7i\u015f belgesi&#8221; sorunu \u00e7\u00f6z\u00fcme kavu\u015ftu.<\/p>\n<p><strong>Bulgaristan<\/strong> taraf\u0131n\u0131n y\u00fck\u00fcml\u00fcl\u00fc\u011f\u00fc olan transit ge\u00e7i\u015f belgelerini T\u00fcrkiye&#8217;ye teslim etmesinin ard\u0131ndan, yakla\u015f\u0131k 13 g\u00fcnd\u00fcr <strong>Kap\u0131kule<\/strong> S\u0131n\u0131r Kap\u0131s\u0131&#8217;nda bekleyen s\u00fcr\u00fcc\u00fcler, sabah saatlerinden itibaren Bulgaristan&#8217;a ge\u00e7meye ba\u015flad\u0131.<\/p>\n<p>S\u0131n\u0131r kap\u0131s\u0131nda bekleyen t\u0131rlar, i\u015flemlerinin ard\u0131ndan yurt d\u0131\u015f\u0131na \u00e7\u0131k\u0131yor. S\u0131n\u0131r kap\u0131s\u0131nda ge\u00e7i\u015f i\u00e7in bekleyen ara\u00e7lar, yakla\u015f\u0131k 8 kilometrelik kuyruk olu\u015fturdu.<\/p>\n<p>T\u0131r \u015f\u00f6f\u00f6r\u00fc Celal Do\u011fru, gazetecilere yapt\u0131\u011f\u0131 a\u00e7\u0131klamada,\u00a0Bulgaristan taraf\u0131nda 4\u00a0g\u00fcnd\u00fcr T\u00fcrkiye&#8217;ye giri\u015f yapmak i\u00e7in bekledi\u011fini \u00a0belirtti.<\/p><div id=\"bghab-1767959928\" class=\"bghab-icerik-icine bghab-entity-placement\"><script async src=\"\/\/pagead2.googlesyndication.com\/pagead\/js\/adsbygoogle.js?client=ca-pub-6203283170189293\" crossorigin=\"anonymous\"><\/script><ins class=\"adsbygoogle\" style=\"display:block; text-align:center;\" data-ad-client=\"ca-pub-6203283170189293\" \ndata-ad-slot=\"7303146466\" \ndata-ad-layout=\"in-article\"\ndata-ad-format=\"fluid\" data-full-width-responsive=\"true\"><\/ins>\n<script> \n(adsbygoogle = window.adsbygoogle || []).push({}); \n<\/script>\n<\/div>\n<p>Bekledi\u011fi s\u00fcre boyunca b\u00fcy\u00fck s\u0131k\u0131nt\u0131lar \u00e7ekti\u011fini ifade eden Do\u011fru, &#8220;Allah&#8217;a \u015f\u00fck\u00fcr sorun \u00e7\u00f6z\u00fcld\u00fc.\u00a0\u0130n\u015fallah\u00a0bundan sonra ya\u015fanmaz&#8221; diye konu\u015ftu.<\/p>\n<p>&#8220;G\u00fczel bir \u00e7al\u0131\u015fmayla \u00e7\u00f6z\u00fcld\u00fc&#8221;<\/p>\n<p>Kap\u0131kule&#8217;den sorumlu\u00a0<a title=\"\" href=\"http:\/\/www.stargundem.com\/edirne\/\">Edirne<\/a>\u00a0Vali Yard\u0131mc\u0131s\u0131 Nedim \u00d6z\u0131rmak \u00a0ise transit ge\u00e7i\u015f belgesi\u00a0sorununun \u00e7\u00f6z\u00fcld\u00fc\u011f\u00fcn\u00fc s\u00f6yledi.<\/p>\n<p>Bulgaristan&#8217;\u0131n T\u00fcrkiye&#8217;ye taahh\u00fct etti\u011fi ge\u00e7i\u015f belgelerini\u00a0vermesinin ard\u0131ndan sorunun \u00e7\u00f6z\u00fcme kavu\u015ftu\u011funu ifade eden \u00d6z\u0131rmak, &#8220;Belgelerin gelmesiyle T\u00fcrkiye\u00a0de sistemleri a\u00e7t\u0131. Ger\u00e7ekten Bakanl\u0131\u011f\u0131m\u0131z \u00e7ok s\u0131k\u0131 \u00e7al\u0131\u015ft\u0131. Gerekli \u00f6nlemleri ald\u0131. Alternatif g\u00fczergahlar belirledi. \u0130yi ge\u00e7ti ve sorun bitti. \u0130ki dost \u00fclke aras\u0131nda ufak tefek sorunlar olacakt\u0131r. Onlar da g\u00fczel bir \u00e7al\u0131\u015fmayla \u00e7\u00f6z\u00fcld\u00fc&#8221;\u00a0dedi.<\/p>\n<p>\u00d6z\u0131rmak, t\u0131rlar\u0131n giri\u015f \u00e7\u0131k\u0131\u015f i\u015flemlerinin ba\u015flamas\u0131yla 119 t\u0131r\u0131n T\u00fcrkiye&#8217;den \u00e7\u0131k\u0131\u015f, 194 t\u0131r\u0131nda T\u00fcrkiye&#8217;ye giri\u015f yapt\u0131\u011f\u0131n\u0131 aktard\u0131.<\/p><div id=\"bghab-3291362039\" class=\"bghab-icerik-icine-10-paragraf bghab-entity-placement\"><script async src=\"\/\/pagead2.googlesyndication.com\/pagead\/js\/adsbygoogle.js?client=ca-pub-6203283170189293\" crossorigin=\"anonymous\"><\/script><ins class=\"adsbygoogle\" style=\"display:block; text-align:center;\" data-ad-client=\"ca-pub-6203283170189293\" \ndata-ad-slot=\"7303146466\" \ndata-ad-layout=\"in-article\"\ndata-ad-format=\"fluid\" data-full-width-responsive=\"true\"><\/ins>\n<script> \n(adsbygoogle = window.adsbygoogle || []).push({}); \n<\/script>\n<\/div>\n<p>Bakanl\u0131\u011f\u0131n giri\u015fimleri<\/p>\n<p>Ula\u015ft\u0131rma, Denizcilik ve Haberle\u015fme Bakan\u0131 <a title=\"\" href=\"http:\/\/www.stargundem.com\/lutfi-elvan\/\">L\u00fctfi Elvan<\/a>, Bulgaristan ile T\u00fcrkiye aras\u0131nda ya\u015fanan &#8220;t\u0131r krizinin&#8221; \u00e7\u00f6z\u00fcm\u00fc i\u00e7in Bulgar makamlarla y\u00fcr\u00fct\u00fclen m\u00fczakerelerin sonu\u00e7land\u0131\u011f\u0131n\u0131 ve Bulgaristan taraf\u0131n\u0131n y\u00fck\u00fcml\u00fcl\u00fc\u011f\u00fc olan 110 bin transit ge\u00e7i\u015f belgesini T\u00fcrkiye&#8217;ye teslim etti\u011fini belirterek, bug\u00fcn giri\u015f \u00e7\u0131k\u0131\u015flar\u0131n normale d\u00f6nece\u011fini a\u00e7\u0131klam\u0131\u015ft\u0131.<\/p>\n<p>Bulgaristan Ba\u015fbakan Yard\u0131mc\u0131s\u0131 Daniela Bobeva ise\u00a0Bulgaristan Ulusal Radyosu&#8217;na (BNR) a\u00e7\u0131klamas\u0131nda, Bulgar taraf\u0131n\u0131n sorunun bir b\u00f6l\u00fcm\u00fcn\u00fc olu\u015fturan T\u00fcrk ta\u015f\u0131mac\u0131lar\u0131na ge\u00e7i\u015f belgesi verilmesi karar\u0131n\u0131 ald\u0131klar\u0131n\u0131 ifade etmi\u015fti.<\/p>\n<div id=\"bghab-653313519\" class=\"bghab-yazi-altinda bghab-entity-placement\"><script async src=\"https:\/\/pagead2.googlesyndication.com\/pagead\/js\/adsbygoogle.js\"><\/script>\r\n<!-- bghaber-yaz\u0131-sonu -->\r\n<ins class=\"adsbygoogle\"\r\n     style=\"display:block\"\r\n     data-ad-client=\"ca-pub-6203283170189293\"\r\n     data-ad-slot=\"4222328180\"\r\n     data-ad-format=\"auto\"\r\n     data-full-width-responsive=\"true\"><\/ins>\r\n<script>\r\n     (adsbygoogle = window.adsbygoogle || []).push({});\r\n<\/script><\/div><br style=\"clear: both; display: block; float: none;\"\/>","protected":false},"excerpt":{"rendered":"<p>&#8220;Transit ge\u00e7i\u015f belgesi&#8221; sorununun \u00e7\u00f6z\u00fcme kavu\u015fmas\u0131 \u00fczerine, Kap\u0131kule S\u0131n\u0131r Kap\u0131s\u0131&#8217;nda Bulgaristan&#8216;a ge\u00e7mek i\u00e7in bekleyen t\u0131rlar, i\u015flemlerinin ard\u0131ndan \u00e7\u0131k\u0131\u015f yapmaya ba\u015flad\u0131. Ula\u015ft\u0131rma, Denizcilik ve Haberle\u015fme Bakanl\u0131\u011f\u0131n\u0131n,<\/p>\n","protected":false},"author":29,"featured_media":8893,"comment_status":"closed","ping_status":"closed","sticky":false,"template":"","format":"standard","meta":{"advanced_seo_description":"","jetpack_seo_html_title":"","jetpack_seo_noindex":false,"jetpack_seo_schema_type":"","_jetpack_newsletter_access":"","_jetpack_dont_email_post_to_subs":false,"_jetpack_newsletter_tier_id":0,"_jetpack_memberships_contains_paywalled_content":false,"_jetpack_feature_clip_id":0,"_jetpack_memberships_contains_paid_content":false,"footnotes":"","jetpack_post_was_ever_published":false},"categories":[9],"tags":[],"class_list":["post-8961","post","type-post","status-publish","format-standard","has-post-thumbnail","hentry","category-ekonomi"],"jetpack_sharing_enabled":true,"jetpack_likes_enabled":true,"jetpack-related-posts":[],"jetpack_shortlink":"https:\/\/wp.me\/pc2PfJ-2kx","jetpack_featured_media_url":"https:\/\/i0.wp.com\/www.bghaber.org\/bghaber\/wp-content\/uploads\/2014\/02\/TIR.jpg?fit=462%2C288&ssl=1","_links":{"self":[{"href":"https:\/\/www.bghaber.org\/bghaber\/wp-json\/wp\/v2\/posts\/8961","targetHints":{"allow":["GET"]}}],"collection":[{"href":"https:\/\/www.bghaber.org\/bghaber\/wp-json\/wp\/v2\/posts"}],"about":[{"href":"https:\/\/www.bghaber.org\/bghaber\/wp-json\/wp\/v2\/types\/post"}],"author":[{"embeddable":true,"href":"https:\/\/www.bghaber.org\/bghaber\/wp-json\/wp\/v2\/users\/29"}],"replies":[{"embeddable":true,"href":"https:\/\/www.bghaber.org\/bghaber\/wp-json\/wp\/v2\/comments?post=8961"}],"version-history":[{"count":0,"href":"https:\/\/www.bghaber.org\/bghaber\/wp-json\/wp\/v2\/posts\/8961\/revisions"}],"wp:featuredmedia":[{"embeddable":true,"href":"https:\/\/www.bghaber.org\/bghaber\/wp-json\/wp\/v2\/media\/8893"}],"wp:attachment":[{"href":"https:\/\/www.bghaber.org\/bghaber\/wp-json\/wp\/v2\/media?parent=8961"}],"wp:term":[{"taxonomy":"category","embeddable":true,"href":"https:\/\/www.bghaber.org\/bghaber\/wp-json\/wp\/v2\/categories?post=8961"},{"taxonomy":"post_tag","embeddable":true,"href":"https:\/\/www.bghaber.org\/bghaber\/wp-json\/wp\/v2\/tags?post=8961"}],"curies":[{"name":"wp","href":"https:\/\/api.w.org\/{rel}","templated":true}]}}