{"id":8955,"date":"2014-02-14T20:33:46","date_gmt":"2014-02-14T18:33:46","guid":{"rendered":"http:\/\/www.bghaber.org\/bghaber\/?p=8955"},"modified":"2019-07-10T18:11:42","modified_gmt":"2019-07-10T16:11:42","slug":"turk-ve-bulgar-nakliyecilerden-birlikte-hareket-etme-karari","status":"publish","type":"post","link":"https:\/\/www.bghaber.org\/bghaber\/turk-ve-bulgar-nakliyecilerden-birlikte-hareket-etme-karari\/","title":{"rendered":"T\u00fcrk Ve Bulgar Nakliyecilerden &#8220;Birlikte Hareket Etme&#8221; Karar\u0131"},"content":{"rendered":"<p>Uluslararas\u0131 Nakliyeciler Derne\u011fi (UND) ve AEBTRI (Bulgaristan Uluslararas\u0131 Karayolu Ta\u015f\u0131mac\u0131l\u0131\u011f\u0131 ve Karayolu \u0130\u015fletmecileri Derne\u011fi) bir araya gelerek bundan sonra birlikte hareket etme karar\u0131 ald\u0131.<\/p>\n<p>UND a\u00e7\u0131klamas\u0131na g\u00f6re, UND ve AEBTRI y\u0131lda iki kez bir araya gelerek geli\u015fmeleri de\u011ferlendirecek. Bug\u00fcn UND merkezinde ger\u00e7ekle\u015fen UND-AEBTRI toplant\u0131s\u0131nda ise iki derne\u011fin birlikte hareket etmesine karar verildi.<\/p>\n<p>\u0130li\u015fkilerin sa\u011fl\u0131kl\u0131 \u015fekilde devam etmesi ve yanl\u0131\u015f anla\u015f\u0131lmadan kaynaklanabilecek sorunlar\u0131n \u00f6n\u00fcne ge\u00e7mek i\u00e7in kar\u015f\u0131l\u0131kl\u0131 mutabakat sa\u011fland\u0131. Toplant\u0131ya AEBTRI Ba\u015fkan\u0131 Georgi Petarneychev ve dernek genel sekreteri Plamen Tzalkov ile UND Y\u00f6netim Kurulu Ba\u015fkan\u0131 \u00c7etin Nuho\u011flu, \u0130kinci Ba\u015fkan \u015eerafettin Aras, Y\u00f6netim Kurulu \u00dcyesi Nagihan Soylu ve \u0130cra Kurulu Ba\u015fkan\u0131 Fatih \u015eener kat\u0131ld\u0131.<\/p>\n<p>A\u00e7\u0131klamada g\u00f6r\u00fc\u015flerine yer verilen Nuho\u011flu, 2001 y\u0131l\u0131ndan bu yana iki dernek olarak \u00e7ok yak\u0131n \u00e7al\u0131\u015ft\u0131klar\u0131n\u0131, bundan sonra iki \u00fclke nakliyecilerinin gelece\u011fini birlikte planlayacaklar\u0131n\u0131 ifade etti.<\/p>\n<p>Bu iki derne\u011fin yak\u0131nla\u015fmas\u0131n\u0131n amac\u0131n\u0131n, iki \u00fclke ula\u015ft\u0131rma bakanl\u0131klar\u0131na da bir mesaj vermek oldu\u011funu belirten Nuho\u011flu, iki \u00fclke bakanl\u0131klar\u0131n\u0131n da iki derne\u011fin ald\u0131\u011f\u0131 karar\u0131 destekleyece\u011fini \u00fcmit etti\u011fini dile getirdi.<\/p><div id=\"bghab-1009409768\" class=\"bghab-icerik-icine bghab-entity-placement\"><script async src=\"\/\/pagead2.googlesyndication.com\/pagead\/js\/adsbygoogle.js?client=ca-pub-6203283170189293\" crossorigin=\"anonymous\"><\/script><ins class=\"adsbygoogle\" style=\"display:block; text-align:center;\" data-ad-client=\"ca-pub-6203283170189293\" \ndata-ad-slot=\"7303146466\" \ndata-ad-layout=\"in-article\"\ndata-ad-format=\"fluid\" data-full-width-responsive=\"true\"><\/ins>\n<script> \n(adsbygoogle = window.adsbygoogle || []).push({}); \n<\/script>\n<\/div>\n<p>&#8211; &#8220;Benzeri sorunlar\u0131n ya\u015fanmamas\u0131 i\u00e7in birlikte hareket edece\u011fiz&#8221;<\/p>\n<p>Petarneychev ise \u015funlar\u0131 kaydetti:<\/p>\n<p>&#8220;\u015eu an geli\u015fen sonu\u00e7 \u00e7ok iyi. Bu toplant\u0131 ile kar\u015f\u0131la\u015ft\u0131\u011f\u0131m\u0131z b\u00fct\u00fcn sorunlar\u0131n nedenini anlad\u0131k. \u0130lerleyen zamanlarda aram\u0131zda bir mutabakat zabt\u0131 imzalayaca\u011f\u0131m\u0131za dair anla\u015fmaya vard\u0131k. Bu mutabakat zapt\u0131 ile b\u00fct\u00fcn sorunlar\u0131n \u00e7\u00f6z\u00fclece\u011fine inan\u0131yorum. Bir daha b\u00f6yle yanl\u0131\u015f anla\u015f\u0131lmalar\u0131n olmamas\u0131 i\u00e7in her alt\u0131 ayda bir bulu\u015fmaya karar verdik. Direk bir telefon ba\u011flant\u0131m\u0131z olsun istedik, bu sayede bir problem olursa bu telefon ile an\u0131nda ileti\u015fim kurup halledebilece\u011fiz. Bu ve benzeri sorunlar\u0131n ya\u015fanmamas\u0131 i\u00e7in birlikte hareket edece\u011fiz.&#8221;<\/p>\n<div id=\"bghab-3044858216\" class=\"bghab-yazi-altinda bghab-entity-placement\"><script async src=\"https:\/\/pagead2.googlesyndication.com\/pagead\/js\/adsbygoogle.js\"><\/script>\r\n<!-- bghaber-yaz\u0131-sonu -->\r\n<ins class=\"adsbygoogle\"\r\n     style=\"display:block\"\r\n     data-ad-client=\"ca-pub-6203283170189293\"\r\n     data-ad-slot=\"4222328180\"\r\n     data-ad-format=\"auto\"\r\n     data-full-width-responsive=\"true\"><\/ins>\r\n<script>\r\n     (adsbygoogle = window.adsbygoogle || []).push({});\r\n<\/script><\/div><br style=\"clear: both; display: block; float: none;\"\/>","protected":false},"excerpt":{"rendered":"<p>Uluslararas\u0131 Nakliyeciler Derne\u011fi (UND) ve AEBTRI (Bulgaristan Uluslararas\u0131 Karayolu Ta\u015f\u0131mac\u0131l\u0131\u011f\u0131 ve Karayolu \u0130\u015fletmecileri Derne\u011fi) bir araya gelerek bundan sonra birlikte hareket etme karar\u0131 ald\u0131. UND<\/p>\n","protected":false},"author":29,"featured_media":8897,"comment_status":"closed","ping_status":"closed","sticky":false,"template":"","format":"standard","meta":{"advanced_seo_description":"","jetpack_seo_html_title":"","jetpack_seo_noindex":false,"jetpack_seo_schema_type":"","_jetpack_newsletter_access":"","_jetpack_dont_email_post_to_subs":false,"_jetpack_newsletter_tier_id":0,"_jetpack_memberships_contains_paywalled_content":false,"_jetpack_feature_clip_id":0,"_jetpack_memberships_contains_paid_content":false,"footnotes":"","jetpack_post_was_ever_published":false},"categories":[9],"tags":[],"class_list":["post-8955","post","type-post","status-publish","format-standard","has-post-thumbnail","hentry","category-ekonomi"],"jetpack_sharing_enabled":true,"jetpack_likes_enabled":true,"jetpack-related-posts":[],"jetpack_shortlink":"https:\/\/wp.me\/pc2PfJ-2kr","jetpack_featured_media_url":"https:\/\/i0.wp.com\/www.bghaber.org\/bghaber\/wp-content\/uploads\/2014\/02\/02062014-04.jpg?fit=600%2C340&ssl=1","_links":{"self":[{"href":"https:\/\/www.bghaber.org\/bghaber\/wp-json\/wp\/v2\/posts\/8955","targetHints":{"allow":["GET"]}}],"collection":[{"href":"https:\/\/www.bghaber.org\/bghaber\/wp-json\/wp\/v2\/posts"}],"about":[{"href":"https:\/\/www.bghaber.org\/bghaber\/wp-json\/wp\/v2\/types\/post"}],"author":[{"embeddable":true,"href":"https:\/\/www.bghaber.org\/bghaber\/wp-json\/wp\/v2\/users\/29"}],"replies":[{"embeddable":true,"href":"https:\/\/www.bghaber.org\/bghaber\/wp-json\/wp\/v2\/comments?post=8955"}],"version-history":[{"count":0,"href":"https:\/\/www.bghaber.org\/bghaber\/wp-json\/wp\/v2\/posts\/8955\/revisions"}],"wp:featuredmedia":[{"embeddable":true,"href":"https:\/\/www.bghaber.org\/bghaber\/wp-json\/wp\/v2\/media\/8897"}],"wp:attachment":[{"href":"https:\/\/www.bghaber.org\/bghaber\/wp-json\/wp\/v2\/media?parent=8955"}],"wp:term":[{"taxonomy":"category","embeddable":true,"href":"https:\/\/www.bghaber.org\/bghaber\/wp-json\/wp\/v2\/categories?post=8955"},{"taxonomy":"post_tag","embeddable":true,"href":"https:\/\/www.bghaber.org\/bghaber\/wp-json\/wp\/v2\/tags?post=8955"}],"curies":[{"name":"wp","href":"https:\/\/api.w.org\/{rel}","templated":true}]}}