{"id":8326,"date":"2013-11-17T22:34:16","date_gmt":"2013-11-17T20:34:16","guid":{"rendered":"http:\/\/www.bghaber.org\/bghaber\/?p=8326"},"modified":"2019-07-10T18:42:04","modified_gmt":"2019-07-10T16:42:04","slug":"bulturk-afganistan-tarihine-isik-tuttu","status":"publish","type":"post","link":"https:\/\/www.bghaber.org\/bghaber\/bulturk-afganistan-tarihine-isik-tuttu\/","title":{"rendered":"BULT\u00dcRK Afganistan Tarihine \u0131\u015f\u0131k tuttu"},"content":{"rendered":"<p>Tekirda\u011f\u2019l\u0131 yazar Dr. S\u00fcleyman \u00d6zmen, \u0130\u015f Bankas\u0131 K\u00fclt\u00fcr Yay\u0131nlar\u0131\u2019ndan \u00e7\u0131kan son kitab\u0131 \u201cAfgan Ayd\u0131nlanmas\u0131n\u0131n Mimar\u0131 Serdar Mahmud Tarzi Han ve An\u0131lar\u0131\u201d ile ilgili BULT\u00dcRK Derne\u011finde Konferans verdi.<!--more--><a href=\"https:\/\/i0.wp.com\/www.bghaber.org\/bghaber\/wp-content\/uploads\/2013\/11\/suleyman-ozmen.jpg\"><img data-recalc-dims=\"1\" loading=\"lazy\" decoding=\"async\" class=\"alignleft size-medium wp-image-8327\" alt=\"suleyman ozmen bulturkte\" src=\"https:\/\/i0.wp.com\/www.bghaber.org\/bghaber\/wp-content\/uploads\/2013\/11\/suleyman-ozmen-300x224.jpg?resize=300%2C224\" width=\"300\" height=\"224\" srcset=\"https:\/\/i0.wp.com\/www.bghaber.org\/bghaber\/wp-content\/uploads\/2013\/11\/suleyman-ozmen-scaled.jpg?resize=300%2C224&amp;ssl=1 300w, https:\/\/i0.wp.com\/www.bghaber.org\/bghaber\/wp-content\/uploads\/2013\/11\/suleyman-ozmen-scaled.jpg?resize=768%2C574&amp;ssl=1 768w, https:\/\/i0.wp.com\/www.bghaber.org\/bghaber\/wp-content\/uploads\/2013\/11\/suleyman-ozmen-scaled.jpg?resize=1024%2C765&amp;ssl=1 1024w, https:\/\/i0.wp.com\/www.bghaber.org\/bghaber\/wp-content\/uploads\/2013\/11\/suleyman-ozmen-scaled.jpg?resize=1536%2C1147&amp;ssl=1 1536w, https:\/\/i0.wp.com\/www.bghaber.org\/bghaber\/wp-content\/uploads\/2013\/11\/suleyman-ozmen-scaled.jpg?resize=2048%2C1530&amp;ssl=1 2048w, https:\/\/i0.wp.com\/www.bghaber.org\/bghaber\/wp-content\/uploads\/2013\/11\/suleyman-ozmen-scaled.jpg?resize=320%2C240&amp;ssl=1 320w, https:\/\/i0.wp.com\/www.bghaber.org\/bghaber\/wp-content\/uploads\/2013\/11\/suleyman-ozmen-scaled.jpg?w=1280&amp;ssl=1 1280w, https:\/\/i0.wp.com\/www.bghaber.org\/bghaber\/wp-content\/uploads\/2013\/11\/suleyman-ozmen-scaled.jpg?w=1920&amp;ssl=1 1920w\" sizes=\"auto, (max-width: 300px) 100vw, 300px\" \/><\/a>Ara\u015ft\u0131rmac\u0131 yazar Dr S\u00fcleyman \u00d6zmen; Mensubu oldu\u011fu T\u00fcrk Silahl\u0131 Kuvvetleri b\u00fcnyesinde g\u00f6rev gere\u011fi Afganistan\u2019da bulundu\u011fu s\u0131rada, Afgan ayd\u0131nlanmas\u0131n\u0131n babas\u0131 say\u0131lan Mahmud Tarzi hakk\u0131nda yapt\u0131\u011f\u0131 ara\u015ft\u0131rmalar\u0131 kitapla\u015ft\u0131ran \u00d6zmen, bu \u00e7al\u0131\u015fman\u0131n tarihin fazla ayd\u0131nl\u0131k olmayan bir noktas\u0131na tutulmu\u015f bir fener olmas\u0131n\u0131 d\u00fc\u015fleyerek kitab\u0131 yazd\u0131\u011f\u0131n\u0131 s\u00f6yledi.<\/p>\n<p>Ayn\u0131 zamanda bir Ortado\u011fu uzman\u0131 olan \u00d6zmen, 2012\u2019de yay\u0131nlanan kitab\u0131 son haline getirebilmek i\u00e7in yedi y\u0131l boyunca \u00e7al\u0131\u015ft\u0131\u011f\u0131n\u0131 s\u00f6yleyerek konferansa ba\u015flad\u0131.<\/p>\n<p>Ortado\u011fu, \u0130srail ve K\u0131br\u0131s konular\u0131nda ara\u015ft\u0131rmalar\u0131 bulunan ve Milli G\u00fcvenlik Stratejileri uzman\u0131 olan \u00d6zmen, neden Mahmud Tarzi\u2019nin hayat\u0131n\u0131 yazma gere\u011fi duydu\u011funu \u015f\u00f6yle a\u00e7\u0131klad\u0131:<br \/>\n\u201cMahmud Tarzi ve onun d\u00f6neminin Afganistan\u2019\u0131, Mustafa Kemal Atat\u00fcrk ve \u00fclkemizle ciddi paralellikler i\u00e7eriyor. Tarzi, \u00fclkesinden \u015eam\u2019a s\u00fcrg\u00fcne g\u00f6nderildi\u011finde orada J\u00f6n T\u00fcrklerle tan\u0131\u015f\u0131p T\u00fcrk ba\u011f\u0131ms\u0131zl\u0131k hareketinden \u00e7ok etkileniyor. Fikir olarak Afgan Devrimi\u2019nin temellerini burada olu\u015fturuyor. Daha sonra kendi \u00fclkesine d\u00f6nerek bu fikirleri hayata ge\u00e7irmeye \u00e7al\u0131\u015f\u0131yor. 1919\u2019da yani bizim Kurtulu\u015f Sava\u015f\u0131\u2019m\u0131z\u0131n ba\u015flad\u0131\u011f\u0131 y\u0131l o da Amanullah Han\u2019\u0131n tahta \u00e7\u0131k\u0131\u015f\u0131yla devrimlerini ger\u00e7ekle\u015ftirmeye ba\u015fl\u0131yor. Bizim hik\u00e2yemizle \u00e7ok b\u00fcy\u00fck paralellikler buldu\u011fum i\u00e7in Mahmud Tarzi Han\u2019\u0131n hayat\u0131n\u0131 kaleme alma ihtiyac\u0131 hissettim. Afganistan\u2019la h\u00e2lihaz\u0131rdaki s\u0131cak ili\u015fkilerimizin temeli de yine o zamanlar at\u0131lm\u0131\u015ft\u0131r. Daha sonra tutucu rejim onu yeniden s\u00fcrg\u00fcn etti\u011finde bu kez T\u00fcrkiye\u2019ye gelerek \u0130stanbul\u2019a yerle\u015fen Mahmud Tarzi ger\u00e7ekten d\u00fcnya tarihinde ad\u0131 unutulmamas\u0131 gereken bir de\u011fer. Ayr\u0131ca Tarzi\u2019nin \u00e7ok y\u00f6nl\u00fc ki\u015fili\u011fi de beni etkileyen bir di\u011fer unsur oldu. Afganistan\u2019\u0131n ilk gazetesini yay\u0131nlam\u0131\u015f bir gazeteci, bir gezgin, ba\u015far\u0131l\u0131 bir devrimci ve devlet adam\u0131. \u00dcstelik \u00fclkesinin e\u011fitim devrimini de ger\u00e7ekle\u015ftiren bir e\u011fitimci. Beni \u00e7ok derinden etkileyen bu tarihi ki\u015fili\u011fi ve onun an\u0131lar\u0131n\u0131 kaleme almak benim i\u00e7in b\u00fcy\u00fck bir mutluluk kayna\u011f\u0131 oldu. Ayr\u0131ca T.C. Devletinin d\u0131\u015far\u0131da ilk El\u00e7ili\u011fi Afganistan\u2019da a\u00e7t\u0131\u011f\u0131m\u0131z\u0131 T\u00fcrkiye\u2019de de ilk El\u00e7ili\u011fi Afganistan a\u00e7t\u0131\u011f\u0131n\u0131 ve en \u00f6nemlisi de T\u00fcrkiye\u2019de burada bulunan El\u00e7ilik \u00f6n\u00fcnde bayra\u011f\u0131 ilk g\u00f6ndere \u00e7eken bizzat Mustafa Kemal ATAT\u00dcRK oldu\u011funu herkes bilmelidir. .\u201d<\/p>\n<p>1839&#8217;da \u0130ngiliz ve Rus ordular\u0131n\u0131n i\u015fgale giri\u015fti\u011fi topraklarda ya\u015fayan a\u015firetler, i\u015fgalciler kar\u015f\u0131s\u0131nda birle\u015fir. Afgan kimli\u011finin ortaya \u00e7\u0131k\u0131\u015f\u0131 ve merkezi y\u00f6netimin kurulu\u015fu bu m\u00fccadele s\u00fcreciyle birlikte y\u00fcr\u00fcr. Serdar Mahmud Tarzi Han, gen\u00e7 \u00fclkesinin kadim k\u00fclt\u00fcr merkezi Gazne&#8217;de do\u011far. \u0130ngiliz kukla y\u00f6netiminin, Tarzi 17 ya\u015f\u0131ndayken Hindistan&#8217;a s\u00fcrg\u00fcn etti\u011fi ailesi buradan \u015eam&#8217;a ge\u00e7ince, onun da hayat\u0131 de\u011fi\u015fir. Mahmud Tarzi \u015eam&#8217;da kuvvetli bir devlet gelene\u011fiyle ve J\u00f6n T\u00fcrklerin ayd\u0131nlanmac\u0131 fikirleriyle tan\u0131\u015f\u0131r. S\u00fcrg\u00fcnl\u00fc\u011f\u00fc bitip \u00fclkesine d\u00f6nd\u00fc\u011f\u00fcnde zengin fikir d\u00fcnyas\u0131yla hanedan\u0131n dikkatini \u00e7eker. Projelerini hayata ge\u00e7irmesiyse 1919&#8217;da Emanullah Han&#8217;\u0131n tahta \u00e7\u0131k\u0131\u015f\u0131yla m\u00fcmk\u00fcn olur. Gen\u00e7 T\u00fcrkiye Cumhuriyeti&#8217;nde ya\u015fanan devrimler, Afganistan&#8217;da da Tarzi sayesinde h\u0131zla kar\u015f\u0131l\u0131k bulur, e\u011fitim devriminin ve parlamenter monar\u015finin mimar\u0131 olarak \u00fclkesinin belle\u011finde yer eder. 1929&#8217;da tutucu bir darbeyle yine s\u00fcrg\u00fcn edilir. Afganistan&#8217;da reformlardan geri ad\u0131mlar at\u0131l\u0131rken Tarzi T\u00fcrkiye&#8217;ye yerle\u015fir. Bu \u00e7al\u0131\u015fman\u0131n eksenini olu\u015fturan an\u0131lar\u0131n\u0131 \u00f6l\u00fcm\u00fcnden \u00f6nce \u0130stanbul&#8217;da kaleme al\u0131r. S\u00fcleyman \u00d6zmen; gazeteci, yazar, seyyah, e\u011fitimci, devrimci ve ba\u015far\u0131l\u0131 bir diplomat olan Mahmud Tarzi&#8217;nin ya\u015fam\u0131n\u0131, Afganistan tarihiyle birlikte ele alarak unutulmu\u015f bir tarihe \u0131\u015f\u0131k tutmaya \u00e7al\u0131\u015ft\u0131m\u201d dedi.<\/p>\n<p>\u00d6zmen\u2019in kitab\u0131, Ortado\u011fu\u2019nun yak\u0131n tarihine Afganistan \u00f6zelinde \u0131\u015f\u0131k tutarken, b\u00fcy\u00fck bir at\u0131l\u0131m\u0131n nas\u0131l kan ve i\u00e7 \u00e7at\u0131\u015fmalarla sona erdirildi\u011finin de ibret vesikas\u0131 olarak kar\u015f\u0131m\u0131za \u00e7\u0131k\u0131yor. Bu kitap, tarihin karanl\u0131kta kalm\u0131\u015f bir yan\u0131n\u0131 ayd\u0131nlatma iddias\u0131n\u0131 rahat\u00e7a yerine getiriyor. B\u00f6lgemizde ya\u015fanan ve g\u00f6zlerden gizlenen tarihe farkl\u0131 bir pencereden bakmak isteyen ve tarihe merak\u0131 olan herkesin keyifle okuyaca\u011f\u0131 \u201cSerdar Mahmud Han ve An\u0131lar\u0131\u201d t\u00fcm kitap\u00e7\u0131lardan temin edilebiliyor.<\/p><div id=\"bghab-2790648806\" class=\"bghab-icerik-icine bghab-entity-placement\"><script async src=\"\/\/pagead2.googlesyndication.com\/pagead\/js\/adsbygoogle.js?client=ca-pub-6203283170189293\" crossorigin=\"anonymous\"><\/script><ins class=\"adsbygoogle\" style=\"display:block; text-align:center;\" data-ad-client=\"ca-pub-6203283170189293\" \ndata-ad-slot=\"7303146466\" \ndata-ad-layout=\"in-article\"\ndata-ad-format=\"fluid\" data-full-width-responsive=\"true\"><\/ins>\n<script> \n(adsbygoogle = window.adsbygoogle || []).push({}); \n<\/script>\n<\/div>\n<p>DR. S\u00dcLEYMAN \u00d6ZMEN K\u0130MD\u0130R?<br \/>\n1967 y\u0131l\u0131nda d\u00fcnyaya geldi. \u0130lk\u00f6\u011frenimine Elaz\u0131\u011f\u2019da ba\u015flad\u0131. \u0130lk ve Orta \u00f6\u011frenimini Ankara\u2019da tamamlad\u0131. Kuleli Askeri Lisesi ve Kara Harp Okulu\u2019ndan mezun oldu. 1998 y\u0131l\u0131nda Van Y\u00fcz\u00fcnc\u00fc Y\u0131l \u00dcniversitesi\u2019nde \u201cAvrasya\u2019n\u0131n K\u0131r\u0131lma Noktas\u0131, K\u0131br\u0131s\u201d konulu y\u00fcksek lisans tezini, 2003 y\u0131l\u0131nda Gebze Y\u00fcksek Teknoloji Enstit\u00fcs\u00fc\u2019nde \u201cOrta Do\u011fu\u2019da Etnik, Dini \u00c7at\u0131\u015fmalar ve \u0130srail\u201d konulu y\u00fcksek lisans tezini ve 2009 y\u0131l\u0131nda \u0130stanbul Marmara \u00dcniversitesi\u2019nde \u201cBir Afgan Ayd\u0131n\u0131 Olan Mahmud Tarzi Han\u2019\u0131n Hat\u0131ralar\u0131 I\u015f\u0131\u011f\u0131nda Afganistan Ger\u00e7e\u011fi\u201d konulu doktora tezini savunarak doktor \u00fcnvan\u0131n\u0131 ald\u0131.<\/p>\n<p>Azerbaycan Silahl\u0131 Kuvvetlerinin ve \u00d6zbekistan Silahl\u0131 Kuvvetlerinin e\u011fitilmesi ve yeniden organizasyonu safhalar\u0131nda g\u00f6rev ald\u0131. MCC (Military Coordination Center), Zaho \/ Irak\u2019da irtibat personeli ve dan\u0131\u015fman, TIPH (Temporarily International Presence in the City of Hebron), Hebron \/ \u0130srail\u2019de g\u00f6zlemci ve dan\u0131\u015fman, Operation Enduring Freedom, Combined Joint Special Operations Task Force-South, TF K-BAR (Task Force Knife Bar), Kandahar \/ Afganistan\u2019da ter\u00f6rizm uzman\u0131 ve dan\u0131\u015fman, Genelkurmay Askeri Tarih ve Stratejik Et\u00fct Ba\u015fkanl\u0131\u011f\u0131, SAREM (Stratejik Ara\u015ft\u0131rmalar ve Et\u00fct Merkezi), Bakanl\u0131klar \/ Ankara\u2019da Orta Do\u011fu ve Milli G\u00fcvenlik Konular\u0131 Uzman\u0131, Stratejik Ara\u015ft\u0131rmalar Kurulu Ba\u015fkan\u0131 ve KKK EDOK (E\u011fitim Doktrin ve Okullar Komutanl\u0131\u011f\u0131), Balgat \/ Ankara\u2019da Liderlik ve Ki\u015fisel Geli\u015fim Konular\u0131nda E\u011fitici \u00d6\u011fretmenlik, yapm\u0131\u015f olan Dr. S\u00fcleyman \u00d6zmen\u2019in kendi alan\u0131nda yay\u0131mlanm\u0131\u015f \u00e7e\u015fitli makale ve kitaplar\u0131 bulunmaktad\u0131r.<\/p>\n<p>Dr. S\u00fcleyman \u00d6zmen, halihaz\u0131rda Academy Network, \u0130stanbul \/ Dan\u0131\u015fman ve Uzman E\u011fitmen, I &#8211; Clout Dan\u0131\u015fmanl\u0131k ve E\u011fitim Ltd. \u015eti, \u0130stanbul \/ Orta Do\u011fu Uzman\u0131, Dan\u0131\u015fman, E\u011fitmen, Harp Akademileri Komutanl\u0131\u011f\u0131 SAREN (Stratejik Ara\u015ft\u0131rmalar Enstit\u00fcs\u00fc), \u0130stanbul \/ Milli G\u00fcvenlik Stratejileri E\u011fitmeni, Tez Dan\u0131\u015fmanl\u0131\u011f\u0131 ile Etik Bildirim Hatt\u0131 Ltd. \u015eti. \u0130stanbul\u2019da Dan\u0131\u015fman, M\u00fc\u015fteri \u0130li\u015fkileri Y\u00f6netmeni, Gizli M\u00fc\u015fteri Hizmetleri Koordinat\u00f6rl\u00fc\u011f\u00fc g\u00f6revlerini y\u00fcr\u00fctmektedir.<\/p>\n<div id=\"bghab-2781944220\" class=\"bghab-yazi-altinda bghab-entity-placement\"><script async src=\"https:\/\/pagead2.googlesyndication.com\/pagead\/js\/adsbygoogle.js\"><\/script>\r\n<!-- bghaber-yaz\u0131-sonu -->\r\n<ins class=\"adsbygoogle\"\r\n     style=\"display:block\"\r\n     data-ad-client=\"ca-pub-6203283170189293\"\r\n     data-ad-slot=\"4222328180\"\r\n     data-ad-format=\"auto\"\r\n     data-full-width-responsive=\"true\"><\/ins>\r\n<script>\r\n     (adsbygoogle = window.adsbygoogle || []).push({});\r\n<\/script><\/div><br style=\"clear: both; display: block; float: none;\"\/>","protected":false},"excerpt":{"rendered":"<p>Tekirda\u011f\u2019l\u0131 yazar Dr. S\u00fcleyman \u00d6zmen, \u0130\u015f Bankas\u0131 K\u00fclt\u00fcr Yay\u0131nlar\u0131\u2019ndan \u00e7\u0131kan son kitab\u0131 \u201cAfgan Ayd\u0131nlanmas\u0131n\u0131n Mimar\u0131 Serdar Mahmud Tarzi Han ve An\u0131lar\u0131\u201d ile ilgili BULT\u00dcRK Derne\u011finde<\/p>\n","protected":false},"author":29,"featured_media":8327,"comment_status":"closed","ping_status":"closed","sticky":false,"template":"","format":"standard","meta":{"advanced_seo_description":"","jetpack_seo_html_title":"","jetpack_seo_noindex":false,"jetpack_seo_schema_type":"","_jetpack_newsletter_access":"","_jetpack_dont_email_post_to_subs":false,"_jetpack_newsletter_tier_id":0,"_jetpack_memberships_contains_paywalled_content":false,"_jetpack_feature_clip_id":0,"_jetpack_memberships_contains_paid_content":false,"footnotes":"","jetpack_post_was_ever_published":false},"categories":[4],"tags":[528,37,785],"class_list":["post-8326","post","type-post","status-publish","format-standard","has-post-thumbnail","hentry","category-siyaset","tag-afganistan","tag-bulturk","tag-bulturk-dernegi"],"jetpack_sharing_enabled":true,"jetpack_likes_enabled":true,"jetpack-related-posts":[],"jetpack_shortlink":"https:\/\/wp.me\/pc2PfJ-2ai","jetpack_featured_media_url":"https:\/\/i0.wp.com\/www.bghaber.org\/bghaber\/wp-content\/uploads\/2013\/11\/suleyman-ozmen-scaled.jpg?fit=2560%2C1912&ssl=1","_links":{"self":[{"href":"https:\/\/www.bghaber.org\/bghaber\/wp-json\/wp\/v2\/posts\/8326","targetHints":{"allow":["GET"]}}],"collection":[{"href":"https:\/\/www.bghaber.org\/bghaber\/wp-json\/wp\/v2\/posts"}],"about":[{"href":"https:\/\/www.bghaber.org\/bghaber\/wp-json\/wp\/v2\/types\/post"}],"author":[{"embeddable":true,"href":"https:\/\/www.bghaber.org\/bghaber\/wp-json\/wp\/v2\/users\/29"}],"replies":[{"embeddable":true,"href":"https:\/\/www.bghaber.org\/bghaber\/wp-json\/wp\/v2\/comments?post=8326"}],"version-history":[{"count":0,"href":"https:\/\/www.bghaber.org\/bghaber\/wp-json\/wp\/v2\/posts\/8326\/revisions"}],"wp:featuredmedia":[{"embeddable":true,"href":"https:\/\/www.bghaber.org\/bghaber\/wp-json\/wp\/v2\/media\/8327"}],"wp:attachment":[{"href":"https:\/\/www.bghaber.org\/bghaber\/wp-json\/wp\/v2\/media?parent=8326"}],"wp:term":[{"taxonomy":"category","embeddable":true,"href":"https:\/\/www.bghaber.org\/bghaber\/wp-json\/wp\/v2\/categories?post=8326"},{"taxonomy":"post_tag","embeddable":true,"href":"https:\/\/www.bghaber.org\/bghaber\/wp-json\/wp\/v2\/tags?post=8326"}],"curies":[{"name":"wp","href":"https:\/\/api.w.org\/{rel}","templated":true}]}}