{"id":7943,"date":"2013-11-02T23:07:52","date_gmt":"2013-11-02T21:07:52","guid":{"rendered":"http:\/\/www.bghaber.org\/bghaber\/?p=7943"},"modified":"2019-07-11T23:42:41","modified_gmt":"2019-07-11T21:42:41","slug":"bulturkun-gaziosmanpasa-belediye-baskan-a-adayi","status":"publish","type":"post","link":"https:\/\/www.bghaber.org\/bghaber\/bulturkun-gaziosmanpasa-belediye-baskan-a-adayi\/","title":{"rendered":"BULT\u00dcRK&#8217;\u00fcn Gaziosmanpa\u015fa Belediye Ba\u015fkan A.Aday\u0131"},"content":{"rendered":"<p>T\u00fcm hem\u015fehrilerimizin dualar\u0131n\u0131 bekliyoruz. Bizlerde y\u00f6netimlerde de\u011fil y\u00f6netmeye talibiz.\u00a0 Yavuz SUBA\u015eI- 1961 y\u0131l\u0131nda Bal\u0131kesir\u2019de do\u011fdu. Bulgaristan g\u00f6\u00e7meni bir ailenin \u00e7ocu\u011fu olan Yavuz SUBA\u015eI \u00e7ocuklu\u011fundan itibaren Balkanlar ve T\u00fcrk D\u00fcnyas\u0131 ile yak\u0131ndan ilgilendi.<!--more--><a href=\"https:\/\/i0.wp.com\/www.bghaber.org\/bghaber\/wp-content\/uploads\/2013\/11\/YAVUZ-02.jpg\"><img data-recalc-dims=\"1\" loading=\"lazy\" decoding=\"async\" class=\"alignleft size-medium wp-image-7944\" alt=\"yavuz-subasi-ak-parti-gaziosmanpasa-beld-bask-aday-adayi\" src=\"https:\/\/i0.wp.com\/www.bghaber.org\/bghaber\/wp-content\/uploads\/2013\/11\/YAVUZ-02-300x265.jpg?resize=300%2C265\" width=\"300\" height=\"265\" srcset=\"https:\/\/i0.wp.com\/www.bghaber.org\/bghaber\/wp-content\/uploads\/2013\/11\/YAVUZ-02.jpg?resize=300%2C265&amp;ssl=1 300w, https:\/\/i0.wp.com\/www.bghaber.org\/bghaber\/wp-content\/uploads\/2013\/11\/YAVUZ-02.jpg?w=678&amp;ssl=1 678w\" sizes=\"auto, (max-width: 300px) 100vw, 300px\" \/><\/a><br \/>\n\u0130lk ve orta \u00f6\u011frenimini Gaziosmanpa\u015fa \u015e\u00fckriye Minicio\u011flu \u0130lkokulu ve Vefa Poyraz Lisesi\u2019nde, y\u00fcksek \u00f6\u011frenimini ise Marmara \u00dcniversitesi \u0130\u015fletme Fak\u00fcltesinde tamamlad\u0131. Serbest muhasebeci ve Mali M\u00fc\u015favir olarak i\u015f hayat\u0131na ba\u015flad\u0131. Ayr\u0131ca ayn\u0131 zamanda Milli T\u00fcrk Talebe Birli\u011fi ve Milli Gen\u00e7lik Vakf\u0131 \u0130stanbul \u015eubesinde g\u00f6rev ald\u0131.<br \/>\n1993 y\u0131l\u0131nda Yerel Y\u00f6netimler Enstit\u00fcs\u00fcnden Sertifika ald\u0131.<br \/>\nYavuz Suba\u015f\u0131 s\u0131ras\u0131yla \u015fui g\u00f6revlerde bulunmu\u015ftur;<br \/>\n\u2022Refah Partisi Gaziosmanpa\u015fa \u0130l\u00e7e Y.Kurulu \u00fcyeli\u011fi ve \u0130l\u00e7e Sekreterli\u011fi (1988-1996)<br \/>\n\u2022Refah Partisi \u0130stanbul \u0130l Y\u00f6netim Kurulu \u00dcyeli\u011fi (1998)<br \/>\n\u2022Fazilet Partisi \u0130stanbul \u0130l Disiplin Kurulu \u00dcyeli\u011fi (1999-2001)<br \/>\n\u2022\u0130stanbul il Genel Meclisi \u00dcyeli\u011fi (1994-1999)<br \/>\n\u2022Adalet ve Kalk\u0131nma Partisi Gaziosmanpa\u015fa \u0130l\u00e7esi \u0130l\u00e7e Ba\u015fkanl\u0131\u011f\u0131 (2001-2006)<\/p>\n<p>Yavuz Suba\u015f\u0131 ayn\u0131 zamanda Milletvekili Adayl\u0131klar\u0131;<br \/>\n1999y\u0131l\u0131nda Fazilet Partisi Bal\u0131kesir<br \/>\n2007y. AK Parti \u0130stanbul 2.B\u00f6lge Milletvekili A.Adayl\u0131\u011f\u0131.<\/p>\n<p>Siyasi ya\u015fam\u0131n\u0131n yan\u0131nda g\u00f6rev ald\u0131\u011f\u0131 sosyal ve k\u00fclt\u00fcrel projeler;<br \/>\n\u2022Gaziosmanpa\u015fa Hizmet Vakf\u0131 Kurucu \u00dcyeli\u011fi,<br \/>\n\u2022Gaziosmanpa\u015fa Hizmet Vakf\u0131 M\u00fctevelli Heyet \u00dcyeli\u011fi<br \/>\n\u2022T\u00fcrkiye-G\u00fcrcistan Dostluk Derne\u011fi Kurucu \u00dcyeli\u011fi.<br \/>\n\u2022Bulgaristan T\u00fcrkleri K\u00fclt\u00fcr ve Hizmet Derne\u011fi Kurucu<br \/>\n\u2022Be\u015fikta\u015f Spor Kul\u00fcb\u00fc Kongre \u00dcyeli\u011fi<br \/>\n\u2022Gaziosmanpa\u015fa spor Kul\u00fcb\u00fc \u00dcyeli\u011fi<br \/>\n\u2022Marmara \u00dcniversitesi Mezunlar\u0131 ve Mensuplar\u0131 Derne\u011fi (M\u00dcMDER) \u00dcyeli\u011fi<br \/>\n\u2022K\u0131z\u0131lay Emin\u00f6n\u00fc \u015eubesi \u00dcyeli\u011fi<br \/>\n\u2022Ye\u015filay Genel Merkez \u00dcyeli\u011fi, Denetim Kurulu \u00dcyeli\u011fi<br \/>\n\u2022\u0130ski Denetim Kurulu \u00dcyeli\u011fi (2007-2009)<br \/>\n\u2022T\u00fcrkiye Dil ve Edebiyat Derne\u011fi Kurucu \u00dcyeli\u011fi ve Genel Ba\u015fkan Yard\u0131mc\u0131l\u0131\u011f\u0131<\/p>\n<p>Son olarak Ba\u011fc\u0131lar Belediyesi Ba\u015fkan Yard\u0131mc\u0131l\u0131\u011f\u0131 g\u00f6revinde bulunan, evli ve 3 \u00e7ocuk babas\u0131 Yavuz Suba\u015f\u0131 bilgi, birikim ve tecr\u00fcbesi ile Gaziosmanpa\u015fa\u2019n\u0131n bekledi\u011fi hizmeti sunmay\u0131 hede\ufb02emektedir.<\/p>\n<p>&nbsp;<\/p>\n<p>&nbsp;<\/p>\n<p><strong>Yavuz Suba\u015f\u0131 ile s\u00f6yle\u015fi<\/strong><\/p><div id=\"bghab-3512721363\" class=\"bghab-icerik-icine bghab-entity-placement\"><script async src=\"\/\/pagead2.googlesyndication.com\/pagead\/js\/adsbygoogle.js?client=ca-pub-6203283170189293\" crossorigin=\"anonymous\"><\/script><ins class=\"adsbygoogle\" style=\"display:block; text-align:center;\" data-ad-client=\"ca-pub-6203283170189293\" \ndata-ad-slot=\"7303146466\" \ndata-ad-layout=\"in-article\"\ndata-ad-format=\"fluid\" data-full-width-responsive=\"true\"><\/ins>\n<script> \n(adsbygoogle = window.adsbygoogle || []).push({}); \n<\/script>\n<\/div>\n<p><b><i>Yavuz Suba\u015f\u0131 kimdir, sizi tan\u0131yabilir miyiz?<br \/>\n<\/i><\/b>1961 y\u0131l\u0131nda \u0130stanbul\u2019un K\u00fc\u00e7\u00fckk\u00f6y semtinde do\u011fdum. Aslen Bal\u0131kesir G\u00f6nenliyim Dedelerim Bulgaristan \u015eumnu&#8217;dan gelmi\u015fler.<br \/>\n\u0130lk ve orta \u00f6\u011frenimlerimi \u015e\u00fckr\u00fcye Minicio\u011flu \u0130lkokulu ve Vefa Poyraz Lisesi\u2019nde, y\u00fcksek \u00f6\u011frenimini Marmara \u00dcniversitesi \u0130ktisadi ve \u0130dari Bilimler Fak\u00fcltesi \u0130\u015fletme B\u00f6l\u00fcm\u00fcnde tamamlad\u0131m. Y\u00fcksek lisans\u0131m\u0131 da ayn\u0131 \u00fcniversitede yapt\u0131m. Mezuniyet sonras\u0131 kendi ad\u0131ma a\u00e7t\u0131\u011f\u0131m Mali M\u00fc\u015favirlik B\u00fcrosunda halen Mali M\u00fc\u015favirlik mesle\u011fimi s\u00fcrd\u00fcr\u00fcyorum. 2001 y\u0131l\u0131nda AK Parti\u2019nin kurulmas\u0131yla birlikte Gaziosmanpa\u015fa il\u00e7esinde kurucu il\u00e7e ba\u015fkanl\u0131\u011f\u0131 g\u00f6revine getirildim ve 2006 y\u0131l\u0131na kadar il\u00e7e ba\u015fkanl\u0131\u011f\u0131 g\u00f6revim s\u00fcrd\u00fc.<br \/>\nYe\u015filay, K\u0131z\u0131lay, Gaziosmanpa\u015fa Hizmet Vakf\u0131, Dil ve Edebiyat Derne\u011fi gibi \u00e7e\u015fitli sivil toplum kurulu\u015flar\u0131nda kurucu \u00fcyelik, y\u00f6netim kurulu \u00fcyeli\u011fi g\u00f6revlerim oldu.<br \/>\nYerel Y\u00f6netimler Enstit\u00fcs\u00fc\u2019n\u00fc bitirdim ve inceleme ama\u00e7l\u0131 yurti\u00e7i ve yurt d\u0131\u015f\u0131 gezilere kat\u0131ld\u0131m.<br \/>\nBilgi, birikim ve tecr\u00fcbelerim ile Sultangazi il\u00e7emize \u00f6zlenen hizmeti sunmay\u0131 hedefliyorum. Evli ve 3 \u00e7ocuk babas\u0131y\u0131m.<b> <\/b><br \/>\n<strong><\/strong><\/p>\n<p><strong><i>Belediye Ba\u015fkanl\u0131\u011f\u0131 i\u00e7in neden Yavuz Suba\u015f\u0131 dersek?<\/i><\/strong><br \/>\n3 Kas\u0131m 2002 se\u00e7imleri \u00fclkemizde yeni bir d\u00f6nemin ba\u015flad\u0131\u011f\u0131 tarih olmu\u015ftur.<br \/>\n29 Mart 2009 se\u00e7imleri ise yerel y\u00f6netimler a\u00e7\u0131s\u0131ndan kal\u0131c\u0131 hizmetlerin, \u0130stanbul sevdal\u0131lar\u0131n\u0131n sevdalar\u0131n\u0131 esere d\u00f6n\u00fc\u015ft\u00fcrd\u00fc\u011f\u00fc tarih olacakt\u0131r. AK Parti, T\u00fcrk siyaset tarihinde bir d\u00f6n\u00fcm noktas\u0131 olan siyaset tarz\u0131 ve siyaset arg\u00fcmanlar\u0131 ile yeni bir d\u00f6nem ba\u015flatm\u0131\u015ft\u0131r. Bu yeni siyaset tarz\u0131 ve felsefesinin kurumsalla\u015fmas\u0131 s\u00fcrecinde yerel se\u00e7imler \u00f6nemli bir d\u00f6n\u00fcm noktas\u0131d\u0131r. Partimizin erdemli, d\u00fcr\u00fcst, \u00e7al\u0131\u015fkan ve ilkeli kadrolar\u0131n\u0131n \u00fcretti\u011fi siyasal perspektifi yar\u0131nlara ta\u015f\u0131yacak ve partimizin kurumsalla\u015fma s\u00fcrecinde muhafazak\u00e2r demokrasi kavram\u0131n\u0131 hizmet ve eylemleri ile anlamland\u0131racak yerel y\u00f6neticilerin i\u015fba\u015f\u0131na gelmesi gerekmektedir.<br \/>\nAK Parti ile ba\u015flayan b\u00fcy\u00fck de\u011fi\u015fim ve d\u00f6n\u00fc\u015f\u00fcm\u00fc 29 Mart\u2019ta Sultangazi\u2019ye ta\u015f\u0131mak ve bu de\u011fi\u015fimin partim ad\u0131na Sultangazi\u2019de temsilcisi olmak istiyorum. Bu vizyonu, bilgi ve birikim, tecr\u00fcbe ve \u00e7al\u0131\u015fma heyecan\u0131mla temsil edebilece\u011fime inand\u0131\u011f\u0131m i\u00e7in bu g\u00f6reve talip oldum.<br \/>\n\u0130l\u00e7emizin sorunlar\u0131n\u0131 biliyorum ve bu problemleri iyi organize olmu\u015f ekip \u00e7al\u0131\u015fmas\u0131 ve AK Parti te\u015fkilatlar\u0131m\u0131zla \u00e7\u00f6zebilece\u011fime inan\u0131yorum. Bu iddiay\u0131 ortaya koyarken b\u00fct\u00fcn g\u00fcc\u00fcm\u00fc il\u00e7emizin g\u00fczel insanlar\u0131n\u0131n deste\u011finden, milletime olan sadakatimden al\u0131yorum. Evet, ben inan\u0131yorum: Birlikte ba\u015farabiliriz\u2026<strong> <\/strong><\/p>\n<p><b><i>Vizyonunuz nedir?<\/i><\/b><br \/>\nPartimizin temel felsefesi do\u011frultusunda, belediyecilik hizmetlerinde kat\u0131l\u0131mc\u0131l\u0131\u011f\u0131 sa\u011flayan, il\u00e7emizde ya\u015fayan insanlara hizmeti \u00f6n planda tutan, m\u00fclki idare, B\u00fcy\u00fck\u015fehir Belediyesi ve di\u011fer il\u00e7e belediyeleri ile yak\u0131n koordinasyonu \u00f6nemseyen, sorun \u00e7\u00f6zme yerine \u201csorunlar\u0131n olu\u015fumunu \u00f6nleyen\u201d b\u00f6lgeyi s\u0131nai ve ticari faaliyetler y\u00f6n\u00fcnden cazibe merkezi k\u0131lacak politikalar \u00fcreten, il\u00e7emizde ya\u015fayanlara \u00e7a\u011fda\u015f \u015fehircili\u011fin nimetlerini sunan, il\u00e7emizdeki vatanda\u015flar\u0131m\u0131za k\u00fclt\u00fcrel y\u00f6nden geli\u015fimini sa\u011flayan ve \u201cAK Parti Felsefesi\u201dne entegrasyonuna katk\u0131da bulunan bir yerel y\u00f6netim anlay\u0131\u015f\u0131, vizyonumuzu olu\u015fturmaktad\u0131r.<\/p>\n<p><b><i>\u0130lkelerinizi a\u00e7\u0131klar m\u0131s\u0131n\u0131z?<br \/>\n<\/i><\/b>D\u00fcr\u00fcstl\u00fckten ayr\u0131lmama,<br \/>\nAdaletle hizmet etme,<br \/>\nHerkese e\u015fit davranma,<br \/>\n\u0130nsan merkezli olma,<br \/>\nOrtak akl\u0131n rehberli\u011finden ayr\u0131lmama,<br \/>\nDemokratik y\u00f6ntemlerden ayr\u0131lmama,<br \/>\n\u0130nsan haklar\u0131na sayg\u0131,<br \/>\nKarar ve icraatlarda kat\u0131l\u0131mc\u0131l\u0131k.<\/p>\n<p><b><i>Stratejik yerle\u015fim olarak planlar\u0131 ile \u00e7evre ile ilgili neler d\u00fc\u015f\u00fcn\u00fcyorsunuz?<br \/>\n<\/i><\/b>\u0130l\u00e7emizin tamam\u0131na yak\u0131n\u0131 planlanm\u0131\u015f oldu\u011fundan, 1:5000 ve 1:1000 planlar; ya\u015fanabilir, sa\u011fl\u0131kl\u0131 ve \u00e7evre g\u00fczelli\u011fi ta\u015f\u0131yan mekanlar sunma y\u00f6n\u00fcnden yeniden ele al\u0131nacak ve gerekiyorsa iyile\u015ftirme (revizyon) s\u00fcreci ba\u015flat\u0131lacakt\u0131r.<br \/>\nYe\u015fil alanlar\u0131n modern \u015fehircilik gerekleri ve sa\u011fl\u0131kl\u0131 ya\u015fam standartlar\u0131na uygun hale getirilmesine \u00f6ncelik verilecektir. S\u0131nai ve evsel at\u0131klar\u0131n \u00e7evre kirlili\u011fi olu\u015fturmayacak \u015fekilde disiplin alt\u0131na al\u0131nmas\u0131 sa\u011flanacakt\u0131r.<br \/>\nDo\u011fal atmosferin korunmas\u0131 amac\u0131yla her t\u00fcrl\u00fc tedbir al\u0131nacak ve halk\u0131m\u0131z bu y\u00f6nde te\u015fvik edilecektir.<br \/>\nHen\u00fcz planlanmam\u0131\u015f alanlar\u0131n modern kent bilinci paralelinde d\u00fczenlenmesi sa\u011flanacakt\u0131r. Bu kapsamda uluslararas\u0131 peyzaj standartlar\u0131 dikkate al\u0131nacakt\u0131r.<br \/>\nAr\u0131tma tesisi olmayan end\u00fcstriyel tesislerin bacalar\u0131na filtre ve at\u0131k sular\u0131na da ar\u0131tma sistemi koydurma zorunlulu\u011fu getirilecektir.<br \/>\nKonutlarda da baca temizleme \u00e7al\u0131\u015fmalar\u0131 yap\u0131lacakt\u0131r. D\u0131\u015f cephesi s\u0131vanmam\u0131\u015f, boyas\u0131 d\u00f6k\u00fclm\u00fc\u015f binalar\u0131n iyi bir g\u00f6r\u00fcn\u00fcm almas\u0131 i\u00e7in gerekli \u00e7al\u0131\u015fmalar yap\u0131lacakt\u0131r.<\/p><div id=\"bghab-3808729054\" class=\"bghab-icerik-icine-10-paragraf bghab-entity-placement\"><script async src=\"\/\/pagead2.googlesyndication.com\/pagead\/js\/adsbygoogle.js?client=ca-pub-6203283170189293\" crossorigin=\"anonymous\"><\/script><ins class=\"adsbygoogle\" style=\"display:block; text-align:center;\" data-ad-client=\"ca-pub-6203283170189293\" \ndata-ad-slot=\"7303146466\" \ndata-ad-layout=\"in-article\"\ndata-ad-format=\"fluid\" data-full-width-responsive=\"true\"><\/ins>\n<script> \n(adsbygoogle = window.adsbygoogle || []).push({}); \n<\/script>\n<\/div>\n<p><b><i>Sa\u011fl\u0131k, sosyal ve k\u00fclt\u00fcrel projeleriniz nelerdir?<br \/>\n<\/i><\/b>Halk\u0131m\u0131za yerinde ve yayg\u0131n sa\u011fl\u0131k hizmetleri sunmak amac\u0131yla yerel dispanserler ve sa\u011fl\u0131k merkezleri olu\u015fturulacak, koruyucu sa\u011fl\u0131k hizmetlerine d\u00f6n\u00fck aile sa\u011fl\u0131\u011f\u0131 \u00e7al\u0131\u015fmalar\u0131nda Sa\u011fl\u0131k Bakanl\u0131\u011f\u0131 ile yak\u0131n koordinasyon i\u00e7inde bulunulacakt\u0131r.<br \/>\nBu kapsamda belediyemiz sivil toplum kurulu\u015flar\u0131na \u00f6nc\u00fcl\u00fck ederek AB projelerinin uygulanmas\u0131n\u0131 ger\u00e7ekle\u015ftirecektir.<br \/>\nBula\u015f\u0131c\u0131 hastal\u0131klar\u0131 \u00f6nleyecek tedbirlerin al\u0131nmas\u0131 kapsam\u0131nda veterinerlik ve temizlik hizmetlerine a\u011f\u0131rl\u0131k verilecektir. Muhta\u00e7 ve korunmas\u0131z vatanda\u015flar\u0131m\u0131z\u0131n periyodik genel sa\u011fl\u0131k taramalar\u0131 yap\u0131lacakt\u0131r.<br \/>\nSosyal hizmetler kapsam\u0131nda, sokak \u00e7ocuklar\u0131n\u0131n ve madde ba\u011f\u0131ml\u0131lar\u0131n\u0131n bar\u0131nma, e\u011fitim, rehabilitasyon ve tedavi imkanlar\u0131 art\u0131r\u0131lacakt\u0131r.<br \/>\n\u00d6z\u00fcrl\u00fc vatanda\u015flar\u0131m\u0131z\u0131n toplumla b\u00fct\u00fcnle\u015fmelerine imkan tan\u0131yan ve \u00e7al\u0131\u015fma hayat\u0131na \u00f6zendirici tedbirler al\u0131nacakt\u0131r.<br \/>\nAile hekimli\u011fi uygulamas\u0131nda Sa\u011fl\u0131k Bakanl\u0131\u011f\u0131 ile koordinasyona ge\u00e7ilip il\u00e7emizin sayg\u0131n insanlar\u0131n\u0131n sa\u011fl\u0131\u011f\u0131 g\u00fcvence alt\u0131na al\u0131nacakt\u0131r.<br \/>\nGen\u00e7lerin sosyal faaliyetlere kat\u0131l\u0131m\u0131n\u0131 sa\u011flayan gen\u00e7lik merkezleri olu\u015fturulacakt\u0131r. Bu kapsamda k\u00fclt\u00fcr ve sanat merkezleri ile semt k\u00fct\u00fcphaneleri hizmete sunulacakt\u0131r. \u00d6zellikle ev han\u0131mlar\u0131n\u0131n ve gen\u00e7 k\u0131zlar\u0131n sosyal hayata daha etkin kat\u0131l\u0131m\u0131n\u0131 sa\u011flayacak ekonomik ve k\u00fclt\u00fcrel i\u015f alanlar\u0131 hizmete sunulacakt\u0131r.<br \/>\nGen\u00e7lerin spor faaliyetlerine kat\u0131l\u0131m\u0131n\u0131 \u00f6zendirecek ve s\u00fcrekli olarak sa\u011fl\u0131kl\u0131 ya\u015fam i\u00e7in spor aktivitelerine \u00f6nc\u00fcl\u00fck edilecek, bunun i\u00e7in gerekli altyap\u0131 tesisleri hizmete sunulacakt\u0131r.<br \/>\nHalk\u0131m\u0131z\u0131n sanatsal geli\u015fimi i\u00e7in tesis ve e\u011fitim imkanlar\u0131 sunulacak, sanat \u00fcr\u00fcn\u00fc olanlar\u0131n \u00fcr\u00fcnlerini te\u015fhir edebilecekleri \u00fccretsiz sanat evleri hizmete a\u00e7\u0131lacakt\u0131r.<br \/>\nKre\u015f ve G\u00fcnd\u00fcz Bak\u0131m evleri a\u00e7\u0131lmas\u0131 te\u015fvik edilecektir.<br \/>\n\u00dclkemizin de\u011fi\u015fik y\u00f6relerinden gelen vatanda\u015flar\u0131m\u0131z\u0131n aile ve \u00e7ocuklar\u0131n\u0131n k\u00fclt\u00fcrel farkl\u0131l\u0131klar sonucu kar\u015f\u0131la\u015ft\u0131klar\u0131 uyum sorunlar\u0131n\u0131n \u00e7\u00f6z\u00fcm\u00fcne y\u00f6nelik \u00e7al\u0131\u015fmalar yap\u0131lacakt\u0131r.<br \/>\nYa\u015fl\u0131lar\u0131m\u0131za evde bak\u0131m ve g\u00fcnd\u00fcz bak\u0131m hizmetleri sunulup, dertlerine ortak olunacakt\u0131r.<br \/>\nEv han\u0131mlar\u0131m\u0131z ve gen\u00e7 k\u0131zlar\u0131m\u0131za y\u00f6nelik \u00f6rf adet ve geleneklerimizle ilgili T\u00fcrk El Sanatlar\u0131 e\u011fitim programlar\u0131 yayg\u0131nla\u015ft\u0131r\u0131lacak ve el sanatlar\u0131 sergi ve fuarlar\u0131 organize edilecektir.<br \/>\n\u201cDilimiz Kimli\u011fimizdir\u201d ilkesinden yola \u00e7\u0131karak tabelalar ve pankartlarda T\u00fcrk dilini dejenere eden yanl\u0131\u015f ifade ve \u00fcsluplar\u0131n giderilmesi i\u00e7in esnaf\u0131m\u0131z\u0131 ve halk\u0131m\u0131z\u0131 e\u011fitim ve k\u00fclt\u00fcr \u00e7al\u0131\u015fmalar\u0131m\u0131zla bilin\u00e7lendirmeyi hedeflemekteyiz.<\/p>\n<p><b><i>Sanayi ve ticari alanda istihdama y\u00f6nelik projeleriniz var m\u0131? <\/i><\/b><br \/>\nB\u00f6lgemizde mevcut sanayi ve ticaret merkezleri ile yak\u0131n ili\u015fki kurarak \u015fehircilik hizmetlerinden daha iyi yararlanmalar\u0131n\u0131 sa\u011flayacak \u00f6nlemler al\u0131nacak, sanayi ve ticaret merkezleri olu\u015fmas\u0131n\u0131 ve buralara yeni yerle\u015fimleri sa\u011flayarak il\u00e7e gelirlerini art\u0131racak kaynaklar olu\u015fturulacakt\u0131r. Bu kapsamda, b\u00f6lgede istihdam\u0131n ve \u00fcretimin artmas\u0131 i\u00e7in yasal \u00e7er\u00e7evede te\u015fvik edici imkanlar giri\u015fimcilerin istifadesine sunulacakt\u0131r. Ayr\u0131ca, sanayi kurulu\u015flar\u0131 ile i\u015fbirli\u011fi sa\u011flayarak i\u015fsiz gen\u00e7lere mesleki e\u011fitim ve i\u015f imkan\u0131 temin edilecektir<br \/>\n\u00c7al\u0131\u015fanlar\u0131m\u0131za gerek bilgisayar teknolojisine uyum, gerekse ki\u015fisel geli\u015fimini sa\u011flayacak s\u00fcrekli e\u011fitim programlar\u0131 Milli E\u011fitim Bakanl\u0131\u011f\u0131 ile i\u015fbirli\u011fi yaparak \u00fccretsiz olarak verilecektir. Ayn\u0131 zamanda i\u015f\u00e7ilerin sosyal ko\u015fullara kar\u015f\u0131 motivasyonunu artt\u0131r\u0131c\u0131 moral e\u011fitim \u00e7al\u0131\u015fmalar\u0131 da Avrupa Birli\u011fi ile i\u015fbirli\u011fi i\u00e7erisinde yap\u0131lacakt\u0131r.<br \/>\nYeti\u015fmi\u015f insan g\u00fcc\u00fcne katk\u0131 sa\u011flayan ara eleman\u0131 denilen personelin yeti\u015fmesi i\u00e7in meslek okulu ve meslek y\u00fcksek okulu a\u00e7ma \u00e7al\u0131\u015fmalar\u0131n\u0131 planlay\u0131p il\u00e7emize kazand\u0131r\u0131lmas\u0131na belediyemiz \u00f6nc\u00fcl\u00fck edecektir.<\/p>\n<p><b><i>Ula\u015f\u0131m ve altyap\u0131daki sorunlar\u0131 nas\u0131l gidereceksiniz?<\/i><\/b><b><i> <\/i><\/b><br \/>\n\u0130l\u00e7emizin altyap\u0131s\u0131, gelece\u011fe d\u00f6n\u00fck ihtiya\u00e7lar da g\u00f6z \u00f6n\u00fcnde bulundurularak yeniden ele al\u0131nacak, yol yap\u0131m ve bak\u0131m hizmetlerinin modern \u015fehircilik anlam\u0131nda uygun bir yap\u0131ya kavu\u015fturulmas\u0131 sa\u011flanacakt\u0131r.<br \/>\nToplu ta\u015f\u0131mac\u0131l\u0131ktan vatanda\u015flar\u0131n daha etkin yararlanabilmesi i\u00e7in ilgili kurulu\u015flarla yak\u0131n koordinasyon i\u00e7erisinde bulunulacak, \u00f6zellikle il\u00e7emizdeki hafif rayl\u0131 sistemin yeralt\u0131na al\u0131nmas\u0131 i\u00e7in giri\u015fimlerde bulunulacakt\u0131r.<br \/>\nAlternatif yol g\u00fczergahlar\u0131n\u0131n olu\u015fturulmas\u0131 sa\u011flanarak il\u00e7e ara\u00e7 trafi\u011finin rahatlamas\u0131 i\u00e7in \u00f6nlemler al\u0131nacakt\u0131r.<br \/>\nYollar\u0131m\u0131z\u0131n darl\u0131\u011f\u0131 ve yetersizli\u011fini biliyoruz. Hayat\u0131m\u0131z\u0131 stresten kurtarmak i\u00e7in \u201cBirlikte ya\u015famAK \u201c projesi\u00a0 ve \u201csevelim-sayal\u0131m\u201d ilkesi ile dost\u00e7a ve karde\u015f\u00e7e bir ya\u015fam\u0131 halk\u0131m\u0131zla birlikte planlay\u0131p uygulayaca\u011f\u0131z.<\/p>\n<p><b><i>B\u00f6lgenin imar sorununu nas\u0131l \u00e7\u00f6zmeyi planl\u0131yorsunuz?<\/i><\/b><br \/>\nDeprem b\u00f6lgesinde ya\u015faman\u0131n bilincinde olarak sa\u011fl\u0131ks\u0131z yap\u0131la\u015fman\u0131n \u00f6n\u00fcne ge\u00e7ilecektir. \u201c\u00d6nce \u0130nsan\u201d ilke ve d\u00fc\u015f\u00fcncesiyle sa\u011flam ve huzurlu yap\u0131larda ya\u015fanmas\u0131 \u00f6ncelikli hedeflerimizdir. \u00dcniversitelerle i\u015fbirli\u011fi yap\u0131larak g\u00fc\u00e7s\u00fcz binalar\u0131n g\u00fc\u00e7lendirmelerine yard\u0131mc\u0131 olunacak ve halk\u0131m\u0131z te\u015fvik edilecektir.<br \/>\nYar\u0131nlar\u0131m\u0131z\u0131n g\u00fcvencesi olan \u00e7ocuklar\u0131m\u0131za sa\u011fl\u0131kl\u0131 ve modern oyun alanlar\u0131 ve parklar yap\u0131lacakt\u0131r.<br \/>\nTOK\u0130 ve K\u0130PTA\u015e gibi halk\u0131m\u0131z\u0131n g\u00fcvenini kazanm\u0131\u015f ve halk\u0131m\u0131za se\u00e7kin projeler sunan kurum ve kurulu\u015flarla i\u015fbirli\u011fi yap\u0131p il\u00e7emize \u00e7a\u011fda\u015f uydu kentler kazand\u0131r\u0131lacakt\u0131r.<\/p>\n<p><b><i>E-Belediye ilgili d\u00fc\u015f\u00fcnceleriniz nelerdir?<\/i><\/b><b><i> <\/i><\/b><br \/>\nBelediyecilik hizmetlerinin etkinli\u011finin art\u0131r\u0131lmas\u0131 ve vatanda\u015flar\u0131n yerlerinde hizmetten yararlanabilmeleri i\u00e7in teknolojik geli\u015fmelerden azami derecede istifade edilecek, bu ama\u00e7la internet kullan\u0131m\u0131n\u0131n etkinli\u011fi art\u0131r\u0131lacakt\u0131r.<br \/>\nVatanda\u015flar\u0131n bilgi alma, i\u015flem yapma ve ileti\u015fim kurmalar\u0131nda daha verimli ve daha etkin hizmet almalar\u0131 sa\u011flanacakt\u0131r. Bu \u00e7er\u00e7evede gerekli ek yat\u0131r\u0131mlar yap\u0131lmak suretiyle belediyecili\u011fin t\u00fcm unsurlar\u0131nda e-belediyecilik yayg\u0131nla\u015ft\u0131r\u0131lacakt\u0131r. Bu vesileyle belediye gelirlerinde ka\u00e7ak minimize edilecektir.<br \/>\n<strong><\/strong><\/p><div id=\"bghab-2184364367\" class=\"bghab-icerik-icine-15-paragraf bghab-entity-placement\"><script async src=\"\/\/pagead2.googlesyndication.com\/pagead\/js\/adsbygoogle.js?client=ca-pub-6203283170189293\" crossorigin=\"anonymous\"><\/script><ins class=\"adsbygoogle\" style=\"display:block; text-align:center;\" data-ad-client=\"ca-pub-6203283170189293\" \ndata-ad-slot=\"7303146466\" \ndata-ad-layout=\"in-article\"\ndata-ad-format=\"fluid\" data-full-width-responsive=\"true\"><\/ins>\n<script> \n(adsbygoogle = window.adsbygoogle || []).push({}); \n<\/script>\n<\/div>\n<p><strong><i>Gelir ve giderleri nas\u0131l dengelemeyi d\u00fc\u015f\u00fcn\u00fcyorsunuz?<\/i><\/strong><i> <\/i><br \/>\nKaynaklar\u0131n zaman\u0131nda ve eksiksiz temini amac\u0131yla sa\u011fl\u0131kl\u0131 bir envanter \u00e7\u0131kar\u0131lacak, gelir kaynaklar\u0131n\u0131n disiplinli \u015fekilde temini takip edilecektir. Harcamalar\u0131n verimlilik ve ekonomiklik prensibi do\u011frultusunda yap\u0131lmas\u0131, denetime a\u00e7\u0131k ve \u015feffaf bir yap\u0131 kurulmas\u0131 i\u00e7in gerekli tedbirler al\u0131nacakt\u0131r.<\/p>\n<p><b><i>Kurumlar aras\u0131 kayna\u015fmay\u0131 nas\u0131l sa\u011flayacaks\u0131n\u0131z?<\/i><\/b><br \/>\nB\u00fct\u00fcn hizmet alanlar\u0131nda, resmi ve \u00f6zel kurulu\u015flar, sivil toplum kurulu\u015flar\u0131 ve bireyler ile s\u00fcrekli ve sa\u011fl\u0131kl\u0131 ili\u015fki ve i\u015fbirli\u011fi zemini kurulacak, kat\u0131l\u0131mlar\u0131 sa\u011flanacakt\u0131r.<br \/>\nBu \u00e7er\u00e7evede m\u00fclki idare, B\u00fcy\u00fck\u015fehir Belediyesi, il\u00e7e belediyeleri, \u0130SK\u0130, BEDA\u015e, Telekom, \u0130GDA\u015e, \u0130ETT ve benzeri belediyecilik hizmetleri ile birinci dereceden ilgili kurulu\u015flar\u0131n temsilcileri ile yak\u0131n koordinasyon i\u00e7inde bulunulacak, bu kurulu\u015flar\u0131n sundu\u011fu hizmetlerden il\u00e7emizdeki vatanda\u015flar\u0131m\u0131z\u0131n azami derecede istifade etmeleri i\u00e7in gerekli her t\u00fcrl\u00fc tedbir al\u0131nacakt\u0131r.<br \/>\n\u00d6zellikle sivil toplum kurulu\u015flar\u0131 ve muhtarlar ile d\u00fczenli koordinasyon toplant\u0131lar\u0131 yap\u0131lacak, bu kesimlerin destekleri al\u0131nacak, hizmetlere kat\u0131l\u0131mlar\u0131 sa\u011flanacakt\u0131r.<\/p>\n<p align=\"left\"><b><i>Son s\u00f6zlerinizi alabilir miyiz?<\/i><\/b><br \/>\nYerel y\u00f6netimin, b\u00f6lgesindeki yurtta\u015flar\u0131n temel \u015fehircilik hizmetleri y\u00f6n\u00fcnden oldu\u011fu kadar, k\u00fclt\u00fcrel ihtiya\u00e7lar\u0131n\u0131 da dikkate almas\u0131 gerekti\u011fine inanmaktay\u0131z.<br \/>\n\u00d6zellikle il\u00e7emiz olan Sultangazi\u2019nin \u00f6zellikleri dikkate al\u0131nd\u0131\u011f\u0131nda k\u00fclt\u00fcrel geli\u015fim hizmetlerine de \u00f6nem verilmesi gerekti\u011fini g\u00f6zlemekteyiz. Bu nedenle, vizyonumuzda hakim unsur, kentsel altyap\u0131 hizmetleri yan\u0131nda k\u00fclt\u00fcrel hizmetlere de a\u011f\u0131rl\u0131k verilmesi olarak belirlenmi\u015ftir. Zira, k\u00fclt\u00fcrel geli\u015fimin sonucunda, kentsel imkanlar\u0131n yurtta\u015flarca kullan\u0131lmas\u0131, yararlan\u0131lmas\u0131 ve t\u00fcketilmesinde bilin\u00e7 ve \u00f6zenin artaca\u011f\u0131 beklenmektedir.<br \/>\n\u0130l\u00e7emize katk\u0131 sa\u011flayacak ki\u015fi ve kurulu\u015flar kap\u0131larda bekletilmeyecek, protokol kurallar\u0131 rafa kald\u0131r\u0131lacakt\u0131r. Belediye Ba\u015fkan\u0131 ve ekibi il\u00e7emize ve insanlar\u0131m\u0131za her t\u00fcrl\u00fc katk\u0131y\u0131 sa\u011flayacak ki\u015fi ve kurulu\u015flar\u0131n kap\u0131s\u0131na gidecektir.<br \/>\nH\u0131zl\u0131 ve do\u011fru d\u00fc\u015f\u00fcnebilen, y\u00fcksek tempolu ve uyumlu \u00e7al\u0131\u015fabilecek, kendilerini il\u00e7e halk\u0131n\u0131n hizmetine adayabilecek, ba\u015farman\u0131n ve onurun k\u0131ymetini bilen bir ekip ve anlay\u0131\u015fla hizmet verilecektir.<br \/>\nVe en \u00f6nemlisi toplam kalite y\u00f6netimi prensipleri baz al\u0131narak gerek personel, gerekse vatanda\u015f memnuniyetine \u00f6nem verilecek ve il\u00e7emize g\u00fczel bir Belediye Hizmet Binas\u0131 kazand\u0131r\u0131lacakt\u0131r. As\u0131l olan ne yap\u0131laca\u011f\u0131 de\u011fil, nas\u0131l yap\u0131laca\u011f\u0131d\u0131r.<br \/>\nBilimin \u0131\u015f\u0131\u011f\u0131nda, bilgiyi payla\u015farak de\u011fere d\u00f6n\u00fc\u015ft\u00fcr\u00fcp, kaliteli hizmeti halk\u0131m\u0131za sunmak boynumuzun borcudur\u2026<br \/>\nGazetenizin arac\u0131l\u0131\u011f\u0131yla halk\u0131m\u0131z\u0131n kurban bayram\u0131n\u0131 tebrik eder hay\u0131rlara vesile olmas\u0131n\u0131 dilerim.<\/p>\n<div id=\"bghab-93594731\" class=\"bghab-yazi-altinda bghab-entity-placement\"><script async src=\"https:\/\/pagead2.googlesyndication.com\/pagead\/js\/adsbygoogle.js\"><\/script>\r\n<!-- bghaber-yaz\u0131-sonu -->\r\n<ins class=\"adsbygoogle\"\r\n     style=\"display:block\"\r\n     data-ad-client=\"ca-pub-6203283170189293\"\r\n     data-ad-slot=\"4222328180\"\r\n     data-ad-format=\"auto\"\r\n     data-full-width-responsive=\"true\"><\/ins>\r\n<script>\r\n     (adsbygoogle = window.adsbygoogle || []).push({});\r\n<\/script><\/div><br style=\"clear: both; display: block; float: none;\"\/>","protected":false},"excerpt":{"rendered":"<p>T\u00fcm hem\u015fehrilerimizin dualar\u0131n\u0131 bekliyoruz. Bizlerde y\u00f6netimlerde de\u011fil y\u00f6netmeye talibiz.\u00a0 Yavuz SUBA\u015eI- 1961 y\u0131l\u0131nda Bal\u0131kesir\u2019de do\u011fdu. Bulgaristan g\u00f6\u00e7meni bir ailenin \u00e7ocu\u011fu olan Yavuz SUBA\u015eI \u00e7ocuklu\u011fundan itibaren<\/p>\n","protected":false},"author":29,"featured_media":0,"comment_status":"closed","ping_status":"closed","sticky":false,"template":"","format":"standard","meta":{"advanced_seo_description":"","jetpack_seo_html_title":"","jetpack_seo_noindex":false,"jetpack_seo_schema_type":"","_jetpack_newsletter_access":"","_jetpack_dont_email_post_to_subs":false,"_jetpack_newsletter_tier_id":0,"_jetpack_memberships_contains_paywalled_content":false,"_jetpack_feature_clip_id":0,"_jetpack_memberships_contains_paid_content":false,"footnotes":"","jetpack_post_was_ever_published":false},"categories":[4],"tags":[99,37,785,283],"class_list":["post-7943","post","type-post","status-publish","format-standard","hentry","category-siyaset","tag-ak-parti","tag-bulturk","tag-bulturk-dernegi","tag-gaziosmanpasa"],"jetpack_sharing_enabled":true,"jetpack_likes_enabled":true,"jetpack-related-posts":[],"jetpack_shortlink":"https:\/\/wp.me\/pc2PfJ-247","jetpack_featured_media_url":"","_links":{"self":[{"href":"https:\/\/www.bghaber.org\/bghaber\/wp-json\/wp\/v2\/posts\/7943","targetHints":{"allow":["GET"]}}],"collection":[{"href":"https:\/\/www.bghaber.org\/bghaber\/wp-json\/wp\/v2\/posts"}],"about":[{"href":"https:\/\/www.bghaber.org\/bghaber\/wp-json\/wp\/v2\/types\/post"}],"author":[{"embeddable":true,"href":"https:\/\/www.bghaber.org\/bghaber\/wp-json\/wp\/v2\/users\/29"}],"replies":[{"embeddable":true,"href":"https:\/\/www.bghaber.org\/bghaber\/wp-json\/wp\/v2\/comments?post=7943"}],"version-history":[{"count":0,"href":"https:\/\/www.bghaber.org\/bghaber\/wp-json\/wp\/v2\/posts\/7943\/revisions"}],"wp:attachment":[{"href":"https:\/\/www.bghaber.org\/bghaber\/wp-json\/wp\/v2\/media?parent=7943"}],"wp:term":[{"taxonomy":"category","embeddable":true,"href":"https:\/\/www.bghaber.org\/bghaber\/wp-json\/wp\/v2\/categories?post=7943"},{"taxonomy":"post_tag","embeddable":true,"href":"https:\/\/www.bghaber.org\/bghaber\/wp-json\/wp\/v2\/tags?post=7943"}],"curies":[{"name":"wp","href":"https:\/\/api.w.org\/{rel}","templated":true}]}}