{"id":7828,"date":"2013-10-29T10:29:39","date_gmt":"2013-10-29T08:29:39","guid":{"rendered":"http:\/\/www.bghaber.org\/bghaber\/?p=7828"},"modified":"2019-07-11T23:43:07","modified_gmt":"2019-07-11T21:43:07","slug":"bayrampasada-yerel-secimleri-bulgaristan-turkleri-belirleyecek","status":"publish","type":"post","link":"https:\/\/www.bghaber.org\/bghaber\/bayrampasada-yerel-secimleri-bulgaristan-turkleri-belirleyecek\/","title":{"rendered":"Bayrampa\u015fa\u2019da yerel se\u00e7imleri Bulgaristan T\u00fcrkleri belirleyecek."},"content":{"rendered":"<p><strong>CHP<\/strong> <strong>Bayrampa\u015fa<\/strong> Belediyesi Ba\u015fkan aday aday\u0131 Sn.Hasan Mutlu <strong>BULT\u00dcRK<\/strong> Derne\u011fi&#8217;ni ziyaret etti. <strong>Bayrampa\u015fa<\/strong>\u2019da yerel se\u00e7imlerinde <strong>BULT\u00dcRK<\/strong> 22.000 se\u00e7meni ile el ele\u2026<!--more--><\/p>\n<p><a href=\"https:\/\/i0.wp.com\/www.bghaber.org\/bghaber\/wp-content\/uploads\/2013\/10\/CHP-bulturk1.jpg\"><img data-recalc-dims=\"1\" loading=\"lazy\" decoding=\"async\" class=\"alignleft size-medium wp-image-7830\" alt=\"bulturk-chp-belediye-baskani-adayi-hasan-mutlu\" src=\"https:\/\/i0.wp.com\/www.bghaber.org\/bghaber\/wp-content\/uploads\/2013\/10\/CHP-bulturk1-300x158.jpg?resize=300%2C158\" width=\"300\" height=\"158\" \/><\/a>Bayrampa\u015fa\u2019ya ve Bayrampa\u015fal\u0131lara g\u00f6n\u00fcl veren CHP\u2019nin Bayrampa\u015fa Belediyesi Ba\u015fkan aday aday\u0131 Hasan Mutlu, Bulgaristan T\u00fckleri K\u00fclt\u00fcr ve Hizmet Derne\u011fi\u2019ni (BULT\u00dcRK) ziyaret etti. 27 Ekim\u2019de ger\u00e7ekle\u015fen ziyarette hedeflerini BULT\u00dcRK \u00fcyeleri ile payla\u015fan Mutlu, sivil toplum \u00f6rg\u00fctlerinin her zaman yan\u0131nda oldu\u011funun ve her zaman yan\u0131nda olaca\u011f\u0131n\u0131n alt\u0131n\u0131 bir kez daha \u00e7izdi. Hasan Mutlu\u2019nun ger\u00e7ekletirdi\u011fi ziyarette a\u00e7\u0131l\u0131\u015f\u0131 <strong>BULT\u00dcRK<\/strong> Derne\u011fi&#8217;nin Halkla \u0130li\u015fkiler Sorumlusu Neriman ERALP yapt\u0131.<\/p>\n<p>Ya\u015fan\u0131labilir <strong>Bayrampa\u015fa<\/strong> hedefiyle yola \u00e7\u0131kan CHP\u2019nin Bayrampa\u015fa Belediyesi Ba\u015fkan aday aday\u0131 Sn.Hasan Mutlu, <strong>BULT\u00dcRK<\/strong>\u2019te Bayrampa\u015fal\u0131larla bir araya geldi. Yakla\u015f\u0131k 22.000 Bulgaristan g\u00f6\u00e7meninin ya\u015fad\u0131\u011f\u0131 Bayrampa\u015fa\u2019da yarataca\u011f\u0131 d\u00f6n\u00fc\u015f\u00fcmden bahseden Mutlu, BULT\u00dcRK\u2019\u00fcn her zaman yan\u0131nda oldu\u011fu belirtti.<\/p>\n<p><strong>\u201cBayrampa\u015fa\u2019da yerel se\u00e7imlerde BULT\u00dcRK belirleyici rol oynayacak\u201d<\/strong><\/p>\n<p>Sn.Hasan MUTLU \u00e7al\u0131\u015fmalar\u0131 hakk\u0131nda bilgiler vererek Bayrampa\u015fa yerel y\u00f6netimine talip oldu\u011funu belirtti. <strong>BULT\u00dcRK<\/strong> Derne\u011finin <strong>Bayrampa\u015fa<\/strong>\u2019da s\u00f6z sahibi oldu\u011funu ve bu se\u00e7imlerde b\u00fcy\u00fck bir \u00f6neme sahip olaca\u011f\u0131n\u0131 vurgulayan Mutlu, ayr\u0131ca \u00f6n\u00fcm\u00fczdeki yerel se\u00e7imlerde <strong>BULT\u00dcRK<\/strong>\u2019\u00fcn dengeleri de\u011fi\u015ftirebilece\u011fini \u00e7\u00fcnk\u00fc ilk iki partinin aras\u0131nda \u00e7ok az fark oldu\u011funu, <strong>Bayrampa\u015fa<\/strong>\u2019da 22.000 <strong>Bulgaristan<\/strong> oyu oldu\u011funu tespit ettiklerini iletti. Ayr\u0131ca bu se\u00e7menleri <strong>Bulgaristan<\/strong> se\u00e7imlerinde birlik ve beraberlikte olduklar\u0131n\u0131 m\u00fc\u015fade ettik dedi.<\/p><div id=\"bghab-637306596\" class=\"bghab-icerik-icine bghab-entity-placement\"><script async src=\"\/\/pagead2.googlesyndication.com\/pagead\/js\/adsbygoogle.js?client=ca-pub-6203283170189293\" crossorigin=\"anonymous\"><\/script><ins class=\"adsbygoogle\" style=\"display:block; text-align:center;\" data-ad-client=\"ca-pub-6203283170189293\" \ndata-ad-slot=\"7303146466\" \ndata-ad-layout=\"in-article\"\ndata-ad-format=\"fluid\" data-full-width-responsive=\"true\"><\/ins>\n<script> \n(adsbygoogle = window.adsbygoogle || []).push({}); \n<\/script>\n<\/div>\n<p>Mutlu, \u201cBu\u00a0 kez en \u00f6nemli en \u00f6nemli fark art\u0131k <strong>T\u00fcrkiye<\/strong> se\u00e7imlerinde de <strong>Bulgaristanl\u0131lar<\/strong> birle\u015febilirler ve bu yerel se\u00e7imlerde hep birlikte bir yere oy verirlerse onlar burada yerel y\u00f6netimi belirleyebilir.\u00a0 Yani son s\u00f6z\u00fc Bulgaristan g\u00f6\u00e7menleri s\u00f6yleyebilir\u201d dedi.<\/p>\n<p>Mutlu: \u201cBizim y\u00f6netimimizde iki t\u00fcrl\u00fc meclis olacak\u201d<\/p>\n<p>Kurulacak y\u00f6netimde iki t\u00fcr meclis olaca\u011f\u0131n\u0131 belirten Hasan Mutlu, \u201cBirincisi sivil toplum kurulu\u015flar\u0131ndan olu\u015facak bir meclis, ikincisi belediyenin kendi asl\u0131 meclisi. Sivil toplum kurulu\u015flar\u0131ndan gelen g\u00f6r\u00fc\u015f ve \u00f6neriler toplanacak ve yorum yap\u0131lacak, tart\u0131\u015f\u0131lacak, uygun g\u00f6r\u00fcnenler, halk\u0131n yarar\u0131na olanlar tespit edilecek, ard\u0131ndan belediye meclisine sunulacak. Biz Bayrampa\u015fa\u2019da ortak ak\u0131ll\u0131n hakim oldu\u011fu bir y\u00f6netim anlay\u0131\u015f\u0131 istiyoruz\u201d dedi.<\/p>\n<p>Ziyarete kat\u0131lan dinleyicilerden birinin <strong>Bayrampa\u015fa<\/strong>\u2019da yuvalar\u0131n \u00e7ok pahal\u0131 ve pek alternatiflerin olmad\u0131\u011f\u0131ndan \u015fik\u00e2yet emesi \u00fczerine ise Mutlu, \u201cBen de bir e\u011fitimci olarak \u00f6ncelikle yuvalar\u0131n \u00e7ok \u00f6nemli oldu\u011funu belirtmek istiyorum. \u00c7ocuklara bu ya\u015fta verilen e\u011fitim, gelecek y\u0131llarda ki\u015filiklerinin \u015fekillenmesinde olduk\u00e7a \u00f6nemli&#8221; diyerek s\u00f6zlerini \u015fu \u015fekilde s\u00fcrd\u00fcrd\u00fc:<\/p>\n<p>&#8220;Faaliyetlerimizde g\u00f6r\u00fc\u015ft\u00fc\u011f\u00fcm\u00fcz insanlar\u0131n sorunlar\u0131n\u0131n yan\u0131 s\u0131ra ihtiya\u00e7lar\u0131n\u0131 da dinliyoruz. Ve tespitler yap\u0131yoruz. <strong>Bayrampa\u015fa<\/strong>\u2019ya yerle\u015fen vatanada\u015f\u0131m\u0131z\u0131n\u00a0 bir\u00e7o\u011funun yak\u0131nlar\u0131 bu semtte ya\u015fam\u0131yor. Bu aileler \u00e7ocuklar\u0131n\u0131 emin olabildikleri yuvalara vermek zorundalar. \u00c7\u00fcnk\u00fc bir\u00e7o\u011funun\u00a0 yak\u0131n\u0131 memleketlerinde ya\u015f\u0131yor. Bu nedenlerle b\u00f6lgemizde gerek e\u011fitim gerekse e\u011fitimci kalitesi ile ailelerin \u00e7ocuklar\u0131n\u0131 g\u00fcvenle teslim edece\u011fi yuvalara ihtiya\u00e7 bulunuyor\u201d dedi.<\/p><div id=\"bghab-4205718319\" class=\"bghab-icerik-icine-10-paragraf bghab-entity-placement\"><script async src=\"\/\/pagead2.googlesyndication.com\/pagead\/js\/adsbygoogle.js?client=ca-pub-6203283170189293\" crossorigin=\"anonymous\"><\/script><ins class=\"adsbygoogle\" style=\"display:block; text-align:center;\" data-ad-client=\"ca-pub-6203283170189293\" \ndata-ad-slot=\"7303146466\" \ndata-ad-layout=\"in-article\"\ndata-ad-format=\"fluid\" data-full-width-responsive=\"true\"><\/ins>\n<script> \n(adsbygoogle = window.adsbygoogle || []).push({}); \n<\/script>\n<\/div>\n<p><strong>Bayrampa\u015fa<\/strong> halk\u0131n\u0131n tevecc\u00fch\u00fc ve ilgisiyle <strong>Bayrampa\u015fa<\/strong>\u2019ya talip olduklar\u0131n\u0131, halka hizmetin, hakka hizmet oldu\u011fu bilinciyle hareket ettiklerini ziyarette s\u00f6zlerine ekleyen \u00a0Mutlu, \u201cBu bilin\u00e7le bizlere g\u00f6rev tevdi edildi\u011finde il\u00e7emizin her mahalesine ayn\u0131 kararl\u0131l\u0131kta ve e\u015fitlikte hizmet etmeyi s\u00fcrd\u00fcrece\u011fiz\u201d ifadelerini kulland\u0131.<\/p>\n<p><strong>Cumhuriyet Halk Partisi<\/strong> <strong>Bayrampa\u015fa<\/strong> \u0130l\u00e7e Ba\u015fkanl\u0131\u011f\u0131 g\u00f6revinde bulunan ve <strong>Bayrampa\u015fa<\/strong> Atat\u00fcrk\u00e7\u00fc D\u00fc\u015f\u00fcnce Derne\u011fi Kurucu Ba\u015fkan\u0131 olan Hasan Mutlu, 35 y\u0131l\u0131 a\u015fk\u0131n s\u00fcredir bu b\u00f6lgeye gerek e\u011fitimci rol\u00fc ile gerekse siyasi kimli\u011fi ile katk\u0131larda bulunuyor.<\/p>\n<p>&nbsp;<\/p>\n<p>Neriman ERALP<br \/>\nBULT\u00dcRK Derne\u011fi<br \/>\nHalkla ili\u015fkiler sorumlusu<\/p>\n<div id=\"bghab-726622623\" class=\"bghab-yazi-altinda bghab-entity-placement\"><script async src=\"https:\/\/pagead2.googlesyndication.com\/pagead\/js\/adsbygoogle.js\"><\/script>\r\n<!-- bghaber-yaz\u0131-sonu -->\r\n<ins class=\"adsbygoogle\"\r\n     style=\"display:block\"\r\n     data-ad-client=\"ca-pub-6203283170189293\"\r\n     data-ad-slot=\"4222328180\"\r\n     data-ad-format=\"auto\"\r\n     data-full-width-responsive=\"true\"><\/ins>\r\n<script>\r\n     (adsbygoogle = window.adsbygoogle || []).push({});\r\n<\/script><\/div><br style=\"clear: both; display: block; float: none;\"\/>","protected":false},"excerpt":{"rendered":"<p>CHP Bayrampa\u015fa Belediyesi Ba\u015fkan aday aday\u0131 Sn.Hasan Mutlu BULT\u00dcRK Derne\u011fi&#8217;ni ziyaret etti. Bayrampa\u015fa\u2019da yerel se\u00e7imlerinde BULT\u00dcRK 22.000 se\u00e7meni ile el ele\u2026<\/p>\n","protected":false},"author":29,"featured_media":7830,"comment_status":"closed","ping_status":"closed","sticky":false,"template":"","format":"standard","meta":{"advanced_seo_description":"","jetpack_seo_html_title":"","jetpack_seo_noindex":false,"jetpack_seo_schema_type":"","_jetpack_newsletter_access":"","_jetpack_dont_email_post_to_subs":false,"_jetpack_newsletter_tier_id":0,"_jetpack_memberships_contains_paywalled_content":false,"_jetpack_feature_clip_id":0,"_jetpack_memberships_contains_paid_content":false,"footnotes":"","jetpack_post_was_ever_published":false},"categories":[4],"tags":[537,37,141,538],"class_list":["post-7828","post","type-post","status-publish","format-standard","has-post-thumbnail","hentry","category-siyaset","tag-bayrampasa","tag-bulturk","tag-chp","tag-hasan-mutlu"],"jetpack_sharing_enabled":true,"jetpack_likes_enabled":true,"jetpack-related-posts":[],"jetpack_shortlink":"https:\/\/wp.me\/pc2PfJ-22g","jetpack_featured_media_url":"https:\/\/i0.wp.com\/www.bghaber.org\/bghaber\/wp-content\/uploads\/2013\/10\/CHP-bulturk1.jpg?fit=601%2C318&ssl=1","_links":{"self":[{"href":"https:\/\/www.bghaber.org\/bghaber\/wp-json\/wp\/v2\/posts\/7828","targetHints":{"allow":["GET"]}}],"collection":[{"href":"https:\/\/www.bghaber.org\/bghaber\/wp-json\/wp\/v2\/posts"}],"about":[{"href":"https:\/\/www.bghaber.org\/bghaber\/wp-json\/wp\/v2\/types\/post"}],"author":[{"embeddable":true,"href":"https:\/\/www.bghaber.org\/bghaber\/wp-json\/wp\/v2\/users\/29"}],"replies":[{"embeddable":true,"href":"https:\/\/www.bghaber.org\/bghaber\/wp-json\/wp\/v2\/comments?post=7828"}],"version-history":[{"count":0,"href":"https:\/\/www.bghaber.org\/bghaber\/wp-json\/wp\/v2\/posts\/7828\/revisions"}],"wp:featuredmedia":[{"embeddable":true,"href":"https:\/\/www.bghaber.org\/bghaber\/wp-json\/wp\/v2\/media\/7830"}],"wp:attachment":[{"href":"https:\/\/www.bghaber.org\/bghaber\/wp-json\/wp\/v2\/media?parent=7828"}],"wp:term":[{"taxonomy":"category","embeddable":true,"href":"https:\/\/www.bghaber.org\/bghaber\/wp-json\/wp\/v2\/categories?post=7828"},{"taxonomy":"post_tag","embeddable":true,"href":"https:\/\/www.bghaber.org\/bghaber\/wp-json\/wp\/v2\/tags?post=7828"}],"curies":[{"name":"wp","href":"https:\/\/api.w.org\/{rel}","templated":true}]}}