{"id":7382,"date":"2013-10-14T22:55:27","date_gmt":"2013-10-14T19:55:27","guid":{"rendered":"http:\/\/www.bghaber.org\/bghaber\/?p=7382"},"modified":"2019-07-12T20:15:09","modified_gmt":"2019-07-12T18:15:09","slug":"kurban-bayrami-nedeniyle-bulgaristanda-turklerin-yasadigi-bolgeler-canlandi","status":"publish","type":"post","link":"https:\/\/www.bghaber.org\/bghaber\/kurban-bayrami-nedeniyle-bulgaristanda-turklerin-yasadigi-bolgeler-canlandi\/","title":{"rendered":"Kurban Bayram\u0131 nedeniyle Bulgaristan&#8217;da T\u00fcrklerin ya\u015fad\u0131\u011f\u0131 b\u00f6lgeler canland\u0131"},"content":{"rendered":"<p>T\u00fcrkiye&#8217;de ya\u015fayan binlerce Bulgaristan g\u00f6\u00e7meni ve Bat\u0131 Avrupa \u00fclkelerinde \u00e7al\u0131\u015fanlar bayram nedeniyle \u00fclkeye d\u00f6nmeye devam ediyor. Kurban Bayram\u0131&#8217;n\u0131 do\u011fum yerlerinde ge\u00e7irmek isteyenler, T\u00fcrklerin ve M\u00fcsl\u00fcmanlar\u0131n ya\u015fad\u0131\u011f\u0131 b\u00f6lgelerin canlanmas\u0131na neden oldu.\u00a0<!--more--><a href=\"https:\/\/i0.wp.com\/www.bghaber.org\/bghaber\/wp-content\/uploads\/2013\/10\/kurban-koc.jpg\"><img data-recalc-dims=\"1\" loading=\"lazy\" decoding=\"async\" class=\"alignleft size-medium wp-image-7029\" alt=\"kurban-koc\" src=\"https:\/\/i0.wp.com\/www.bghaber.org\/bghaber\/wp-content\/uploads\/2013\/10\/kurban-koc-300x223.jpg?resize=300%2C223\" width=\"300\" height=\"223\" srcset=\"https:\/\/i0.wp.com\/www.bghaber.org\/bghaber\/wp-content\/uploads\/2013\/10\/kurban-koc.jpg?resize=300%2C223&amp;ssl=1 300w, https:\/\/i0.wp.com\/www.bghaber.org\/bghaber\/wp-content\/uploads\/2013\/10\/kurban-koc.jpg?w=333&amp;ssl=1 333w\" sizes=\"auto, (max-width: 300px) 100vw, 300px\" \/><\/a><\/p>\n<p>T\u00fcrkiye&#8217;de, Bulgaristan T\u00fcrklerinin \u00e7o\u011funlukta ikamet etti\u011fi \u0130stanbul, Bursa, \u0130zmir, Edirne ve Yalova gibi illerden onlarca yolcu otob\u00fcs\u00fc Bulgaristan&#8217;\u0131n K\u0131rcaali, \u015eumnu, Razgrad, Rus\u00e7uk ve Haskovo illerine yolcu ta\u015f\u0131maya devam ediyor. Bayram\u0131n yaratt\u0131\u011f\u0131 insan ak\u0131n\u0131ndan Bulgaristan&#8217;daki esnaf da memnun. Kurban pazarl\u0131klar\u0131nda sat\u0131\u015flar son g\u00fcnde artarken, al\u0131\u015fveri\u015f merkezlerinde yo\u011funluk ya\u015fan\u0131yor.<\/p>\n<p>K\u0131rcaali&#8217;de araba kiralama \u015firketi sahibi Nikolay Obretenov, &#8220;Bayramdan \u00f6nce bir iki ara\u00e7 zor kiralayabiliyordum. Halihaz\u0131rda bo\u015f arac\u0131m yok, oysa s\u00fcrekli sormaya geliyorlar&#8221; dedi.<\/p>\n<p>Bayram\u0131n co\u015fkusu taksi \u015fof\u00f6rlerini de sevindirdi. K\u0131rcaali ve di\u011fer b\u00fcy\u00fck \u015fehirlerdeki taksiciler, bayramlar\u0131 sab\u0131rs\u0131zl\u0131kla beklediklerini ifade ederek bayram \u00f6ncesi ve sonras\u0131nda i\u015flerin katland\u0131\u011f\u0131n\u0131 s\u00f6yl\u00fcyor.\u00a0Haskovo otogar\u0131nda taksicilik yapan Selim Mehmet &#8220;\u00c7ok \u015f\u00fck\u00fcr bayramlarda i\u015flerimiz iyi gidiyor. \u0130nsanlar kurbanl\u0131klar\u0131n\u0131 kesmek i\u00e7in T\u00fcrkiye ve di\u011fer \u00fclkelerden memleketlerine geliyor&#8221; dedi.<\/p>\n<p>AA<\/p><div id=\"bghab-1754450010\" class=\"bghab-icerik-icine bghab-entity-placement\"><script async src=\"\/\/pagead2.googlesyndication.com\/pagead\/js\/adsbygoogle.js?client=ca-pub-6203283170189293\" crossorigin=\"anonymous\"><\/script><ins class=\"adsbygoogle\" style=\"display:block; text-align:center;\" data-ad-client=\"ca-pub-6203283170189293\" \ndata-ad-slot=\"7303146466\" \ndata-ad-layout=\"in-article\"\ndata-ad-format=\"fluid\" data-full-width-responsive=\"true\"><\/ins>\n<script> \n(adsbygoogle = window.adsbygoogle || []).push({}); \n<\/script>\n<\/div>\n<div id=\"bghab-1055995426\" class=\"bghab-yazi-altinda bghab-entity-placement\"><script async src=\"https:\/\/pagead2.googlesyndication.com\/pagead\/js\/adsbygoogle.js\"><\/script>\r\n<!-- bghaber-yaz\u0131-sonu -->\r\n<ins class=\"adsbygoogle\"\r\n     style=\"display:block\"\r\n     data-ad-client=\"ca-pub-6203283170189293\"\r\n     data-ad-slot=\"4222328180\"\r\n     data-ad-format=\"auto\"\r\n     data-full-width-responsive=\"true\"><\/ins>\r\n<script>\r\n     (adsbygoogle = window.adsbygoogle || []).push({});\r\n<\/script><\/div><br style=\"clear: both; display: block; float: none;\"\/>","protected":false},"excerpt":{"rendered":"<p>T\u00fcrkiye&#8217;de ya\u015fayan binlerce Bulgaristan g\u00f6\u00e7meni ve Bat\u0131 Avrupa \u00fclkelerinde \u00e7al\u0131\u015fanlar bayram nedeniyle \u00fclkeye d\u00f6nmeye devam ediyor. Kurban Bayram\u0131&#8217;n\u0131 do\u011fum yerlerinde ge\u00e7irmek isteyenler, T\u00fcrklerin ve M\u00fcsl\u00fcmanlar\u0131n<\/p>\n","protected":false},"author":29,"featured_media":7029,"comment_status":"closed","ping_status":"closed","sticky":false,"template":"","format":"standard","meta":{"advanced_seo_description":"","jetpack_seo_html_title":"","jetpack_seo_noindex":false,"jetpack_seo_schema_type":"","_jetpack_newsletter_access":"","_jetpack_dont_email_post_to_subs":false,"_jetpack_newsletter_tier_id":0,"_jetpack_memberships_contains_paywalled_content":false,"_jetpack_feature_clip_id":0,"_jetpack_memberships_contains_paid_content":false,"footnotes":"","jetpack_post_was_ever_published":false},"categories":[9],"tags":[30],"class_list":["post-7382","post","type-post","status-publish","format-standard","has-post-thumbnail","hentry","category-ekonomi","tag-bulgaristan"],"jetpack_sharing_enabled":true,"jetpack_likes_enabled":true,"jetpack-related-posts":[],"jetpack_shortlink":"https:\/\/wp.me\/pc2PfJ-1V4","jetpack_featured_media_url":"https:\/\/i0.wp.com\/www.bghaber.org\/bghaber\/wp-content\/uploads\/2013\/10\/kurban-koc.jpg?fit=333%2C248&ssl=1","_links":{"self":[{"href":"https:\/\/www.bghaber.org\/bghaber\/wp-json\/wp\/v2\/posts\/7382","targetHints":{"allow":["GET"]}}],"collection":[{"href":"https:\/\/www.bghaber.org\/bghaber\/wp-json\/wp\/v2\/posts"}],"about":[{"href":"https:\/\/www.bghaber.org\/bghaber\/wp-json\/wp\/v2\/types\/post"}],"author":[{"embeddable":true,"href":"https:\/\/www.bghaber.org\/bghaber\/wp-json\/wp\/v2\/users\/29"}],"replies":[{"embeddable":true,"href":"https:\/\/www.bghaber.org\/bghaber\/wp-json\/wp\/v2\/comments?post=7382"}],"version-history":[{"count":0,"href":"https:\/\/www.bghaber.org\/bghaber\/wp-json\/wp\/v2\/posts\/7382\/revisions"}],"wp:featuredmedia":[{"embeddable":true,"href":"https:\/\/www.bghaber.org\/bghaber\/wp-json\/wp\/v2\/media\/7029"}],"wp:attachment":[{"href":"https:\/\/www.bghaber.org\/bghaber\/wp-json\/wp\/v2\/media?parent=7382"}],"wp:term":[{"taxonomy":"category","embeddable":true,"href":"https:\/\/www.bghaber.org\/bghaber\/wp-json\/wp\/v2\/categories?post=7382"},{"taxonomy":"post_tag","embeddable":true,"href":"https:\/\/www.bghaber.org\/bghaber\/wp-json\/wp\/v2\/tags?post=7382"}],"curies":[{"name":"wp","href":"https:\/\/api.w.org\/{rel}","templated":true}]}}