{"id":7246,"date":"2013-10-10T00:12:53","date_gmt":"2013-10-09T21:12:53","guid":{"rendered":"http:\/\/www.bghaber.org\/bghaber\/?p=7246"},"modified":"2019-07-12T20:15:52","modified_gmt":"2019-07-12T18:15:52","slug":"zvezdel-koyunde-miniklere-hosgoru-ogretilecek","status":"publish","type":"post","link":"https:\/\/www.bghaber.org\/bghaber\/zvezdel-koyunde-miniklere-hosgoru-ogretilecek\/","title":{"rendered":"Zvezdel k\u00f6y\u00fcnde miniklere ho\u015fg\u00f6r\u00fc \u00f6\u011fretilecek"},"content":{"rendered":"<p>Mom\u00e7ilgrad\u2019\u0131n (Mestanl\u0131) Zvezdel (G\u00f6k Viran) k\u00f6y\u00fcndeki \u015etastlivo Detstvo Anaokulu \u00c7ocuklara Ho\u015fg\u00f6r\u00fcy\u00fc \u00d6\u011fretmek \u0130\u00e7in F\u0131rsat projesini kazand\u0131. Proje, E\u011fitim ve Bilim Bakanl\u0131\u011f\u0131 taraf\u0131ndan finanse ediliyor. Etnik az\u0131nl\u0131klardan \u00e7ocuklar\u0131n k\u00fclt\u00fcrel kimli\u011fini geli\u015ftirilmesi ama\u00e7lan\u0131yor. <!--more--><a href=\"https:\/\/i0.wp.com\/www.bghaber.org\/bghaber\/wp-content\/uploads\/2013\/10\/zvezdel-koyu-mestanli-kircaali.jpg\"><img data-recalc-dims=\"1\" loading=\"lazy\" decoding=\"async\" class=\"alignleft size-medium wp-image-7247\" alt=\"zvezdel-koyu-mestanli-kircaali\" src=\"https:\/\/i0.wp.com\/www.bghaber.org\/bghaber\/wp-content\/uploads\/2013\/10\/zvezdel-koyu-mestanli-kircaali-300x200.jpg?resize=300%2C200\" width=\"300\" height=\"200\" srcset=\"https:\/\/i0.wp.com\/www.bghaber.org\/bghaber\/wp-content\/uploads\/2013\/10\/zvezdel-koyu-mestanli-kircaali.jpg?resize=300%2C200&amp;ssl=1 300w, https:\/\/i0.wp.com\/www.bghaber.org\/bghaber\/wp-content\/uploads\/2013\/10\/zvezdel-koyu-mestanli-kircaali.jpg?w=600&amp;ssl=1 600w\" sizes=\"auto, (max-width: 300px) 100vw, 300px\" \/><\/a><br \/>\nProje esnas\u0131nda 4 ile 7 ya\u015f aras\u0131ndaki 41 minik farkl\u0131 etnik topluluklar\u0131n gelenek ve g\u00f6renekleriyle tan\u0131\u015facak. Ayr\u0131ca projeye velilerle \u00f6\u011fretmenler de dahil edilecek. Onlar\u0131n \u00e7ok k\u00fclt\u00fcrl\u00fc ortamda \u00e7al\u0131\u015fma becerilerini geli\u015ftirmeleri hedefler aras\u0131nda.<\/p>\n<p>Projenin giri\u015f konferans\u0131 bug\u00fcn Zvezdel Aleko Konstantinov Toplum Merkezi\u2019nin salonunda yap\u0131ld\u0131. Konferansta Mom\u00e7ilgrad Belediye Ba\u015fkan Yard\u0131mc\u0131s\u0131 Erol Mehmet, belediye \u00e7al\u0131\u015fanlar\u0131, \u00e7ocuk, veli ve \u00f6\u011fretmenler yer ald\u0131lar.<\/p>\n<p>Proje sayesinde Bulgar, T\u00fcrk ve Roman as\u0131ll\u0131 \u00e7ocuklar\u0131n kat\u0131l\u0131m\u0131yla \u00e7ocuk kul\u00fcpleri kurulacak. Ortak yap\u0131lacak \u00e7al\u0131\u015fmalarla \u00e7ocuklar etnik az\u0131nl\u0131klar\u0131n gelenek ve g\u00f6renekleriyle tan\u0131\u015f\u0131p kar\u015f\u0131s\u0131ndakine olan \u00f6nyarg\u0131lar\u0131n\u0131 a\u015farak tutum modelleri benimseyecek. Minikler, k\u00f6y ve ulusal kutlama etkinliklerine kat\u0131lacak. M\u00fcze, dini ibadet yerleri ve tarihi k\u00fclt\u00fcrel an\u0131tlar\u0131 ziyaret edip tarih\u00e7i ile din adamlar\u0131yla g\u00f6r\u00fc\u015fecekler. Velilerin kuraca\u011f\u0131 bir kul\u00fcp ise \u00e7ocuklara farkl\u0131 dinlerin do\u011fumu ve geleneksel bayramlar\u0131n kutlanmas\u0131yla ilgili en ilgin\u00e7 \u015feyler hakk\u0131nda bilgi verecek.<\/p>\n<p>Projenin s\u00fcresi 8 ay. Proje i\u00e7in Etnik Az\u0131nl\u0131klardan Olan \u00c7ocuk ve \u00d6\u011frencilerin E\u011fitim Entegrasyonu Merkezi taraf\u0131ndan 9 000 leva miktar\u0131nda finansman sa\u011flanm\u0131\u015ft\u0131r.<\/p>\n<p>&nbsp;<\/p>\n<p>K\u0131rcaali Haber<\/p><div id=\"bghab-338677658\" class=\"bghab-icerik-icine bghab-entity-placement\"><script async src=\"\/\/pagead2.googlesyndication.com\/pagead\/js\/adsbygoogle.js?client=ca-pub-6203283170189293\" crossorigin=\"anonymous\"><\/script><ins class=\"adsbygoogle\" style=\"display:block; text-align:center;\" data-ad-client=\"ca-pub-6203283170189293\" \ndata-ad-slot=\"7303146466\" \ndata-ad-layout=\"in-article\"\ndata-ad-format=\"fluid\" data-full-width-responsive=\"true\"><\/ins>\n<script> \n(adsbygoogle = window.adsbygoogle || []).push({}); \n<\/script>\n<\/div>\n<div id=\"bghab-4058051498\" class=\"bghab-yazi-altinda bghab-entity-placement\"><script async src=\"https:\/\/pagead2.googlesyndication.com\/pagead\/js\/adsbygoogle.js\"><\/script>\r\n<!-- bghaber-yaz\u0131-sonu -->\r\n<ins class=\"adsbygoogle\"\r\n     style=\"display:block\"\r\n     data-ad-client=\"ca-pub-6203283170189293\"\r\n     data-ad-slot=\"4222328180\"\r\n     data-ad-format=\"auto\"\r\n     data-full-width-responsive=\"true\"><\/ins>\r\n<script>\r\n     (adsbygoogle = window.adsbygoogle || []).push({});\r\n<\/script><\/div><br style=\"clear: both; display: block; float: none;\"\/>","protected":false},"excerpt":{"rendered":"<p>Mom\u00e7ilgrad\u2019\u0131n (Mestanl\u0131) Zvezdel (G\u00f6k Viran) k\u00f6y\u00fcndeki \u015etastlivo Detstvo Anaokulu \u00c7ocuklara Ho\u015fg\u00f6r\u00fcy\u00fc \u00d6\u011fretmek \u0130\u00e7in F\u0131rsat projesini kazand\u0131. Proje, E\u011fitim ve Bilim Bakanl\u0131\u011f\u0131 taraf\u0131ndan finanse ediliyor. Etnik<\/p>\n","protected":false},"author":29,"featured_media":7247,"comment_status":"closed","ping_status":"closed","sticky":false,"template":"","format":"standard","meta":{"advanced_seo_description":"","jetpack_seo_html_title":"","jetpack_seo_noindex":false,"jetpack_seo_schema_type":"","_jetpack_newsletter_access":"","_jetpack_dont_email_post_to_subs":false,"_jetpack_newsletter_tier_id":0,"_jetpack_memberships_contains_paywalled_content":false,"_jetpack_feature_clip_id":0,"_jetpack_memberships_contains_paid_content":false,"footnotes":"","jetpack_post_was_ever_published":false},"categories":[5],"tags":[30,392,85,119,391],"class_list":["post-7246","post","type-post","status-publish","format-standard","has-post-thumbnail","hentry","category-yasam","tag-bulgaristan","tag-gok-viran-koyu","tag-mestanli","tag-momcilgrad","tag-zvezdel"],"jetpack_sharing_enabled":true,"jetpack_likes_enabled":true,"jetpack-related-posts":[],"jetpack_shortlink":"https:\/\/wp.me\/pc2PfJ-1SS","jetpack_featured_media_url":"https:\/\/i0.wp.com\/www.bghaber.org\/bghaber\/wp-content\/uploads\/2013\/10\/zvezdel-koyu-mestanli-kircaali.jpg?fit=600%2C400&ssl=1","_links":{"self":[{"href":"https:\/\/www.bghaber.org\/bghaber\/wp-json\/wp\/v2\/posts\/7246","targetHints":{"allow":["GET"]}}],"collection":[{"href":"https:\/\/www.bghaber.org\/bghaber\/wp-json\/wp\/v2\/posts"}],"about":[{"href":"https:\/\/www.bghaber.org\/bghaber\/wp-json\/wp\/v2\/types\/post"}],"author":[{"embeddable":true,"href":"https:\/\/www.bghaber.org\/bghaber\/wp-json\/wp\/v2\/users\/29"}],"replies":[{"embeddable":true,"href":"https:\/\/www.bghaber.org\/bghaber\/wp-json\/wp\/v2\/comments?post=7246"}],"version-history":[{"count":0,"href":"https:\/\/www.bghaber.org\/bghaber\/wp-json\/wp\/v2\/posts\/7246\/revisions"}],"wp:featuredmedia":[{"embeddable":true,"href":"https:\/\/www.bghaber.org\/bghaber\/wp-json\/wp\/v2\/media\/7247"}],"wp:attachment":[{"href":"https:\/\/www.bghaber.org\/bghaber\/wp-json\/wp\/v2\/media?parent=7246"}],"wp:term":[{"taxonomy":"category","embeddable":true,"href":"https:\/\/www.bghaber.org\/bghaber\/wp-json\/wp\/v2\/categories?post=7246"},{"taxonomy":"post_tag","embeddable":true,"href":"https:\/\/www.bghaber.org\/bghaber\/wp-json\/wp\/v2\/tags?post=7246"}],"curies":[{"name":"wp","href":"https:\/\/api.w.org\/{rel}","templated":true}]}}