{"id":65315,"date":"2026-08-30T17:23:12","date_gmt":"2026-08-30T14:23:12","guid":{"rendered":"https:\/\/www.bghaber.org\/bghaber\/?p=65315"},"modified":"2026-08-30T17:24:43","modified_gmt":"2026-08-30T14:24:43","slug":"29-agustostan-30-agustosa-tarihi-zaferlerden-gelecegin-turkiyesine","status":"publish","type":"post","link":"https:\/\/www.bghaber.org\/bghaber\/29-agustostan-30-agustosa-tarihi-zaferlerden-gelecegin-turkiyesine\/","title":{"rendered":"29 A\u011eUSTOS\u2019TAN 30 A\u011eUSTOS\u2019A: TAR\u0130H\u0130 ZAFERLERDEN GELECE\u011e\u0130N T\u00dcRK\u0130YE\u2019S\u0130NE"},"content":{"rendered":"<h2 class=\"western\"><span style=\"font-family: Tahoma, sans-serif;\"><span style=\"font-size: large;\">Belgrad\u2019dan Moha\u00e7\u2019a, Malazgirt\u2019ten B\u00fcy\u00fck Taarruz\u2019a Uzanan Stratejik Ak\u0131l Bize Bug\u00fcn Ne S\u00f6yl\u00fcyor?<\/span><\/span><\/h2>\n<p><span style=\"font-family: Tahoma, sans-serif;\"><span style=\"font-size: large;\">Tarih yaln\u0131zca ge\u00e7mi\u015fte ya\u015fanm\u0131\u015f olaylar\u0131n toplam\u0131 de\u011fildir. Tarih, do\u011fru okundu\u011funda milletlerin gelece\u011fini kuran en b\u00fcy\u00fck strateji okuludur.<\/span><\/span><\/p>\n<p><span style=\"font-family: Tahoma, sans-serif;\"><span style=\"font-size: large;\">Bu nedenle Belgrad\u2019\u0131n fethini, Moha\u00e7 Zaferi\u2019ni, Malazgirt\u2019i, \u00c7anakkale\u2019yi ve 30 A\u011fustos\u2019u yaln\u0131zca \u201cge\u00e7mi\u015fte kazan\u0131lm\u0131\u015f b\u00fcy\u00fck zaferler\u201d olarak anlatmak yeterli de\u011fildir. As\u0131l sorulmas\u0131 gereken soru \u015fudur:<\/span><\/span><\/p>\n<p><strong><span style=\"font-family: Tahoma, sans-serif;\"><span style=\"font-size: large;\">Bu zaferleri m\u00fcmk\u00fcn k\u0131lan ak\u0131l neydi ve o akl\u0131 bug\u00fcn nas\u0131l yeniden \u00fcretebiliriz?<\/span><\/span><\/strong><\/p>\n<p><span style=\"font-family: Tahoma, sans-serif;\"><span style=\"font-size: large;\">\u00c7\u00fcnk\u00fc milletler sadece ge\u00e7mi\u015fleriyle b\u00fcy\u00fck olmazlar. Ge\u00e7mi\u015flerinden \u00e7\u0131kard\u0131klar\u0131 dersleri gelece\u011fe d\u00f6n\u00fc\u015ft\u00fcrebildikleri \u00f6l\u00e7\u00fcde b\u00fcy\u00fck kal\u0131rlar.<\/span><\/span><\/p>\n<p><span style=\"font-family: Tahoma, sans-serif;\"><span style=\"font-size: large;\">29 A\u011fustos 1526\u2019da Moha\u00e7 Ovas\u0131\u2019nda kazan\u0131lan zafer, bundan be\u015f y\u0131l \u00f6nce Osmanl\u0131 h\u00e2kimiyetine ge\u00e7en Belgrad\u2019\u0131n a\u00e7t\u0131\u011f\u0131 stratejik yolun devam\u0131yd\u0131. Bir g\u00fcn sonra, yani 30 A\u011fustos\u2019u d\u00fc\u015f\u00fcnd\u00fc\u011f\u00fcm\u00fczde ise zihnimiz d\u00f6rt as\u0131r sonras\u0131na, 1922\u2019ye, Ba\u015fkomutanl\u0131k Meydan Muharebesi\u2019ne gider.<\/span><\/span><\/p><div id=\"bghab-2771630099\" class=\"bghab-icerik-icine bghab-entity-placement\"><script async src=\"\/\/pagead2.googlesyndication.com\/pagead\/js\/adsbygoogle.js?client=ca-pub-6203283170189293\" crossorigin=\"anonymous\"><\/script><ins class=\"adsbygoogle\" style=\"display:block; text-align:center;\" data-ad-client=\"ca-pub-6203283170189293\" \ndata-ad-slot=\"7303146466\" \ndata-ad-layout=\"in-article\"\ndata-ad-format=\"fluid\" data-full-width-responsive=\"true\"><\/ins>\n<script> \n(adsbygoogle = window.adsbygoogle || []).push({}); \n<\/script>\n<\/div>\n<p><span style=\"font-family: Tahoma, sans-serif;\"><span style=\"font-size: large;\">D\u00f6nemler farkl\u0131d\u0131r. Devletler, \u015fartlar ve hedefler farkl\u0131d\u0131r.<\/span><\/span><\/p>\n<p><span style=\"font-family: Tahoma, sans-serif;\"><span style=\"font-size: large;\">Ama tarihin derinliklerinde de\u011fi\u015fmeyen bir ger\u00e7ek vard\u0131r:<\/span><\/span><\/p>\n<p><strong><span style=\"font-family: Tahoma, sans-serif;\"><span style=\"font-size: large;\">Zafer, tesad\u00fcf de\u011fil; haz\u0131rl\u0131\u011f\u0131n, stratejinin, kurumlar\u0131n, insan g\u00fcc\u00fcn\u00fcn ve do\u011fru zamanlaman\u0131n sonucudur.<\/span><\/span><\/strong><\/p>\n<h2 class=\"western\"><span style=\"font-family: Tahoma, sans-serif;\"><span style=\"font-size: large;\">BELGRAD\u2019I ALMAK DE\u011e\u0130L, BELGRAD\u2019IN \u00d6TES\u0130N\u0130 G\u00d6REB\u0130LMEK<\/span><\/span><\/h2>\n<p><span style=\"font-family: Tahoma, sans-serif;\"><span style=\"font-size: large;\">Belgrad 1521\u2019de Osmanl\u0131 i\u00e7in yaln\u0131zca ele ge\u00e7irilmesi gereken bir kale de\u011fildi.<\/span><\/span><\/p>\n<p><span style=\"font-family: Tahoma, sans-serif;\"><span style=\"font-size: large;\">Tuna ile Sava nehirlerinin birle\u015fti\u011fi noktada, Balkanlardan Orta Avrupa\u2019ya a\u00e7\u0131lan b\u00fcy\u00fck bir stratejik d\u00fc\u011f\u00fcmd\u00fc.<\/span><\/span><\/p><div id=\"bghab-2364575801\" class=\"bghab-icerik-icine-10-paragraf bghab-entity-placement\"><script async src=\"\/\/pagead2.googlesyndication.com\/pagead\/js\/adsbygoogle.js?client=ca-pub-6203283170189293\" crossorigin=\"anonymous\"><\/script><ins class=\"adsbygoogle\" style=\"display:block; text-align:center;\" data-ad-client=\"ca-pub-6203283170189293\" \ndata-ad-slot=\"7303146466\" \ndata-ad-layout=\"in-article\"\ndata-ad-format=\"fluid\" data-full-width-responsive=\"true\"><\/ins>\n<script> \n(adsbygoogle = window.adsbygoogle || []).push({}); \n<\/script>\n<\/div>\n<p><span style=\"font-family: Tahoma, sans-serif;\"><span style=\"font-size: large;\">Belgrad\u2019a h\u00e2kim olmak;<\/span><\/span><\/p>\n<p><span style=\"font-family: Tahoma, sans-serif;\"><span style=\"font-size: large;\">Tuna hatt\u0131na yakla\u015fmak,<\/span><\/span><\/p>\n<p><span style=\"font-family: Tahoma, sans-serif;\"><span style=\"font-size: large;\">ula\u015ft\u0131rma imk\u00e2nlar\u0131n\u0131 geni\u015fletmek,<\/span><\/span><\/p>\n<p><span style=\"font-family: Tahoma, sans-serif;\"><span style=\"font-size: large;\">lojistik derinlik kazanmak,<\/span><\/span><\/p>\n<p><span style=\"font-family: Tahoma, sans-serif;\"><span style=\"font-size: large;\">Macaristan\u2019a uzanan yol \u00fczerindeki \u00f6nemli engellerden birini ortadan kald\u0131rmak anlam\u0131na geliyordu.<\/span><\/span><\/p><div id=\"bghab-723354015\" class=\"bghab-icerik-icine-15-paragraf bghab-entity-placement\"><script async src=\"\/\/pagead2.googlesyndication.com\/pagead\/js\/adsbygoogle.js?client=ca-pub-6203283170189293\" crossorigin=\"anonymous\"><\/script><ins class=\"adsbygoogle\" style=\"display:block; text-align:center;\" data-ad-client=\"ca-pub-6203283170189293\" \ndata-ad-slot=\"7303146466\" \ndata-ad-layout=\"in-article\"\ndata-ad-format=\"fluid\" data-full-width-responsive=\"true\"><\/ins>\n<script> \n(adsbygoogle = window.adsbygoogle || []).push({}); \n<\/script>\n<\/div>\n<p><span style=\"font-family: Tahoma, sans-serif;\"><span style=\"font-size: large;\">Dolay\u0131s\u0131yla b\u00fcy\u00fck devlet akl\u0131, bir \u015fehrin surlar\u0131na bakarken yaln\u0131zca o \u015fehri g\u00f6rmez.<\/span><\/span><\/p>\n<p><strong><span style=\"font-family: Tahoma, sans-serif;\"><span style=\"font-size: large;\">\u015eehrin arkas\u0131ndaki yolu g\u00f6r\u00fcr.<br \/>\nYolun arkas\u0131ndaki pazar\u0131 g\u00f6r\u00fcr.<br \/>\nPazar\u0131n arkas\u0131ndaki siyasi alan\u0131 g\u00f6r\u00fcr.<br \/>\nVe bug\u00fcnk\u00fc hamlenin yar\u0131n hangi kap\u0131y\u0131 a\u00e7aca\u011f\u0131n\u0131 hesaplar.<\/span><\/span><\/strong><\/p>\n<p><span style=\"font-family: Tahoma, sans-serif;\"><span style=\"font-size: large;\">Belgrad\u2019\u0131n ard\u0131ndan be\u015f y\u0131l sonra Moha\u00e7\u2019\u0131n gelmesi bu nedenle tarihsel bir s\u00fcreklilik ta\u015f\u0131r.<\/span><\/span><\/p>\n<p><span style=\"font-family: Tahoma, sans-serif;\"><span style=\"font-size: large;\">Buradan bug\u00fcne ula\u015fan en b\u00fcy\u00fck ders \u015fudur:<\/span><\/span><\/p>\n<h3 class=\"western\"><span style=\"font-family: Tahoma, sans-serif;\"><span style=\"font-size: large;\">B\u00fcy\u00fck hedefler bir anda ger\u00e7ekle\u015fmez; \u00f6nce stratejik kap\u0131lar a\u00e7\u0131l\u0131r.<\/span><\/span><\/h3>\n<p><span style=\"font-family: Tahoma, sans-serif;\"><span style=\"font-size: large;\">Bug\u00fcn de T\u00fcrkiye\u2019nin \u00f6n\u00fcndeki mesele budur.<\/span><\/span><\/p><div id=\"bghab-1769551252\" class=\"bghab-icerik-icine-20-paragraf bghab-entity-placement\"><script async src=\"\/\/pagead2.googlesyndication.com\/pagead\/js\/adsbygoogle.js?client=ca-pub-6203283170189293\" crossorigin=\"anonymous\"><\/script><ins class=\"adsbygoogle\" style=\"display:block; text-align:center;\" data-ad-client=\"ca-pub-6203283170189293\" \ndata-ad-slot=\"7303146466\" \ndata-ad-layout=\"in-article\"\ndata-ad-format=\"fluid\" data-full-width-responsive=\"true\"><\/ins>\n<script> \n(adsbygoogle = window.adsbygoogle || []).push({}); \n<\/script>\n<\/div>\n<p><span style=\"font-family: Tahoma, sans-serif;\"><span style=\"font-size: large;\">Hangi kap\u0131lar\u0131 a\u00e7aca\u011f\u0131z?<\/span><\/span><\/p>\n<p><span style=\"font-family: Tahoma, sans-serif;\"><span style=\"font-size: large;\">Enerjide mi?<\/span><\/span><\/p>\n<p><span style=\"font-family: Tahoma, sans-serif;\"><span style=\"font-size: large;\">Teknolojide mi?<\/span><\/span><\/p>\n<p><span style=\"font-family: Tahoma, sans-serif;\"><span style=\"font-size: large;\">Yapay zek\u00e2da m\u0131?<\/span><\/span><\/p>\n<p><span style=\"font-family: Tahoma, sans-serif;\"><span style=\"font-size: large;\">Savunma sanayiinde mi?<\/span><\/span><\/p><div id=\"bghab-842050264\" class=\"bghab-icerik-icine-25-paragraf bghab-entity-placement\"><script async src=\"\/\/pagead2.googlesyndication.com\/pagead\/js\/adsbygoogle.js?client=ca-pub-6203283170189293\" crossorigin=\"anonymous\"><\/script><ins class=\"adsbygoogle\" style=\"display:block; text-align:center;\" data-ad-client=\"ca-pub-6203283170189293\" \ndata-ad-slot=\"7303146466\" \ndata-ad-layout=\"in-article\"\ndata-ad-format=\"fluid\" data-full-width-responsive=\"true\"><\/ins>\n<script> \n(adsbygoogle = window.adsbygoogle || []).push({}); \n<\/script>\n<\/div>\n<p><span style=\"font-family: Tahoma, sans-serif;\"><span style=\"font-size: large;\">Lojistikte mi?<\/span><\/span><\/p>\n<p><span style=\"font-family: Tahoma, sans-serif;\"><span style=\"font-size: large;\">T\u00fcrk d\u00fcnyas\u0131nda m\u0131?<\/span><\/span><\/p>\n<p><span style=\"font-family: Tahoma, sans-serif;\"><span style=\"font-size: large;\">Balkanlarda m\u0131?<\/span><\/span><\/p>\n<p><span style=\"font-family: Tahoma, sans-serif;\"><span style=\"font-size: large;\">Afrika\u2019da m\u0131?<\/span><\/span><\/p>\n<p><span style=\"font-family: Tahoma, sans-serif;\"><span style=\"font-size: large;\">Uzayda m\u0131?<\/span><\/span><\/p><div id=\"bghab-1290424673\" class=\"bghab-icerik-icine-30-paragraf bghab-entity-placement\"><script async src=\"\/\/pagead2.googlesyndication.com\/pagead\/js\/adsbygoogle.js?client=ca-pub-6203283170189293\" crossorigin=\"anonymous\"><\/script><ins class=\"adsbygoogle\" style=\"display:block; text-align:center;\" data-ad-client=\"ca-pub-6203283170189293\" \ndata-ad-slot=\"7303146466\" \ndata-ad-layout=\"in-article\"\ndata-ad-format=\"fluid\" data-full-width-responsive=\"true\"><\/ins>\n<script> \n(adsbygoogle = window.adsbygoogle || []).push({}); \n<\/script>\n<\/div>\n<p><span style=\"font-family: Tahoma, sans-serif;\"><span style=\"font-size: large;\">\u0130\u015fte gelece\u011fin devlet akl\u0131 bu sorular\u0131n cevaplar\u0131n\u0131 bug\u00fcnden vermek zorundad\u0131r.<\/span><\/span><\/p>\n<h2 class=\"western\"><span style=\"font-family: Tahoma, sans-serif;\"><span style=\"font-size: large;\">MOHA\u00c7 \u0130K\u0130 SAATTE KAZANILMADI<\/span><\/span><\/h2>\n<p><span style=\"font-family: Tahoma, sans-serif;\"><span style=\"font-size: large;\">Moha\u00e7 Meydan Muharebesi tarih kitaplar\u0131nda \u00e7o\u011fu zaman \u00e7ok k\u0131sa s\u00fcrmesiyle anlat\u0131l\u0131r.<\/span><\/span><\/p>\n<p><span style=\"font-family: Tahoma, sans-serif;\"><span style=\"font-size: large;\">Fakat tarih anlat\u0131m\u0131ndaki en b\u00fcy\u00fck hatalardan biri, sava\u015f\u0131n s\u00fcresiyle zaferin haz\u0131rlanma s\u00fcresini birbirine kar\u0131\u015ft\u0131rmakt\u0131r.<\/span><\/span><\/p>\n<p><span style=\"font-family: Tahoma, sans-serif;\"><span style=\"font-size: large;\">Moha\u00e7 belki k\u0131sa s\u00fcrd\u00fc.<\/span><\/span><\/p>\n<p><span style=\"font-family: Tahoma, sans-serif;\"><span style=\"font-size: large;\">Fakat o zaferin arkas\u0131nda y\u0131llar\u0131n haz\u0131rl\u0131\u011f\u0131 vard\u0131.<\/span><\/span><\/p><div id=\"bghab-3303965635\" class=\"bghab-icerik-icine-35-paragraf bghab-entity-placement\"><script async src=\"\/\/pagead2.googlesyndication.com\/pagead\/js\/adsbygoogle.js?client=ca-pub-6203283170189293\" crossorigin=\"anonymous\"><\/script><ins class=\"adsbygoogle\" style=\"display:block; text-align:center;\" data-ad-client=\"ca-pub-6203283170189293\" \ndata-ad-slot=\"7303146466\" \ndata-ad-layout=\"in-article\"\ndata-ad-format=\"fluid\" data-full-width-responsive=\"true\"><\/ins>\n<script> \n(adsbygoogle = window.adsbygoogle || []).push({}); \n<\/script>\n<\/div>\n<p><span style=\"font-family: Tahoma, sans-serif;\"><span style=\"font-size: large;\">Ordu d\u00fczeni vard\u0131.<\/span><\/span><\/p>\n<p><span style=\"font-family: Tahoma, sans-serif;\"><span style=\"font-size: large;\">Top\u00e7u teknolojisi vard\u0131.<\/span><\/span><\/p>\n<p><span style=\"font-family: Tahoma, sans-serif;\"><span style=\"font-size: large;\">\u0130stihbarat vard\u0131.<\/span><\/span><\/p>\n<p><span style=\"font-family: Tahoma, sans-serif;\"><span style=\"font-size: large;\">Lojistik vard\u0131.<\/span><\/span><\/p>\n<p><span style=\"font-family: Tahoma, sans-serif;\"><span style=\"font-size: large;\">Menzil sistemi vard\u0131.<\/span><\/span><\/p><div id=\"bghab-2019229679\" class=\"bghab-icerik-icine-40-paragraf bghab-entity-placement\"><script async src=\"\/\/pagead2.googlesyndication.com\/pagead\/js\/adsbygoogle.js?client=ca-pub-6203283170189293\" crossorigin=\"anonymous\"><\/script><ins class=\"adsbygoogle\" style=\"display:block; text-align:center;\" data-ad-client=\"ca-pub-6203283170189293\" \ndata-ad-slot=\"7303146466\" \ndata-ad-layout=\"in-article\"\ndata-ad-format=\"fluid\" data-full-width-responsive=\"true\"><\/ins>\n<script> \n(adsbygoogle = window.adsbygoogle || []).push({}); \n<\/script>\n<\/div>\n<p><span style=\"font-family: Tahoma, sans-serif;\"><span style=\"font-size: large;\">Sefer yollar\u0131n\u0131n haz\u0131rlanmas\u0131 vard\u0131.<\/span><\/span><\/p>\n<p><span style=\"font-family: Tahoma, sans-serif;\"><span style=\"font-size: large;\">Arazi bilgisi vard\u0131.<\/span><\/span><\/p>\n<p><span style=\"font-family: Tahoma, sans-serif;\"><span style=\"font-size: large;\">Komuta zinciri vard\u0131.<\/span><\/span><\/p>\n<p><span style=\"font-family: Tahoma, sans-serif;\"><span style=\"font-size: large;\">Ve hepsinden \u00f6nemlisi devletin siyasi hedefleriyle asker\u00ee g\u00fcc\u00fc aras\u0131nda uyum vard\u0131.<\/span><\/span><\/p>\n<p><span style=\"font-family: Tahoma, sans-serif;\"><span style=\"font-size: large;\">Bu nedenle \u015fu c\u00fcmleyi \u00f6zellikle gen\u00e7lerimizin zihnine yazmal\u0131y\u0131z:<\/span><\/span><\/p><div id=\"bghab-1657337681\" class=\"bghab-icerik-icine-45-paragraf bghab-entity-placement\"><script async src=\"\/\/pagead2.googlesyndication.com\/pagead\/js\/adsbygoogle.js?client=ca-pub-6203283170189293\" crossorigin=\"anonymous\"><\/script><ins class=\"adsbygoogle\" style=\"display:block; text-align:center;\" data-ad-client=\"ca-pub-6203283170189293\" \ndata-ad-slot=\"7303146466\" \ndata-ad-layout=\"in-article\"\ndata-ad-format=\"fluid\" data-full-width-responsive=\"true\"><\/ins>\n<script> \n(adsbygoogle = window.adsbygoogle || []).push({}); \n<\/script>\n<\/div>\n<h3 class=\"western\"><span style=\"font-family: Tahoma, sans-serif;\"><span style=\"font-size: large;\">B\u00fcy\u00fck sonu\u00e7lar \u00e7o\u011fu zaman k\u0131sa s\u00fcrede ortaya \u00e7\u0131kar; fakat onlar\u0131 m\u00fcmk\u00fcn k\u0131lan haz\u0131rl\u0131k uzun y\u0131llar s\u00fcrer.<\/span><\/span><\/h3>\n<p><span style=\"font-family: Tahoma, sans-serif;\"><span style=\"font-size: large;\">Bir \u00fclke bilimde bir sabah ans\u0131z\u0131n d\u00fcnya lideri olmaz.<\/span><\/span><\/p>\n<p><span style=\"font-family: Tahoma, sans-serif;\"><span style=\"font-size: large;\">Bir savunma sistemi bir gecede ortaya \u00e7\u0131kmaz.<\/span><\/span><\/p>\n<p><span style=\"font-family: Tahoma, sans-serif;\"><span style=\"font-size: large;\">Bir ekonomi bir y\u0131lda k\u00fcresel g\u00fc\u00e7 h\u00e2line gelmez.<\/span><\/span><\/p>\n<p><span style=\"font-family: Tahoma, sans-serif;\"><span style=\"font-size: large;\">Bir \u00fcniversite bir rekt\u00f6r de\u011fi\u015fikli\u011fiyle d\u00fcnya s\u0131ralamas\u0131na girmez.<\/span><\/span><\/p>\n<p><span style=\"font-family: Tahoma, sans-serif;\"><span style=\"font-size: large;\">Bir devlet, \u201cg\u00fc\u00e7l\u00fcy\u00fcm\u201d dedi\u011fi i\u00e7in g\u00fc\u00e7l\u00fc olmaz.<\/span><\/span><\/p><div id=\"bghab-3831297962\" class=\"bghab-icerik-icine-50-paragraf bghab-entity-placement\"><script async src=\"\/\/pagead2.googlesyndication.com\/pagead\/js\/adsbygoogle.js?client=ca-pub-6203283170189293\" crossorigin=\"anonymous\"><\/script><ins class=\"adsbygoogle\" style=\"display:block; text-align:center;\" data-ad-client=\"ca-pub-6203283170189293\" \ndata-ad-slot=\"7303146466\" \ndata-ad-layout=\"in-article\"\ndata-ad-format=\"fluid\" data-full-width-responsive=\"true\"><\/ins>\n<script> \n(adsbygoogle = window.adsbygoogle || []).push({}); \n<\/script>\n<\/div>\n<p><span style=\"font-family: Tahoma, sans-serif;\"><span style=\"font-size: large;\">G\u00fcc\u00fcn arkas\u0131nda onlarca y\u0131ll\u0131k birikim bulunur.<\/span><\/span><\/p>\n<h2 class=\"western\"><span style=\"font-family: Tahoma, sans-serif;\"><span style=\"font-size: large;\">ZAFER\u0130N G\u00d6R\u00dcNMEYEN CEPHES\u0130: DEVLET KAPAS\u0130TES\u0130<\/span><\/span><\/h2>\n<p><span style=\"font-family: Tahoma, sans-serif;\"><span style=\"font-size: large;\">Tarihimizde sava\u015flar\u0131n kahramanlar\u0131n\u0131 konu\u015fuyoruz, fakat onlar\u0131n arkas\u0131ndaki g\u00f6r\u00fcnmeyen sistemi \u00e7o\u011fu zaman yeterince konu\u015fmuyoruz.<\/span><\/span><\/p>\n<p><span style=\"font-family: Tahoma, sans-serif;\"><span style=\"font-size: large;\">Bir ordunun y\u00fczlerce kilometre ilerleyebilmesi i\u00e7in sadece asker yetmez.<\/span><\/span><\/p>\n<p><span style=\"font-family: Tahoma, sans-serif;\"><span style=\"font-size: large;\">Yol gerekir.<\/span><\/span><\/p>\n<p><span style=\"font-family: Tahoma, sans-serif;\"><span style=\"font-size: large;\">K\u00f6pr\u00fc gerekir.<\/span><\/span><\/p><div id=\"bghab-3125859955\" class=\"bghab-icerik-icine-55-paragraf bghab-entity-placement\"><script async src=\"\/\/pagead2.googlesyndication.com\/pagead\/js\/adsbygoogle.js?client=ca-pub-6203283170189293\" crossorigin=\"anonymous\"><\/script><ins class=\"adsbygoogle\" style=\"display:block; text-align:center;\" data-ad-client=\"ca-pub-6203283170189293\" \ndata-ad-slot=\"7303146466\" \ndata-ad-layout=\"in-article\"\ndata-ad-format=\"fluid\" data-full-width-responsive=\"true\"><\/ins>\n<script> \n(adsbygoogle = window.adsbygoogle || []).push({}); \n<\/script>\n<\/div>\n<p><span style=\"font-family: Tahoma, sans-serif;\"><span style=\"font-size: large;\">Erzak gerekir.<\/span><\/span><\/p>\n<p><span style=\"font-family: Tahoma, sans-serif;\"><span style=\"font-size: large;\">Sa\u011fl\u0131k hizmeti gerekir.<\/span><\/span><\/p>\n<p><span style=\"font-family: Tahoma, sans-serif;\"><span style=\"font-size: large;\">Haberle\u015fme gerekir.<\/span><\/span><\/p>\n<p><span style=\"font-family: Tahoma, sans-serif;\"><span style=\"font-size: large;\">Para gerekir.<\/span><\/span><\/p>\n<p><span style=\"font-family: Tahoma, sans-serif;\"><span style=\"font-size: large;\">\u0130stihbarat gerekir.<\/span><\/span><\/p><div id=\"bghab-55138001\" class=\"bghab-icerik-icine-60-paragraf bghab-entity-placement\"><script async src=\"\/\/pagead2.googlesyndication.com\/pagead\/js\/adsbygoogle.js?client=ca-pub-6203283170189293\" crossorigin=\"anonymous\"><\/script><ins class=\"adsbygoogle\" style=\"display:block; text-align:center;\" data-ad-client=\"ca-pub-6203283170189293\" \ndata-ad-slot=\"7303146466\" \ndata-ad-layout=\"in-article\"\ndata-ad-format=\"fluid\" data-full-width-responsive=\"true\"><\/ins>\n<script> \n(adsbygoogle = window.adsbygoogle || []).push({}); \n<\/script>\n<\/div>\n<p><span style=\"font-family: Tahoma, sans-serif;\"><span style=\"font-size: large;\">M\u00fchimmat gerekir.<\/span><\/span><\/p>\n<p><span style=\"font-family: Tahoma, sans-serif;\"><span style=\"font-size: large;\">At, araba, tersane, liman ve insan organizasyonu gerekir.<\/span><\/span><\/p>\n<p><span style=\"font-family: Tahoma, sans-serif;\"><span style=\"font-size: large;\">K\u0131sacas\u0131 ordunun arkas\u0131nda <\/span><\/span><strong><span style=\"font-family: Tahoma, sans-serif;\"><span style=\"font-size: large;\">\u00e7al\u0131\u015fan bir devlet<\/span><\/span><\/strong><span style=\"font-family: Tahoma, sans-serif;\"><span style=\"font-size: large;\"> gerekir.<\/span><\/span><\/p>\n<p><span style=\"font-family: Tahoma, sans-serif;\"><span style=\"font-size: large;\">\u0130\u015fte Osmanl\u0131\u2019n\u0131n y\u00fczy\u0131llar boyunca geni\u015f co\u011frafyalarda etkili olabilmesinin temel sebeplerinden biri, yaln\u0131zca sava\u015f\u00e7\u0131 niteli\u011fi de\u011fil, b\u00fcy\u00fck \u00f6l\u00e7ekli organizasyon kurabilmesiydi.<\/span><\/span><\/p>\n<p><span style=\"font-family: Tahoma, sans-serif;\"><span style=\"font-size: large;\">Bug\u00fcn de durum farkl\u0131 de\u011fildir.<\/span><\/span><\/p><div id=\"bghab-3266529172\" class=\"bghab-icerik-icine-65-paragraf bghab-entity-placement\"><script async src=\"\/\/pagead2.googlesyndication.com\/pagead\/js\/adsbygoogle.js?client=ca-pub-6203283170189293\" crossorigin=\"anonymous\"><\/script><ins class=\"adsbygoogle\" style=\"display:block; text-align:center;\" data-ad-client=\"ca-pub-6203283170189293\" \ndata-ad-slot=\"7303146466\" \ndata-ad-layout=\"in-article\"\ndata-ad-format=\"fluid\" data-full-width-responsive=\"true\"><\/ins>\n<script> \n(adsbygoogle = window.adsbygoogle || []).push({}); \n<\/script>\n<\/div>\n<p><span style=\"font-family: Tahoma, sans-serif;\"><span style=\"font-size: large;\">Bir \u00fclkenin ger\u00e7ek g\u00fcc\u00fc sadece ka\u00e7 tank\u0131 veya ka\u00e7 sava\u015f u\u00e7a\u011f\u0131 oldu\u011fuyla \u00f6l\u00e7\u00fclmez.<\/span><\/span><\/p>\n<p><span style=\"font-family: Tahoma, sans-serif;\"><span style=\"font-size: large;\">Devlet kurumlar\u0131 \u00e7al\u0131\u015f\u0131yor mu?<\/span><\/span><\/p>\n<p><span style=\"font-family: Tahoma, sans-serif;\"><span style=\"font-size: large;\">Bilim \u00fcretebiliyor mu?<\/span><\/span><\/p>\n<p><span style=\"font-family: Tahoma, sans-serif;\"><span style=\"font-size: large;\">Gen\u00e7lerini yeti\u015ftirebiliyor mu?<\/span><\/span><\/p>\n<p><span style=\"font-family: Tahoma, sans-serif;\"><span style=\"font-size: large;\">Enerjisini g\u00fcvence alt\u0131na alabiliyor mu?<\/span><\/span><\/p>\n<p><span style=\"font-family: Tahoma, sans-serif;\"><span style=\"font-size: large;\">Kriz zaman\u0131nda sistemi ayakta tutabiliyor mu?<\/span><\/span><\/p>\n<p><span style=\"font-family: Tahoma, sans-serif;\"><span style=\"font-size: large;\">Tar\u0131m\u0131n\u0131 koruyabiliyor mu?<\/span><\/span><\/p>\n<p><span style=\"font-family: Tahoma, sans-serif;\"><span style=\"font-size: large;\">Verisini saklayabiliyor mu?<\/span><\/span><\/p>\n<p><span style=\"font-family: Tahoma, sans-serif;\"><span style=\"font-size: large;\">Sanayisini teknolojiyle d\u00f6n\u00fc\u015ft\u00fcrebiliyor mu?<\/span><\/span><\/p>\n<p><span style=\"font-family: Tahoma, sans-serif;\"><span style=\"font-size: large;\">\u0130\u015fte 21. y\u00fczy\u0131l\u0131n devlet kapasitesi budur.<\/span><\/span><\/p>\n<h1 class=\"western\"><span style=\"font-family: Tahoma, sans-serif;\"><span style=\"font-size: large;\">BUG\u00dcN\u00dcN BELGRAD\u2019I NEREDED\u0130R?<\/span><\/span><\/h1>\n<p><span style=\"font-family: Tahoma, sans-serif;\"><span style=\"font-size: large;\">Bence as\u0131l soru budur.<\/span><\/span><\/p>\n<p><span style=\"font-family: Tahoma, sans-serif;\"><span style=\"font-size: large;\">Bug\u00fcn art\u0131k \u015fehir ku\u015fatm\u0131yoruz.<\/span><\/span><\/p>\n<p><span style=\"font-family: Tahoma, sans-serif;\"><span style=\"font-size: large;\">Fakat \u00f6n\u00fcm\u00fczde yeni \u00e7a\u011f\u0131n stratejik kap\u0131lar\u0131 vard\u0131r.<\/span><\/span><\/p>\n<p><strong><span style=\"font-family: Tahoma, sans-serif;\"><span style=\"font-size: large;\">Yapay zek\u00e2 bir Belgrad\u2019d\u0131r.<\/span><\/span><\/strong><\/p>\n<p><span style=\"font-family: Tahoma, sans-serif;\"><span style=\"font-size: large;\">Kap\u0131s\u0131n\u0131 a\u00e7amazsan\u0131z, ba\u015fkalar\u0131n\u0131n geli\u015ftirdi\u011fi sistemleri kullan\u0131rs\u0131n\u0131z.<\/span><\/span><\/p>\n<p><strong><span style=\"font-family: Tahoma, sans-serif;\"><span style=\"font-size: large;\">\u00c7ip teknolojileri bir Belgrad\u2019d\u0131r.<\/span><\/span><\/strong><\/p>\n<p><span style=\"font-family: Tahoma, sans-serif;\"><span style=\"font-size: large;\">\u00dcretemezseniz sanayiniz ba\u015fkalar\u0131n\u0131n tedarik zincirine ba\u011f\u0131ml\u0131 kal\u0131r.<\/span><\/span><\/p>\n<p><strong><span style=\"font-family: Tahoma, sans-serif;\"><span style=\"font-size: large;\">Enerji bir Belgrad\u2019d\u0131r.<\/span><\/span><\/strong><\/p>\n<p><span style=\"font-family: Tahoma, sans-serif;\"><span style=\"font-size: large;\">Kayna\u011f\u0131n\u0131z\u0131 \u00e7e\u015fitlendiremezseniz d\u0131\u015f politika alan\u0131n\u0131z daral\u0131r.<\/span><\/span><\/p>\n<p><strong><span style=\"font-family: Tahoma, sans-serif;\"><span style=\"font-size: large;\">Uzay teknolojileri bir Belgrad\u2019d\u0131r.<\/span><\/span><\/strong><\/p>\n<p><span style=\"font-family: Tahoma, sans-serif;\"><span style=\"font-size: large;\">Uydunuz yoksa haberle\u015fme, savunma, tar\u0131m ve istihbaratta ba\u011f\u0131ml\u0131l\u0131k artar.<\/span><\/span><\/p>\n<p><strong><span style=\"font-family: Tahoma, sans-serif;\"><span style=\"font-size: large;\">Veri bir Belgrad\u2019d\u0131r.<\/span><\/span><\/strong><\/p>\n<p><span style=\"font-family: Tahoma, sans-serif;\"><span style=\"font-size: large;\">Verinizi i\u015fleyemiyorsan\u0131z gelece\u011fin ekonomisinin hammaddesini ba\u015fkalar\u0131na b\u0131rak\u0131yorsunuz demektir.<\/span><\/span><\/p>\n<p><strong><span style=\"font-family: Tahoma, sans-serif;\"><span style=\"font-size: large;\">Nitelikli e\u011fitim bir Belgrad\u2019d\u0131r.<\/span><\/span><\/strong><\/p>\n<p><span style=\"font-family: Tahoma, sans-serif;\"><span style=\"font-size: large;\">\u00c7\u00fcnk\u00fc b\u00fct\u00fcn kap\u0131lar\u0131 a\u00e7acak anahtar insand\u0131r.<\/span><\/span><\/p>\n<p><span style=\"font-family: Tahoma, sans-serif;\"><span style=\"font-size: large;\">T\u00fcrkiye\u2019nin yeni y\u00fczy\u0131ldaki temel sorusu \u015fudur:<\/span><\/span><\/p>\n<h3 class=\"western\"><span style=\"font-family: Tahoma, sans-serif;\"><span style=\"font-size: large;\">Hangi Belgradlar\u0131 bug\u00fcnden fethedece\u011fiz?<\/span><\/span><\/h3>\n<p><span style=\"font-family: Tahoma, sans-serif;\"><span style=\"font-size: large;\">Buradaki fetih elbette toprak fethi de\u011fildir.<\/span><\/span><\/p>\n<p><span style=\"font-family: Tahoma, sans-serif;\"><span style=\"font-size: large;\">Bilgiye h\u00e2kim olmak,<\/span><\/span><\/p>\n<p><span style=\"font-family: Tahoma, sans-serif;\"><span style=\"font-size: large;\">teknoloji \u00fcretmek,<\/span><\/span><\/p>\n<p><span style=\"font-family: Tahoma, sans-serif;\"><span style=\"font-size: large;\">ekonomik alan a\u00e7mak,<\/span><\/span><\/p>\n<p><span style=\"font-family: Tahoma, sans-serif;\"><span style=\"font-size: large;\">insan yeti\u015ftirmek,<\/span><\/span><\/p>\n<p><span style=\"font-family: Tahoma, sans-serif;\"><span style=\"font-size: large;\">k\u00fcresel rekabette \u00fcst\u00fcnl\u00fck kazanmak anlam\u0131ndad\u0131r.<\/span><\/span><\/p>\n<h1 class=\"western\"><span style=\"font-family: Tahoma, sans-serif;\"><span style=\"font-size: large;\">21. Y\u00dcZYILIN MOHA\u00c7\u2019I SAVA\u015e MEYDANI DE\u011e\u0130L, TEKNOLOJ\u0130 YARI\u015eIDIR<\/span><\/span><\/h1>\n<p><span style=\"font-family: Tahoma, sans-serif;\"><span style=\"font-size: large;\">D\u00fcn k\u0131l\u0131\u00e7 vard\u0131.<\/span><\/span><\/p>\n<p><span style=\"font-family: Tahoma, sans-serif;\"><span style=\"font-size: large;\">Bug\u00fcn algoritma var.<\/span><\/span><\/p>\n<p><span style=\"font-family: Tahoma, sans-serif;\"><span style=\"font-size: large;\">D\u00fcn toplar vard\u0131.<\/span><\/span><\/p>\n<p><span style=\"font-family: Tahoma, sans-serif;\"><span style=\"font-size: large;\">Bug\u00fcn insans\u0131z sistemler, kuantum teknolojileri, siber g\u00fcvenlik ve yapay zek\u00e2 var.<\/span><\/span><\/p>\n<p><span style=\"font-family: Tahoma, sans-serif;\"><span style=\"font-size: large;\">D\u00fcn kaleler vard\u0131.<\/span><\/span><\/p>\n<p><span style=\"font-family: Tahoma, sans-serif;\"><span style=\"font-size: large;\">Bug\u00fcn veri merkezleri var.<\/span><\/span><\/p>\n<p><span style=\"font-family: Tahoma, sans-serif;\"><span style=\"font-size: large;\">D\u00fcn ikmal yollar\u0131 vard\u0131.<\/span><\/span><\/p>\n<p><span style=\"font-family: Tahoma, sans-serif;\"><span style=\"font-size: large;\">Bug\u00fcn k\u00fcresel tedarik zincirleri var.<\/span><\/span><\/p>\n<p><span style=\"font-family: Tahoma, sans-serif;\"><span style=\"font-size: large;\">D\u00fcn ke\u015fif birlikleri vard\u0131.<\/span><\/span><\/p>\n<p><span style=\"font-family: Tahoma, sans-serif;\"><span style=\"font-size: large;\">Bug\u00fcn uydular ve b\u00fcy\u00fck veri analizi var.<\/span><\/span><\/p>\n<p><span style=\"font-family: Tahoma, sans-serif;\"><span style=\"font-size: large;\">De\u011fi\u015fmeyen tek \u015fey rekabettir.<\/span><\/span><\/p>\n<p><span style=\"font-family: Tahoma, sans-serif;\"><span style=\"font-size: large;\">Bu nedenle gen\u00e7lerimize sadece \u201cAtalar\u0131m\u0131z ne yapt\u0131?\u201d sorusunu sormamal\u0131y\u0131z.<\/span><\/span><\/p>\n<p><span style=\"font-family: Tahoma, sans-serif;\"><span style=\"font-size: large;\">\u015eunu sormal\u0131y\u0131z:<\/span><\/span><\/p>\n<p><strong><span style=\"font-family: Tahoma, sans-serif;\"><span style=\"font-size: large;\">Siz ne yapacaks\u0131n\u0131z?<\/span><\/span><\/strong><\/p>\n<p><span style=\"font-family: Tahoma, sans-serif;\"><span style=\"font-size: large;\">Yeni \u00e7a\u011f\u0131n Moha\u00e7\u2019\u0131n\u0131 laboratuvarlarda kazanacak gen\u00e7ler yeti\u015ftirmeliyiz.<\/span><\/span><\/p>\n<p><span style=\"font-family: Tahoma, sans-serif;\"><span style=\"font-size: large;\">Yapay zek\u00e2 m\u00fchendisi yeti\u015ftirmeliyiz.<\/span><\/span><\/p>\n<p><span style=\"font-family: Tahoma, sans-serif;\"><span style=\"font-size: large;\">Uzay teknolojileri uzman\u0131 yeti\u015ftirmeliyiz.<\/span><\/span><\/p>\n<p><span style=\"font-family: Tahoma, sans-serif;\"><span style=\"font-size: large;\">Enerji bilimcisi yeti\u015ftirmeliyiz.<\/span><\/span><\/p>\n<p><span style=\"font-family: Tahoma, sans-serif;\"><span style=\"font-size: large;\">Diplomat yeti\u015ftirmeliyiz.<\/span><\/span><\/p>\n<p><span style=\"font-family: Tahoma, sans-serif;\"><span style=\"font-size: large;\">Tarih bilen ama gelece\u011fi d\u00fc\u015f\u00fcnebilen gen\u00e7ler yeti\u015ftirmeliyiz.<\/span><\/span><\/p>\n<p><span style=\"font-family: Tahoma, sans-serif;\"><span style=\"font-size: large;\">\u00c7\u00fcnk\u00fc gelecekte sava\u015f\u0131n kaderini de, ekonominin y\u00f6n\u00fcn\u00fc de, devletlerin g\u00fcc\u00fcn\u00fc de giderek daha fazla <\/span><\/span><strong><span style=\"font-family: Tahoma, sans-serif;\"><span style=\"font-size: large;\">bilgi \u00fcreten insanlar<\/span><\/span><\/strong><span style=\"font-family: Tahoma, sans-serif;\"><span style=\"font-size: large;\"> belirleyecek.<\/span><\/span><\/p>\n<h1 class=\"western\"><span style=\"font-family: Tahoma, sans-serif;\"><span style=\"font-size: large;\">BALKANLAR GE\u00c7M\u0130\u015e\u0130M\u0130Z DE\u011e\u0130L, GELECEK STRATEJ\u0130M\u0130Z\u0130N PAR\u00c7ASIDIR<\/span><\/span><\/h1>\n<p><span style=\"font-family: Tahoma, sans-serif;\"><span style=\"font-size: large;\">Belgrad ve Moha\u00e7\u2019\u0131 konu\u015furken Balkanlar\u0131 yaln\u0131zca Osmanl\u0131 tarihinin hat\u0131ra co\u011frafyas\u0131 olarak g\u00f6rmek de eksik olur.<\/span><\/span><\/p>\n<p><span style=\"font-family: Tahoma, sans-serif;\"><span style=\"font-size: large;\">Balkanlar bug\u00fcn Avrupa\u2019n\u0131n enerji, ula\u015ft\u0131rma ve lojistik haritas\u0131nda \u00f6nemli bir b\u00f6lgedir.<\/span><\/span><\/p>\n<p><span style=\"font-family: Tahoma, sans-serif;\"><span style=\"font-size: large;\">T\u00fcrkiye a\u00e7\u0131s\u0131ndan Balkanlar;<\/span><\/span><\/p>\n<p><span style=\"font-family: Tahoma, sans-serif;\"><span style=\"font-size: large;\">Avrupa\u2019ya a\u00e7\u0131lan ekonomik hat,<\/span><\/span><\/p>\n<p><span style=\"font-family: Tahoma, sans-serif;\"><span style=\"font-size: large;\">Tuna havzas\u0131,<\/span><\/span><\/p>\n<p><span style=\"font-family: Tahoma, sans-serif;\"><span style=\"font-size: large;\">Karadeniz ile Adriyatik aras\u0131nda ge\u00e7i\u015f b\u00f6lgesi,<\/span><\/span><\/p>\n<p><span style=\"font-family: Tahoma, sans-serif;\"><span style=\"font-size: large;\">enerji koridorlar\u0131,<\/span><\/span><\/p>\n<p><span style=\"font-family: Tahoma, sans-serif;\"><span style=\"font-size: large;\">demiryollar\u0131,<\/span><\/span><\/p>\n<p><span style=\"font-family: Tahoma, sans-serif;\"><span style=\"font-size: large;\">k\u00fclt\u00fcrel ba\u011flar<\/span><\/span><\/p>\n<p><span style=\"font-family: Tahoma, sans-serif;\"><span style=\"font-size: large;\">ve milyonlarca insan\u0131n ortak tarihinin bulundu\u011fu b\u00fcy\u00fck bir co\u011frafyad\u0131r.<\/span><\/span><\/p>\n<p><span style=\"font-family: Tahoma, sans-serif;\"><span style=\"font-size: large;\">T\u00fcrkiye\u2019nin yeni Balkan vizyonu sadece tarih\u00ee hat\u0131ralara dayanmamal\u0131d\u0131r.<\/span><\/span><\/p>\n<p><span style=\"font-family: Tahoma, sans-serif;\"><span style=\"font-size: large;\">\u00dcniversiteler aras\u0131nda ba\u011f kurulmal\u0131d\u0131r.<\/span><\/span><\/p>\n<p><span style=\"font-family: Tahoma, sans-serif;\"><span style=\"font-size: large;\">Gen\u00e7lik programlar\u0131 art\u0131r\u0131lmal\u0131d\u0131r.<\/span><\/span><\/p>\n<p><span style=\"font-family: Tahoma, sans-serif;\"><span style=\"font-size: large;\">Ortak teknoloji \u015firketleri kurulmal\u0131d\u0131r.<\/span><\/span><\/p>\n<p><span style=\"font-family: Tahoma, sans-serif;\"><span style=\"font-size: large;\">Lojistik ve ula\u015f\u0131m projeleri geli\u015ftirilmelidir.<\/span><\/span><\/p>\n<p><span style=\"font-family: Tahoma, sans-serif;\"><span style=\"font-size: large;\">K\u00fclt\u00fcrel diplomasi g\u00fc\u00e7lendirilmelidir.<\/span><\/span><\/p>\n<p><span style=\"font-family: Tahoma, sans-serif;\"><span style=\"font-size: large;\">Tar\u0131m, enerji ve savunma alanlar\u0131nda ortakl\u0131klar kurulmal\u0131d\u0131r.<\/span><\/span><\/p>\n<h3 class=\"western\"><span style=\"font-family: Tahoma, sans-serif;\"><span style=\"font-size: large;\">Balkanlara ge\u00e7mi\u015fimiz oldu\u011fu i\u00e7in de\u011fil, gelece\u011fimizin \u00f6nemli bir par\u00e7as\u0131 oldu\u011fu i\u00e7in sahip \u00e7\u0131kmal\u0131y\u0131z.<\/span><\/span><\/h3>\n<h1 class=\"western\"><span style=\"font-family: Tahoma, sans-serif;\"><span style=\"font-size: large;\">TUNA\u2019DAN ORTA KOR\u0130DOR\u2019A YEN\u0130 STRATEJ\u0130K HAR\u0130TA<\/span><\/span><\/h1>\n<p><span style=\"font-family: Tahoma, sans-serif;\"><span style=\"font-size: large;\">Bir d\u00f6nem Osmanl\u0131\u2019n\u0131n b\u00fcy\u00fck g\u00fc\u00e7 yollar\u0131ndan biri Tuna\u2019yd\u0131.<\/span><\/span><\/p>\n<p><span style=\"font-family: Tahoma, sans-serif;\"><span style=\"font-size: large;\">Bug\u00fcn T\u00fcrkiye\u2019nin \u00f6n\u00fcnde \u00e7ok daha geni\u015f bir ba\u011flant\u0131 a\u011f\u0131 bulunmaktad\u0131r.<\/span><\/span><\/p>\n<p><span style=\"font-family: Tahoma, sans-serif;\"><span style=\"font-size: large;\">Tuna&#8230;<\/span><\/span><\/p>\n<p><span style=\"font-family: Tahoma, sans-serif;\"><span style=\"font-size: large;\">Karadeniz&#8230;<\/span><\/span><\/p>\n<p><span style=\"font-family: Tahoma, sans-serif;\"><span style=\"font-size: large;\">\u0130stanbul ve \u00c7anakkale Bo\u011fazlar\u0131&#8230;<\/span><\/span><\/p>\n<p><span style=\"font-family: Tahoma, sans-serif;\"><span style=\"font-size: large;\">Do\u011fu Akdeniz&#8230;<\/span><\/span><\/p>\n<p><span style=\"font-family: Tahoma, sans-serif;\"><span style=\"font-size: large;\">Kafkasya&#8230;<\/span><\/span><\/p>\n<p><span style=\"font-family: Tahoma, sans-serif;\"><span style=\"font-size: large;\">Hazar&#8230;<\/span><\/span><\/p>\n<p><span style=\"font-family: Tahoma, sans-serif;\"><span style=\"font-size: large;\">Orta Asya&#8230;<\/span><\/span><\/p>\n<p><span style=\"font-family: Tahoma, sans-serif;\"><span style=\"font-size: large;\">T\u00fcrkistan&#8230;<\/span><\/span><\/p>\n<p><span style=\"font-family: Tahoma, sans-serif;\"><span style=\"font-size: large;\">Oradan Asya\u2019n\u0131n derinlikleri&#8230;<\/span><\/span><\/p>\n<p><span style=\"font-family: Tahoma, sans-serif;\"><span style=\"font-size: large;\">T\u00fcrkiye art\u0131k kendisini sadece Avrupa ile Asya aras\u0131nda \u201ck\u00f6pr\u00fc\u201d diye tan\u0131mlamamal\u0131d\u0131r.<\/span><\/span><\/p>\n<p><span style=\"font-family: Tahoma, sans-serif;\"><span style=\"font-size: large;\">K\u00f6pr\u00fcden ge\u00e7ilir.<\/span><\/span><\/p>\n<p><span style=\"font-family: Tahoma, sans-serif;\"><span style=\"font-size: large;\">T\u00fcrkiye\u2019nin hedefi <\/span><\/span><strong><span style=\"font-family: Tahoma, sans-serif;\"><span style=\"font-size: large;\">merkez \u00fclke<\/span><\/span><\/strong><span style=\"font-family: Tahoma, sans-serif;\"><span style=\"font-size: large;\"> olmakt\u0131r.<\/span><\/span><\/p>\n<p><span style=\"font-family: Tahoma, sans-serif;\"><span style=\"font-size: large;\">Merkez \u00fclkede \u00fcretim yap\u0131l\u0131r.<\/span><\/span><\/p>\n<p><span style=\"font-family: Tahoma, sans-serif;\"><span style=\"font-size: large;\">Yat\u0131r\u0131m yap\u0131l\u0131r.<\/span><\/span><\/p>\n<p><span style=\"font-family: Tahoma, sans-serif;\"><span style=\"font-size: large;\">Finansman sa\u011flan\u0131r.<\/span><\/span><\/p>\n<p><span style=\"font-family: Tahoma, sans-serif;\"><span style=\"font-size: large;\">Teknoloji geli\u015ftirilir.<\/span><\/span><\/p>\n<p><span style=\"font-family: Tahoma, sans-serif;\"><span style=\"font-size: large;\">Ticaret organize edilir.<\/span><\/span><\/p>\n<p><span style=\"font-family: Tahoma, sans-serif;\"><span style=\"font-size: large;\">Karar al\u0131n\u0131r.<\/span><\/span><\/p>\n<p><span style=\"font-family: Tahoma, sans-serif;\"><span style=\"font-size: large;\">Bu nedenle yeni T\u00fcrkiye vizyonunun en \u00f6nemli hedeflerinden biri \u015fu olmal\u0131d\u0131r:<\/span><\/span><\/p>\n<h3 class=\"western\"><span style=\"font-family: Tahoma, sans-serif;\"><span style=\"font-size: large;\">Ge\u00e7i\u015f \u00fclkesi de\u011fil, de\u011fer \u00fcreten merkez \u00fclke olmak.<\/span><\/span><\/h3>\n<h1 class=\"western\"><span style=\"font-family: Tahoma, sans-serif;\"><span style=\"font-size: large;\">T\u00dcRK D\u00dcNYASI DUYGUDAN S\u0130STEME D\u00d6N\u00dc\u015eMEL\u0130D\u0130R<\/span><\/span><\/h1>\n<p><span style=\"font-family: Tahoma, sans-serif;\"><span style=\"font-size: large;\">T\u00fcrk d\u00fcnyas\u0131 b\u00fcy\u00fck bir medeniyet co\u011frafyas\u0131d\u0131r.<\/span><\/span><\/p>\n<p><span style=\"font-family: Tahoma, sans-serif;\"><span style=\"font-size: large;\">Ancak sadece ortak soy, dil, tarih ve k\u00fclt\u00fcr vurgusu gelece\u011fi kurmaya yetmez.<\/span><\/span><\/p>\n<p><span style=\"font-family: Tahoma, sans-serif;\"><span style=\"font-size: large;\">T\u00fcrk d\u00fcnyas\u0131n\u0131n ekonomik ve teknolojik altyap\u0131s\u0131 g\u00fc\u00e7lendirilmelidir.<\/span><\/span><\/p>\n<p><span style=\"font-family: Tahoma, sans-serif;\"><span style=\"font-size: large;\">Ortak ula\u015ft\u0131rma a\u011flar\u0131&#8230;<\/span><\/span><\/p>\n<p><span style=\"font-family: Tahoma, sans-serif;\"><span style=\"font-size: large;\">Ortak \u00fcniversite programlar\u0131&#8230;<\/span><\/span><\/p>\n<p><span style=\"font-family: Tahoma, sans-serif;\"><span style=\"font-size: large;\">\u00d6\u011frenci ve bilim insan\u0131 hareketlili\u011fi&#8230;<\/span><\/span><\/p>\n<p><span style=\"font-family: Tahoma, sans-serif;\"><span style=\"font-size: large;\">Ortak teknoloji fonlar\u0131&#8230;<\/span><\/span><\/p>\n<p><span style=\"font-family: Tahoma, sans-serif;\"><span style=\"font-size: large;\">Savunma i\u015fbirlikleri&#8230;<\/span><\/span><\/p>\n<p><span style=\"font-family: Tahoma, sans-serif;\"><span style=\"font-size: large;\">Enerji hatlar\u0131&#8230;<\/span><\/span><\/p>\n<p><span style=\"font-family: Tahoma, sans-serif;\"><span style=\"font-size: large;\">Dijital ticaret sistemleri&#8230;<\/span><\/span><\/p>\n<p><span style=\"font-family: Tahoma, sans-serif;\"><span style=\"font-size: large;\">Ortak medya platformlar\u0131&#8230;<\/span><\/span><\/p>\n<p><span style=\"font-family: Tahoma, sans-serif;\"><span style=\"font-size: large;\">K\u00fclt\u00fcr ve sanat a\u011flar\u0131&#8230;<\/span><\/span><\/p>\n<p><span style=\"font-family: Tahoma, sans-serif;\"><span style=\"font-size: large;\">Bunlar geli\u015firse T\u00fcrk d\u00fcnyas\u0131 yaln\u0131zca g\u00f6n\u00fcl birlikteli\u011fi de\u011fil, ayn\u0131 zamanda ger\u00e7ek bir <\/span><\/span><strong><span style=\"font-family: Tahoma, sans-serif;\"><span style=\"font-size: large;\">stratejik i\u015fbirli\u011fi co\u011frafyas\u0131<\/span><\/span><\/strong><span style=\"font-family: Tahoma, sans-serif;\"><span style=\"font-size: large;\"> h\u00e2line gelebilir.<\/span><\/span><\/p>\n<h1 class=\"western\"><span style=\"font-family: Tahoma, sans-serif;\"><span style=\"font-size: large;\">DEN\u0130ZLER\u0130 OLMAYAN V\u0130ZYON EKS\u0130KT\u0130R<\/span><\/span><\/h1>\n<p><span style=\"font-family: Tahoma, sans-serif;\"><span style=\"font-size: large;\">T\u00fcrkiye sadece kara devleti de\u011fildir.<\/span><\/span><\/p>\n<p><span style=\"font-family: Tahoma, sans-serif;\"><span style=\"font-size: large;\">\u00dc\u00e7 taraf\u0131 denizlerle \u00e7evrili bir \u00fclkenin stratejik d\u00fc\u015f\u00fcncesi de deniz merkezli olmal\u0131d\u0131r.<\/span><\/span><\/p>\n<p><span style=\"font-family: Tahoma, sans-serif;\"><span style=\"font-size: large;\">Karadeniz&#8230;<\/span><\/span><\/p>\n<p><span style=\"font-family: Tahoma, sans-serif;\"><span style=\"font-size: large;\">Ege&#8230;<\/span><\/span><\/p>\n<p><span style=\"font-family: Tahoma, sans-serif;\"><span style=\"font-size: large;\">Akdeniz&#8230;<\/span><\/span><\/p>\n<p><span style=\"font-family: Tahoma, sans-serif;\"><span style=\"font-size: large;\">Bo\u011fazlar&#8230;<\/span><\/span><\/p>\n<p><span style=\"font-family: Tahoma, sans-serif;\"><span style=\"font-size: large;\">K\u0131z\u0131ldeniz\u2019e ve Hint Okyanusu\u2019na uzanan ticaret hatlar\u0131&#8230;<\/span><\/span><\/p>\n<p><span style=\"font-family: Tahoma, sans-serif;\"><span style=\"font-size: large;\">D\u00fcnya ticaretinin \u00f6nemli b\u00f6l\u00fcm\u00fc denizler \u00fczerinden y\u00fcr\u00fcmektedir.<\/span><\/span><\/p>\n<p><span style=\"font-family: Tahoma, sans-serif;\"><span style=\"font-size: large;\">Bu nedenle T\u00fcrkiye;<\/span><\/span><\/p>\n<p><span style=\"font-family: Tahoma, sans-serif;\"><span style=\"font-size: large;\">limanlar\u0131n\u0131 b\u00fcy\u00fctmeli,<\/span><\/span><\/p>\n<p><span style=\"font-family: Tahoma, sans-serif;\"><span style=\"font-size: large;\">ticaret filosunu geli\u015ftirmeli,<\/span><\/span><\/p>\n<p><span style=\"font-family: Tahoma, sans-serif;\"><span style=\"font-size: large;\">denizcilik teknolojileri \u00fcretmeli,<\/span><\/span><\/p>\n<p><span style=\"font-family: Tahoma, sans-serif;\"><span style=\"font-size: large;\">enerji hatlar\u0131n\u0131 korumal\u0131,<\/span><\/span><\/p>\n<p><span style=\"font-family: Tahoma, sans-serif;\"><span style=\"font-size: large;\">deniz bilimlerini geli\u015ftirmeli,<\/span><\/span><\/p>\n<p><span style=\"font-family: Tahoma, sans-serif;\"><span style=\"font-size: large;\">deniz alt\u0131 kablolar\u0131ndan liman g\u00fcvenli\u011fine kadar geni\u015f bir stratejik perspektif kurmal\u0131d\u0131r.<\/span><\/span><\/p>\n<h3 class=\"western\"><span style=\"font-family: Tahoma, sans-serif;\"><span style=\"font-size: large;\">Denizlere h\u00e2kim olmayan bir \u00fclkenin k\u00fcresel g\u00fc\u00e7 iddias\u0131 eksik kal\u0131r.<\/span><\/span><\/h3>\n<h1 class=\"western\"><span style=\"font-family: Tahoma, sans-serif;\"><span style=\"font-size: large;\">YEN\u0130 CEPHE G\u00d6KY\u00dcZ\u00dcD\u00dcR<\/span><\/span><\/h1>\n<p><span style=\"font-family: Tahoma, sans-serif;\"><span style=\"font-size: large;\">Ge\u00e7mi\u015fin haritalar\u0131nda s\u0131n\u0131rlar kara \u00fczerinde \u00e7iziliyordu.<\/span><\/span><\/p>\n<p><span style=\"font-family: Tahoma, sans-serif;\"><span style=\"font-size: large;\">Bug\u00fcn\u00fcn stratejik haritas\u0131na \u00fc\u00e7\u00fcnc\u00fc bir boyut eklenmi\u015ftir:<\/span><\/span><\/p>\n<p><strong><span style=\"font-family: Tahoma, sans-serif;\"><span style=\"font-size: large;\">Uzay.<\/span><\/span><\/strong><\/p>\n<p><span style=\"font-family: Tahoma, sans-serif;\"><span style=\"font-size: large;\">Uydular art\u0131k sadece bilimsel merak konusu de\u011fildir.<\/span><\/span><\/p>\n<p><span style=\"font-family: Tahoma, sans-serif;\"><span style=\"font-size: large;\">Savunma,<\/span><\/span><\/p>\n<p><span style=\"font-family: Tahoma, sans-serif;\"><span style=\"font-size: large;\">haberle\u015fme,<\/span><\/span><\/p>\n<p><span style=\"font-family: Tahoma, sans-serif;\"><span style=\"font-size: large;\">navigasyon,<\/span><\/span><\/p>\n<p><span style=\"font-family: Tahoma, sans-serif;\"><span style=\"font-size: large;\">tar\u0131m,<\/span><\/span><\/p>\n<p><span style=\"font-family: Tahoma, sans-serif;\"><span style=\"font-size: large;\">meteoroloji,<\/span><\/span><\/p>\n<p><span style=\"font-family: Tahoma, sans-serif;\"><span style=\"font-size: large;\">afet y\u00f6netimi,<\/span><\/span><\/p>\n<p><span style=\"font-family: Tahoma, sans-serif;\"><span style=\"font-size: large;\">istihbarat,<\/span><\/span><\/p>\n<p><span style=\"font-family: Tahoma, sans-serif;\"><span style=\"font-size: large;\">finans ve enerji altyap\u0131s\u0131 i\u00e7in vazge\u00e7ilmezdir.<\/span><\/span><\/p>\n<p><span style=\"font-family: Tahoma, sans-serif;\"><span style=\"font-size: large;\">T\u00fcrkiye\u2019nin uzay politikas\u0131 bu nedenle prestij projesi de\u011fil, ba\u011f\u0131ms\u0131zl\u0131k meselesidir.<\/span><\/span><\/p>\n<p><span style=\"font-family: Tahoma, sans-serif;\"><span style=\"font-size: large;\">Bir zamanlar surlar\u0131 g\u00fc\u00e7l\u00fc olmayan \u015fehir kendisini savunamazd\u0131.<\/span><\/span><\/p>\n<p><span style=\"font-family: Tahoma, sans-serif;\"><span style=\"font-size: large;\">Bug\u00fcn ise kendi uydu ve haberle\u015fme kapasitesi olmayan devletin stratejik ba\u011f\u0131ms\u0131zl\u0131\u011f\u0131 eksik kalabilir.<\/span><\/span><\/p>\n<h1 class=\"western\"><span style=\"font-family: Tahoma, sans-serif;\"><span style=\"font-size: large;\">VER\u0130Y\u0130 KORUMADAN EGEMENL\u0130\u011e\u0130 KORUYAMAZSINIZ<\/span><\/span><\/h1>\n<p><span style=\"font-family: Tahoma, sans-serif;\"><span style=\"font-size: large;\">Gelece\u011fin en b\u00fcy\u00fck g\u00fc\u00e7 kaynaklar\u0131ndan biri g\u00f6r\u00fcnmezdir.<\/span><\/span><\/p>\n<p><strong><span style=\"font-family: Tahoma, sans-serif;\"><span style=\"font-size: large;\">Veri.<\/span><\/span><\/strong><\/p>\n<p><span style=\"font-family: Tahoma, sans-serif;\"><span style=\"font-size: large;\">Milyarlarca insan\u0131n davran\u0131\u015flar\u0131, ekonomik hareketleri ve tercihleri art\u0131k dijital sistemlerde i\u015flenmektedir.<\/span><\/span><\/p>\n<p><span style=\"font-family: Tahoma, sans-serif;\"><span style=\"font-size: large;\">Yapay zek\u00e2 bu veriler \u00fczerinde y\u00fckseliyor.<\/span><\/span><\/p>\n<p><span style=\"font-family: Tahoma, sans-serif;\"><span style=\"font-size: large;\">Bu nedenle yeni \u00e7a\u011fda egemenlik anlay\u0131\u015f\u0131 yaln\u0131zca kara s\u0131n\u0131rlar\u0131yla \u00f6l\u00e7\u00fclemez.<\/span><\/span><\/p>\n<p><span style=\"font-family: Tahoma, sans-serif;\"><span style=\"font-size: large;\">Veri nerede tutuluyor?<\/span><\/span><\/p>\n<p><span style=\"font-family: Tahoma, sans-serif;\"><span style=\"font-size: large;\">Kimin yaz\u0131l\u0131m\u0131 kullan\u0131l\u0131yor?<\/span><\/span><\/p>\n<p><span style=\"font-family: Tahoma, sans-serif;\"><span style=\"font-size: large;\">Algoritmay\u0131 kim olu\u015fturuyor?<\/span><\/span><\/p>\n<p><span style=\"font-family: Tahoma, sans-serif;\"><span style=\"font-size: large;\">Dijital altyap\u0131 kimin elinde?<\/span><\/span><\/p>\n<p><span style=\"font-family: Tahoma, sans-serif;\"><span style=\"font-size: large;\">Yapay zek\u00e2 modelleri kimin verisiyle e\u011fitiliyor?<\/span><\/span><\/p>\n<p><span style=\"font-family: Tahoma, sans-serif;\"><span style=\"font-size: large;\">Bunlar art\u0131k milli g\u00fcvenlik sorular\u0131d\u0131r.<\/span><\/span><\/p>\n<p><span style=\"font-family: Tahoma, sans-serif;\"><span style=\"font-size: large;\">Gelecekte devletlerin ba\u011f\u0131ms\u0131zl\u0131\u011f\u0131 kadar <\/span><\/span><strong><span style=\"font-family: Tahoma, sans-serif;\"><span style=\"font-size: large;\">dijital egemenli\u011fi<\/span><\/span><\/strong><span style=\"font-family: Tahoma, sans-serif;\"><span style=\"font-size: large;\"> de tart\u0131\u015f\u0131lacakt\u0131r.<\/span><\/span><\/p>\n<h1 class=\"western\"><span style=\"font-family: Tahoma, sans-serif;\"><span style=\"font-size: large;\">T\u00dcRK\u0130YE\u2019N\u0130N EN B\u00dcY\u00dcK PROJES\u0130 \u0130NSAN OLMALIDIR<\/span><\/span><\/h1>\n<p><span style=\"font-family: Tahoma, sans-serif;\"><span style=\"font-size: large;\">B\u00fct\u00fcn stratejilerin sonunda tek bir meseleye geliyoruz:<\/span><\/span><\/p>\n<p><strong><span style=\"font-family: Tahoma, sans-serif;\"><span style=\"font-size: large;\">\u0130nsan.<\/span><\/span><\/strong><\/p>\n<p><span style=\"font-family: Tahoma, sans-serif;\"><span style=\"font-size: large;\">Her \u015feyi insan yapar.<\/span><\/span><\/p>\n<p><span style=\"font-family: Tahoma, sans-serif;\"><span style=\"font-size: large;\">Ordular\u0131 insan y\u00f6netir.<\/span><\/span><\/p>\n<p><span style=\"font-family: Tahoma, sans-serif;\"><span style=\"font-size: large;\">Yapay zek\u00e2y\u0131 insan geli\u015ftirir.<\/span><\/span><\/p>\n<p><span style=\"font-family: Tahoma, sans-serif;\"><span style=\"font-size: large;\">F\u00fczeyi insan tasarlar.<\/span><\/span><\/p>\n<p><span style=\"font-family: Tahoma, sans-serif;\"><span style=\"font-size: large;\">\u015eirketi insan kurar.<\/span><\/span><\/p>\n<p><span style=\"font-family: Tahoma, sans-serif;\"><span style=\"font-size: large;\">Diplomasiyi insan y\u00fcr\u00fct\u00fcr.<\/span><\/span><\/p>\n<p><span style=\"font-family: Tahoma, sans-serif;\"><span style=\"font-size: large;\">Devleti insan y\u00f6netir.<\/span><\/span><\/p>\n<p><span style=\"font-family: Tahoma, sans-serif;\"><span style=\"font-size: large;\">Bu nedenle \u00f6n\u00fcm\u00fczdeki otuz y\u0131l\u0131n en b\u00fcy\u00fck mill\u00ee projesi sadece otoyol, k\u00f6pr\u00fc, havaalan\u0131 veya fabrika de\u011fildir.<\/span><\/span><\/p>\n<h3 class=\"western\"><span style=\"font-family: Tahoma, sans-serif;\"><span style=\"font-size: large;\">T\u00fcrkiye\u2019nin en b\u00fcy\u00fck projesi nitelikli insan yeti\u015ftirmek olmal\u0131d\u0131r.<\/span><\/span><\/h3>\n<p><span style=\"font-family: Tahoma, sans-serif;\"><span style=\"font-size: large;\">\u00c7ocuklar\u0131m\u0131z\u0131 ezberleyen de\u011fil d\u00fc\u015f\u00fcnen bireyler olarak yeti\u015ftirmeliyiz.<\/span><\/span><\/p>\n<p><span style=\"font-family: Tahoma, sans-serif;\"><span style=\"font-size: large;\">Matematik bilmeli.<\/span><\/span><\/p>\n<p><span style=\"font-family: Tahoma, sans-serif;\"><span style=\"font-size: large;\">Tarih bilmeli.<\/span><\/span><\/p>\n<p><span style=\"font-family: Tahoma, sans-serif;\"><span style=\"font-size: large;\">Teknoloji bilmeli.<\/span><\/span><\/p>\n<p><span style=\"font-family: Tahoma, sans-serif;\"><span style=\"font-size: large;\">Dil bilmeli.<\/span><\/span><\/p>\n<p><span style=\"font-family: Tahoma, sans-serif;\"><span style=\"font-size: large;\">Felsefe bilmeli.<\/span><\/span><\/p>\n<p><span style=\"font-family: Tahoma, sans-serif;\"><span style=\"font-size: large;\">Soru sormay\u0131 bilmeli.<\/span><\/span><\/p>\n<p><span style=\"font-family: Tahoma, sans-serif;\"><span style=\"font-size: large;\">Ama ayn\u0131 zamanda vatan\u0131n\u0131, milletini, insanl\u0131\u011f\u0131 ve ahlaki sorumlulu\u011funu da bilmelidir.<\/span><\/span><\/p>\n<p><span style=\"font-family: Tahoma, sans-serif;\"><span style=\"font-size: large;\">\u00c7\u00fcnk\u00fc teknoloji ahlaktan koparsa g\u00fc\u00e7 \u00fcretir ama medeniyet \u00fcretmez.<\/span><\/span><\/p>\n<h1 class=\"western\"><span style=\"font-family: Tahoma, sans-serif;\"><span style=\"font-size: large;\">29 A\u011eUSTOS\u2019TAN 30 A\u011eUSTOS\u2019A UZANAN M\u0130LL\u00ce HAFIZA<\/span><\/span><\/h1>\n<p><span style=\"font-family: Tahoma, sans-serif;\"><span style=\"font-size: large;\">29 A\u011fustos 1526\u2019da Moha\u00e7&#8230;<\/span><\/span><\/p>\n<p><span style=\"font-family: Tahoma, sans-serif;\"><span style=\"font-size: large;\">30 A\u011fustos 1922\u2019de Ba\u015fkomutanl\u0131k Meydan Muharebesi&#8230;<\/span><\/span><\/p>\n<p><span style=\"font-family: Tahoma, sans-serif;\"><span style=\"font-size: large;\">Bu iki tarihi birbirine kar\u0131\u015ft\u0131rmadan, farkl\u0131 \u00e7a\u011flar\u0131n iki \u00f6nemli stratejik d\u00f6n\u00fcm noktas\u0131 olarak okumal\u0131y\u0131z.<\/span><\/span><\/p>\n<p><span style=\"font-family: Tahoma, sans-serif;\"><span style=\"font-size: large;\">Moha\u00e7, y\u00fckselen Osmanl\u0131 g\u00fcc\u00fcn\u00fcn Avrupa\u2019daki b\u00fcy\u00fck asker\u00ee ve siyasi ba\u015far\u0131s\u0131n\u0131 temsil eder.<\/span><\/span><\/p>\n<p><span style=\"font-family: Tahoma, sans-serif;\"><span style=\"font-size: large;\">30 A\u011fustos ise T\u00fcrk milletinin Anadolu\u2019daki ba\u011f\u0131ms\u0131zl\u0131k m\u00fccadelesinin d\u00f6n\u00fcm noktas\u0131d\u0131r.<\/span><\/span><\/p>\n<p><span style=\"font-family: Tahoma, sans-serif;\"><span style=\"font-size: large;\">Biri imparatorluk \u00e7a\u011f\u0131n\u0131n,<\/span><\/span><\/p>\n<p><span style=\"font-family: Tahoma, sans-serif;\"><span style=\"font-size: large;\">di\u011feri mill\u00ee devlet \u00e7a\u011f\u0131n\u0131n b\u00fcy\u00fck zaferidir.<\/span><\/span><\/p>\n<p><span style=\"font-family: Tahoma, sans-serif;\"><span style=\"font-size: large;\">Fakat ikisinin bize s\u00f6yledi\u011fi ortak bir c\u00fcmle vard\u0131r:<\/span><\/span><\/p>\n<h3 class=\"western\"><span style=\"font-family: Tahoma, sans-serif;\"><span style=\"font-size: large;\">Milletlerin kaderini son anda g\u00f6sterilen cesaret de\u011fil, \u00f6nceden yap\u0131lan haz\u0131rl\u0131k belirler.<\/span><\/span><\/h3>\n<p><span style=\"font-family: Tahoma, sans-serif;\"><span style=\"font-size: large;\">B\u00fcy\u00fck Taarruz da 26 A\u011fustos sabah\u0131 ba\u015flamad\u0131.<\/span><\/span><\/p>\n<p><span style=\"font-family: Tahoma, sans-serif;\"><span style=\"font-size: large;\">Onun arkas\u0131nda aylarca haz\u0131rl\u0131k vard\u0131.<\/span><\/span><\/p>\n<p><span style=\"font-family: Tahoma, sans-serif;\"><span style=\"font-size: large;\">Gizlilik vard\u0131.<\/span><\/span><\/p>\n<p><span style=\"font-family: Tahoma, sans-serif;\"><span style=\"font-size: large;\">Lojistik vard\u0131.<\/span><\/span><\/p>\n<p><span style=\"font-family: Tahoma, sans-serif;\"><span style=\"font-size: large;\">\u0130stihbarat vard\u0131.<\/span><\/span><\/p>\n<p><span style=\"font-family: Tahoma, sans-serif;\"><span style=\"font-size: large;\">Ordunun yeniden te\u015fkilatlanmas\u0131 vard\u0131.<\/span><\/span><\/p>\n<p><span style=\"font-family: Tahoma, sans-serif;\"><span style=\"font-size: large;\">Milletin fedak\u00e2rl\u0131\u011f\u0131 vard\u0131.<\/span><\/span><\/p>\n<p><span style=\"font-family: Tahoma, sans-serif;\"><span style=\"font-size: large;\">Ve Gazi Mustafa Kemal Atat\u00fcrk\u2019\u00fcn asker\u00ee ve siyasi liderli\u011fi vard\u0131.<\/span><\/span><\/p>\n<h1 class=\"western\"><span style=\"font-family: Tahoma, sans-serif;\"><span style=\"font-size: large;\">GELECEK \u0130\u00c7\u0130N YED\u0130 STRATEJ\u0130K HEDEF<\/span><\/span><\/h1>\n<p><span style=\"font-family: Tahoma, sans-serif;\"><span style=\"font-size: large;\">T\u00fcrkiye art\u0131k \u00f6n\u00fcm\u00fczdeki se\u00e7im d\u00f6nemlerini de\u011fil, \u00f6n\u00fcm\u00fczdeki nesilleri planlamak zorundad\u0131r.<\/span><\/span><\/p>\n<p><span style=\"font-family: Tahoma, sans-serif;\"><span style=\"font-size: large;\">Bu nedenle 2050 ve sonras\u0131n\u0131 d\u00fc\u015f\u00fcnen bir devlet vizyonu olu\u015fturulmal\u0131d\u0131r.<\/span><\/span><\/p>\n<p><span style=\"font-family: Tahoma, sans-serif;\"><span style=\"font-size: large;\">Bu vizyonun temelinde \u015fu yedi alan bulunmal\u0131d\u0131r:<\/span><\/span><\/p>\n<ol>\n<li><strong><span style=\"font-family: Tahoma, sans-serif;\"><span style=\"font-size: large;\">Nitelikli insan ve e\u011fitim \u00fcst\u00fcnl\u00fc\u011f\u00fc<\/span><\/span><\/strong><\/li>\n<li><strong><span style=\"font-family: Tahoma, sans-serif;\"><span style=\"font-size: large;\">Teknolojik ba\u011f\u0131ms\u0131zl\u0131k ve yapay zek\u00e2<\/span><\/span><\/strong><\/li>\n<li><strong><span style=\"font-family: Tahoma, sans-serif;\"><span style=\"font-size: large;\">Enerji, su ve g\u0131da g\u00fcvenli\u011fi<\/span><\/span><\/strong><\/li>\n<li><strong><span style=\"font-family: Tahoma, sans-serif;\"><span style=\"font-size: large;\">Savunma, siber g\u00fcvenlik ve uzay kapasitesi<\/span><\/span><\/strong><\/li>\n<li><strong><span style=\"font-family: Tahoma, sans-serif;\"><span style=\"font-size: large;\">Balkanlar\u2013Kafkasya\u2013T\u00fcrkistan ba\u011flant\u0131 sistemi<\/span><\/span><\/strong><\/li>\n<li><strong><span style=\"font-family: Tahoma, sans-serif;\"><span style=\"font-size: large;\">Denizcilik ve k\u00fcresel lojistik g\u00fcc\u00fc<\/span><\/span><\/strong><\/li>\n<li><strong><span style=\"font-family: Tahoma, sans-serif;\"><span style=\"font-size: large;\">K\u00fclt\u00fcrel etki, diplomasi ve g\u00fcven \u00fcretme kapasitesi<\/span><\/span><\/strong><\/li>\n<\/ol>\n<p><span style=\"font-family: Tahoma, sans-serif;\"><span style=\"font-size: large;\">T\u00fcrkiye bunlar\u0131n hepsini birbirinden ba\u011f\u0131ms\u0131z de\u011fil, tek bir b\u00fcy\u00fck stratejik mimarinin par\u00e7alar\u0131 olarak g\u00f6rmelidir.<\/span><\/span><\/p>\n<p><span style=\"font-family: Tahoma, sans-serif;\"><span style=\"font-size: large;\">\u00c7\u00fcnk\u00fc g\u00fc\u00e7 par\u00e7al\u0131 de\u011fil b\u00fct\u00fcnc\u00fcl oldu\u011funda kal\u0131c\u0131d\u0131r.<\/span><\/span><\/p>\n<h1 class=\"western\"><span style=\"font-family: Tahoma, sans-serif;\"><span style=\"font-size: large;\">GELECE\u011e\u0130N ZAFER\u0130 TOPRAK DE\u011e\u0130L, ZAMAN KAZANMAKTIR<\/span><\/span><\/h1>\n<ol start=\"21\">\n<li><span style=\"font-family: Tahoma, sans-serif;\"><span style=\"font-size: large;\">y\u00fczy\u0131lda en b\u00fcy\u00fck stratejik kaynaklardan biri zamand\u0131r.<\/span><\/span><\/li>\n<\/ol>\n<p><span style=\"font-family: Tahoma, sans-serif;\"><span style=\"font-size: large;\">Teknoloji yar\u0131\u015f\u0131nda be\u015f y\u0131l ge\u00e7 kalan \u00fclke bazen yirmi y\u0131l kaybedebilir.<\/span><\/span><\/p>\n<p><span style=\"font-family: Tahoma, sans-serif;\"><span style=\"font-size: large;\">Yapay zek\u00e2ya ge\u00e7 ba\u015flayan,<\/span><\/span><\/p>\n<p><span style=\"font-family: Tahoma, sans-serif;\"><span style=\"font-size: large;\">\u00e7ip \u00fcretimini \u00f6nemsemeyen,<\/span><\/span><\/p>\n<p><span style=\"font-family: Tahoma, sans-serif;\"><span style=\"font-size: large;\">uzay \u00e7al\u0131\u015fmalar\u0131n\u0131 erteleyen,<\/span><\/span><\/p>\n<p><span style=\"font-family: Tahoma, sans-serif;\"><span style=\"font-size: large;\">gen\u00e7lerini iyi yeti\u015ftiremeyen,<\/span><\/span><\/p>\n<p><span style=\"font-family: Tahoma, sans-serif;\"><span style=\"font-size: large;\">enerji d\u00f6n\u00fc\u015f\u00fcm\u00fcn\u00fc ka\u00e7\u0131ran \u00fclkelerin gelecekte hareket alan\u0131 daralacakt\u0131r.<\/span><\/span><\/p>\n<p><span style=\"font-family: Tahoma, sans-serif;\"><span style=\"font-size: large;\">Bu nedenle bug\u00fcn\u00fcn devlet adaml\u0131\u011f\u0131nda en b\u00fcy\u00fck yetenek sadece bug\u00fcn\u00fcn problemlerini \u00e7\u00f6zmek de\u011fildir.<\/span><\/span><\/p>\n<h3 class=\"western\"><span style=\"font-family: Tahoma, sans-serif;\"><span style=\"font-size: large;\">Hen\u00fcz problem olmam\u0131\u015f meseleleri \u00f6nceden g\u00f6rebilmektir.<\/span><\/span><\/h3>\n<p><span style=\"font-family: Tahoma, sans-serif;\"><span style=\"font-size: large;\">Devlet akl\u0131 dedi\u011fimiz \u015fey de budur.<\/span><\/span><\/p>\n<h1 class=\"western\"><span style=\"font-family: Tahoma, sans-serif;\"><span style=\"font-size: large;\">YEN\u0130 KIZILELMA: G\u00dc\u00c7L\u00dc, \u00dcRETEN VE Y\u00d6N VEREN T\u00dcRK\u0130YE<\/span><\/span><\/h1>\n<p><span style=\"font-family: Tahoma, sans-serif;\"><span style=\"font-size: large;\">Her \u00e7a\u011f kendi K\u0131z\u0131lelma\u2019s\u0131n\u0131 \u00fcretir.<\/span><\/span><\/p>\n<p><span style=\"font-family: Tahoma, sans-serif;\"><span style=\"font-size: large;\">Bug\u00fcn\u00fcn K\u0131z\u0131lelmas\u0131 yeni topraklar de\u011fildir.<\/span><\/span><\/p>\n<p><span style=\"font-family: Tahoma, sans-serif;\"><span style=\"font-size: large;\">Bilimde \u00f6nc\u00fc T\u00fcrkiye\u2019dir.<\/span><\/span><\/p>\n<p><span style=\"font-family: Tahoma, sans-serif;\"><span style=\"font-size: large;\">Teknolojisini kendisi \u00fcreten T\u00fcrkiye\u2019dir.<\/span><\/span><\/p>\n<p><span style=\"font-family: Tahoma, sans-serif;\"><span style=\"font-size: large;\">Savunmada ba\u011f\u0131ms\u0131z T\u00fcrkiye\u2019dir.<\/span><\/span><\/p>\n<p><span style=\"font-family: Tahoma, sans-serif;\"><span style=\"font-size: large;\">Enerjisini g\u00fcvence alt\u0131na alan T\u00fcrkiye\u2019dir.<\/span><\/span><\/p>\n<p><span style=\"font-family: Tahoma, sans-serif;\"><span style=\"font-size: large;\">Balkanlarda g\u00fcven \u00fcreten T\u00fcrkiye\u2019dir.<\/span><\/span><\/p>\n<p><span style=\"font-family: Tahoma, sans-serif;\"><span style=\"font-size: large;\">T\u00fcrk d\u00fcnyas\u0131nda ekonomik b\u00fct\u00fcnle\u015fmeyi g\u00fc\u00e7lendiren T\u00fcrkiye\u2019dir.<\/span><\/span><\/p>\n<p><span style=\"font-family: Tahoma, sans-serif;\"><span style=\"font-size: large;\">Afrika\u2019yla kar\u015f\u0131l\u0131kl\u0131 kazan\u0131ma dayal\u0131 ortakl\u0131klar kuran T\u00fcrkiye\u2019dir.<\/span><\/span><\/p>\n<p><span style=\"font-family: Tahoma, sans-serif;\"><span style=\"font-size: large;\">Denizlerde g\u00fc\u00e7l\u00fc T\u00fcrkiye\u2019dir.<\/span><\/span><\/p>\n<p><span style=\"font-family: Tahoma, sans-serif;\"><span style=\"font-size: large;\">Uzayda var olan T\u00fcrkiye\u2019dir.<\/span><\/span><\/p>\n<p><span style=\"font-family: Tahoma, sans-serif;\"><span style=\"font-size: large;\">Ve b\u00fct\u00fcn bunlar\u0131n \u00fczerinde:<\/span><\/span><\/p>\n<h3 class=\"western\"><span style=\"font-family: Tahoma, sans-serif;\"><span style=\"font-size: large;\">Kendi karar\u0131n\u0131 kendisi verebilen T\u00fcrkiye\u2019dir.<\/span><\/span><\/h3>\n<h1 class=\"western\"><span style=\"font-family: Tahoma, sans-serif;\"><span style=\"font-size: large;\">GE\u00c7M\u0130\u015e\u0130M\u0130Z GURURUMUZ, GELECEK SORUMLULU\u011eUMUZDUR<\/span><\/span><\/h1>\n<p><span style=\"font-family: Tahoma, sans-serif;\"><span style=\"font-size: large;\">Belgrad bize stratejik kap\u0131lar\u0131 g\u00f6rmeyi \u00f6\u011fretiyor.<\/span><\/span><\/p>\n<p><span style=\"font-family: Tahoma, sans-serif;\"><span style=\"font-size: large;\">Moha\u00e7 bize haz\u0131rl\u0131\u011f\u0131n de\u011ferini \u00f6\u011fretiyor.<\/span><\/span><\/p>\n<p><span style=\"font-family: Tahoma, sans-serif;\"><span style=\"font-size: large;\">Malazgirt ufuk a\u00e7man\u0131n ne demek oldu\u011funu g\u00f6steriyor.<\/span><\/span><\/p>\n<p><span style=\"font-family: Tahoma, sans-serif;\"><span style=\"font-size: large;\">\u00c7anakkale direnmenin anlam\u0131n\u0131 \u00f6\u011fretiyor.<\/span><\/span><\/p>\n<p><span style=\"font-family: Tahoma, sans-serif;\"><span style=\"font-size: large;\">Sakarya sabr\u0131 \u00f6\u011fretiyor.<\/span><\/span><\/p>\n<p><span style=\"font-family: Tahoma, sans-serif;\"><span style=\"font-size: large;\">30 A\u011fustos ise ba\u011f\u0131ms\u0131zl\u0131\u011f\u0131n bedelini ve iradenin g\u00fcc\u00fcn\u00fc hat\u0131rlat\u0131yor.<\/span><\/span><\/p>\n<p><span style=\"font-family: Tahoma, sans-serif;\"><span style=\"font-size: large;\">Fakat b\u00fct\u00fcn bunlar\u0131 sadece y\u0131ld\u00f6n\u00fcmlerinde hat\u0131rlay\u0131p sonra unutursak tarihe kar\u015f\u0131 g\u00f6revimizi yerine getirmi\u015f olmay\u0131z.<\/span><\/span><\/p>\n<p><span style=\"font-family: Tahoma, sans-serif;\"><span style=\"font-size: large;\">Ger\u00e7ek g\u00f6revimiz, ge\u00e7mi\u015fin b\u00fcy\u00fck ba\u015far\u0131lar\u0131ndan gelece\u011fin b\u00fcy\u00fck plan\u0131n\u0131 \u00e7\u0131karmakt\u0131r.<\/span><\/span><\/p>\n<p><span style=\"font-family: Tahoma, sans-serif;\"><span style=\"font-size: large;\">Atalar\u0131m\u0131z \u00e7a\u011flar\u0131n\u0131n stratejik yollar\u0131n\u0131 g\u00f6rd\u00fcler.<\/span><\/span><\/p>\n<p><span style=\"font-family: Tahoma, sans-serif;\"><span style=\"font-size: large;\">Biz enerji koridorlar\u0131n\u0131 g\u00f6rmeliyiz.<\/span><\/span><\/p>\n<p><span style=\"font-family: Tahoma, sans-serif;\"><span style=\"font-size: large;\">Onlar kaleler kurdular.<\/span><\/span><\/p>\n<p><span style=\"font-family: Tahoma, sans-serif;\"><span style=\"font-size: large;\">Biz teknoloji merkezleri kurmal\u0131y\u0131z.<\/span><\/span><\/p>\n<p><span style=\"font-family: Tahoma, sans-serif;\"><span style=\"font-size: large;\">Onlar ordular yeti\u015ftirdiler.<\/span><\/span><\/p>\n<p><span style=\"font-family: Tahoma, sans-serif;\"><span style=\"font-size: large;\">Biz bilim insanlar\u0131, m\u00fchendisler, giri\u015fimciler ve gelece\u011fi okuyabilen devlet adamlar\u0131 yeti\u015ftirmeliyiz.<\/span><\/span><\/p>\n<p><span style=\"font-family: Tahoma, sans-serif;\"><span style=\"font-size: large;\">Onlar kendi \u00e7a\u011flar\u0131n\u0131n meydanlar\u0131n\u0131 kazand\u0131lar.<\/span><\/span><\/p>\n<h3 class=\"western\"><span style=\"font-family: Tahoma, sans-serif;\"><span style=\"font-size: large;\">\u015eimdi bizim \u00f6n\u00fcm\u00fczde kendi \u00e7a\u011f\u0131m\u0131z\u0131n meydanlar\u0131 var.<\/span><\/span><\/h3>\n<p><span style=\"font-family: Tahoma, sans-serif;\"><span style=\"font-size: large;\">Yapay zek\u00e2&#8230;<\/span><\/span><\/p>\n<p><span style=\"font-family: Tahoma, sans-serif;\"><span style=\"font-size: large;\">Uzay&#8230;<\/span><\/span><\/p>\n<p><span style=\"font-family: Tahoma, sans-serif;\"><span style=\"font-size: large;\">Enerji&#8230;<\/span><\/span><\/p>\n<p><span style=\"font-family: Tahoma, sans-serif;\"><span style=\"font-size: large;\">Su&#8230;<\/span><\/span><\/p>\n<p><span style=\"font-family: Tahoma, sans-serif;\"><span style=\"font-size: large;\">G\u0131da&#8230;<\/span><\/span><\/p>\n<p><span style=\"font-family: Tahoma, sans-serif;\"><span style=\"font-size: large;\">Lojistik&#8230;<\/span><\/span><\/p>\n<p><span style=\"font-family: Tahoma, sans-serif;\"><span style=\"font-size: large;\">Denizler&#8230;<\/span><\/span><\/p>\n<p><span style=\"font-family: Tahoma, sans-serif;\"><span style=\"font-size: large;\">Veri&#8230;<\/span><\/span><\/p>\n<p><span style=\"font-family: Tahoma, sans-serif;\"><span style=\"font-size: large;\">E\u011fitim&#8230;<\/span><\/span><\/p>\n<p><span style=\"font-family: Tahoma, sans-serif;\"><span style=\"font-size: large;\">Ve insan.<\/span><\/span><\/p>\n<p><span style=\"font-family: Tahoma, sans-serif;\"><span style=\"font-size: large;\">T\u00fcrkiye\u2019nin yeni b\u00fcy\u00fck y\u00fcr\u00fcy\u00fc\u015f\u00fc, s\u0131n\u0131rlar\u0131n\u0131 b\u00fcy\u00fctme y\u00fcr\u00fcy\u00fc\u015f\u00fc de\u011fil; <\/span><\/span><strong><span style=\"font-family: Tahoma, sans-serif;\"><span style=\"font-size: large;\">bilgisini, \u00fcretimini, teknolojisini, refah\u0131n\u0131, adaletini, dostluklar\u0131n\u0131 ve stratejik etkisini b\u00fcy\u00fctme y\u00fcr\u00fcy\u00fc\u015f\u00fc olmal\u0131d\u0131r.<\/span><\/span><\/strong><\/p>\n<p><span style=\"font-family: Tahoma, sans-serif;\"><span style=\"font-size: large;\">\u00c7\u00fcnk\u00fc 21. y\u00fczy\u0131l\u0131n en b\u00fcy\u00fck fethi toprak de\u011fildir.<\/span><\/span><\/p>\n<p><strong><span style=\"font-family: Tahoma, sans-serif;\"><span style=\"font-size: large;\">Gelecektir.<\/span><\/span><\/strong><\/p>\n<p><span style=\"font-family: Tahoma, sans-serif;\"><span style=\"font-size: large;\">Ve belki de bug\u00fcn b\u00fct\u00fcn tarih kitaplar\u0131m\u0131z\u0131n son sayfas\u0131na \u015fu c\u00fcmleyi yazman\u0131n zaman\u0131d\u0131r:<\/span><\/span><\/p>\n<h3 class=\"western\"><strong>\u201c<span style=\"font-family: Tahoma, sans-serif;\"><span style=\"font-size: large;\">Atalar\u0131m\u0131z bize b\u00fcy\u00fck bir tarih b\u0131rakt\u0131. Bizim g\u00f6revimiz \u00e7ocuklar\u0131m\u0131za b\u00fcy\u00fck bir gelecek b\u0131rakmakt\u0131r.\u201d<\/span><\/span><\/strong><\/h3>\n<p><strong><span style=\"font-family: Tahoma, sans-serif;\"><span style=\"font-size: large;\">Rafet ULUT\u00dcRK<\/span><\/span><\/strong><span style=\"font-family: Tahoma, sans-serif;\"><span style=\"font-size: large;\"><br \/>\n<\/span><\/span><strong><span style=\"font-family: Tahoma, sans-serif;\"><span style=\"font-size: large;\">BULT\u00dcRK Genel Ba\u015fkan\u0131<\/span><\/span><\/strong><\/p>\n<p>&nbsp;<\/p>\n<div id=\"bghab-68486344\" class=\"bghab-yazi-altinda bghab-entity-placement\"><script async src=\"https:\/\/pagead2.googlesyndication.com\/pagead\/js\/adsbygoogle.js\"><\/script>\r\n<!-- bghaber-yaz\u0131-sonu -->\r\n<ins class=\"adsbygoogle\"\r\n     style=\"display:block\"\r\n     data-ad-client=\"ca-pub-6203283170189293\"\r\n     data-ad-slot=\"4222328180\"\r\n     data-ad-format=\"auto\"\r\n     data-full-width-responsive=\"true\"><\/ins>\r\n<script>\r\n     (adsbygoogle = window.adsbygoogle || []).push({});\r\n<\/script><\/div><br style=\"clear: both; display: block; float: none;\"\/>","protected":false},"excerpt":{"rendered":"<p>Belgrad\u2019dan Moha\u00e7\u2019a, Malazgirt\u2019ten B\u00fcy\u00fck Taarruz\u2019a Uzanan Stratejik Ak\u0131l Bize Bug\u00fcn Ne S\u00f6yl\u00fcyor? Tarih yaln\u0131zca ge\u00e7mi\u015fte ya\u015fanm\u0131\u015f olaylar\u0131n toplam\u0131 de\u011fildir. Tarih, do\u011fru okundu\u011funda milletlerin gelece\u011fini kuran<\/p>\n","protected":false},"author":13,"featured_media":65318,"comment_status":"open","ping_status":"closed","sticky":false,"template":"","format":"standard","meta":{"advanced_seo_description":"","jetpack_seo_html_title":"","jetpack_seo_noindex":false,"jetpack_seo_schema_type":"","_jetpack_newsletter_access":"","_jetpack_dont_email_post_to_subs":false,"_jetpack_newsletter_tier_id":0,"_jetpack_memberships_contains_paywalled_content":false,"_jetpack_feature_clip_id":0,"_jetpack_memberships_contains_paid_content":false,"footnotes":"","jetpack_post_was_ever_published":false},"categories":[6],"tags":[],"class_list":["post-65315","post","type-post","status-publish","format-standard","has-post-thumbnail","hentry","category-yorum"],"jetpack_sharing_enabled":true,"jetpack_likes_enabled":true,"jetpack-related-posts":[],"jetpack_shortlink":"https:\/\/wp.me\/pc2PfJ-gZt","jetpack_featured_media_url":"https:\/\/i0.wp.com\/www.bghaber.org\/bghaber\/wp-content\/uploads\/2026\/08\/rafet-ofss33sl.jpg?fit=1075%2C1463&ssl=1","_links":{"self":[{"href":"https:\/\/www.bghaber.org\/bghaber\/wp-json\/wp\/v2\/posts\/65315","targetHints":{"allow":["GET"]}}],"collection":[{"href":"https:\/\/www.bghaber.org\/bghaber\/wp-json\/wp\/v2\/posts"}],"about":[{"href":"https:\/\/www.bghaber.org\/bghaber\/wp-json\/wp\/v2\/types\/post"}],"author":[{"embeddable":true,"href":"https:\/\/www.bghaber.org\/bghaber\/wp-json\/wp\/v2\/users\/13"}],"replies":[{"embeddable":true,"href":"https:\/\/www.bghaber.org\/bghaber\/wp-json\/wp\/v2\/comments?post=65315"}],"version-history":[{"count":1,"href":"https:\/\/www.bghaber.org\/bghaber\/wp-json\/wp\/v2\/posts\/65315\/revisions"}],"predecessor-version":[{"id":65317,"href":"https:\/\/www.bghaber.org\/bghaber\/wp-json\/wp\/v2\/posts\/65315\/revisions\/65317"}],"wp:featuredmedia":[{"embeddable":true,"href":"https:\/\/www.bghaber.org\/bghaber\/wp-json\/wp\/v2\/media\/65318"}],"wp:attachment":[{"href":"https:\/\/www.bghaber.org\/bghaber\/wp-json\/wp\/v2\/media?parent=65315"}],"wp:term":[{"taxonomy":"category","embeddable":true,"href":"https:\/\/www.bghaber.org\/bghaber\/wp-json\/wp\/v2\/categories?post=65315"},{"taxonomy":"post_tag","embeddable":true,"href":"https:\/\/www.bghaber.org\/bghaber\/wp-json\/wp\/v2\/tags?post=65315"}],"curies":[{"name":"wp","href":"https:\/\/api.w.org\/{rel}","templated":true}]}}