{"id":65313,"date":"2026-08-29T23:43:28","date_gmt":"2026-08-29T20:43:28","guid":{"rendered":"https:\/\/www.bghaber.org\/bghaber\/?p=65313"},"modified":"2026-08-29T23:43:28","modified_gmt":"2026-08-29T20:43:28","slug":"ulkuculuk-ayristirmaz-birlestirir","status":"publish","type":"post","link":"https:\/\/www.bghaber.org\/bghaber\/ulkuculuk-ayristirmaz-birlestirir\/","title":{"rendered":"\u00dcLK\u00dcC\u00dcL\u00dcK AYRI\u015eTIRMAZ, B\u0130RLE\u015eT\u0130R\u0130R"},"content":{"rendered":"<p>Rafet ULUT\u00dcRK<\/p>\n<h2>\u00c7anakkale\u2019den T\u00fcrk D\u00fcnyas\u0131n\u0131n Gelece\u011fine Uzanan B\u00fcy\u00fck \u00dclk\u00fc<\/h2>\n<p>Bir milletin b\u00fcy\u00fckl\u00fc\u011f\u00fc yaln\u0131zca n\u00fcfusuyla, ordusuyla veya ekonomik g\u00fcc\u00fcyle \u00f6l\u00e7\u00fclmez.<\/p>\n<p>As\u0131l b\u00fcy\u00fckl\u00fck; zor zamanlarda birbirine sar\u0131labilmekte, farkl\u0131l\u0131klar\u0131 ortak bir ideal etraf\u0131nda birle\u015ftirebilmekte ve gelecek nesillere ortak bir istikamet g\u00f6sterebilmekte ortaya \u00e7\u0131kar.<\/p>\n<p>\u0130\u015fte \u00fclk\u00fcc\u00fcl\u00fc\u011f\u00fc de bug\u00fcn yeniden bu \u00e7er\u00e7evede d\u00fc\u015f\u00fcnmek gerekir.<\/p>\n<p>\u00dclk\u00fcc\u00fcl\u00fck, insanlar\u0131 birbirinden ay\u0131ran dar bir siyasi kimlik olmamal\u0131d\u0131r.<\/p><div id=\"bghab-1363950347\" class=\"bghab-icerik-icine bghab-entity-placement\"><script async src=\"\/\/pagead2.googlesyndication.com\/pagead\/js\/adsbygoogle.js?client=ca-pub-6203283170189293\" crossorigin=\"anonymous\"><\/script><ins class=\"adsbygoogle\" style=\"display:block; text-align:center;\" data-ad-client=\"ca-pub-6203283170189293\" \ndata-ad-slot=\"7303146466\" \ndata-ad-layout=\"in-article\"\ndata-ad-format=\"fluid\" data-full-width-responsive=\"true\"><\/ins>\n<script> \n(adsbygoogle = window.adsbygoogle || []).push({}); \n<\/script>\n<\/div>\n<p>\u00dclk\u00fcc\u00fcl\u00fck; milleti birle\u015ftiren, devleti g\u00fc\u00e7lendiren, gen\u00e7lere hedef g\u00f6steren ve T\u00fcrk d\u00fcnyas\u0131n\u0131 ortak bir gelecek \u00fclk\u00fcs\u00fcnde bulu\u015fturan b\u00fcy\u00fck bir d\u00fc\u015f\u00fcnce olmal\u0131d\u0131r.<\/p>\n<p>\u00c7\u00fcnk\u00fc \u00fclk\u00fc dedi\u011fimiz \u015fey bir grubun di\u011ferine \u00fcst\u00fcn gelmesi de\u011fildir.<\/p>\n<p>\u00dclk\u00fc, milletin tamam\u0131n\u0131n y\u00fckselmesidir.<\/p>\n<p>Ve bu ger\u00e7e\u011fin en b\u00fcy\u00fck tarih\u00ee \u00f6rneklerinden biri \u00c7anakkale\u2019dir.<\/p>\n<h2>\u00c7ANAKKALE\u2019DE SADECE ANADOLU YOKTU<\/h2>\n<p>\u00c7anakkale \u015fehitliklerinde y\u00fcr\u00fcd\u00fc\u011f\u00fcn\u00fczde yaln\u0131zca Anadolu\u2019nun \u015fehirlerini g\u00f6rmezsiniz.<\/p><div id=\"bghab-1013864194\" class=\"bghab-icerik-icine-10-paragraf bghab-entity-placement\"><script async src=\"\/\/pagead2.googlesyndication.com\/pagead\/js\/adsbygoogle.js?client=ca-pub-6203283170189293\" crossorigin=\"anonymous\"><\/script><ins class=\"adsbygoogle\" style=\"display:block; text-align:center;\" data-ad-client=\"ca-pub-6203283170189293\" \ndata-ad-slot=\"7303146466\" \ndata-ad-layout=\"in-article\"\ndata-ad-format=\"fluid\" data-full-width-responsive=\"true\"><\/ins>\n<script> \n(adsbygoogle = window.adsbygoogle || []).push({}); \n<\/script>\n<\/div>\n<p>Rumeli\u2019nin izlerini g\u00f6r\u00fcrs\u00fcn\u00fcz.<\/p>\n<p>Balkanlar\u0131n sesini duyars\u0131n\u0131z.<\/p>\n<p>Kafkasya\u2019n\u0131n hat\u0131ras\u0131n\u0131 hissedersiniz.<\/p>\n<p>Osmanl\u0131 co\u011frafyas\u0131n\u0131n farkl\u0131 b\u00f6lgelerinden gelen insanlar\u0131n ayn\u0131 cephede bulu\u015ftu\u011funu g\u00f6r\u00fcrs\u00fcn\u00fcz.<\/p>\n<p>O cephelerde farkl\u0131 \u015fehirlerden, farkl\u0131 b\u00f6lgelerden, farkl\u0131 sosyal \u00e7evrelerden insanlar vard\u0131.<\/p><div id=\"bghab-435504229\" class=\"bghab-icerik-icine-15-paragraf bghab-entity-placement\"><script async src=\"\/\/pagead2.googlesyndication.com\/pagead\/js\/adsbygoogle.js?client=ca-pub-6203283170189293\" crossorigin=\"anonymous\"><\/script><ins class=\"adsbygoogle\" style=\"display:block; text-align:center;\" data-ad-client=\"ca-pub-6203283170189293\" \ndata-ad-slot=\"7303146466\" \ndata-ad-layout=\"in-article\"\ndata-ad-format=\"fluid\" data-full-width-responsive=\"true\"><\/ins>\n<script> \n(adsbygoogle = window.adsbygoogle || []).push({}); \n<\/script>\n<\/div>\n<p>Fakat hepsinin \u00fczerinde tek bir kimlik y\u00fckseliyordu:<\/p>\n<p><strong>Vatan evlad\u0131 olmak.<\/strong><\/p>\n<p>\u0130\u015fte \u00c7anakkale\u2019nin as\u0131l b\u00fcy\u00fckl\u00fc\u011f\u00fc burada yatmaktad\u0131r.<\/p>\n<p>\u00c7anakkale yaln\u0131zca asker\u00ee bir zafer de\u011fildir.<\/p>\n<p>\u00c7anakkale ayn\u0131 zamanda b\u00fcy\u00fck bir birlik manifestosudur.<\/p><div id=\"bghab-1364950590\" class=\"bghab-icerik-icine-20-paragraf bghab-entity-placement\"><script async src=\"\/\/pagead2.googlesyndication.com\/pagead\/js\/adsbygoogle.js?client=ca-pub-6203283170189293\" crossorigin=\"anonymous\"><\/script><ins class=\"adsbygoogle\" style=\"display:block; text-align:center;\" data-ad-client=\"ca-pub-6203283170189293\" \ndata-ad-slot=\"7303146466\" \ndata-ad-layout=\"in-article\"\ndata-ad-format=\"fluid\" data-full-width-responsive=\"true\"><\/ins>\n<script> \n(adsbygoogle = window.adsbygoogle || []).push({}); \n<\/script>\n<\/div>\n<p>O g\u00fcn insanlar\u0131n birbirlerine hangi \u015fehirden geldiklerini, hangi g\u00f6r\u00fc\u015f\u00fc savunduklar\u0131n\u0131 veya hangi sosyal \u00e7evreden olduklar\u0131n\u0131 sormaya vakitleri yoktu.<\/p>\n<p>\u00c7\u00fcnk\u00fc \u00f6nlerinde \u00e7ok daha b\u00fcy\u00fck bir mesele vard\u0131:<\/p>\n<p>Vatan\u0131n gelece\u011fi.<\/p>\n<p>Bug\u00fcn de ayn\u0131 soruyu sormak zorunday\u0131z.<\/p>\n<p>Bizim i\u00e7in as\u0131l mesele birbirimizi yenmek mi olmal\u0131d\u0131r?<\/p><div id=\"bghab-1622077524\" class=\"bghab-icerik-icine-25-paragraf bghab-entity-placement\"><script async src=\"\/\/pagead2.googlesyndication.com\/pagead\/js\/adsbygoogle.js?client=ca-pub-6203283170189293\" crossorigin=\"anonymous\"><\/script><ins class=\"adsbygoogle\" style=\"display:block; text-align:center;\" data-ad-client=\"ca-pub-6203283170189293\" \ndata-ad-slot=\"7303146466\" \ndata-ad-layout=\"in-article\"\ndata-ad-format=\"fluid\" data-full-width-responsive=\"true\"><\/ins>\n<script> \n(adsbygoogle = window.adsbygoogle || []).push({}); \n<\/script>\n<\/div>\n<p>Yoksa T\u00fcrkiye\u2019yi gelece\u011fe ta\u015f\u0131mak m\u0131?<\/p>\n<h2>\u00c7ANAKKALE TOPRA\u011eININ ALTINDA PART\u0130 ROZET\u0130 YOKTUR<\/h2>\n<p>\u00c7anakkale \u015fehitliklerinde siyasi parti rozeti g\u00f6remezsiniz.<\/p>\n<p>Orada makam yoktur.<\/p>\n<p>Unvan yoktur.<\/p>\n<p>Zengin-fakir ayr\u0131m\u0131 yoktur.<\/p><div id=\"bghab-2026744480\" class=\"bghab-icerik-icine-30-paragraf bghab-entity-placement\"><script async src=\"\/\/pagead2.googlesyndication.com\/pagead\/js\/adsbygoogle.js?client=ca-pub-6203283170189293\" crossorigin=\"anonymous\"><\/script><ins class=\"adsbygoogle\" style=\"display:block; text-align:center;\" data-ad-client=\"ca-pub-6203283170189293\" \ndata-ad-slot=\"7303146466\" \ndata-ad-layout=\"in-article\"\ndata-ad-format=\"fluid\" data-full-width-responsive=\"true\"><\/ins>\n<script> \n(adsbygoogle = window.adsbygoogle || []).push({}); \n<\/script>\n<\/div>\n<p>Orada yaln\u0131zca vatan i\u00e7in can vermi\u015f insanlar vard\u0131r.<\/p>\n<p>\u0130\u015fte bug\u00fcn siyaset y\u00fcz\u00fcnden birbirine s\u0131rt d\u00f6nen insanlar\u0131n d\u00f6n\u00fcp bakmas\u0131 gereken yer buras\u0131d\u0131r.<\/p>\n<p>Ayn\u0131 bayra\u011f\u0131n alt\u0131nda ya\u015fayan insanlar\u0131n birbirlerini siyasi tercihlerinden dolay\u0131 d\u00fc\u015fmanla\u015ft\u0131rmas\u0131 millet olma bilincine zarar verir.<\/p>\n<p>Elbette siyaset olacakt\u0131r.<\/p>\n<p>Fikir ayr\u0131l\u0131klar\u0131 olacakt\u0131r.<\/p><div id=\"bghab-2092133771\" class=\"bghab-icerik-icine-35-paragraf bghab-entity-placement\"><script async src=\"\/\/pagead2.googlesyndication.com\/pagead\/js\/adsbygoogle.js?client=ca-pub-6203283170189293\" crossorigin=\"anonymous\"><\/script><ins class=\"adsbygoogle\" style=\"display:block; text-align:center;\" data-ad-client=\"ca-pub-6203283170189293\" \ndata-ad-slot=\"7303146466\" \ndata-ad-layout=\"in-article\"\ndata-ad-format=\"fluid\" data-full-width-responsive=\"true\"><\/ins>\n<script> \n(adsbygoogle = window.adsbygoogle || []).push({}); \n<\/script>\n<\/div>\n<p>Ele\u015ftiri olacakt\u0131r.<\/p>\n<p>Demokrasi zaten farkl\u0131 fikirlerin yar\u0131\u015fmas\u0131d\u0131r.<\/p>\n<p>Fakat siyasi rekabet d\u00fc\u015fmanl\u0131\u011fa d\u00f6n\u00fc\u015fmemelidir.<\/p>\n<p>\u00c7\u00fcnk\u00fc se\u00e7imler ge\u00e7er.<\/p>\n<p>Partiler de\u011fi\u015fir.<\/p><div id=\"bghab-2468483852\" class=\"bghab-icerik-icine-40-paragraf bghab-entity-placement\"><script async src=\"\/\/pagead2.googlesyndication.com\/pagead\/js\/adsbygoogle.js?client=ca-pub-6203283170189293\" crossorigin=\"anonymous\"><\/script><ins class=\"adsbygoogle\" style=\"display:block; text-align:center;\" data-ad-client=\"ca-pub-6203283170189293\" \ndata-ad-slot=\"7303146466\" \ndata-ad-layout=\"in-article\"\ndata-ad-format=\"fluid\" data-full-width-responsive=\"true\"><\/ins>\n<script> \n(adsbygoogle = window.adsbygoogle || []).push({}); \n<\/script>\n<\/div>\n<p>Liderler de\u011fi\u015fir.<\/p>\n<p>Ama T\u00fcrkiye kal\u0131r.<\/p>\n<h2>\u00dcLK\u00dcC\u00dcL\u00dcK \u201cSEN B\u0130ZDEN DE\u011e\u0130LS\u0130N\u201d DEMEK DE\u011e\u0130LD\u0130R<\/h2>\n<p>\u00dclk\u00fcc\u00fcl\u00fc\u011f\u00fcn gelecekteki en b\u00fcy\u00fck s\u0131navlar\u0131ndan biri budur.<\/p>\n<p>Bir insan\u0131n vatan sevgisini hangi partiye oy verdi\u011fiyle \u00f6l\u00e7emeyiz.<\/p>\n<p>Bir insan ba\u015fka bir siyasi g\u00f6r\u00fc\u015fe sahip olabilir ama T\u00fcrkiye\u2019nin ba\u011f\u0131ms\u0131zl\u0131\u011f\u0131n\u0131 savunabilir.<\/p><div id=\"bghab-1583808991\" class=\"bghab-icerik-icine-45-paragraf bghab-entity-placement\"><script async src=\"\/\/pagead2.googlesyndication.com\/pagead\/js\/adsbygoogle.js?client=ca-pub-6203283170189293\" crossorigin=\"anonymous\"><\/script><ins class=\"adsbygoogle\" style=\"display:block; text-align:center;\" data-ad-client=\"ca-pub-6203283170189293\" \ndata-ad-slot=\"7303146466\" \ndata-ad-layout=\"in-article\"\ndata-ad-format=\"fluid\" data-full-width-responsive=\"true\"><\/ins>\n<script> \n(adsbygoogle = window.adsbygoogle || []).push({}); \n<\/script>\n<\/div>\n<p>Ba\u015fka bir hayat tarz\u0131ndan gelebilir ama bayra\u011f\u0131na ba\u011fl\u0131 olabilir.<\/p>\n<p>T\u00fcrkiye\u2019nin baz\u0131 meselelerine farkl\u0131 \u00e7\u00f6z\u00fcmler \u00f6nerebilir ama milletinin gelece\u011fini \u00f6nemseyebilir.<\/p>\n<p>\u0130\u015fte b\u00fcy\u00fck \u00fclk\u00fcc\u00fc d\u00fc\u015f\u00fcncenin g\u00f6revi insanlar\u0131 d\u0131\u015flamak de\u011fil, ortak hedeflerde bulu\u015fturmakt\u0131r.<\/p>\n<p>\u201cSen bizden de\u011filsin.\u201d<\/p>\n<p>demek kolayd\u0131r.<\/p><div id=\"bghab-3468986761\" class=\"bghab-icerik-icine-50-paragraf bghab-entity-placement\"><script async src=\"\/\/pagead2.googlesyndication.com\/pagead\/js\/adsbygoogle.js?client=ca-pub-6203283170189293\" crossorigin=\"anonymous\"><\/script><ins class=\"adsbygoogle\" style=\"display:block; text-align:center;\" data-ad-client=\"ca-pub-6203283170189293\" \ndata-ad-slot=\"7303146466\" \ndata-ad-layout=\"in-article\"\ndata-ad-format=\"fluid\" data-full-width-responsive=\"true\"><\/ins>\n<script> \n(adsbygoogle = window.adsbygoogle || []).push({}); \n<\/script>\n<\/div>\n<p>As\u0131l b\u00fcy\u00fckl\u00fck \u015funu diyebilmektir:<\/p>\n<p><strong>\u201cSen de bu milletin evlad\u0131s\u0131n. Gel, T\u00fcrkiye\u2019nin gelece\u011fini birlikte kural\u0131m.\u201d<\/strong><\/p>\n<p>\u00c7\u00fcnk\u00fc b\u00fcy\u00fck fikirler insan kaybetmez.<\/p>\n<p>\u0130nsan kazan\u0131r.<\/p>\n<h2>\u00dcLK\u00dcC\u00dcL\u00dc\u011e\u00dc PART\u0130 SINIRLARINDAN \u00c7IKARMAK GEREK\u0130R<\/h2>\n<p>Devlet partiden b\u00fcy\u00fckt\u00fcr.<\/p><div id=\"bghab-2855895599\" class=\"bghab-icerik-icine-55-paragraf bghab-entity-placement\"><script async src=\"\/\/pagead2.googlesyndication.com\/pagead\/js\/adsbygoogle.js?client=ca-pub-6203283170189293\" crossorigin=\"anonymous\"><\/script><ins class=\"adsbygoogle\" style=\"display:block; text-align:center;\" data-ad-client=\"ca-pub-6203283170189293\" \ndata-ad-slot=\"7303146466\" \ndata-ad-layout=\"in-article\"\ndata-ad-format=\"fluid\" data-full-width-responsive=\"true\"><\/ins>\n<script> \n(adsbygoogle = window.adsbygoogle || []).push({}); \n<\/script>\n<\/div>\n<p>Millet partiden b\u00fcy\u00fckt\u00fcr.<\/p>\n<p>Vatan partiden b\u00fcy\u00fckt\u00fcr.<\/p>\n<p>Dolay\u0131s\u0131yla \u00fclk\u00fc de g\u00fcnl\u00fck siyasi hesaplar\u0131n \u00fczerinde olmal\u0131d\u0131r.<\/p>\n<p>\u00dclk\u00fcc\u00fcl\u00fck yaln\u0131zca belirli bir siyasi \u00e7evrenin kendisini tan\u0131mlama bi\u00e7imine d\u00f6n\u00fc\u015f\u00fcrse k\u00fc\u00e7\u00fcl\u00fcr.<\/p>\n<p>Fakat milletin tamam\u0131na hitap eden bir gelecek d\u00fc\u015f\u00fcncesine d\u00f6n\u00fc\u015f\u00fcrse b\u00fcy\u00fcr.<\/p><div id=\"bghab-1210055999\" class=\"bghab-icerik-icine-60-paragraf bghab-entity-placement\"><script async src=\"\/\/pagead2.googlesyndication.com\/pagead\/js\/adsbygoogle.js?client=ca-pub-6203283170189293\" crossorigin=\"anonymous\"><\/script><ins class=\"adsbygoogle\" style=\"display:block; text-align:center;\" data-ad-client=\"ca-pub-6203283170189293\" \ndata-ad-slot=\"7303146466\" \ndata-ad-layout=\"in-article\"\ndata-ad-format=\"fluid\" data-full-width-responsive=\"true\"><\/ins>\n<script> \n(adsbygoogle = window.adsbygoogle || []).push({}); \n<\/script>\n<\/div>\n<p>Bir \u00f6\u011fretmen \u00fclkesine hizmet ediyorsa \u00fclk\u00fcs\u00fc vard\u0131r.<\/p>\n<p>Bir m\u00fchendis T\u00fcrkiye\u2019nin teknolojik ba\u011f\u0131ms\u0131zl\u0131\u011f\u0131 i\u00e7in \u00e7al\u0131\u015f\u0131yorsa \u00fclk\u00fcs\u00fc vard\u0131r.<\/p>\n<p>Bir asker s\u0131n\u0131rda n\u00f6bet tutuyorsa \u00fclk\u00fcs\u00fc vard\u0131r.<\/p>\n<p>Bir bilim insan\u0131 d\u00fcnyayla rekabet edecek ara\u015ft\u0131rmalar yap\u0131yorsa \u00fclk\u00fcs\u00fc vard\u0131r.<\/p>\n<p>Bir \u00e7ift\u00e7i topra\u011f\u0131n\u0131 \u00fcretimde tutuyorsa \u00fclk\u00fcs\u00fc vard\u0131r.<\/p><div id=\"bghab-4032184072\" class=\"bghab-icerik-icine-65-paragraf bghab-entity-placement\"><script async src=\"\/\/pagead2.googlesyndication.com\/pagead\/js\/adsbygoogle.js?client=ca-pub-6203283170189293\" crossorigin=\"anonymous\"><\/script><ins class=\"adsbygoogle\" style=\"display:block; text-align:center;\" data-ad-client=\"ca-pub-6203283170189293\" \ndata-ad-slot=\"7303146466\" \ndata-ad-layout=\"in-article\"\ndata-ad-format=\"fluid\" data-full-width-responsive=\"true\"><\/ins>\n<script> \n(adsbygoogle = window.adsbygoogle || []).push({}); \n<\/script>\n<\/div>\n<p>Bir giri\u015fimci yeni fabrikalar kuruyorsa \u00fclk\u00fcs\u00fc vard\u0131r.<\/p>\n<p>Bir anne \u00e7ocuklar\u0131n\u0131 vatan\u0131na ve milletine faydal\u0131 insanlar olarak yeti\u015ftiriyorsa onun da \u00fclk\u00fcs\u00fc vard\u0131r.<\/p>\n<p>\u0130\u015fte yeni y\u00fczy\u0131l\u0131n \u00fclk\u00fcc\u00fcl\u00fc\u011f\u00fc bu geni\u015fli\u011fi ta\u015f\u0131mal\u0131d\u0131r.<\/p>\n<h2>\u00dcLK\u00dcC\u00dcL\u00dcK \u00d6NCE AHLAK DAVASIDIR<\/h2>\n<p>Fakat bir millet yaln\u0131zca g\u00fc\u00e7l\u00fc ordularla veya b\u00fcy\u00fck ekonomilerle y\u00fckselmez.<\/p>\n<p>Ahlak gerekir.<\/p>\n<p>Adalet gerekir.<\/p>\n<p>Vicdan gerekir.<\/p>\n<p>Liyakat gerekir.<\/p>\n<p>Bir insan meydanlarda ne kadar b\u00fcy\u00fck s\u00f6zler s\u00f6ylerse s\u00f6ylesin, e\u011fer kul hakk\u0131 yiyorsa onun milliyet\u00e7ili\u011fi eksiktir.<\/p>\n<p>Devlet mal\u0131na el uzat\u0131yorsa eksiktir.<\/p>\n<p>Yetimin hakk\u0131n\u0131 korumuyorsa eksiktir.<\/p>\n<p>Makam sahibi oldu\u011funda kibirleniyorsa eksiktir.<\/p>\n<p>Liyakatsizi sadece kendisine yak\u0131n oldu\u011fu i\u00e7in y\u00fckseltiyorsa eksiktir.<\/p>\n<p>\u00c7\u00fcnk\u00fc millet sevgisi insan sevgisinden ayr\u0131 de\u011fildir.<\/p>\n<p>Milleti seviyorsan\u0131z milletin insan\u0131na da adaletle davranacaks\u0131n\u0131z.<\/p>\n<p>Bir \u00fclk\u00fcc\u00fcn\u00fcn en b\u00fcy\u00fck s\u0131nav\u0131, g\u00fcc\u00fc eline ge\u00e7irdi\u011finde nas\u0131l davrand\u0131\u011f\u0131d\u0131r.<\/p>\n<h2>CESARET KADAR MERHAMET DE GEREK\u0130R<\/h2>\n<p>\u00dclk\u00fcc\u00fc gelenekte cesaret \u00f6nemli bir de\u011ferdir.<\/p>\n<p>Fedak\u00e2rl\u0131k \u00f6nemlidir.<\/p>\n<p>M\u00fccadele \u00f6nemlidir.<\/p>\n<p>Fakat bunlar\u0131n yan\u0131na g\u00fc\u00e7l\u00fc bir kelime daha koymak gerekir:<\/p>\n<p><strong>Merhamet.<\/strong><\/p>\n<p>\u00c7\u00fcnk\u00fc millet bir ailedir.<\/p>\n<p>Aile yaln\u0131zca g\u00fc\u00e7le ayakta kalmaz.<\/p>\n<p>Sevgiyle ayakta kal\u0131r.<\/p>\n<p>Vefayla ayakta kal\u0131r.<\/p>\n<p>Bir \u00fclk\u00fcc\u00fcn\u00fcn g\u00f6revi yaln\u0131zca rakibine kar\u015f\u0131 m\u00fccadele etmek de\u011fildir.<\/p>\n<p>Bazen as\u0131l g\u00f6rev, kaybolmak \u00fczere olan bir genci yeniden kazanmakt\u0131r.<\/p>\n<p>Bir fakirin kap\u0131s\u0131n\u0131 \u00e7almakt\u0131r.<\/p>\n<p>Bir \u00f6\u011frencinin e\u011fitimine destek olmakt\u0131r.<\/p>\n<p>Bir ya\u015fl\u0131n\u0131n yaln\u0131zl\u0131\u011f\u0131n\u0131 payla\u015fmakt\u0131r.<\/p>\n<p>Bir haks\u0131zl\u0131\u011fa u\u011frayan insan\u0131n kimli\u011fine bakmadan yan\u0131nda durmakt\u0131r.<\/p>\n<p>\u0130\u015fte ger\u00e7ek millet sevgisi budur.<\/p>\n<h2>T\u00dcRK D\u00dcNYASINI SADECE DUYGULARLA KONU\u015eAMAYIZ<\/h2>\n<p>\u00dclk\u00fcc\u00fcl\u00fc\u011f\u00fcn en b\u00fcy\u00fck ideallerinden biri T\u00fcrk d\u00fcnyas\u0131d\u0131r.<\/p>\n<p>Fakat art\u0131k yaln\u0131zca karde\u015flik s\u00f6zleri s\u00f6ylemek yeterli de\u011fildir.<\/p>\n<p>D\u00fcnya de\u011fi\u015fiyor.<\/p>\n<p>Jeopolitik merkezler de\u011fi\u015fiyor.<\/p>\n<p>Enerji hatlar\u0131 de\u011fi\u015fiyor.<\/p>\n<p>Ticaret yollar\u0131 de\u011fi\u015fiyor.<\/p>\n<p>Avrasya yeniden \u00f6nem kazan\u0131yor.<\/p>\n<p>T\u00fcrk d\u00fcnyas\u0131 da bu yeni d\u00f6nemin \u00f6nemli akt\u00f6rlerinden biri haline geliyor.<\/p>\n<p>Ankara\u2019dan Bak\u00fc\u2019ye,<\/p>\n<p>Astana\u2019dan Ta\u015fkent\u2019e,<\/p>\n<p>Bi\u015fkek\u2019ten A\u015fkabat\u2019a,<\/p>\n<p>Lefko\u015fa\u2019dan Balkanlar\u2019a,<\/p>\n<p>Kafkasya\u2019dan Avrupa\u2019daki T\u00fcrk diasporas\u0131na kadar geni\u015f bir co\u011frafya vard\u0131r.<\/p>\n<p>Bu co\u011frafyay\u0131 yaln\u0131zca duygusal karde\u015flik \u00fczerinden konu\u015fmak yeterli de\u011fildir.<\/p>\n<p>Karde\u015flik stratejiye d\u00f6n\u00fc\u015fmelidir.<\/p>\n<h2>TURAN B\u0130R SLOGAN DE\u011e\u0130L, GELECEK PROJES\u0130 OLMALIDIR<\/h2>\n<p>E\u011fer Turan diyorsak bunun i\u00e7ini doldurmal\u0131y\u0131z.<\/p>\n<p>Ortak \u00fcniversiteler kurmal\u0131y\u0131z.<\/p>\n<p>\u00d6\u011frenci de\u011fi\u015fimlerini art\u0131rmal\u0131y\u0131z.<\/p>\n<p>T\u00fcrk devletleri aras\u0131ndaki ticareti b\u00fcy\u00fctmeliyiz.<\/p>\n<p>Ortak lojistik hatlar\u0131 geli\u015ftirmeliyiz.<\/p>\n<p>Orta Koridor\u2019u g\u00fc\u00e7lendirmeliyiz.<\/p>\n<p>Savunma sanayisinde i\u015fbirli\u011fi yapmal\u0131y\u0131z.<\/p>\n<p>Enerji alan\u0131nda ortak projeler \u00fcretmeliyiz.<\/p>\n<p>Dijital d\u00fcnyada ortak platformlar kurmal\u0131y\u0131z.<\/p>\n<p>Ortak k\u00fclt\u00fcr politikalar\u0131 geli\u015ftirmeliyiz.<\/p>\n<p>Gen\u00e7lerimizi birbirleriyle tan\u0131\u015ft\u0131rmal\u0131y\u0131z.<\/p>\n<p>\u00c7\u00fcnk\u00fc 21. y\u00fczy\u0131lda birlik yaln\u0131zca ayn\u0131 k\u00f6kten geldi\u011fimizi s\u00f6ylemek de\u011fildir.<\/p>\n<p><strong>Birlik, ayn\u0131 gelece\u011fi birlikte kurabilmektir.<\/strong><\/p>\n<p>\u0130\u015fte ger\u00e7ek stratejik \u00fclk\u00fcc\u00fcl\u00fck budur.<\/p>\n<h2>\u00c7ANAKKALE RUHUNU BARI\u015e ZAMANINDA DA KURAB\u0130LMEK<\/h2>\n<p>\u00c7anakkale\u2019de ortak tehdit insanlar\u0131 birle\u015ftirdi.<\/p>\n<p>Fakat b\u00fcy\u00fck milletlerin yaln\u0131zca sava\u015f geldi\u011finde birle\u015fmesi yetmez.<\/p>\n<p>As\u0131l medeniyet, bar\u0131\u015f zaman\u0131nda ortak gelecek kurabilmektir.<\/p>\n<p>\u00c7anakkale ruhunu sadece 18 Mart t\u00f6renlerine hapsetmemeliyiz.<\/p>\n<p>O ruhu \u00fcniversitelere ta\u015f\u0131mal\u0131y\u0131z.<\/p>\n<p>Fabrikalara ta\u015f\u0131mal\u0131y\u0131z.<\/p>\n<p>Laboratuvarlara ta\u015f\u0131mal\u0131y\u0131z.<\/p>\n<p>Savunma sanayisine ta\u015f\u0131mal\u0131y\u0131z.<\/p>\n<p>Diplomasiye ta\u015f\u0131mal\u0131y\u0131z.<\/p>\n<p>T\u00fcrk d\u00fcnyas\u0131 i\u015fbirli\u011fine ta\u015f\u0131mal\u0131y\u0131z.<\/p>\n<p>\u00c7\u00fcnk\u00fc bug\u00fcn vatan savunmas\u0131 yaln\u0131zca cephede yap\u0131lm\u0131yor.<\/p>\n<p>Teknolojide yap\u0131l\u0131yor.<\/p>\n<p>Ekonomide yap\u0131l\u0131yor.<\/p>\n<p>Enerjide yap\u0131l\u0131yor.<\/p>\n<p>Bilimde yap\u0131l\u0131yor.<\/p>\n<p>Medya alan\u0131nda yap\u0131l\u0131yor.<\/p>\n<p>Siber g\u00fcvenlikte yap\u0131l\u0131yor.<\/p>\n<p>Diplomaside yap\u0131l\u0131yor.<\/p>\n<p>Yeni y\u00fczy\u0131l\u0131n \u00fclk\u00fcc\u00fcl\u00fc\u011f\u00fc bu m\u00fccadele alanlar\u0131n\u0131 anlamak zorundad\u0131r.<\/p>\n<h2>GEN\u00c7LERE KAVGALARIMIZI DE\u011e\u0130L, HEDEFLER\u0130M\u0130Z\u0130 BIRAKALIM<\/h2>\n<p>Belki de \u00fczerinde en fazla d\u00fc\u015f\u00fcnmemiz gereken mesele gen\u00e7liktir.<\/p>\n<p>Gen\u00e7ler eski siyasi kavgalar\u0131n devam\u0131n\u0131 istemiyor.<\/p>\n<p>Onlar gelecek istiyor.<\/p>\n<p>\u0130\u015f istiyor.<\/p>\n<p>Adalet istiyor.<\/p>\n<p>Liyakat istiyor.<\/p>\n<p>D\u00fcnyayla rekabet edebilen bir T\u00fcrkiye istiyor.<\/p>\n<p>Biz gen\u00e7lere s\u00fcrekli ge\u00e7mi\u015fte kim kiminle kavga etti\u011fini anlat\u0131rsak onlar\u0131 kaybederiz.<\/p>\n<p>Ama onlara b\u00fcy\u00fck hedefler g\u00f6sterirsek kazan\u0131r\u0131z.<\/p>\n<p>Bir gence yaln\u0131zca:<\/p>\n<p>\u201cGe\u00e7mi\u015finle gurur duy.\u201d<\/p>\n<p>demek yetmez.<\/p>\n<p>Ayn\u0131 gence \u015funu da s\u00f6ylemeliyiz:<\/p>\n<p><strong>\u201cGelece\u011fi sen kuracaks\u0131n.\u201d<\/strong><\/p>\n<p>T\u00fcrk gen\u00e7li\u011fi d\u00fcnyan\u0131n en iyi m\u00fchendislerini yeti\u015ftirmelidir.<\/p>\n<p>En iyi doktorlar\u0131n\u0131 yeti\u015ftirmelidir.<\/p>\n<p>En iyi diplomatlar\u0131n\u0131 yeti\u015ftirmelidir.<\/p>\n<p>En iyi bilim insanlar\u0131n\u0131 yeti\u015ftirmelidir.<\/p>\n<p>En iyi giri\u015fimcilerini yeti\u015ftirmelidir.<\/p>\n<p>\u00c7\u00fcnk\u00fc yeni y\u00fczy\u0131l\u0131n m\u00fccadelesi bilgi m\u00fccadelesidir.<\/p>\n<h2>ADALET OLMADAN M\u0130LL\u0130 B\u0130RL\u0130K OLMAZ<\/h2>\n<p>\u00dclk\u00fcc\u00fcl\u00fc\u011f\u00fcn en \u00f6nemli meselelerinden biri adalet olmal\u0131d\u0131r.<\/p>\n<p>Vatanda\u015f devletine g\u00fcvenmelidir.<\/p>\n<p>Gen\u00e7 liyakate g\u00fcvenmelidir.<\/p>\n<p>Esnaf hukuka g\u00fcvenmelidir.<\/p>\n<p>\u0130\u015f insan\u0131 kurallara g\u00fcvenmelidir.<\/p>\n<p>Devlet memuru hakkaniyete g\u00fcvenmelidir.<\/p>\n<p>\u00c7\u00fcnk\u00fc vatanda\u015f\u0131n devlete olan ba\u011f\u0131 yaln\u0131zca kanunlarla kurulmaz.<\/p>\n<p>G\u00fcvenle kurulur.<\/p>\n<p>Bir \u00fclkede adalet duygusu zay\u0131flarsa milli birlik de zay\u0131flar.<\/p>\n<p>Bu nedenle g\u00fc\u00e7l\u00fc devlet isteyen herkes g\u00fc\u00e7l\u00fc hukuk da istemelidir.<\/p>\n<p>Adalet, milli birli\u011fin g\u00f6r\u00fcnmeyen temelidir.<\/p>\n<h2>T\u00dcRK\u0130YE\u2019N\u0130N EN B\u00dcY\u00dcK G\u00dcC\u00dc B\u0130RL\u0130\u011e\u0130D\u0130R<\/h2>\n<p>T\u00fcrkiye\u2019nin g\u00fc\u00e7l\u00fc ordusu vard\u0131r.<\/p>\n<p>Savunma sanayisi geli\u015fmektedir.<\/p>\n<p>Stratejik co\u011frafyas\u0131 vard\u0131r.<\/p>\n<p>Gen\u00e7 n\u00fcfusu vard\u0131r.<\/p>\n<p>B\u00fcy\u00fck bir tarih\u00ee miras\u0131 vard\u0131r.<\/p>\n<p>Fakat b\u00fct\u00fcn bunlar\u0131n \u00fczerinde bir g\u00fc\u00e7 daha vard\u0131r:<\/p>\n<p><strong>Milli birlik.<\/strong><\/p>\n<p>Bir millet birbirine g\u00fcveniyorsa d\u0131\u015far\u0131dan kolay kolay y\u0131k\u0131lamaz.<\/p>\n<p>Ama i\u00e7eride s\u00fcrekli kavga ediyorsa en b\u00fcy\u00fck imk\u00e2nlar\u0131n\u0131 bile kullanamaz.<\/p>\n<p>Bu nedenle yeni y\u00fczy\u0131l\u0131n \u00fclk\u00fcc\u00fcl\u00fc\u011f\u00fc T\u00fcrkiye\u2019de yeni fay hatlar\u0131 \u00fcretmemelidir.<\/p>\n<p>Mevcut fay hatlar\u0131n\u0131 azaltmal\u0131d\u0131r.<\/p>\n<p>T\u00fcrk ile K\u00fcrt\u2019\u00fc,<\/p>\n<p>S\u00fcnni ile Alevi\u2019yi,<\/p>\n<p>sa\u011fc\u0131 ile solcuyu,<\/p>\n<p>muhafazak\u00e2r ile sek\u00fcleri,<\/p>\n<p>Anadolu\u2019daki vatanda\u015f\u0131m\u0131zla Avrupa\u2019daki gurbet\u00e7imizi,<\/p>\n<p>Balkanlar\u2019daki soyda\u015f\u0131m\u0131zla T\u00fcrkistan\u2019daki karde\u015fimizi<\/p>\n<p>ortak bir gelecek d\u00fc\u015f\u00fcncesinde bulu\u015fturabilmelidir.<\/p>\n<p>Bu teslimiyet de\u011fildir.<\/p>\n<p>Bu, devlet akl\u0131d\u0131r.<\/p>\n<p>Bu, milli birliktir.<\/p>\n<h2>B\u0130Z\u0130M MESELEM\u0130Z B\u0130RB\u0130R\u0130M\u0130Z\u0130 YENMEK DE\u011e\u0130LD\u0130R<\/h2>\n<p>T\u00fcrkiye\u2019nin enerjisini k\u00fc\u00e7\u00fck kavgalarda t\u00fcketme l\u00fcks\u00fc yoktur.<\/p>\n<p>D\u00fcnya b\u00fcy\u00fck bir d\u00f6n\u00fc\u015f\u00fcmden ge\u00e7iyor.<\/p>\n<p>Yeni g\u00fc\u00e7 merkezleri ortaya \u00e7\u0131k\u0131yor.<\/p>\n<p>Enerji dengeleri de\u011fi\u015fiyor.<\/p>\n<p>Teknoloji \u00fclkelerin kaderini belirliyor.<\/p>\n<p>Bizim as\u0131l sorumuz \u015fu olmal\u0131d\u0131r:<\/p>\n<p>T\u00fcrkiye 2050\u2019de nerede olacak?<\/p>\n<p>T\u00fcrk d\u00fcnyas\u0131 k\u00fcresel sistemde hangi a\u011f\u0131rl\u0131\u011fa sahip olacak?<\/p>\n<p>\u00c7ocuklar\u0131m\u0131z hangi teknolojileri \u00fcretecek?<\/p>\n<p>T\u00fcrk\u00e7e bilim dili olacak m\u0131?<\/p>\n<p>T\u00fcrkiye kendi enerjisini, teknolojisini ve savunmas\u0131n\u0131 ne \u00f6l\u00e7\u00fcde \u00fcretecek?<\/p>\n<p>\u0130\u015fte yeni \u00fclk\u00fcc\u00fcl\u00fc\u011f\u00fcn tart\u0131\u015fmas\u0131 gereken b\u00fcy\u00fck meseleler bunlard\u0131r.<\/p>\n<p>Bizim meselemiz sa\u011fc\u0131n\u0131n solcuyu yenmesi de\u011fildir.<\/p>\n<p>Bir partinin ba\u015fka bir partiyi yenmesi de\u011fildir.<\/p>\n<p>Bizim meselemiz:<\/p>\n<p><strong>T\u00fcrkiye\u2019nin yenilmemesidir.<\/strong><\/p>\n<h2>\u00c7ANAKKALE \u015eEH\u0130TLER\u0130NE BORCUMUZ VAR<\/h2>\n<p>\u00c7anakkale\u2019de yatan insanlar\u0131n bize b\u0131rakt\u0131\u011f\u0131 \u015fey yaln\u0131zca toprak de\u011fildir.<\/p>\n<p>Bir emanettir.<\/p>\n<p>O emaneti koruman\u0131n yolu y\u0131lda bir kez \u015fehitlikleri ziyaret etmek de\u011fildir.<\/p>\n<p>As\u0131l borcumuz onlar\u0131n bize b\u0131rakt\u0131\u011f\u0131 \u00fclkeyi daha g\u00fc\u00e7l\u00fc, daha adaletli ve daha m\u00fcreffeh hale getirmektir.<\/p>\n<p>Onlar farkl\u0131 \u015fehirlerden geldiler.<\/p>\n<p>Farkl\u0131 b\u00f6lgelerden geldiler.<\/p>\n<p>Farkl\u0131 hayatlara sahiptiler.<\/p>\n<p>Ama ayn\u0131 yerde \u015fehit oldular.<\/p>\n<p>\u00c7\u00fcnk\u00fc onlar\u0131 birle\u015ftiren ortak bir \u00fclk\u00fc vard\u0131.<\/p>\n<p>Biz bug\u00fcn neden ortak bir gelecek \u00fclk\u00fcs\u00fcnde birle\u015femeyelim?<\/p>\n<h2>SON S\u00d6Z: \u00dcLK\u00dcC\u00dcL\u00dcK KARDE\u015e\u0130N\u0130 KAYBETMEME \u0130RADES\u0130D\u0130R<\/h2>\n<p>Ben \u00fclk\u00fcc\u00fcl\u00fc\u011f\u00fc b\u00f6yle anl\u0131yorum.<\/p>\n<p>\u00dclk\u00fcc\u00fcl\u00fck insan d\u0131\u015flamak de\u011fildir.<\/p>\n<p>\u0130nsan kazanmakt\u0131r.<\/p>\n<p>Karde\u015f kaybetmek de\u011fildir.<\/p>\n<p>Karde\u015f kazanmakt\u0131r.<\/p>\n<p>Milleti b\u00f6lmek de\u011fildir.<\/p>\n<p>Milleti toplamakt\u0131r.<\/p>\n<p>Devleti k\u00fc\u00e7\u00fcltmek de\u011fildir.<\/p>\n<p>Devleti g\u00fc\u00e7lendirmektir.<\/p>\n<p>Gen\u00e7leri kavgaya s\u00fcr\u00fcklemek de\u011fildir.<\/p>\n<p>Onlara gelecek vermektir.<\/p>\n<p>T\u00fcrk d\u00fcnyas\u0131n\u0131 yaln\u0131zca sloganlarda sevmek de\u011fildir.<\/p>\n<p>Onun gelece\u011fini planlamakt\u0131r.<\/p>\n<p>\u00dclk\u00fcc\u00fcl\u00fck sadece ge\u00e7mi\u015fe bakmak de\u011fildir.<\/p>\n<p>Gelecek y\u00fczy\u0131l\u0131 d\u00fc\u015f\u00fcnmektir.<\/p>\n<p>Ve gerekti\u011finde insan\u0131n kendi \u00f6fkesini susturup milletinin birli\u011fini \u00f6ne koyabilmesidir.<\/p>\n<p>\u00c7anakkale bize h\u00e2l\u00e2 ayn\u0131 \u015feyi s\u00f6yl\u00fcyor:<\/p>\n<p><strong>Bayrak hepimizin.<br \/>\nVatan hepimizin.<br \/>\nAc\u0131m\u0131z hepimizin.<br \/>\nTarih hepimizin.<br \/>\nGelecek hepimizin.<\/strong><\/p>\n<p>\u00d6yleyse \u00fclk\u00fcm\u00fcz de hepimizin olmal\u0131d\u0131r.<\/p>\n<p>\u00dclk\u00fcc\u00fcl\u00fck karde\u015f aramal\u0131d\u0131r, d\u00fc\u015fman de\u011fil.<\/p>\n<p>K\u00f6pr\u00fc kurmal\u0131d\u0131r, duvar de\u011fil.<\/p>\n<p>G\u00f6n\u00fcl kazanmal\u0131d\u0131r, nefret de\u011fil.<\/p>\n<p>\u00c7\u00fcnk\u00fc bizim \u00fclk\u00fcm\u00fcz bir grubun b\u00fcy\u00fcmesi de\u011fildir.<\/p>\n<p><strong>Bizim \u00fclk\u00fcm\u00fcz T\u00fcrk milletinin y\u00fckselmesidir.<\/strong><\/p>\n<p>Bizim davam\u0131z birbirimizi yenmek de\u011fildir.<\/p>\n<p><strong>Bizim davam\u0131z T\u00fcrkiye\u2019nin yenilmemesidir.<\/strong><\/p>\n<p>Ve bizim en b\u00fcy\u00fck hedefimiz; Anadolu\u2019dan Balkanlar\u2019a, Kafkasya\u2019dan T\u00fcrkistan\u2019a, Avrupa\u2019daki T\u00fcrk diasporas\u0131ndan d\u00fcnyan\u0131n d\u00f6rt bir yan\u0131ndaki g\u00f6n\u00fcl co\u011frafyam\u0131za kadar uzanan b\u00fcy\u00fck bir medeniyet alan\u0131n\u0131 yeniden bilgiyle, ekonomiyle, k\u00fclt\u00fcrle, adaletle ve karde\u015flikle birbirine ba\u011flayabilmektir.<\/p>\n<p>\u00c7\u00fcnk\u00fc \u00c7anakkale\u2019de omuz omuza duranlar\u0131n torunlar\u0131na d\u00fc\u015fen g\u00f6rev de budur:<\/p>\n<p><strong>Ayr\u0131\u015fmak de\u011fil birle\u015fmek.<br \/>\nKavga etmek de\u011fil \u00fcretmek.<br \/>\nGe\u00e7mi\u015fle \u00f6v\u00fcnmekle yetinmeyip gelece\u011fi kurmak.<\/strong><\/p>\n<p>\u0130\u015fte ger\u00e7ek \u00fclk\u00fc budur.<\/p>\n<p>\u0130\u015fte ger\u00e7ek \u00fclk\u00fcc\u00fcl\u00fck budur.<\/p>\n<p><strong>Bir milletin b\u00fct\u00fcn evlatlar\u0131n\u0131 ayn\u0131 bayra\u011f\u0131n alt\u0131nda, ayn\u0131 b\u00fcy\u00fck gelecek idealinde bulu\u015fturabilmek.<\/strong><\/p>\n<div id=\"bghab-3974257225\" class=\"bghab-yazi-altinda bghab-entity-placement\"><script async src=\"https:\/\/pagead2.googlesyndication.com\/pagead\/js\/adsbygoogle.js\"><\/script>\r\n<!-- bghaber-yaz\u0131-sonu -->\r\n<ins class=\"adsbygoogle\"\r\n     style=\"display:block\"\r\n     data-ad-client=\"ca-pub-6203283170189293\"\r\n     data-ad-slot=\"4222328180\"\r\n     data-ad-format=\"auto\"\r\n     data-full-width-responsive=\"true\"><\/ins>\r\n<script>\r\n     (adsbygoogle = window.adsbygoogle || []).push({});\r\n<\/script><\/div><br style=\"clear: both; display: block; float: none;\"\/>","protected":false},"excerpt":{"rendered":"<p>Rafet ULUT\u00dcRK \u00c7anakkale\u2019den T\u00fcrk D\u00fcnyas\u0131n\u0131n Gelece\u011fine Uzanan B\u00fcy\u00fck \u00dclk\u00fc Bir milletin b\u00fcy\u00fckl\u00fc\u011f\u00fc yaln\u0131zca n\u00fcfusuyla, ordusuyla veya ekonomik g\u00fcc\u00fcyle \u00f6l\u00e7\u00fclmez. As\u0131l b\u00fcy\u00fckl\u00fck; zor zamanlarda birbirine sar\u0131labilmekte,<\/p>\n","protected":false},"author":13,"featured_media":46547,"comment_status":"open","ping_status":"closed","sticky":false,"template":"","format":"standard","meta":{"advanced_seo_description":"","jetpack_seo_html_title":"","jetpack_seo_noindex":false,"jetpack_seo_schema_type":"","_jetpack_newsletter_access":"","_jetpack_dont_email_post_to_subs":false,"_jetpack_newsletter_tier_id":0,"_jetpack_memberships_contains_paywalled_content":false,"_jetpack_feature_clip_id":0,"_jetpack_memberships_contains_paid_content":false,"footnotes":"","jetpack_post_was_ever_published":false},"categories":[6],"tags":[],"class_list":["post-65313","post","type-post","status-publish","format-standard","has-post-thumbnail","hentry","category-yorum"],"jetpack_sharing_enabled":true,"jetpack_likes_enabled":true,"jetpack-related-posts":[],"jetpack_shortlink":"https:\/\/wp.me\/pc2PfJ-gZr","jetpack_featured_media_url":"https:\/\/i0.wp.com\/www.bghaber.org\/bghaber\/wp-content\/uploads\/2020\/05\/rafet-Ata.jpg?fit=864%2C1185&ssl=1","_links":{"self":[{"href":"https:\/\/www.bghaber.org\/bghaber\/wp-json\/wp\/v2\/posts\/65313","targetHints":{"allow":["GET"]}}],"collection":[{"href":"https:\/\/www.bghaber.org\/bghaber\/wp-json\/wp\/v2\/posts"}],"about":[{"href":"https:\/\/www.bghaber.org\/bghaber\/wp-json\/wp\/v2\/types\/post"}],"author":[{"embeddable":true,"href":"https:\/\/www.bghaber.org\/bghaber\/wp-json\/wp\/v2\/users\/13"}],"replies":[{"embeddable":true,"href":"https:\/\/www.bghaber.org\/bghaber\/wp-json\/wp\/v2\/comments?post=65313"}],"version-history":[{"count":1,"href":"https:\/\/www.bghaber.org\/bghaber\/wp-json\/wp\/v2\/posts\/65313\/revisions"}],"predecessor-version":[{"id":65314,"href":"https:\/\/www.bghaber.org\/bghaber\/wp-json\/wp\/v2\/posts\/65313\/revisions\/65314"}],"wp:featuredmedia":[{"embeddable":true,"href":"https:\/\/www.bghaber.org\/bghaber\/wp-json\/wp\/v2\/media\/46547"}],"wp:attachment":[{"href":"https:\/\/www.bghaber.org\/bghaber\/wp-json\/wp\/v2\/media?parent=65313"}],"wp:term":[{"taxonomy":"category","embeddable":true,"href":"https:\/\/www.bghaber.org\/bghaber\/wp-json\/wp\/v2\/categories?post=65313"},{"taxonomy":"post_tag","embeddable":true,"href":"https:\/\/www.bghaber.org\/bghaber\/wp-json\/wp\/v2\/tags?post=65313"}],"curies":[{"name":"wp","href":"https:\/\/api.w.org\/{rel}","templated":true}]}}