{"id":65311,"date":"2026-08-29T23:41:13","date_gmt":"2026-08-29T20:41:13","guid":{"rendered":"https:\/\/www.bghaber.org\/bghaber\/?p=65311"},"modified":"2026-08-29T23:41:13","modified_gmt":"2026-08-29T20:41:13","slug":"bulgaristan-turkleri-bir-isik-bekliyor","status":"publish","type":"post","link":"https:\/\/www.bghaber.org\/bghaber\/bulgaristan-turkleri-bir-isik-bekliyor\/","title":{"rendered":"BULGAR\u0130STAN T\u00dcRKLER\u0130 B\u0130R I\u015eIK BEKL\u0130YOR"},"content":{"rendered":"<p><strong>Rafet ULUT\u00dcRK<\/strong><br \/>\n<strong>BULT\u00dcRK Genel Ba\u015fkan\u0131<\/strong><\/p>\n<p>Baz\u0131 toplumlar yaln\u0131zca ekonomik destek beklemez.<\/p>\n<p>Baz\u0131lar\u0131 yaln\u0131zca siyasi temsil istemez.<\/p>\n<p>Baz\u0131lar\u0131 sadece ge\u00e7mi\u015fte ya\u015fad\u0131klar\u0131 ac\u0131lar\u0131n tan\u0131nmas\u0131n\u0131 da beklemez.<\/p>\n<p>Bazen bir toplumun bekledi\u011fi \u015fey \u00e7ok daha derindir:<\/p><div id=\"bghab-3789740959\" class=\"bghab-icerik-icine bghab-entity-placement\"><script async src=\"\/\/pagead2.googlesyndication.com\/pagead\/js\/adsbygoogle.js?client=ca-pub-6203283170189293\" crossorigin=\"anonymous\"><\/script><ins class=\"adsbygoogle\" style=\"display:block; text-align:center;\" data-ad-client=\"ca-pub-6203283170189293\" \ndata-ad-slot=\"7303146466\" \ndata-ad-layout=\"in-article\"\ndata-ad-format=\"fluid\" data-full-width-responsive=\"true\"><\/ins>\n<script> \n(adsbygoogle = window.adsbygoogle || []).push({}); \n<\/script>\n<\/div>\n<p><strong>Kendisini ger\u00e7ekten g\u00f6ren bir irade.<br \/>\nSesini ger\u00e7ekten duyan bir devlet anlay\u0131\u015f\u0131.<br \/>\nGelece\u011fine dair g\u00fcven veren bir \u0131\u015f\u0131k.<\/strong><\/p>\n<p>Bug\u00fcn Bulgaristan T\u00fcrklerinin b\u00fcy\u00fck bir b\u00f6l\u00fcm\u00fcnde tam da b\u00f6yle bir beklenti vard\u0131r.<\/p>\n<p>Bu beklenti yeni de\u011fildir.<\/p>\n<p>On y\u0131llar\u0131n biriktirdi\u011fi siyasi hayal k\u0131r\u0131kl\u0131klar\u0131n\u0131n, g\u00f6\u00e7lerin, kimlik m\u00fccadelelerinin, ekonomik s\u0131k\u0131nt\u0131lar\u0131n ve temsil sorunlar\u0131n\u0131n sonucudur.<\/p>\n<p>Bulgaristan T\u00fcrkleri bug\u00fcn bir mucize beklemiyor.<\/p><div id=\"bghab-2390576673\" class=\"bghab-icerik-icine-10-paragraf bghab-entity-placement\"><script async src=\"\/\/pagead2.googlesyndication.com\/pagead\/js\/adsbygoogle.js?client=ca-pub-6203283170189293\" crossorigin=\"anonymous\"><\/script><ins class=\"adsbygoogle\" style=\"display:block; text-align:center;\" data-ad-client=\"ca-pub-6203283170189293\" \ndata-ad-slot=\"7303146466\" \ndata-ad-layout=\"in-article\"\ndata-ad-format=\"fluid\" data-full-width-responsive=\"true\"><\/ins>\n<script> \n(adsbygoogle = window.adsbygoogle || []).push({}); \n<\/script>\n<\/div>\n<p>Bir ayr\u0131cal\u0131k da istemiyor.<\/p>\n<p>\u0130stedikleri \u015fey son derece a\u00e7\u0131kt\u0131r:<\/p>\n<p><strong>E\u015fit vatanda\u015fl\u0131k, ger\u00e7ek temsil, sayg\u0131 ve gelecek g\u00fcvencesi.<\/strong><\/p>\n<h2>BU H\u0130K\u00c2YE 1989\u2019DA BA\u015eLAMADI<\/h2>\n<p>Bulgaristan T\u00fcrklerinin ya\u015fad\u0131\u011f\u0131 tarih\u00ee s\u00fcre\u00e7 yaln\u0131zca 1989 g\u00f6\u00e7\u00fcnden ibaret de\u011fildir.<\/p>\n<p>1989 elbette b\u00fcy\u00fck bir k\u0131r\u0131lmad\u0131r.<\/p><div id=\"bghab-3881974480\" class=\"bghab-icerik-icine-15-paragraf bghab-entity-placement\"><script async src=\"\/\/pagead2.googlesyndication.com\/pagead\/js\/adsbygoogle.js?client=ca-pub-6203283170189293\" crossorigin=\"anonymous\"><\/script><ins class=\"adsbygoogle\" style=\"display:block; text-align:center;\" data-ad-client=\"ca-pub-6203283170189293\" \ndata-ad-slot=\"7303146466\" \ndata-ad-layout=\"in-article\"\ndata-ad-format=\"fluid\" data-full-width-responsive=\"true\"><\/ins>\n<script> \n(adsbygoogle = window.adsbygoogle || []).push({}); \n<\/script>\n<\/div>\n<p>Y\u00fcz binlerce insan\u0131n evini, topra\u011f\u0131n\u0131, k\u00f6y\u00fcn\u00fc, mezarl\u0131\u011f\u0131n\u0131, \u00e7ocuklu\u011funu ve hat\u0131ralar\u0131n\u0131 geride b\u0131rakmak zorunda kald\u0131\u011f\u0131 b\u00fcy\u00fck bir insanl\u0131k dram\u0131d\u0131r.<\/p>\n<p>Fakat mesele bundan daha eskidir.<\/p>\n<p>Kimlik m\u00fccadelesi vard\u0131r.<\/p>\n<p>Dil m\u00fccadelesi vard\u0131r.<\/p>\n<p>\u0130simlerin de\u011fi\u015ftirilmesi vard\u0131r.<\/p><div id=\"bghab-3114124097\" class=\"bghab-icerik-icine-20-paragraf bghab-entity-placement\"><script async src=\"\/\/pagead2.googlesyndication.com\/pagead\/js\/adsbygoogle.js?client=ca-pub-6203283170189293\" crossorigin=\"anonymous\"><\/script><ins class=\"adsbygoogle\" style=\"display:block; text-align:center;\" data-ad-client=\"ca-pub-6203283170189293\" \ndata-ad-slot=\"7303146466\" \ndata-ad-layout=\"in-article\"\ndata-ad-format=\"fluid\" data-full-width-responsive=\"true\"><\/ins>\n<script> \n(adsbygoogle = window.adsbygoogle || []).push({}); \n<\/script>\n<\/div>\n<p>\u0130nan\u00e7 alanlar\u0131n\u0131n daralt\u0131lmas\u0131 vard\u0131r.<\/p>\n<p>K\u00fclt\u00fcrel haf\u0131zan\u0131n bask\u0131 alt\u0131na al\u0131nmas\u0131 vard\u0131r.<\/p>\n<p>Siyasi temsil sorunlar\u0131 vard\u0131r.<\/p>\n<p>Ekonomik olarak geri b\u0131rak\u0131lm\u0131\u015f b\u00f6lgeler vard\u0131r.<\/p>\n<p>Ve b\u00fct\u00fcn bunlar\u0131n sonunda ortaya \u00e7\u0131kan b\u00fcy\u00fck bir g\u00fcvensizlik vard\u0131r.<\/p><div id=\"bghab-3711478459\" class=\"bghab-icerik-icine-25-paragraf bghab-entity-placement\"><script async src=\"\/\/pagead2.googlesyndication.com\/pagead\/js\/adsbygoogle.js?client=ca-pub-6203283170189293\" crossorigin=\"anonymous\"><\/script><ins class=\"adsbygoogle\" style=\"display:block; text-align:center;\" data-ad-client=\"ca-pub-6203283170189293\" \ndata-ad-slot=\"7303146466\" \ndata-ad-layout=\"in-article\"\ndata-ad-format=\"fluid\" data-full-width-responsive=\"true\"><\/ins>\n<script> \n(adsbygoogle = window.adsbygoogle || []).push({}); \n<\/script>\n<\/div>\n<p>Bu y\u00fczden bug\u00fcn Bulgaristan T\u00fcrklerinin ya\u015fad\u0131\u011f\u0131 meseleye sadece \u201cge\u00e7mi\u015fte ya\u015fanm\u0131\u015f olaylar\u201d olarak bak\u0131lamaz.<\/p>\n<p>\u00c7\u00fcnk\u00fc ge\u00e7mi\u015fin \u00e7\u00f6z\u00fclemeyen meseleleri bug\u00fcn\u00fcn siyasetinde h\u00e2l\u00e2 ya\u015famaktad\u0131r.<\/p>\n<h2>1989 G\u00d6\u00c7\u00dcN\u00dcN \u00c7OCUKLARI BUG\u00dcN \u0130K\u0130 \u00dcLKE ARASINDA K\u00d6PR\u00dcD\u00dcR<\/h2>\n<p>1989\u2019da T\u00fcrkiye\u2019ye gelenlerin \u00f6nemli bir b\u00f6l\u00fcm\u00fc hayatlar\u0131n\u0131 burada yeniden kurdu.<\/p>\n<p>\u00c7ocuklar\u0131n\u0131 yeti\u015ftirdi.<\/p>\n<p>\u0130\u015f kurdu.<\/p><div id=\"bghab-767799899\" class=\"bghab-icerik-icine-30-paragraf bghab-entity-placement\"><script async src=\"\/\/pagead2.googlesyndication.com\/pagead\/js\/adsbygoogle.js?client=ca-pub-6203283170189293\" crossorigin=\"anonymous\"><\/script><ins class=\"adsbygoogle\" style=\"display:block; text-align:center;\" data-ad-client=\"ca-pub-6203283170189293\" \ndata-ad-slot=\"7303146466\" \ndata-ad-layout=\"in-article\"\ndata-ad-format=\"fluid\" data-full-width-responsive=\"true\"><\/ins>\n<script> \n(adsbygoogle = window.adsbygoogle || []).push({}); \n<\/script>\n<\/div>\n<p>\u00dcniversite okuttu.<\/p>\n<p>Siyasete girdi.<\/p>\n<p>Sivil toplumda g\u00f6rev ald\u0131.<\/p>\n<p>T\u00fcrkiye\u2019nin ekonomik, k\u00fclt\u00fcrel ve toplumsal hayat\u0131na b\u00fcy\u00fck katk\u0131lar sundu.<\/p>\n<p>Ancak Bulgaristan ile ba\u011f tamamen kopmad\u0131.<\/p><div id=\"bghab-3715541080\" class=\"bghab-icerik-icine-35-paragraf bghab-entity-placement\"><script async src=\"\/\/pagead2.googlesyndication.com\/pagead\/js\/adsbygoogle.js?client=ca-pub-6203283170189293\" crossorigin=\"anonymous\"><\/script><ins class=\"adsbygoogle\" style=\"display:block; text-align:center;\" data-ad-client=\"ca-pub-6203283170189293\" \ndata-ad-slot=\"7303146466\" \ndata-ad-layout=\"in-article\"\ndata-ad-format=\"fluid\" data-full-width-responsive=\"true\"><\/ins>\n<script> \n(adsbygoogle = window.adsbygoogle || []).push({}); \n<\/script>\n<\/div>\n<p>K\u00f6yler unutulmad\u0131.<\/p>\n<p>Akrabalar unutulmad\u0131.<\/p>\n<p>Mezarlar unutulmad\u0131.<\/p>\n<p>Hat\u0131ralar unutulmad\u0131.<\/p>\n<p>Bug\u00fcn T\u00fcrkiye\u2019de ya\u015fayan Bulgaristan k\u00f6kenli y\u00fcz binlerce insan, asl\u0131nda iki \u00fclke aras\u0131nda benzersiz bir insan a\u011f\u0131 olu\u015fturmaktad\u0131r.<\/p><div id=\"bghab-2676126855\" class=\"bghab-icerik-icine-40-paragraf bghab-entity-placement\"><script async src=\"\/\/pagead2.googlesyndication.com\/pagead\/js\/adsbygoogle.js?client=ca-pub-6203283170189293\" crossorigin=\"anonymous\"><\/script><ins class=\"adsbygoogle\" style=\"display:block; text-align:center;\" data-ad-client=\"ca-pub-6203283170189293\" \ndata-ad-slot=\"7303146466\" \ndata-ad-layout=\"in-article\"\ndata-ad-format=\"fluid\" data-full-width-responsive=\"true\"><\/ins>\n<script> \n(adsbygoogle = window.adsbygoogle || []).push({}); \n<\/script>\n<\/div>\n<p>Bu insanlar yaln\u0131zca \u201cg\u00f6\u00e7men\u201d de\u011fildir.<\/p>\n<p>Onlar ayn\u0131 zamanda T\u00fcrkiye ile Bulgaristan aras\u0131nda ya\u015fayan bir diplomasi hatt\u0131d\u0131r.<\/p>\n<h2>\u00c7\u0130FTE VATANDA\u015eLARIN G\u00dcC\u00dc H\u00c2L\u00c2 TAM ANLAMIYLA ANLA\u015eILMADI<\/h2>\n<p>T\u00fcrkiye\u2019de ya\u015fayan \u00e7ifte vatanda\u015flar\u0131n ta\u015f\u0131d\u0131\u011f\u0131 potansiyel ola\u011fan\u00fcst\u00fcd\u00fcr.<\/p>\n<p>Bu insanlar iki \u00fclkeyi tan\u0131yor.<\/p>\n<p>\u0130ki toplumu biliyor.<\/p><div id=\"bghab-2193842600\" class=\"bghab-icerik-icine-45-paragraf bghab-entity-placement\"><script async src=\"\/\/pagead2.googlesyndication.com\/pagead\/js\/adsbygoogle.js?client=ca-pub-6203283170189293\" crossorigin=\"anonymous\"><\/script><ins class=\"adsbygoogle\" style=\"display:block; text-align:center;\" data-ad-client=\"ca-pub-6203283170189293\" \ndata-ad-slot=\"7303146466\" \ndata-ad-layout=\"in-article\"\ndata-ad-format=\"fluid\" data-full-width-responsive=\"true\"><\/ins>\n<script> \n(adsbygoogle = window.adsbygoogle || []).push({}); \n<\/script>\n<\/div>\n<p>\u0130ki k\u00fclt\u00fcr\u00fc ya\u015f\u0131yor.<\/p>\n<p>Ticaret yapabiliyor.<\/p>\n<p>Yat\u0131r\u0131m yapabiliyor.<\/p>\n<p>Siyasi s\u00fcre\u00e7lere kat\u0131labiliyor.<\/p>\n<p>Gen\u00e7leri iki \u00fclke aras\u0131nda bulu\u015fturabiliyor.<\/p><div id=\"bghab-3805884137\" class=\"bghab-icerik-icine-50-paragraf bghab-entity-placement\"><script async src=\"\/\/pagead2.googlesyndication.com\/pagead\/js\/adsbygoogle.js?client=ca-pub-6203283170189293\" crossorigin=\"anonymous\"><\/script><ins class=\"adsbygoogle\" style=\"display:block; text-align:center;\" data-ad-client=\"ca-pub-6203283170189293\" \ndata-ad-slot=\"7303146466\" \ndata-ad-layout=\"in-article\"\ndata-ad-format=\"fluid\" data-full-width-responsive=\"true\"><\/ins>\n<script> \n(adsbygoogle = window.adsbygoogle || []).push({}); \n<\/script>\n<\/div>\n<p>\u00dcniversiteler aras\u0131nda k\u00f6pr\u00fc kurabiliyor.<\/p>\n<p>Sivil toplum \u00fczerinden diplomatik ili\u015fkilerin ula\u015famad\u0131\u011f\u0131 alanlara ula\u015fabiliyor.<\/p>\n<p>Bir \u00fclkenin b\u00f6yle bir diasporaya sahip olmas\u0131 asl\u0131nda \u00f6nemli bir stratejik avantajd\u0131r.<\/p>\n<p>Fakat bu avantaj\u0131n ger\u00e7ek g\u00fcce d\u00f6n\u00fc\u015febilmesi i\u00e7in diaspora yaln\u0131z se\u00e7im d\u00f6nemlerinde hat\u0131rlanan bir oy deposu olarak g\u00f6r\u00fclmemelidir.<\/p>\n<h2>SE\u00c7\u0130MDEN SE\u00c7\u0130ME HATIRLANMAK ARTIK YETM\u0130YOR<\/h2>\n<p>Bulgaristan T\u00fcrkleri y\u0131llard\u0131r ayn\u0131 soruyu soruyor:<\/p><div id=\"bghab-1941520927\" class=\"bghab-icerik-icine-55-paragraf bghab-entity-placement\"><script async src=\"\/\/pagead2.googlesyndication.com\/pagead\/js\/adsbygoogle.js?client=ca-pub-6203283170189293\" crossorigin=\"anonymous\"><\/script><ins class=\"adsbygoogle\" style=\"display:block; text-align:center;\" data-ad-client=\"ca-pub-6203283170189293\" \ndata-ad-slot=\"7303146466\" \ndata-ad-layout=\"in-article\"\ndata-ad-format=\"fluid\" data-full-width-responsive=\"true\"><\/ins>\n<script> \n(adsbygoogle = window.adsbygoogle || []).push({}); \n<\/script>\n<\/div>\n<p>\u201cSe\u00e7im zaman\u0131 neden herkes bizi hat\u0131rl\u0131yor da se\u00e7imden sonra unutuyor?\u201d<\/p>\n<p>Bu soru \u00e7ok \u00f6nemlidir.<\/p>\n<p>\u00c7\u00fcnk\u00fc mesele sadece oy de\u011fildir.<\/p>\n<p>Vatanda\u015fl\u0131k se\u00e7im g\u00fcn\u00fc ba\u015flay\u0131p se\u00e7im gecesi biten bir ili\u015fki de\u011fildir.<\/p>\n<p>Vatanda\u015fl\u0131k s\u00fcrekli ba\u011fd\u0131r.<\/p><div id=\"bghab-204047740\" class=\"bghab-icerik-icine-60-paragraf bghab-entity-placement\"><script async src=\"\/\/pagead2.googlesyndication.com\/pagead\/js\/adsbygoogle.js?client=ca-pub-6203283170189293\" crossorigin=\"anonymous\"><\/script><ins class=\"adsbygoogle\" style=\"display:block; text-align:center;\" data-ad-client=\"ca-pub-6203283170189293\" \ndata-ad-slot=\"7303146466\" \ndata-ad-layout=\"in-article\"\ndata-ad-format=\"fluid\" data-full-width-responsive=\"true\"><\/ins>\n<script> \n(adsbygoogle = window.adsbygoogle || []).push({}); \n<\/script>\n<\/div>\n<p>Siyasi partiler se\u00e7im \u00f6ncesi T\u00fcrkiye\u2019ye geliyor.<\/p>\n<p>Toplant\u0131lar d\u00fczenleniyor.<\/p>\n<p>Foto\u011fraflar \u00e7ekiliyor.<\/p>\n<p>Mesajlar veriliyor.<\/p>\n<p>Oy isteniyor.<\/p><div id=\"bghab-766801267\" class=\"bghab-icerik-icine-65-paragraf bghab-entity-placement\"><script async src=\"\/\/pagead2.googlesyndication.com\/pagead\/js\/adsbygoogle.js?client=ca-pub-6203283170189293\" crossorigin=\"anonymous\"><\/script><ins class=\"adsbygoogle\" style=\"display:block; text-align:center;\" data-ad-client=\"ca-pub-6203283170189293\" \ndata-ad-slot=\"7303146466\" \ndata-ad-layout=\"in-article\"\ndata-ad-format=\"fluid\" data-full-width-responsive=\"true\"><\/ins>\n<script> \n(adsbygoogle = window.adsbygoogle || []).push({}); \n<\/script>\n<\/div>\n<p>Sonra se\u00e7im bitiyor.<\/p>\n<p>Ve bir\u00e7ok zaman ileti\u015fim de bitiyor.<\/p>\n<p>Bu anlay\u0131\u015f art\u0131k s\u00fcrd\u00fcr\u00fclebilir de\u011fildir.<\/p>\n<p>Bulgaristan T\u00fcrkleri bilin\u00e7leniyor.<\/p>\n<p>Gen\u00e7 ku\u015faklar daha fazla soru soruyor.<\/p>\n<p>Toplum art\u0131k sadece vaat de\u011fil, sonu\u00e7 g\u00f6rmek istiyor.<\/p>\n<h2>BULGAR\u0130STAN T\u00dcRKLER\u0130N\u0130N TEMEL TALEB\u0130 E\u015e\u0130T VATANDA\u015eLIKTIR<\/h2>\n<p>Bu meselenin merkezinde asl\u0131nda \u00e7ok sade bir talep vard\u0131r:<\/p>\n<p><strong>E\u015fit vatanda\u015fl\u0131k.<\/strong><\/p>\n<p>Bir T\u00fcrk gencinin Bulgaristan\u2019da gelece\u011fe umutla bakabilmesi.<\/p>\n<p>Devlet kurumlar\u0131nda kendisine yer bulabilmesi.<\/p>\n<p>Kamu y\u00f6netiminde temsil edilebilmesi.<\/p>\n<p>Kendi kimli\u011fini gizlemek zorunda kalmadan ya\u015fayabilmesi.<\/p>\n<p>Ana dilini \u00f6\u011frenebilmesi.<\/p>\n<p>K\u00fclt\u00fcr\u00fcn\u00fc koruyabilmesi.<\/p>\n<p>K\u00f6y\u00fcn\u00fcn, mezarl\u0131\u011f\u0131n\u0131n, caminin, tarih\u00ee haf\u0131zas\u0131n\u0131n korunmas\u0131.<\/p>\n<p>Bunlar ayr\u0131cal\u0131k de\u011fildir.<\/p>\n<p>Bunlar modern bir Avrupa devletinde vatanda\u015fl\u0131\u011f\u0131n do\u011fal gere\u011fidir.<\/p>\n<h2>S\u0130YAS\u0130 TEMS\u0130L SEMBOL\u0130K DE\u011e\u0130L GER\u00c7EK OLMALIDIR<\/h2>\n<p>Bulgaristan T\u00fcrklerinin gelece\u011fi a\u00e7\u0131s\u0131ndan en kritik ba\u015fl\u0131klardan biri siyasi temsildir.<\/p>\n<p>Temsil yaln\u0131z se\u00e7im listelerinde birka\u00e7 T\u00fcrk isminin bulunmas\u0131 de\u011fildir.<\/p>\n<p>Ger\u00e7ek temsil karar mekanizmalar\u0131nda bulunmakt\u0131r.<\/p>\n<p>Bakanl\u0131klarda bulunmakt\u0131r.<\/p>\n<p>Kamu kurumlar\u0131nda bulunmakt\u0131r.<\/p>\n<p>Yerel y\u00f6netimlerde bulunmakt\u0131r.<\/p>\n<p>Diplomaside bulunmakt\u0131r.<\/p>\n<p>\u00dcniversitelerde bulunmakt\u0131r.<\/p>\n<p>Devletin her kademesinde liyakatle yer alabilmektir.<\/p>\n<p>Bir toplum s\u00fcrekli oy veriyor ama karar mekanizmalar\u0131nda yeterince g\u00f6r\u00fcnm\u00fcyorsa orada temsil sorunu vard\u0131r.<\/p>\n<p>Bu sorunun ad\u0131 do\u011fru konulmal\u0131d\u0131r.<\/p>\n<h2>T\u00dcRK TOPLUMU ARTIK TEK B\u0130R S\u0130YAS\u0130 ADRESE MAHK\u00dbM ED\u0130LMEMEL\u0130D\u0130R<\/h2>\n<p>Ge\u00e7mi\u015fte Bulgaristan T\u00fcrklerinin siyaseti uzun y\u0131llar belli siyasi yap\u0131lara s\u0131k\u0131\u015ft\u0131r\u0131ld\u0131.<\/p>\n<p>Bu durum zaman i\u00e7inde do\u011fal temsil mekanizmas\u0131n\u0131 zay\u0131flatt\u0131.<\/p>\n<p>Oysa T\u00fcrklerin art\u0131k Bulgaristan\u2019daki b\u00fct\u00fcn demokratik partilerde yer almas\u0131 gerekir.<\/p>\n<p>Parlamentoda.<\/p>\n<p>Belediyelerde.<\/p>\n<p>Parti y\u00f6netimlerinde.<\/p>\n<p>Devlet kurumlar\u0131nda.<\/p>\n<p>Bulgaristan T\u00fcrkleri tek bir partinin se\u00e7meni de\u011fil, Bulgaristan devletinin vatanda\u015flar\u0131d\u0131r.<\/p>\n<p>Bu anlay\u0131\u015f g\u00fc\u00e7lenmeden ger\u00e7ek siyasi normalle\u015fme ger\u00e7ekle\u015fmez.<\/p>\n<h2>GEN\u00c7LER\u0130 KAYBEDERSEK GELECE\u011e\u0130 KAYBEDER\u0130Z<\/h2>\n<p>Bug\u00fcn en ciddi sorunlardan biri gen\u00e7 ku\u015fakt\u0131r.<\/p>\n<p>Birinci nesil k\u00f6y\u00fcn\u00fc biliyor.<\/p>\n<p>\u0130kinci nesil ailesinden duyuyor.<\/p>\n<p>\u00dc\u00e7\u00fcnc\u00fc nesil ise giderek Bulgaristan\u2019dan uzakla\u015f\u0131yor.<\/p>\n<p>T\u00fcrkiye\u2019de do\u011fan gen\u00e7lerin \u00f6nemli b\u00f6l\u00fcm\u00fc Bulgaristan ile ba\u011f\u0131n\u0131 yaln\u0131z aile hik\u00e2yeleri \u00fczerinden kuruyor.<\/p>\n<p>Bu ba\u011f kendili\u011finden sonsuza kadar devam etmeyecek.<\/p>\n<p>Gen\u00e7lere yat\u0131r\u0131m yap\u0131lmal\u0131d\u0131r.<\/p>\n<p>\u00d6\u011frenci de\u011fi\u015fim programlar\u0131 kurulmal\u0131d\u0131r.<\/p>\n<p>Gen\u00e7lik kamplar\u0131 d\u00fczenlenmelidir.<\/p>\n<p>\u00dcniversite burslar\u0131 olu\u015fturulmal\u0131d\u0131r.<\/p>\n<p>Dil programlar\u0131 desteklenmelidir.<\/p>\n<p>Gen\u00e7 giri\u015fimciler iki \u00fclke aras\u0131nda bulu\u015fturulmal\u0131d\u0131r.<\/p>\n<p>Siyaset okullar\u0131 kurulmal\u0131d\u0131r.<\/p>\n<p>Yeni ku\u015fa\u011fa yaln\u0131z ge\u00e7mi\u015fte ya\u015fanan ac\u0131lar\u0131 de\u011fil, gelecekte kurulabilecek f\u0131rsatlar\u0131 da anlatmal\u0131y\u0131z.<\/p>\n<p>\u00c7\u00fcnk\u00fc s\u00fcrekli ge\u00e7mi\u015fi anlat\u0131p gelecek g\u00f6stermeyen bir siyaset gen\u00e7leri kaybeder.<\/p>\n<h2>K\u00d6YLER BO\u015eALIYOR, HAFIZA DA YAVA\u015e YAVA\u015e S\u0130L\u0130N\u0130YOR<\/h2>\n<p>K\u0131rcaali\u2019den \u015eumnu\u2019ya, Razgrad\u2019dan Silistre\u2019ye kadar bir\u00e7ok b\u00f6lgede demografik de\u011fi\u015fim ciddi boyutlara ula\u015fmaktad\u0131r.<\/p>\n<p>Gen\u00e7ler b\u00fcy\u00fck \u015fehirlere veya Avrupa\u2019ya gidiyor.<\/p>\n<p>K\u00f6yler ya\u015flan\u0131yor.<\/p>\n<p>Evler kapan\u0131yor.<\/p>\n<p>Okullar kapan\u0131yor.<\/p>\n<p>Ekonomik hayat zay\u0131fl\u0131yor.<\/p>\n<p>Bu durum yaln\u0131z ekonomik sorun de\u011fildir.<\/p>\n<p>Ayn\u0131 zamanda k\u00fclt\u00fcrel devaml\u0131l\u0131k sorunudur.<\/p>\n<p>Bir k\u00f6y bo\u015fald\u0131\u011f\u0131nda yaln\u0131z insanlar gitmez.<\/p>\n<p>Bir dil gider.<\/p>\n<p>Bir gelenek gider.<\/p>\n<p>Bir mezarl\u0131k sahipsiz kal\u0131r.<\/p>\n<p>Bir aile hik\u00e2yesi kaybolur.<\/p>\n<p>Bir k\u00fclt\u00fcr\u00fcn haf\u0131zas\u0131 zay\u0131flar.<\/p>\n<p>Bu nedenle Bulgaristan T\u00fcrklerinin gelece\u011fi sadece siyasi temsil \u00fczerinden de\u011fil, b\u00f6lgesel kalk\u0131nma \u00fczerinden de ele al\u0131nmal\u0131d\u0131r.<\/p>\n<h2>BULGAR\u0130STAN T\u00dcRKLER\u0130 AVRUPA \u0130LE T\u00dcRK D\u00dcNYASI ARASINDA STRATEJ\u0130K B\u0130R DE\u011eERD\u0130R<\/h2>\n<p>Bug\u00fcn d\u00fcnya yeniden \u015fekilleniyor.<\/p>\n<p>Balkanlar, Karadeniz, Kafkasya ve T\u00fcrk d\u00fcnyas\u0131 giderek daha \u00f6nemli h\u00e2le geliyor.<\/p>\n<p>Bulgaristan ise Avrupa Birli\u011fi \u00fcyesi bir Balkan devletidir.<\/p>\n<p>T\u00fcrkiye ise b\u00f6lgenin en \u00f6nemli siyasi, ekonomik ve asker\u00ee g\u00fc\u00e7lerinden biridir.<\/p>\n<p>Bu iki \u00fclkenin aras\u0131nda ya\u015fayan Bulgaristan T\u00fcrkleri e\u015fsiz bir stratejik konuma sahiptir.<\/p>\n<p>Onlar Avrupa ile T\u00fcrkiye aras\u0131nda do\u011fal k\u00f6pr\u00fcd\u00fcr.<\/p>\n<p>Balkanlar ile T\u00fcrk d\u00fcnyas\u0131 aras\u0131nda ba\u011flant\u0131d\u0131r.<\/p>\n<p>Ekonomik i\u015f birli\u011fi i\u00e7in g\u00fc\u00e7l\u00fc bir zemindir.<\/p>\n<p>K\u00fclt\u00fcrel diplomasi i\u00e7in b\u00fcy\u00fck bir potansiyeldir.<\/p>\n<p>Bu toplumu sorun olarak g\u00f6rmek tarih\u00ee hata olur.<\/p>\n<p>As\u0131l yap\u0131lmas\u0131 gereken onu stratejik ortakl\u0131\u011fa d\u00f6n\u00fc\u015ft\u00fcrmektir.<\/p>\n<h2>BULGAR\u0130STAN \u0130LE T\u00dcRK\u0130YE YEN\u0130 B\u0130R MODEL KURAB\u0130L\u0130R<\/h2>\n<p>\u0130ki \u00fclke aras\u0131nda yeni bir yakla\u015f\u0131m m\u00fcmk\u00fcnd\u00fcr.<\/p>\n<p>Bu yakla\u015f\u0131m sadece h\u00fck\u00fcmetler aras\u0131 ili\u015fkilerden ibaret olmamal\u0131d\u0131r.<\/p>\n<p>Yerel y\u00f6netimler aras\u0131nda i\u015f birli\u011fi kurulmal\u0131d\u0131r.<\/p>\n<p>\u00dcniversiteler ba\u011flanmal\u0131d\u0131r.<\/p>\n<p>\u0130\u015f insanlar\u0131 bir araya getirilmelidir.<\/p>\n<p>Gen\u00e7lik kurulu\u015flar\u0131 desteklenmelidir.<\/p>\n<p>Sivil toplum kurulu\u015flar\u0131 s\u00fcrece d\u00e2hil edilmelidir.<\/p>\n<p>Bulgaristan\u2019daki T\u00fcrk b\u00f6lgelerinde ekonomik kalk\u0131nma projeleri geli\u015ftirilmelidir.<\/p>\n<p>T\u00fcrkiye\u2019de ya\u015fayan Bulgaristan vatanda\u015flar\u0131n\u0131n sorunlar\u0131 i\u00e7in s\u00fcrekli isti\u015fare mekanizmalar\u0131 kurulmal\u0131d\u0131r.<\/p>\n<p>K\u0131sacas\u0131 diplomasi yaln\u0131z devlet binalar\u0131nda de\u011fil, toplumlar\u0131n i\u00e7inde de y\u00fcr\u00fct\u00fclmelidir.<\/p>\n<h2>BULT\u00dcRK OLARAK B\u0130Z\u0130M \u00c7A\u011eRIMIZ A\u00c7IKTIR<\/h2>\n<p>Biz y\u0131llard\u0131r T\u00fcrkiye\u2019de ya\u015fayan Bulgaristan g\u00f6\u00e7menleriyle birlikte \u00e7al\u0131\u015f\u0131yoruz.<\/p>\n<p>Sahaday\u0131z.<\/p>\n<p>\u0130nsanlar\u0131n sorunlar\u0131n\u0131 biliyoruz.<\/p>\n<p>Emeklilik meselesini biliyoruz.<\/p>\n<p>Vatanda\u015fl\u0131k i\u015flemlerini biliyoruz.<\/p>\n<p>Konsolosluk sorunlar\u0131n\u0131 biliyoruz.<\/p>\n<p>Mezarl\u0131klar\u0131n durumunu biliyoruz.<\/p>\n<p>K\u00f6ylerin problemlerini biliyoruz.<\/p>\n<p>Gen\u00e7lerin Bulgaristan\u2019dan neden uzakla\u015ft\u0131\u011f\u0131n\u0131 biliyoruz.<\/p>\n<p>Ve en \u00f6nemlisi insanlar\u0131n art\u0131k ne bekledi\u011fini biliyoruz.<\/p>\n<p>\u0130nsanlar kavga beklemiyor.<\/p>\n<p>\u0130ntikam beklemiyor.<\/p>\n<p>Yeni d\u00fc\u015fmanl\u0131klar istemiyor.<\/p>\n<p>\u0130nsanlar adalet istiyor.<\/p>\n<p>Sayg\u0131 istiyor.<\/p>\n<p>Temsil istiyor.<\/p>\n<p>Gelecek istiyor.<\/p>\n<h2>O I\u015eIK NEREDEN GELECEK?<\/h2>\n<p>Bug\u00fcn Bulgaristan T\u00fcrkleri ger\u00e7ekten bir \u0131\u015f\u0131k bekliyor.<\/p>\n<p>Ama o \u0131\u015f\u0131\u011f\u0131 sadece bir siyasi liderden beklemek do\u011fru de\u011fildir.<\/p>\n<p>O \u0131\u015f\u0131k Bulgaristan devletinden gelmelidir.<\/p>\n<p>Siyasi partilerden gelmelidir.<\/p>\n<p>Sivil toplumdan gelmelidir.<\/p>\n<p>T\u00fcrkiye\u2019den gelmelidir.<\/p>\n<p>En \u00f6nemlisi de Bulgaristan T\u00fcrklerinin kendi i\u00e7inden y\u00fckselmelidir.<\/p>\n<p>\u00c7\u00fcnk\u00fc hi\u00e7bir toplum sadece d\u0131\u015far\u0131dan gelecek destekle aya\u011fa kalkamaz.<\/p>\n<p>Kendi gen\u00e7lerini yeti\u015ftirmelidir.<\/p>\n<p>Kendi ayd\u0131nlar\u0131n\u0131 \u00e7\u0131karmal\u0131d\u0131r.<\/p>\n<p>Kendi siyaset\u00e7ilerini yeti\u015ftirmelidir.<\/p>\n<p>Kendi ekonomik g\u00fcc\u00fcn\u00fc olu\u015fturmal\u0131d\u0131r.<\/p>\n<p>Kendi kurumlar\u0131n\u0131 g\u00fc\u00e7lendirmelidir.<\/p>\n<p>Birlikte hareket etmelidir.<\/p>\n<h2>YEN\u0130 B\u0130R D\u00d6NEM\u0130N E\u015e\u0130\u011e\u0130NDEY\u0130Z<\/h2>\n<p>Bulgaristan T\u00fcrkleri i\u00e7in art\u0131k yeni bir siyasi ve toplumsal d\u00f6nemin ba\u015flamas\u0131 gerekiyor.<\/p>\n<p>Eski korkular\u0131n siyaseti bitmelidir.<\/p>\n<p>Eski ba\u011f\u0131ml\u0131l\u0131k ili\u015fkileri bitmelidir.<\/p>\n<p>Se\u00e7imden se\u00e7ime hat\u0131rlanan vatanda\u015fl\u0131k anlay\u0131\u015f\u0131 bitmelidir.<\/p>\n<p>Yerine \u00f6zg\u00fcvenli, e\u011fitimli, ekonomik olarak g\u00fc\u00e7l\u00fc ve siyasi olarak \u00e7o\u011fulcu bir T\u00fcrk toplumu ortaya \u00e7\u0131kmal\u0131d\u0131r.<\/p>\n<p>Bizim hedefimiz bir toplumu ba\u015fka bir topluma kar\u015f\u0131 g\u00fc\u00e7lendirmek de\u011fildir.<\/p>\n<p>Bizim hedefimiz Bulgaristan T\u00fcrklerinin Bulgaristan\u2019\u0131n e\u015fit, sayg\u0131n ve g\u00fc\u00e7l\u00fc vatanda\u015flar\u0131 olarak gelece\u011fe y\u00fcr\u00fcmesidir.<\/p>\n<h2>I\u015eI\u011eI BEKLEMEK YETMEZ, I\u015eI\u011eI YAKMAK GEREK\u0130R<\/h2>\n<p>Bulgaristan T\u00fcrkleri y\u0131llard\u0131r bir \u0131\u015f\u0131k bekliyor.<\/p>\n<p>Adaletin \u0131\u015f\u0131\u011f\u0131n\u0131.<\/p>\n<p>E\u015fitli\u011fin \u0131\u015f\u0131\u011f\u0131n\u0131.<\/p>\n<p>Temsilin \u0131\u015f\u0131\u011f\u0131n\u0131.<\/p>\n<p>Gelece\u011fin \u0131\u015f\u0131\u011f\u0131n\u0131.<\/p>\n<p>Fakat art\u0131k bir ger\u00e7e\u011fi daha s\u00f6ylemenin zaman\u0131 geldi:<\/p>\n<p><strong>Sadece \u0131\u015f\u0131\u011f\u0131 beklemek yetmez.<\/strong><\/p>\n<p>Bazen o \u0131\u015f\u0131\u011f\u0131 bizim yakmam\u0131z gerekir.<\/p>\n<p>Gen\u00e7lerimizi yeti\u015ftirerek.<\/p>\n<p>Birbirimize sahip \u00e7\u0131karak.<\/p>\n<p>Siyasi bilincimizi y\u00fckselterek.<\/p>\n<p>K\u00fclt\u00fcr\u00fcm\u00fcz\u00fc koruyarak.<\/p>\n<p>Ekonomik g\u00fcc\u00fcm\u00fcz\u00fc b\u00fcy\u00fcterek.<\/p>\n<p>T\u00fcrkiye ile Bulgaristan aras\u0131nda yeni k\u00f6pr\u00fcler kurarak.<\/p>\n<p>\u00c7\u00fcnk\u00fc Bulgaristan T\u00fcrklerinin gelece\u011fi ba\u015fka birilerinin verece\u011fi kararlara b\u0131rak\u0131lamayacak kadar de\u011ferlidir.<\/p>\n<p>Biz bu topraklar\u0131n d\u00fcn\u00fcnde vard\u0131k.<\/p>\n<p>Bug\u00fcn\u00fcnde var\u0131z.<\/p>\n<p>Yar\u0131n\u0131nda da olaca\u011f\u0131z.<\/p>\n<p>Ve art\u0131k kimsenin g\u00f6lgesinde de\u011fil;<\/p>\n<p><strong>kendi \u0131\u015f\u0131\u011f\u0131m\u0131zla y\u00fcr\u00fcmek istiyoruz.<\/strong><\/p>\n<p>Bulgaristan T\u00fcrklerinin bekledi\u011fi \u0131\u015f\u0131k belki de uzakta de\u011fildir.<\/p>\n<p>Belki o \u0131\u015f\u0131k, y\u0131llard\u0131r kendi i\u00e7imizde ta\u015f\u0131d\u0131\u011f\u0131m\u0131z iradenin yeniden aya\u011fa kalkmas\u0131d\u0131r.<\/p>\n<p>Bu metni isterseniz bir sonraki a\u015famada <strong>daha devlet adam\u0131 \u00fcslubuyla<\/strong>, daha sert siyasi mesajlarla veya do\u011frudan <strong>Bulgaristan kamuoyuna hitap eden ba\u015fyaz\u0131<\/strong> format\u0131nda da yeniden kurabilirim.<\/p>\n<div id=\"bghab-2272774410\" class=\"bghab-yazi-altinda bghab-entity-placement\"><script async src=\"https:\/\/pagead2.googlesyndication.com\/pagead\/js\/adsbygoogle.js\"><\/script>\r\n<!-- bghaber-yaz\u0131-sonu -->\r\n<ins class=\"adsbygoogle\"\r\n     style=\"display:block\"\r\n     data-ad-client=\"ca-pub-6203283170189293\"\r\n     data-ad-slot=\"4222328180\"\r\n     data-ad-format=\"auto\"\r\n     data-full-width-responsive=\"true\"><\/ins>\r\n<script>\r\n     (adsbygoogle = window.adsbygoogle || []).push({});\r\n<\/script><\/div><br style=\"clear: both; display: block; float: none;\"\/>","protected":false},"excerpt":{"rendered":"<p>Rafet ULUT\u00dcRK BULT\u00dcRK Genel Ba\u015fkan\u0131 Baz\u0131 toplumlar yaln\u0131zca ekonomik destek beklemez. Baz\u0131lar\u0131 yaln\u0131zca siyasi temsil istemez. Baz\u0131lar\u0131 sadece ge\u00e7mi\u015fte ya\u015fad\u0131klar\u0131 ac\u0131lar\u0131n tan\u0131nmas\u0131n\u0131 da beklemez. Bazen<\/p>\n","protected":false},"author":13,"featured_media":65137,"comment_status":"open","ping_status":"closed","sticky":false,"template":"","format":"standard","meta":{"advanced_seo_description":"","jetpack_seo_html_title":"","jetpack_seo_noindex":false,"jetpack_seo_schema_type":"","_jetpack_newsletter_access":"","_jetpack_dont_email_post_to_subs":false,"_jetpack_newsletter_tier_id":0,"_jetpack_memberships_contains_paywalled_content":false,"_jetpack_feature_clip_id":0,"_jetpack_memberships_contains_paid_content":false,"footnotes":"","jetpack_post_was_ever_published":false},"categories":[6],"tags":[],"class_list":["post-65311","post","type-post","status-publish","format-standard","has-post-thumbnail","hentry","category-yorum"],"jetpack_sharing_enabled":true,"jetpack_likes_enabled":true,"jetpack-related-posts":[],"jetpack_shortlink":"https:\/\/wp.me\/pc2PfJ-gZp","jetpack_featured_media_url":"https:\/\/i0.wp.com\/www.bghaber.org\/bghaber\/wp-content\/uploads\/2026\/04\/rafet-bgbayr1.jpg?fit=1600%2C1200&ssl=1","_links":{"self":[{"href":"https:\/\/www.bghaber.org\/bghaber\/wp-json\/wp\/v2\/posts\/65311","targetHints":{"allow":["GET"]}}],"collection":[{"href":"https:\/\/www.bghaber.org\/bghaber\/wp-json\/wp\/v2\/posts"}],"about":[{"href":"https:\/\/www.bghaber.org\/bghaber\/wp-json\/wp\/v2\/types\/post"}],"author":[{"embeddable":true,"href":"https:\/\/www.bghaber.org\/bghaber\/wp-json\/wp\/v2\/users\/13"}],"replies":[{"embeddable":true,"href":"https:\/\/www.bghaber.org\/bghaber\/wp-json\/wp\/v2\/comments?post=65311"}],"version-history":[{"count":1,"href":"https:\/\/www.bghaber.org\/bghaber\/wp-json\/wp\/v2\/posts\/65311\/revisions"}],"predecessor-version":[{"id":65312,"href":"https:\/\/www.bghaber.org\/bghaber\/wp-json\/wp\/v2\/posts\/65311\/revisions\/65312"}],"wp:featuredmedia":[{"embeddable":true,"href":"https:\/\/www.bghaber.org\/bghaber\/wp-json\/wp\/v2\/media\/65137"}],"wp:attachment":[{"href":"https:\/\/www.bghaber.org\/bghaber\/wp-json\/wp\/v2\/media?parent=65311"}],"wp:term":[{"taxonomy":"category","embeddable":true,"href":"https:\/\/www.bghaber.org\/bghaber\/wp-json\/wp\/v2\/categories?post=65311"},{"taxonomy":"post_tag","embeddable":true,"href":"https:\/\/www.bghaber.org\/bghaber\/wp-json\/wp\/v2\/tags?post=65311"}],"curies":[{"name":"wp","href":"https:\/\/api.w.org\/{rel}","templated":true}]}}