{"id":65304,"date":"2026-08-26T19:40:42","date_gmt":"2026-08-26T16:40:42","guid":{"rendered":"https:\/\/www.bghaber.org\/bghaber\/?p=65304"},"modified":"2026-08-26T19:40:42","modified_gmt":"2026-08-26T16:40:42","slug":"gelecegi-kuranlar-elindekiyle-baslayan-calisarak-cesaret-uretenler-2","status":"publish","type":"post","link":"https:\/\/www.bghaber.org\/bghaber\/gelecegi-kuranlar-elindekiyle-baslayan-calisarak-cesaret-uretenler-2\/","title":{"rendered":"GELECE\u011e\u0130 KURANLAR: EL\u0130NDEK\u0130YLE BA\u015eLAYAN, \u00c7ALI\u015eARAK CESARET \u00dcRETENLER"},"content":{"rendered":"<h2>Eksikleri Saymak De\u011fil, \u0130mk\u00e2nlar\u0131 Harekete Ge\u00e7irmek Zaman\u0131d\u0131r<\/h2>\n<p>Rafet ULUT\u00dcRK<\/p>\n<p>Toplumlar\u0131n kaderini \u00e7o\u011fu zaman d\u0131\u015far\u0131dan gelen b\u00fcy\u00fck olaylar de\u011fil, i\u00e7eride yerle\u015fmi\u015f d\u00fc\u015f\u00fcnme bi\u00e7imleri belirler.<\/p>\n<p>Bir millet s\u00fcrekli ba\u015fkalar\u0131n\u0131n ne yapt\u0131\u011f\u0131na bak\u0131yorsa, zamanla kendi yapabileceklerini unutmaya ba\u015flar.<\/p>\n<p>Kim ne yapt\u0131?<\/p>\n<p>Kim ne vermedi?<\/p><div id=\"bghab-2094397583\" class=\"bghab-icerik-icine bghab-entity-placement\"><script async src=\"\/\/pagead2.googlesyndication.com\/pagead\/js\/adsbygoogle.js?client=ca-pub-6203283170189293\" crossorigin=\"anonymous\"><\/script><ins class=\"adsbygoogle\" style=\"display:block; text-align:center;\" data-ad-client=\"ca-pub-6203283170189293\" \ndata-ad-slot=\"7303146466\" \ndata-ad-layout=\"in-article\"\ndata-ad-format=\"fluid\" data-full-width-responsive=\"true\"><\/ins>\n<script> \n(adsbygoogle = window.adsbygoogle || []).push({}); \n<\/script>\n<\/div>\n<p>Kim destek olmad\u0131?<\/p>\n<p>Kim engel oldu?<\/p>\n<p>Kim yanl\u0131\u015f yapt\u0131?<\/p>\n<p>Bu sorular\u0131n elbette yeri vard\u0131r. Fakat bir toplum y\u0131llarca yaln\u0131zca bunlar\u0131 sorarsa, sonunda kendi iradesini ba\u015fkalar\u0131n\u0131n davran\u0131\u015flar\u0131na ba\u011flam\u0131\u015f olur.<\/p>\n<p>Oysa gelece\u011fi kuran milletlerin sordu\u011fu temel soru farkl\u0131d\u0131r:<\/p><div id=\"bghab-49885940\" class=\"bghab-icerik-icine-10-paragraf bghab-entity-placement\"><script async src=\"\/\/pagead2.googlesyndication.com\/pagead\/js\/adsbygoogle.js?client=ca-pub-6203283170189293\" crossorigin=\"anonymous\"><\/script><ins class=\"adsbygoogle\" style=\"display:block; text-align:center;\" data-ad-client=\"ca-pub-6203283170189293\" \ndata-ad-slot=\"7303146466\" \ndata-ad-layout=\"in-article\"\ndata-ad-format=\"fluid\" data-full-width-responsive=\"true\"><\/ins>\n<script> \n(adsbygoogle = window.adsbygoogle || []).push({}); \n<\/script>\n<\/div>\n<p><strong>\u201cBiz ne yapt\u0131k ve elimizde olanlarla daha ne yapabiliriz?\u201d<\/strong><\/p>\n<p>As\u0131l de\u011fi\u015fim burada ba\u015flar.<\/p>\n<p>\u00c7\u00fcnk\u00fc tarihte hi\u00e7bir b\u00fcy\u00fck y\u00fckseli\u015f, b\u00fct\u00fcn \u015fartlar\u0131n haz\u0131r oldu\u011fu bir d\u00f6nemde ba\u015flamam\u0131\u015ft\u0131r.<\/p>\n<p>B\u00fcy\u00fck y\u00fcr\u00fcy\u00fc\u015fler \u00e7o\u011fu zaman eksiklerle ba\u015flam\u0131\u015ft\u0131r.<\/p>\n<p>Ama eksiklerin aras\u0131ndan imk\u00e2n g\u00f6rebilenler kazanm\u0131\u015ft\u0131r.<\/p><div id=\"bghab-2774886776\" class=\"bghab-icerik-icine-15-paragraf bghab-entity-placement\"><script async src=\"\/\/pagead2.googlesyndication.com\/pagead\/js\/adsbygoogle.js?client=ca-pub-6203283170189293\" crossorigin=\"anonymous\"><\/script><ins class=\"adsbygoogle\" style=\"display:block; text-align:center;\" data-ad-client=\"ca-pub-6203283170189293\" \ndata-ad-slot=\"7303146466\" \ndata-ad-layout=\"in-article\"\ndata-ad-format=\"fluid\" data-full-width-responsive=\"true\"><\/ins>\n<script> \n(adsbygoogle = window.adsbygoogle || []).push({}); \n<\/script>\n<\/div>\n<h2>BA\u015eKASINI DE\u011e\u0130L, KEND\u0130 SORUMLULU\u011eUNU \u00d6L\u00c7<\/h2>\n<p>\u0130nsan ba\u015fkas\u0131n\u0131n eksiklerini kolay g\u00f6r\u00fcr.<\/p>\n<p>Kendi yapmad\u0131klar\u0131n\u0131 g\u00f6rmek daha zordur.<\/p>\n<p>Bu nedenle bir toplumun geli\u015fmesinin ilk \u015fartlar\u0131ndan biri, sorumluluk ahlak\u0131d\u0131r.<\/p>\n<p>Devlet ne yapt\u0131 diye sorabiliriz.<\/p>\n<p>Belediye ne yapt\u0131 diye sorabiliriz.<\/p><div id=\"bghab-3341905928\" class=\"bghab-icerik-icine-20-paragraf bghab-entity-placement\"><script async src=\"\/\/pagead2.googlesyndication.com\/pagead\/js\/adsbygoogle.js?client=ca-pub-6203283170189293\" crossorigin=\"anonymous\"><\/script><ins class=\"adsbygoogle\" style=\"display:block; text-align:center;\" data-ad-client=\"ca-pub-6203283170189293\" \ndata-ad-slot=\"7303146466\" \ndata-ad-layout=\"in-article\"\ndata-ad-format=\"fluid\" data-full-width-responsive=\"true\"><\/ins>\n<script> \n(adsbygoogle = window.adsbygoogle || []).push({}); \n<\/script>\n<\/div>\n<p>Siyaset\u00e7i ne yapt\u0131 diye sorabiliriz.<\/p>\n<p>Kurumlar ne yapt\u0131 diye sorabiliriz.<\/p>\n<p>Ama bunlar\u0131n hepsinden \u00f6nce \u015fu soruyu sormak zorunday\u0131z:<\/p>\n<p><strong>\u201cBen ne yapt\u0131m?\u201d<\/strong><\/p>\n<p>Bir \u00f6\u011fretmensen ka\u00e7 gence umut verdin?<\/p><div id=\"bghab-2883658472\" class=\"bghab-icerik-icine-25-paragraf bghab-entity-placement\"><script async src=\"\/\/pagead2.googlesyndication.com\/pagead\/js\/adsbygoogle.js?client=ca-pub-6203283170189293\" crossorigin=\"anonymous\"><\/script><ins class=\"adsbygoogle\" style=\"display:block; text-align:center;\" data-ad-client=\"ca-pub-6203283170189293\" \ndata-ad-slot=\"7303146466\" \ndata-ad-layout=\"in-article\"\ndata-ad-format=\"fluid\" data-full-width-responsive=\"true\"><\/ins>\n<script> \n(adsbygoogle = window.adsbygoogle || []).push({}); \n<\/script>\n<\/div>\n<p>Bir i\u015f insan\u0131ysan ka\u00e7 ki\u015fiye i\u015f kap\u0131s\u0131 a\u00e7t\u0131n?<\/p>\n<p>Bir y\u00f6neticiyken ka\u00e7 insan yeti\u015ftirdin?<\/p>\n<p>Bir anne veya babaysan \u00e7ocu\u011funa yaln\u0131zca diploma m\u0131, karakter de mi b\u0131rakt\u0131n?<\/p>\n<p>Bir dernek y\u00f6neticisiysen ka\u00e7 toplant\u0131 yapt\u0131\u011f\u0131ndan \u00f6nce ka\u00e7 insan\u0131n hayat\u0131nda kal\u0131c\u0131 de\u011fi\u015fiklik olu\u015fturdu\u011funa bak.<\/p>\n<p>\u00c7\u00fcnk\u00fc gelece\u011fi de\u011fi\u015ftiren \u015fey faaliyet \u00e7oklu\u011fu de\u011fil, <strong>etki derinli\u011fidir.<\/strong><\/p><div id=\"bghab-2824103273\" class=\"bghab-icerik-icine-30-paragraf bghab-entity-placement\"><script async src=\"\/\/pagead2.googlesyndication.com\/pagead\/js\/adsbygoogle.js?client=ca-pub-6203283170189293\" crossorigin=\"anonymous\"><\/script><ins class=\"adsbygoogle\" style=\"display:block; text-align:center;\" data-ad-client=\"ca-pub-6203283170189293\" \ndata-ad-slot=\"7303146466\" \ndata-ad-layout=\"in-article\"\ndata-ad-format=\"fluid\" data-full-width-responsive=\"true\"><\/ins>\n<script> \n(adsbygoogle = window.adsbygoogle || []).push({}); \n<\/script>\n<\/div>\n<h2>YERY\u00dcZ\u00dcNDE K\u0130ME DOKUNDUK?<\/h2>\n<p>Belki de ba\u015far\u0131 \u00f6l\u00e7\u00fclerimizi yeniden tan\u0131mlamam\u0131z gerekiyor.<\/p>\n<p>Ka\u00e7 ki\u015fi bizi tan\u0131yor?<\/p>\n<p>Ka\u00e7 foto\u011fraf\u0131m\u0131z yay\u0131mland\u0131?<\/p>\n<p>Ka\u00e7 toplant\u0131ya kat\u0131ld\u0131k?<\/p>\n<p>Ka\u00e7 konu\u015fma yapt\u0131k?<\/p><div id=\"bghab-1194050914\" class=\"bghab-icerik-icine-35-paragraf bghab-entity-placement\"><script async src=\"\/\/pagead2.googlesyndication.com\/pagead\/js\/adsbygoogle.js?client=ca-pub-6203283170189293\" crossorigin=\"anonymous\"><\/script><ins class=\"adsbygoogle\" style=\"display:block; text-align:center;\" data-ad-client=\"ca-pub-6203283170189293\" \ndata-ad-slot=\"7303146466\" \ndata-ad-layout=\"in-article\"\ndata-ad-format=\"fluid\" data-full-width-responsive=\"true\"><\/ins>\n<script> \n(adsbygoogle = window.adsbygoogle || []).push({}); \n<\/script>\n<\/div>\n<p>Bunlar g\u00f6r\u00fcn\u00fcrl\u00fckt\u00fcr.<\/p>\n<p>Fakat g\u00f6r\u00fcn\u00fcrl\u00fck her zaman etki de\u011fildir.<\/p>\n<p>As\u0131l soru \u015fudur:<\/p>\n<p><strong>Yery\u00fcz\u00fcnde kime dokunduk ve dokundu\u011fumuz insan\u0131n hayat\u0131nda ne de\u011fi\u015fti?<\/strong><\/p>\n<p>Bir \u00f6\u011frencinin e\u011fitimini s\u00fcrd\u00fcrmesini sa\u011flad\u0131ysan bu etkidir.<\/p><div id=\"bghab-3957527497\" class=\"bghab-icerik-icine-40-paragraf bghab-entity-placement\"><script async src=\"\/\/pagead2.googlesyndication.com\/pagead\/js\/adsbygoogle.js?client=ca-pub-6203283170189293\" crossorigin=\"anonymous\"><\/script><ins class=\"adsbygoogle\" style=\"display:block; text-align:center;\" data-ad-client=\"ca-pub-6203283170189293\" \ndata-ad-slot=\"7303146466\" \ndata-ad-layout=\"in-article\"\ndata-ad-format=\"fluid\" data-full-width-responsive=\"true\"><\/ins>\n<script> \n(adsbygoogle = window.adsbygoogle || []).push({}); \n<\/script>\n<\/div>\n<p>Bir genci meslek sahibi yapt\u0131ysan bu etkidir.<\/p>\n<p>Bir k\u00f6ye k\u00fct\u00fcphane kurduysan bu etkidir.<\/p>\n<p>Bir giri\u015fimciye ilk f\u0131rsat\u0131n\u0131 verdiysen bu etkidir.<\/p>\n<p>Bir \u00e7ocu\u011fun \u00f6n\u00fcne yeni bir ufuk koyduysan bu etkidir.<\/p>\n<p>\u00c7\u00fcnk\u00fc bazen tek bir insan\u0131n hayat\u0131nda yapt\u0131\u011f\u0131n\u0131z de\u011fi\u015fiklik, y\u0131llar sonra y\u00fczlerce insana ula\u015f\u0131r.<\/p><div id=\"bghab-3531330\" class=\"bghab-icerik-icine-45-paragraf bghab-entity-placement\"><script async src=\"\/\/pagead2.googlesyndication.com\/pagead\/js\/adsbygoogle.js?client=ca-pub-6203283170189293\" crossorigin=\"anonymous\"><\/script><ins class=\"adsbygoogle\" style=\"display:block; text-align:center;\" data-ad-client=\"ca-pub-6203283170189293\" \ndata-ad-slot=\"7303146466\" \ndata-ad-layout=\"in-article\"\ndata-ad-format=\"fluid\" data-full-width-responsive=\"true\"><\/ins>\n<script> \n(adsbygoogle = window.adsbygoogle || []).push({}); \n<\/script>\n<\/div>\n<p>Bir \u00f6\u011fretmeni yeti\u015ftirirsiniz, binlerce \u00f6\u011frenciye dokunur.<\/p>\n<p>Bir doktoru desteklersiniz, binlerce hayat kurtar\u0131r.<\/p>\n<p>Bir bilim insan\u0131na imk\u00e2n sa\u011flars\u0131n\u0131z, \u00fclkenin teknolojik g\u00fcc\u00fcn\u00fc de\u011fi\u015ftirir.<\/p>\n<p>\u0130yili\u011fin ve e\u011fitimin de bir \u00e7arpan etkisi vard\u0131r.<\/p>\n<h2>EL\u0130NDEK\u0130YLE BA\u015eLAYAMAYAN, B\u00dcY\u00dcK \u0130MK\u00c2NLA DA BA\u015eLAYAMAZ<\/h2>\n<p>Toplum olarak en s\u0131k d\u00fc\u015ft\u00fc\u011f\u00fcm\u00fcz hatalardan biri budur:<\/p><div id=\"bghab-2627203191\" class=\"bghab-icerik-icine-50-paragraf bghab-entity-placement\"><script async src=\"\/\/pagead2.googlesyndication.com\/pagead\/js\/adsbygoogle.js?client=ca-pub-6203283170189293\" crossorigin=\"anonymous\"><\/script><ins class=\"adsbygoogle\" style=\"display:block; text-align:center;\" data-ad-client=\"ca-pub-6203283170189293\" \ndata-ad-slot=\"7303146466\" \ndata-ad-layout=\"in-article\"\ndata-ad-format=\"fluid\" data-full-width-responsive=\"true\"><\/ins>\n<script> \n(adsbygoogle = window.adsbygoogle || []).push({}); \n<\/script>\n<\/div>\n<p>Ba\u015flamak i\u00e7in b\u00fcy\u00fck imk\u00e2n bekliyoruz.<\/p>\n<p>\u201cParam olursa yapar\u0131m.\u201d<\/p>\n<p>\u201cB\u00fcy\u00fck makam\u0131m olursa yapar\u0131m.\u201d<\/p>\n<p>\u201cDevlet destek verirse yapar\u0131m.\u201d<\/p>\n<p>\u201cDaha g\u00fc\u00e7l\u00fc bir kurumumuz olursa yapar\u0131m.\u201d<\/p><div id=\"bghab-3171378421\" class=\"bghab-icerik-icine-55-paragraf bghab-entity-placement\"><script async src=\"\/\/pagead2.googlesyndication.com\/pagead\/js\/adsbygoogle.js?client=ca-pub-6203283170189293\" crossorigin=\"anonymous\"><\/script><ins class=\"adsbygoogle\" style=\"display:block; text-align:center;\" data-ad-client=\"ca-pub-6203283170189293\" \ndata-ad-slot=\"7303146466\" \ndata-ad-layout=\"in-article\"\ndata-ad-format=\"fluid\" data-full-width-responsive=\"true\"><\/ins>\n<script> \n(adsbygoogle = window.adsbygoogle || []).push({}); \n<\/script>\n<\/div>\n<p>Bu d\u00fc\u015f\u00fcnce bazen y\u0131llar\u0131m\u0131z\u0131 al\u0131r.<\/p>\n<p>Oysa hayat\u0131n ger\u00e7e\u011fi \u00e7ok daha basittir:<\/p>\n<p><strong>Elinde ne varsa onunla ba\u015flayacaks\u0131n.<\/strong><\/p>\n<p>Bir odan varsa oray\u0131 e\u011fitim mek\u00e2n\u0131na \u00e7evirebilirsin.<\/p>\n<p>On kitab\u0131n varsa payla\u015fabilirsin.<\/p><div id=\"bghab-1272316285\" class=\"bghab-icerik-icine-60-paragraf bghab-entity-placement\"><script async src=\"\/\/pagead2.googlesyndication.com\/pagead\/js\/adsbygoogle.js?client=ca-pub-6203283170189293\" crossorigin=\"anonymous\"><\/script><ins class=\"adsbygoogle\" style=\"display:block; text-align:center;\" data-ad-client=\"ca-pub-6203283170189293\" \ndata-ad-slot=\"7303146466\" \ndata-ad-layout=\"in-article\"\ndata-ad-format=\"fluid\" data-full-width-responsive=\"true\"><\/ins>\n<script> \n(adsbygoogle = window.adsbygoogle || []).push({}); \n<\/script>\n<\/div>\n<p>Bir bilgisayar\u0131n varsa \u00fcretmeye ba\u015flayabilirsin.<\/p>\n<p>Bir mesle\u011fin varsa bir gence \u00f6\u011fretebilirsin.<\/p>\n<p>Bir \u00e7evren varsa do\u011fru insanlar\u0131 birbirine ba\u011flayabilirsin.<\/p>\n<p>Bir fikrin varsa projeye d\u00f6n\u00fc\u015ft\u00fcrebilirsin.<\/p>\n<p>Bir saatin varsa bir \u00e7ocu\u011fa ay\u0131rabilirsin.<\/p><div id=\"bghab-1863046954\" class=\"bghab-icerik-icine-65-paragraf bghab-entity-placement\"><script async src=\"\/\/pagead2.googlesyndication.com\/pagead\/js\/adsbygoogle.js?client=ca-pub-6203283170189293\" crossorigin=\"anonymous\"><\/script><ins class=\"adsbygoogle\" style=\"display:block; text-align:center;\" data-ad-client=\"ca-pub-6203283170189293\" \ndata-ad-slot=\"7303146466\" \ndata-ad-layout=\"in-article\"\ndata-ad-format=\"fluid\" data-full-width-responsive=\"true\"><\/ins>\n<script> \n(adsbygoogle = window.adsbygoogle || []).push({}); \n<\/script>\n<\/div>\n<p>Bir kalemin varsa yazabilirsin.<\/p>\n<p>B\u00fcy\u00fck i\u015fler her zaman b\u00fcy\u00fck sermayeyle ba\u015flamaz.<\/p>\n<p>\u00c7o\u011fu zaman k\u00fc\u00e7\u00fck imk\u00e2nlar\u0131n arkas\u0131na konulan b\u00fcy\u00fck iradeyle ba\u015flar.<\/p>\n<h2>\u201cNEY\u0130M\u0130Z YOK?\u201d DE\u011e\u0130L, \u201cNEY\u0130M\u0130Z VAR?\u201d<\/h2>\n<p>Stratejik d\u00fc\u015f\u00fcnme bi\u00e7imimizin merkezine bu soruyu yerle\u015ftirmeliyiz.<\/p>\n<p>Bir kurumun toplant\u0131s\u0131nda herkes neyin olmad\u0131\u011f\u0131n\u0131 anlat\u0131yorsa o toplant\u0131 k\u0131sa s\u00fcre i\u00e7inde karamsarl\u0131k \u00fcretir.<\/p>\n<p>Param\u0131z yok.<\/p>\n<p>Eleman\u0131m\u0131z yok.<\/p>\n<p>Binam\u0131z yok.<\/p>\n<p>Medya g\u00fcc\u00fcm\u00fcz yok.<\/p>\n<p>Siyasi deste\u011fimiz yok.<\/p>\n<p>Peki ne var?<\/p>\n<p>\u0130\u015fte strateji orada ba\u015flar.<\/p>\n<p>Be\u015f g\u00f6n\u00fcll\u00fcm\u00fcz var.<\/p>\n<p>Bir \u00f6\u011fretmenimiz var.<\/p>\n<p>Bir i\u015f insan\u0131m\u0131z var.<\/p>\n<p>Bir \u00f6\u011frencimiz var.<\/p>\n<p>Bir akademisyenimiz var.<\/p>\n<p>Bir sosyal medya hesab\u0131m\u0131z var.<\/p>\n<p>Bir mek\u00e2na haftada iki saat eri\u015fimimiz var.<\/p>\n<p>Bir ba\u011flant\u0131m\u0131z var.<\/p>\n<p>Bir hayalimiz var.<\/p>\n<p>Bunlar\u0131n her biri tek ba\u015f\u0131na k\u00fc\u00e7\u00fck olabilir.<\/p>\n<p>Fakat do\u011fru \u015fekilde birle\u015fti\u011finde b\u00fcy\u00fck bir kapasiteye d\u00f6n\u00fc\u015febilir.<\/p>\n<p>Bug\u00fcn\u00fcn d\u00fcnyas\u0131nda g\u00fc\u00e7 yaln\u0131zca sahip olmak de\u011fildir.<\/p>\n<p><strong>Sahip olduklar\u0131n\u0131 birbirine ba\u011flayabilmektir.<\/strong><\/p>\n<h2>STRATEJ\u0130, KAYNAKLARI B\u0130RB\u0130R\u0130NE BA\u011eLAMA SANATIDIR<\/h2>\n<p>Bir yerde bo\u015f bina olabilir.<\/p>\n<p>Ba\u015fka yerde yer arayan \u00f6\u011frenciler vard\u0131r.<\/p>\n<p>Bir yerde emekli \u00f6\u011fretmen vard\u0131r.<\/p>\n<p>Ba\u015fka yerde deste\u011fe ihtiya\u00e7 duyan \u00e7ocuklar vard\u0131r.<\/p>\n<p>Bir yerde sermaye vard\u0131r.<\/p>\n<p>Ba\u015fka yerde fikri olan gen\u00e7 vard\u0131r.<\/p>\n<p>Bir yerde b\u00fcy\u00fck bir k\u00fct\u00fcphane vard\u0131r.<\/p>\n<p>Ba\u015fka yerde kitaba eri\u015femeyen k\u00f6y vard\u0131r.<\/p>\n<p>Bir yerde deneyimli insanlar vard\u0131r.<\/p>\n<p>Ba\u015fka yerde yol g\u00f6sterici arayan gen\u00e7ler vard\u0131r.<\/p>\n<p>Bunlar\u0131 birbirine ba\u011flayabilen sistem kuruldu\u011funda, toplumun toplam g\u00fcc\u00fc artar.<\/p>\n<p>Bu nedenle \u00f6n\u00fcm\u00fczdeki d\u00f6nemde sadece yeni kaynak aramak de\u011fil, <strong>mevcut kaynaklar\u0131 e\u015fle\u015ftirmek<\/strong> en \u00f6nemli stratejik meselelerden biri olacakt\u0131r.<\/p>\n<p>Gelecek, \u00e7ok \u015feye sahip olanlar\u0131n de\u011fil; sahip olduklar\u0131n\u0131 iyi \u00f6rg\u00fctleyenlerin olacakt\u0131r.<\/p>\n<h2>KORKUYA KAPILANLAR UZAKLA\u015eIR<\/h2>\n<p>Bug\u00fcn d\u00fcnya h\u0131zl\u0131 de\u011fi\u015fiyor.<\/p>\n<p>Sava\u015flar var.<\/p>\n<p>Ekonomik krizler var.<\/p>\n<p>Teknolojik d\u00f6n\u00fc\u015f\u00fcm var.<\/p>\n<p>Yapay zek\u00e2 y\u00fckseliyor.<\/p>\n<p>Meslekler de\u011fi\u015fiyor.<\/p>\n<p>Enerji rekabeti b\u00fcy\u00fcyor.<\/p>\n<p>Su ve g\u0131da g\u00fcvenli\u011fi daha \u00f6nemli hale geliyor.<\/p>\n<p>B\u00f6yle d\u00f6nemlerde korkuya kap\u0131lmak kolayd\u0131r.<\/p>\n<p>Fakat korku uzun s\u00fcre y\u00f6netim bi\u00e7imine d\u00f6n\u00fc\u015f\u00fcrse insan\u0131 hareketsiz b\u0131rak\u0131r.<\/p>\n<p>Korkuya kap\u0131lanlar m\u00fccadele alan\u0131ndan uzakla\u015f\u0131r.<\/p>\n<p>Risk almaktan vazge\u00e7er.<\/p>\n<p>Denemekten \u00e7ekinir.<\/p>\n<p>Yeni fikirlere kapan\u0131r.<\/p>\n<p>Bir s\u00fcre sonra kaybetmekten korkarken \u00fcretme yetene\u011fini kaybetmeye ba\u015flar.<\/p>\n<p>Bu nedenle bir topluma yaln\u0131zca \u201ccesur olun\u201d demek yetmez.<\/p>\n<p>Cesaretin nas\u0131l \u00fcretildi\u011fini \u00f6\u011fretmek gerekir.<\/p>\n<h2>CESARET\u0130N KAYNA\u011eI \u00c7ALI\u015eMAKTIR<\/h2>\n<p>Cesaret \u00e7o\u011fu zaman haz\u0131rl\u0131\u011f\u0131n sonucudur.<\/p>\n<p>\u00c7al\u0131\u015fan insan \u00f6\u011frenir.<\/p>\n<p>\u00d6\u011frenen insan neyle kar\u015f\u0131 kar\u015f\u0131ya oldu\u011funu g\u00f6r\u00fcr.<\/p>\n<p>G\u00f6ren insan se\u00e7enek \u00fcretir.<\/p>\n<p>Se\u00e7ene\u011fi olan insan karar verebilir.<\/p>\n<p>Karar verebilen insan korkusunu y\u00f6netebilir.<\/p>\n<p>Bu nedenle cesaretin en sa\u011flam kaynaklar\u0131ndan biri <strong>\u00e7al\u0131\u015fmad\u0131r.<\/strong><\/p>\n<p>Haz\u0131rlanmayan insan\u0131n korkmas\u0131 do\u011fald\u0131r.<\/p>\n<p>Ama haz\u0131rlanan insan ne yapaca\u011f\u0131n\u0131 bilir.<\/p>\n<p>Bir \u00f6\u011frenci \u00e7al\u0131\u015ft\u0131ysa s\u0131nava daha g\u00fc\u00e7l\u00fc girer.<\/p>\n<p>Bir \u015firket kriz plan\u0131 yapt\u0131ysa belirsizlik kar\u015f\u0131s\u0131nda daha sa\u011flam durur.<\/p>\n<p>Bir devlet savunma sanayisini geli\u015ftirdiyse d\u0131\u015f tehdide kar\u015f\u0131 daha diren\u00e7li olur.<\/p>\n<p>Bir millet gen\u00e7li\u011fini iyi yeti\u015ftirdiyse gelece\u011fe daha g\u00fcvenle bakar.<\/p>\n<p>Demek ki:<\/p>\n<p><strong>\u00c7al\u0131\u015fma bilgi \u00fcretir.<br \/>\nBilgi haz\u0131rl\u0131k \u00fcretir.<br \/>\nHaz\u0131rl\u0131k g\u00fcven \u00fcretir.<br \/>\nG\u00fcven cesaret \u00fcretir.<br \/>\nCesaret ise hareket \u00fcretir.<\/strong><\/p>\n<h2>GEN\u00c7LERE EKS\u0130KLER\u0130M\u0130Z\u0130 DE\u011e\u0130L, \u00c7\u00d6Z\u00dcM Z\u0130HN\u0130N\u0130 \u00d6\u011eRETMEL\u0130Y\u0130Z<\/h2>\n<p>Bir \u00fclke gen\u00e7lerine s\u00fcrekli eksiklerini anlat\u0131rsa nas\u0131l bir nesil yeti\u015ftirir?<\/p>\n<p>\u201cD\u00fcnyadan gerideyiz.\u201d<\/p>\n<p>\u201c\u0130mk\u00e2n\u0131m\u0131z yok.\u201d<\/p>\n<p>\u201cKimse bize yard\u0131m etmiyor.\u201d<\/p>\n<p>\u201cGen\u00e7lerin \u015fans\u0131 yok.\u201d<\/p>\n<p>\u201cHer \u015fey k\u00f6t\u00fcye gidiyor.\u201d<\/p>\n<p>Bu dil uzun s\u00fcre devam etti\u011finde gen\u00e7lerin zihninde bir \u00e7aresizlik k\u00fclt\u00fcr\u00fc olu\u015fabilir.<\/p>\n<p>Elbette eksikleri saklamayaca\u011f\u0131z.<\/p>\n<p>Ger\u00e7ekleri bilece\u011fiz.<\/p>\n<p>Fakat eksiklerin hemen ard\u0131ndan ikinci soruyu sormal\u0131y\u0131z:<\/p>\n<p><strong>\u201cPeki bunlarla ne yapabiliriz?\u201d<\/strong><\/p>\n<p>Gen\u00e7lere as\u0131l bunu \u00f6\u011fretmeliyiz.<\/p>\n<p>Problemi anlatmak kolayd\u0131r.<\/p>\n<p>\u00c7\u00f6z\u00fcm \u00fcretmek zordur.<\/p>\n<p>E\u011fitim sistemimizin, ailelerimizin, kurumlar\u0131m\u0131z\u0131n ve sivil toplumun g\u00f6revi gen\u00e7lere haz\u0131r cevap vermek de\u011fil; <strong>\u00e7\u00f6z\u00fcm \u00fcretme yetene\u011fi kazand\u0131rmakt\u0131r.<\/strong><\/p>\n<h2>GEN\u00c7LERE \u201cNE OLACAKSIN?\u201d DE\u011e\u0130L, \u201cHANG\u0130 PROBLEM\u0130 \u00c7\u00d6ZECEKS\u0130N?\u201d D\u0130YE SORALIM<\/h2>\n<p>Y\u0131llard\u0131r \u00e7ocuklar\u0131m\u0131za soruyoruz:<\/p>\n<p>\u201cB\u00fcy\u00fcy\u00fcnce ne olacaks\u0131n?\u201d<\/p>\n<p>Doktor.<\/p>\n<p>M\u00fchendis.<\/p>\n<p>\u00d6\u011fretmen.<\/p>\n<p>Avukat.<\/p>\n<p>\u0130\u015f insan\u0131.<\/p>\n<p>Fakat \u00f6n\u00fcm\u00fczdeki y\u00fczy\u0131l\u0131n sorusu farkl\u0131 olmal\u0131d\u0131r:<\/p>\n<p><strong>\u201cHangi problemi \u00e7\u00f6zeceksin?\u201d<\/strong><\/p>\n<p>Enerji sorununu mu?<\/p>\n<p>Tar\u0131m sorununu mu?<\/p>\n<p>Kurakl\u0131\u011f\u0131 m\u0131?<\/p>\n<p>E\u011fitim e\u015fitsizli\u011fini mi?<\/p>\n<p>Yapay zek\u00e2 alan\u0131nda d\u0131\u015fa ba\u011f\u0131ml\u0131l\u0131\u011f\u0131 m\u0131?<\/p>\n<p>Savunma teknolojilerini mi?<\/p>\n<p>Ya\u015flanan n\u00fcfusu mu?<\/p>\n<p>Kentle\u015fme sorunlar\u0131n\u0131 m\u0131?<\/p>\n<p>T\u00fcrk d\u00fcnyas\u0131n\u0131n ekonomik ve k\u00fclt\u00fcrel ba\u011flant\u0131lar\u0131n\u0131 m\u0131?<\/p>\n<p>Bir genci yaln\u0131zca meslek sahibi yaparsan\u0131z i\u015f arar.<\/p>\n<p>Ona problem \u00e7\u00f6zmeyi \u00f6\u011fretirseniz i\u015f de \u00fcretebilir.<\/p>\n<p>Bu nedenle gelece\u011fin e\u011fitimi bilgi ezberleten de\u011fil, <strong>mesele \u00e7\u00f6zen insan yeti\u015ftiren e\u011fitim<\/strong> olacakt\u0131r.<\/p>\n<h2>HER GENCE B\u0130R MESELE, HER MESELEYE B\u0130R PROJE<\/h2>\n<p>Gelece\u011fe d\u00f6n\u00fck en g\u00fc\u00e7l\u00fc modellerden biri bu olabilir.<\/p>\n<p>Her gen\u00e7 e\u011fitim hayat\u0131n\u0131n bir a\u015famas\u0131nda ger\u00e7ek bir toplum problemi \u00fczerinde \u00e7al\u0131\u015fmal\u0131.<\/p>\n<p>Sadece s\u0131nav \u00e7\u00f6zmemeli.<\/p>\n<p>Bir k\u00f6y\u00fcn sorununu \u00e7\u00f6zmeli.<\/p>\n<p>Bir \u00e7evre problemi \u00fczerine proje geli\u015ftirmeli.<\/p>\n<p>Bir sosyal soruna teknolojiyle \u00e7\u00f6z\u00fcm aramal\u0131.<\/p>\n<p>Bir ya\u015fl\u0131ya, bir engelliye, bir \u00f6\u011frenciye hayat\u0131 kolayla\u015ft\u0131racak fikir \u00fcretmeli.<\/p>\n<p>Bir \u015fehrin k\u00fclt\u00fcrel miras\u0131n\u0131 dijitalle\u015ftirmeli.<\/p>\n<p>Bir b\u00f6lgenin tar\u0131msal \u00fcretimini art\u0131racak model geli\u015ftirmeli.<\/p>\n<p>\u00c7\u00fcnk\u00fc bilgi en \u00e7ok uyguland\u0131\u011f\u0131nda de\u011ferlidir.<\/p>\n<p>\u00dcniversitelerimizin de ba\u015far\u0131 \u00f6l\u00e7\u00fcs\u00fc yaln\u0131zca ka\u00e7 mezun verdi\u011fi de\u011fil, ka\u00e7 problemi \u00e7\u00f6zd\u00fc\u011f\u00fc olmal\u0131d\u0131r.<\/p>\n<hr \/>\n<h2>TEMBELL\u0130KLE Y\u00dcZLE\u015eMEDEN GELECEK KURULMAZ<\/h2>\n<p>Burada kendimize kar\u015f\u0131 a\u00e7\u0131k olmam\u0131z gerekir.<\/p>\n<p>Bizim meselelerimizden biri de zaman zaman tembelliktir.<\/p>\n<p>Fakat tembellik yaln\u0131zca yatmak de\u011fildir.<\/p>\n<p>S\u00fcrekli konu\u015fup uygulamamak da tembelliktir.<\/p>\n<p>Toplant\u0131dan toplant\u0131ya ko\u015fup sonu\u00e7 \u00fcretmemek de tembelliktir.<\/p>\n<p>Bir fikri y\u0131llarca anlat\u0131p ilk ad\u0131m\u0131 atmamak da tembelliktir.<\/p>\n<p>Her ba\u015far\u0131s\u0131zl\u0131\u011f\u0131n sorumlulu\u011funu ba\u015fkas\u0131na y\u00fcklemek de zihinsel tembelliktir.<\/p>\n<p>Bu nedenle kurumlar\u0131m\u0131zda yeni bir \u00f6l\u00e7\u00fc geli\u015ftirmeliyiz:<\/p>\n<p>Ka\u00e7 toplant\u0131 yapt\u0131k?<\/p>\n<p>de\u011fil.<\/p>\n<p><strong>Ka\u00e7 karar uyguland\u0131?<\/strong><\/p>\n<p>Ka\u00e7 proje a\u00e7\u0131kland\u0131?<\/p>\n<p>de\u011fil.<\/p>\n<p><strong>Ka\u00e7\u0131 tamamland\u0131?<\/strong><\/p>\n<p>Ka\u00e7 ki\u015fi kat\u0131ld\u0131?<\/p>\n<p>de\u011fil.<\/p>\n<p><strong>Ka\u00e7 insan\u0131n hayat\u0131nda sonu\u00e7 meydana geldi?<\/strong><\/p>\n<p>\u0130\u015fte \u00fcretken toplumlar\u0131n fark\u0131 budur.<\/p>\n<h2>TOPLANTILARIN SONUNDA \u00dc\u00c7 SORU<\/h2>\n<p>Stratejik y\u00f6netimde her toplant\u0131n\u0131n sonunda \u00fc\u00e7 soruya cevap verilmelidir:<\/p>\n<p><strong>Kim yapacak?<\/strong><\/p>\n<p><strong>Ne zamana kadar yapacak?<\/strong><\/p>\n<p><strong>Ba\u015far\u0131 nas\u0131l \u00f6l\u00e7\u00fclecek?<\/strong><\/p>\n<p>Bu sorular yoksa fikirler havada kal\u0131r.<\/p>\n<p>Sorumluluk belirsiz kal\u0131r.<\/p>\n<p>Takvim olmaz.<\/p>\n<p>Sonu\u00e7 \u00f6l\u00e7\u00fclmez.<\/p>\n<p>Ve birka\u00e7 ay sonra ayn\u0131 insanlar ayn\u0131 masada ayn\u0131 konuyu yeniden konu\u015fur.<\/p>\n<p>Gelece\u011fi kurmak istiyorsak konu\u015fmay\u0131 azaltmak de\u011fil, <strong>konu\u015fmay\u0131 eyleme ba\u011flamak<\/strong> zorunday\u0131z.<\/p>\n<h2>\u015e\u0130K\u00c2YETTEN PROJEYE GE\u00c7\u0130\u015e<\/h2>\n<p>Bundan sonra her \u015fik\u00e2yetin kar\u015f\u0131s\u0131na bir proje koymal\u0131y\u0131z.<\/p>\n<p>\u201cGen\u00e7ler kitap okumuyor.\u201d<\/p>\n<p>Okuma kul\u00fcb\u00fc kur.<\/p>\n<p>\u201c\u00c7ocuklar tarihini bilmiyor.\u201d<\/p>\n<p>\u00c7ocuk kitab\u0131 \u00fcret.<\/p>\n<p>\u201cK\u00f6yler bo\u015fal\u0131yor.\u201d<\/p>\n<p>Yerel \u00fcretim ve k\u0131rsal giri\u015fimcilik modeli kur.<\/p>\n<p>\u201cGen\u00e7ler i\u015fsiz.\u201d<\/p>\n<p>Meslek e\u011fitimi ve giri\u015fim a\u011flar\u0131 olu\u015ftur.<\/p>\n<p>\u201cT\u00fcrk d\u00fcnyas\u0131 birbirini yeterince tan\u0131m\u0131yor.\u201d<\/p>\n<p>\u00d6\u011frenci, \u015fehir, \u00fcniversite ve giri\u015fimci a\u011flar\u0131 olu\u015ftur.<\/p>\n<p>\u201cToplumda dayan\u0131\u015fma zay\u0131flad\u0131.\u201d<\/p>\n<p>G\u00f6n\u00fcll\u00fcl\u00fck sistemleri kur.<\/p>\n<p>B\u00f6ylece \u201csorun k\u00fclt\u00fcr\u00fc\u201dnden \u201c\u00e7\u00f6z\u00fcm k\u00fclt\u00fcr\u00fc\u201dne ge\u00e7ebiliriz.<\/p>\n<h2>GELECE\u011e\u0130N EN B\u00dcY\u00dcK SERMAYES\u0130: \u0130NSAN<\/h2>\n<ol start=\"21\">\n<li>y\u00fczy\u0131lda \u00fclkelerin g\u00fcc\u00fc yaln\u0131zca petrol, do\u011falgaz veya toprakla \u00f6l\u00e7\u00fclmeyecek.<\/li>\n<\/ol>\n<p>En b\u00fcy\u00fck sermaye iyi yeti\u015fmi\u015f insan olacakt\u0131r.<\/p>\n<p>D\u00fc\u015f\u00fcnebilen insan.<\/p>\n<p>\u00dcretebilen insan.<\/p>\n<p>Teknoloji geli\u015ftirebilen insan.<\/p>\n<p>Krizde \u00e7\u00f6z\u00fcm bulabilen insan.<\/p>\n<p>Birbirinden farkl\u0131 insanlar\u0131 ayn\u0131 hedefte bulu\u015fturabilen insan.<\/p>\n<p>Bir \u00fclke madenini kaybedebilir.<\/p>\n<p>Pazar\u0131n\u0131 kaybedebilir.<\/p>\n<p>Sermaye krizi ya\u015fayabilir.<\/p>\n<p>Ama e\u011fitimli, \u00e7al\u0131\u015fkan ve \u00fcretken insan g\u00fcc\u00fc varsa yeniden aya\u011fa kalkabilir.<\/p>\n<p>Bu nedenle gen\u00e7li\u011fe yap\u0131lan yat\u0131r\u0131m sosyal politika de\u011fil sadece.<\/p>\n<p><strong>Mill\u00ee g\u00fcvenlik meselesidir.<\/strong><\/p>\n<h2>GELECE\u011e\u0130N M\u0130LL\u00ce M\u00dcCADELES\u0130 LABORATUVARLARDA DA VER\u0130LECEK<\/h2>\n<p>Yeni y\u00fczy\u0131l\u0131n m\u00fccadele alanlar\u0131 de\u011fi\u015fiyor.<\/p>\n<p>Bug\u00fcn devletler yaln\u0131zca s\u0131n\u0131rlar\u0131n\u0131 korumuyor.<\/p>\n<p>Verilerini koruyor.<\/p>\n<p>Enerji yollar\u0131n\u0131 koruyor.<\/p>\n<p>Teknolojilerini koruyor.<\/p>\n<p>\u00dcniversitelerini g\u00fc\u00e7lendiriyor.<\/p>\n<p>Yapay zek\u00e2 geli\u015ftiriyor.<\/p>\n<p>Uzaya yat\u0131r\u0131m yap\u0131yor.<\/p>\n<p>Nitelikli insan\u0131 \u00fclkesinde tutmaya \u00e7al\u0131\u015f\u0131yor.<\/p>\n<p>Bu nedenle gelece\u011fin mill\u00ee m\u00fccadelesi yaln\u0131zca cephede de\u011fil;<\/p>\n<p>\u00fcniversitede,<\/p>\n<p>laboratuvarda,<\/p>\n<p>fabrikada,<\/p>\n<p>yaz\u0131l\u0131m merkezinde,<\/p>\n<p>tar\u0131m sahas\u0131nda,<\/p>\n<p>k\u00fct\u00fcphanede,<\/p>\n<p>okulda<\/p>\n<p>ve gen\u00e7lerin zihninde verilecektir.<\/p>\n<p>Bu sava\u015fa haz\u0131rlanman\u0131n yolu da korku de\u011fil, \u00e7al\u0131\u015fmad\u0131r.<\/p>\n<h2>\u201cB\u0130R\u0130 YAPSIN\u201d TOPLUMUNDAN \u201cBEN BA\u015eLAYAYIM\u201d TOPLUMUNA<\/h2>\n<p>En b\u00fcy\u00fck zihniyet de\u011fi\u015fimlerinden birini burada ger\u00e7ekle\u015ftirmeliyiz.<\/p>\n<p>\u201cBirileri yaps\u0131n.\u201d<\/p>\n<p>yerine:<\/p>\n<p><strong>\u201cBen nereden ba\u015flayabilirim?\u201d<\/strong><\/p>\n<p>\u201cDevlet \u00e7\u00f6zs\u00fcn.\u201d<\/p>\n<p>yerine:<\/p>\n<p><strong>\u201cDevletin yan\u0131nda toplum olarak ne yapabiliriz?\u201d<\/strong><\/p>\n<p>\u201cGen\u00e7ler de\u011fi\u015fsin.\u201d<\/p>\n<p>yerine:<\/p>\n<p><strong>\u201cBiz gen\u00e7lere nas\u0131l \u00f6rnek oluyoruz?\u201d<\/strong><\/p>\n<p>\u201cD\u00fcnya bizi anlam\u0131yor.\u201d<\/p>\n<p>yerine:<\/p>\n<p><strong>\u201cKendimizi d\u00fcnyaya nas\u0131l daha iyi anlatabiliriz?\u201d<\/strong><\/p>\n<p>Bir milletin y\u00fckseli\u015fi milyonlarca k\u00fc\u00e7\u00fck sorumlulu\u011fun birle\u015fmesidir.<\/p>\n<p>Herkes kendi alan\u0131nda bir ad\u0131m atarsa \u00fclke hareket eder.<\/p>\n<h2>GELECE\u011eE I\u015eIK TUTACAK BE\u015e SORU<\/h2>\n<p>\u00d6n\u00fcm\u00fczdeki y\u0131llarda \u00e7ocuklar\u0131m\u0131za, gen\u00e7lerimize ve kurumlar\u0131m\u0131za \u015fu be\u015f soruyu \u00f6\u011fretmeliyiz:<\/p>\n<p><strong>1. Problem nedir?<\/strong><\/p>\n<p>Sorunu do\u011fru tarif et.<\/p>\n<p><strong>2. Elimizde ne var?<\/strong><\/p>\n<p>Mevcut kapasiteni g\u00f6r.<\/p>\n<p><strong>3. Kimlerle birlikte hareket edebiliriz?<\/strong><\/p>\n<p>\u0130\u015f birli\u011fi kur.<\/p>\n<p><strong>4. \u0130lk ad\u0131m nedir?<\/strong><\/p>\n<p>M\u00fckemmeli bekleme.<\/p>\n<p><strong>5. Sonucu nas\u0131l \u00f6l\u00e7ece\u011fiz?<\/strong><\/p>\n<p>Yapt\u0131\u011f\u0131n\u0131n ger\u00e7ekten i\u015fe yaray\u0131p yaramad\u0131\u011f\u0131n\u0131 g\u00f6r.<\/p>\n<p>Bu be\u015f soruyu al\u0131\u015fkanl\u0131k haline getiren bir toplum kolay kolay \u00e7aresiz kalmaz.<\/p>\n<h2>GELECEK BEKLEYENLER\u0130N DE\u011e\u0130L, HAZIRLANANLARIN OLACAK<\/h2>\n<p>\u00d6n\u00fcm\u00fczde kolay bir d\u00fcnya yok.<\/p>\n<p>Rekabet artacak.<\/p>\n<p>Teknoloji daha h\u0131zl\u0131 de\u011fi\u015fecek.<\/p>\n<p>Yeni krizler gelecek.<\/p>\n<p>Baz\u0131 meslekler kaybolacak.<\/p>\n<p>Yeni meslekler do\u011facak.<\/p>\n<p>\u00dclkeler aras\u0131nda kaynak, bilgi, enerji, veri ve insan rekabeti daha da b\u00fcy\u00fcyecek.<\/p>\n<p>B\u00f6yle bir gelece\u011fe korkuyla haz\u0131rlanamay\u0131z.<\/p>\n<p>S\u00fcrekli eksiklerimizi konu\u015farak da haz\u0131rlanamay\u0131z.<\/p>\n<p>Mazeretlerle hi\u00e7 haz\u0131rlanamay\u0131z.<\/p>\n<p>Gelece\u011fe haz\u0131rlanman\u0131n yolu nettir:<\/p>\n<p><strong>Elindekini g\u00f6r.<br \/>\n\u00c7al\u0131\u015f.<br \/>\n\u00d6\u011fren.<br \/>\nBirle\u015ftir.<br \/>\n\u00dcret.<br \/>\n\u0130nsan yeti\u015ftir.<br \/>\nCesaret et.<br \/>\nBa\u015fla.<\/strong><\/p>\n<p>\u00c7\u00fcnk\u00fc korkuya kap\u0131lanlar m\u00fccadele alan\u0131ndan uzakla\u015f\u0131r.<\/p>\n<p>\u00c7al\u0131\u015fanlar ise hedefe yakla\u015f\u0131r.<\/p>\n<p>Ve tarih sonunda bize \u015funu sormayacakt\u0131r:<\/p>\n<p>\u201cBa\u015fkalar\u0131 sizin i\u00e7in ne yapt\u0131?\u201d<\/p>\n<p>\u015eunu soracakt\u0131r:<\/p>\n<p><strong>\u201cElinizde ne vard\u0131 ve siz onunla ne yapt\u0131n\u0131z?\u201d<\/strong><\/p>\n<p>\u0130\u015fte gelece\u011fe b\u0131rakmam\u0131z gereken as\u0131l d\u00fc\u015f\u00fcnce budur:<\/p>\n<p><strong>Eksikleri sayan de\u011fil, imk\u00e2nlar\u0131 \u00e7o\u011faltan nesil.<br \/>\nKorkuya teslim olan de\u011fil, \u00e7al\u0131\u015farak cesaret \u00fcreten nesil.<br \/>\nBekleyen de\u011fil, ba\u015flayan nesil.<br \/>\n\u015eik\u00e2yet eden de\u011fil, \u00e7\u00f6z\u00fcm kuran nesil.<\/strong><\/p>\n<p>\u00c7\u00fcnk\u00fc gelece\u011fin \u0131\u015f\u0131\u011f\u0131 uzaktan gelmeyecek.<\/p>\n<p><strong>O \u0131\u015f\u0131\u011f\u0131, bug\u00fcn \u00e7al\u0131\u015fan eller; d\u00fc\u015f\u00fcnen zihinler ve cesaretle harekete ge\u00e7en gen\u00e7ler yakacakt\u0131r.<\/strong><\/p>\n<div id=\"bghab-1866377222\" class=\"bghab-yazi-altinda bghab-entity-placement\"><script async src=\"https:\/\/pagead2.googlesyndication.com\/pagead\/js\/adsbygoogle.js\"><\/script>\r\n<!-- bghaber-yaz\u0131-sonu -->\r\n<ins class=\"adsbygoogle\"\r\n     style=\"display:block\"\r\n     data-ad-client=\"ca-pub-6203283170189293\"\r\n     data-ad-slot=\"4222328180\"\r\n     data-ad-format=\"auto\"\r\n     data-full-width-responsive=\"true\"><\/ins>\r\n<script>\r\n     (adsbygoogle = window.adsbygoogle || []).push({});\r\n<\/script><\/div><br style=\"clear: both; display: block; float: none;\"\/>","protected":false},"excerpt":{"rendered":"<p>Eksikleri Saymak De\u011fil, \u0130mk\u00e2nlar\u0131 Harekete Ge\u00e7irmek Zaman\u0131d\u0131r Rafet ULUT\u00dcRK Toplumlar\u0131n kaderini \u00e7o\u011fu zaman d\u0131\u015far\u0131dan gelen b\u00fcy\u00fck olaylar de\u011fil, i\u00e7eride yerle\u015fmi\u015f d\u00fc\u015f\u00fcnme bi\u00e7imleri belirler. Bir millet<\/p>\n","protected":false},"author":13,"featured_media":65289,"comment_status":"open","ping_status":"closed","sticky":false,"template":"","format":"standard","meta":{"advanced_seo_description":"","jetpack_seo_html_title":"","jetpack_seo_noindex":false,"jetpack_seo_schema_type":"","_jetpack_newsletter_access":"","_jetpack_dont_email_post_to_subs":false,"_jetpack_newsletter_tier_id":0,"_jetpack_memberships_contains_paywalled_content":false,"_jetpack_feature_clip_id":0,"_jetpack_memberships_contains_paid_content":false,"footnotes":"","jetpack_post_was_ever_published":false},"categories":[6],"tags":[],"class_list":["post-65304","post","type-post","status-publish","format-standard","has-post-thumbnail","hentry","category-yorum"],"jetpack_sharing_enabled":true,"jetpack_likes_enabled":true,"jetpack-related-posts":[],"jetpack_shortlink":"https:\/\/wp.me\/pc2PfJ-gZi","jetpack_featured_media_url":"https:\/\/i0.wp.com\/www.bghaber.org\/bghaber\/wp-content\/uploads\/2026\/08\/rafet-ulututurk-2233resmofs.jpg?fit=556%2C741&ssl=1","_links":{"self":[{"href":"https:\/\/www.bghaber.org\/bghaber\/wp-json\/wp\/v2\/posts\/65304","targetHints":{"allow":["GET"]}}],"collection":[{"href":"https:\/\/www.bghaber.org\/bghaber\/wp-json\/wp\/v2\/posts"}],"about":[{"href":"https:\/\/www.bghaber.org\/bghaber\/wp-json\/wp\/v2\/types\/post"}],"author":[{"embeddable":true,"href":"https:\/\/www.bghaber.org\/bghaber\/wp-json\/wp\/v2\/users\/13"}],"replies":[{"embeddable":true,"href":"https:\/\/www.bghaber.org\/bghaber\/wp-json\/wp\/v2\/comments?post=65304"}],"version-history":[{"count":1,"href":"https:\/\/www.bghaber.org\/bghaber\/wp-json\/wp\/v2\/posts\/65304\/revisions"}],"predecessor-version":[{"id":65305,"href":"https:\/\/www.bghaber.org\/bghaber\/wp-json\/wp\/v2\/posts\/65304\/revisions\/65305"}],"wp:featuredmedia":[{"embeddable":true,"href":"https:\/\/www.bghaber.org\/bghaber\/wp-json\/wp\/v2\/media\/65289"}],"wp:attachment":[{"href":"https:\/\/www.bghaber.org\/bghaber\/wp-json\/wp\/v2\/media?parent=65304"}],"wp:term":[{"taxonomy":"category","embeddable":true,"href":"https:\/\/www.bghaber.org\/bghaber\/wp-json\/wp\/v2\/categories?post=65304"},{"taxonomy":"post_tag","embeddable":true,"href":"https:\/\/www.bghaber.org\/bghaber\/wp-json\/wp\/v2\/tags?post=65304"}],"curies":[{"name":"wp","href":"https:\/\/api.w.org\/{rel}","templated":true}]}}