{"id":65299,"date":"2026-08-26T17:07:06","date_gmt":"2026-08-26T14:07:06","guid":{"rendered":"https:\/\/www.bghaber.org\/bghaber\/?p=65299"},"modified":"2026-08-26T17:07:06","modified_gmt":"2026-08-26T14:07:06","slug":"ahlattan-malazgirte-gecmisin-hafizasindan-gelecegin-stratejisine","status":"publish","type":"post","link":"https:\/\/www.bghaber.org\/bghaber\/ahlattan-malazgirte-gecmisin-hafizasindan-gelecegin-stratejisine\/","title":{"rendered":"AHLAT\u2019TAN MALAZG\u0130RT\u2019E: GE\u00c7M\u0130\u015e\u0130N HAFIZASINDAN GELECE\u011e\u0130N STRATEJ\u0130S\u0130NE"},"content":{"rendered":"<p>Rafet ULUT\u00dcRK<\/p>\n<p>26 A\u011fustos, T\u00fcrk tarihinin yaln\u0131zca b\u00fcy\u00fck bir zafer g\u00fcn\u00fc de\u011fildir.<\/p>\n<p>26 A\u011fustos; bir milletin co\u011frafyaya y\u00f6n verdi\u011fi, iradesini tarihe kaz\u0131d\u0131\u011f\u0131 ve Anadolu\u2019da yeni bir medeniyet y\u00fcr\u00fcy\u00fc\u015f\u00fcn\u00fc ba\u015flatt\u0131\u011f\u0131 g\u00fcnd\u00fcr.<\/p>\n<p>1071 Malazgirt Zaferi\u2019ni yaln\u0131zca bir sava\u015f olarak okumak, onun ta\u015f\u0131d\u0131\u011f\u0131 b\u00fcy\u00fck anlam\u0131 daraltmak olur.<\/p>\n<p>\u00c7\u00fcnk\u00fc Malazgirt, bir kap\u0131n\u0131n a\u00e7\u0131lmas\u0131d\u0131r.<br \/>\nAhlat ise o kap\u0131n\u0131n ard\u0131nda kurulan b\u00fcy\u00fck haf\u0131zad\u0131r.<\/p><div id=\"bghab-1491140273\" class=\"bghab-icerik-icine bghab-entity-placement\"><script async src=\"\/\/pagead2.googlesyndication.com\/pagead\/js\/adsbygoogle.js?client=ca-pub-6203283170189293\" crossorigin=\"anonymous\"><\/script><ins class=\"adsbygoogle\" style=\"display:block; text-align:center;\" data-ad-client=\"ca-pub-6203283170189293\" \ndata-ad-slot=\"7303146466\" \ndata-ad-layout=\"in-article\"\ndata-ad-format=\"fluid\" data-full-width-responsive=\"true\"><\/ins>\n<script> \n(adsbygoogle = window.adsbygoogle || []).push({}); \n<\/script>\n<\/div>\n<p>Bu y\u00fczden bug\u00fcn Malazgirt\u2019i konu\u015furken Ahlat\u2019\u0131 ayr\u0131 d\u00fc\u015f\u00fcnemeyiz.<br \/>\nBenim i\u00e7in Ahlat, yaln\u0131zca tarih\u00ee bir \u015fehir de\u011fildir.<\/p>\n<p>Ahlat, T\u00fcrkiye\u2019nin manevi ba\u015fkentidir.<br \/>\n\u00c7\u00fcnk\u00fc baz\u0131 \u015fehirler n\u00fcfuslar\u0131yla de\u011fil, ta\u015f\u0131d\u0131klar\u0131 ruhla b\u00fcy\u00fcr.<br \/>\nBaz\u0131 \u015fehirler bug\u00fcn\u00fc de\u011fil, bin y\u0131l\u0131 omuzlar\u0131nda ta\u015f\u0131r.<br \/>\nAhlat da b\u00f6yle bir \u015fehirdir.<\/p>\n<p>AHLAT: ANADOLU\u2019NUN HAFIZA MERKEZ\u0130<\/p>\n<p>Ahlat\u2019a gitti\u011finizde sadece ta\u015f g\u00f6rmezsiniz.<br \/>\nOrada bir milletin haf\u0131zas\u0131n\u0131 g\u00f6r\u00fcrs\u00fcn\u00fcz.<\/p>\n<p>Sel\u00e7uklu mezar ta\u015flar\u0131, k\u00fcmbetler, tarih\u00ee yap\u0131lar ve topra\u011f\u0131n alt\u0131nda yatan binlerce hat\u0131ra bize ayn\u0131 \u015feyi s\u00f6yler:<\/p><div id=\"bghab-965541581\" class=\"bghab-icerik-icine-10-paragraf bghab-entity-placement\"><script async src=\"\/\/pagead2.googlesyndication.com\/pagead\/js\/adsbygoogle.js?client=ca-pub-6203283170189293\" crossorigin=\"anonymous\"><\/script><ins class=\"adsbygoogle\" style=\"display:block; text-align:center;\" data-ad-client=\"ca-pub-6203283170189293\" \ndata-ad-slot=\"7303146466\" \ndata-ad-layout=\"in-article\"\ndata-ad-format=\"fluid\" data-full-width-responsive=\"true\"><\/ins>\n<script> \n(adsbygoogle = window.adsbygoogle || []).push({}); \n<\/script>\n<\/div>\n<p>Bu co\u011frafya tesad\u00fcfen vatan olmad\u0131.<br \/>\nVatan; emekle, m\u00fccadeleyle, inan\u00e7la, k\u00fclt\u00fcrle ve nesiller boyunca s\u00fcren bir sahiplenmeyle kuruldu.<\/p>\n<p>Ahlat bu nedenle yaln\u0131zca ge\u00e7mi\u015fe ait de\u011fildir.<br \/>\nAhlat, bug\u00fcn\u00fcn T\u00fcrkiye\u2019sine ve gelece\u011fin T\u00fcrk d\u00fcnyas\u0131na da seslenmektedir.<\/p>\n<p>\u015eunu hat\u0131rlatmaktad\u0131r:<br \/>\nBir millet ge\u00e7mi\u015fini unutursa y\u00f6n\u00fcn\u00fc kaybeder.<br \/>\nAma yaln\u0131zca ge\u00e7mi\u015fiyle \u00f6v\u00fcn\u00fcr, gelece\u011fini kuramazsa da yerinde sayar.<\/p>\n<p>\u0130\u015fte Ahlat\u2019\u0131n bize verdi\u011fi en b\u00fcy\u00fck ders budur.<br \/>\nHaf\u0131za ile gelecek aras\u0131nda k\u00f6pr\u00fc kurmak.<\/p>\n<p>AHLAT\u2019TAN MALAZG\u0130RT\u2019E G\u0130DEN YOL, B\u0130R MEDEN\u0130YET YOLUDUR<\/p><div id=\"bghab-2115747271\" class=\"bghab-icerik-icine-15-paragraf bghab-entity-placement\"><script async src=\"\/\/pagead2.googlesyndication.com\/pagead\/js\/adsbygoogle.js?client=ca-pub-6203283170189293\" crossorigin=\"anonymous\"><\/script><ins class=\"adsbygoogle\" style=\"display:block; text-align:center;\" data-ad-client=\"ca-pub-6203283170189293\" \ndata-ad-slot=\"7303146466\" \ndata-ad-layout=\"in-article\"\ndata-ad-format=\"fluid\" data-full-width-responsive=\"true\"><\/ins>\n<script> \n(adsbygoogle = window.adsbygoogle || []).push({}); \n<\/script>\n<\/div>\n<p>Ahlat\u2019tan Malazgirt\u2019e uzanan yol sadece kilometrelerle \u00f6l\u00e7\u00fclemez.<\/p>\n<p>Bu yolun her kilometresinde tarih vard\u0131r.<br \/>\nBu yol, bir milletin Anadolu\u2019ya yerle\u015fme kararl\u0131l\u0131\u011f\u0131n\u0131 anlat\u0131r.<\/p>\n<p>Ahlat haz\u0131rl\u0131kt\u0131r.<br \/>\nMalazgirt karard\u0131r.<br \/>\nAhlat haf\u0131zad\u0131r.<br \/>\nMalazgirt iradedir.<br \/>\nAhlat k\u00f6kt\u00fcr.<br \/>\nMalazgirt kap\u0131d\u0131r.<\/p>\n<p>Bu nedenle 26 A\u011fustos\u2019u yaln\u0131zca sava\u015f meydan\u0131nda de\u011fil, Ahlat\u2019tan ba\u015flayan b\u00fcy\u00fck medeniyet y\u00fcr\u00fcy\u00fc\u015f\u00fc i\u00e7inde de\u011ferlendirmek gerekir.<br \/>\n\u00c7\u00fcnk\u00fc Malazgirt\u2019in anlam\u0131 yaln\u0131zca kazan\u0131lan bir meydan sava\u015f\u0131 de\u011fildir.<\/p>\n<p>As\u0131l anlam\u0131, Anadolu\u2019nun bir medeniyet co\u011frafyas\u0131na d\u00f6n\u00fc\u015fmesidir.<\/p><div id=\"bghab-68803989\" class=\"bghab-icerik-icine-20-paragraf bghab-entity-placement\"><script async src=\"\/\/pagead2.googlesyndication.com\/pagead\/js\/adsbygoogle.js?client=ca-pub-6203283170189293\" crossorigin=\"anonymous\"><\/script><ins class=\"adsbygoogle\" style=\"display:block; text-align:center;\" data-ad-client=\"ca-pub-6203283170189293\" \ndata-ad-slot=\"7303146466\" \ndata-ad-layout=\"in-article\"\ndata-ad-format=\"fluid\" data-full-width-responsive=\"true\"><\/ins>\n<script> \n(adsbygoogle = window.adsbygoogle || []).push({}); \n<\/script>\n<\/div>\n<p>1071\u2019DE TOPRAK KAZANILDI, BUG\u00dcN GELECEK KAZANILACAK<\/p>\n<p>Bug\u00fcn\u00fcn d\u00fcnyas\u0131 1071\u2019in d\u00fcnyas\u0131 de\u011fildir.<br \/>\nDevletler art\u0131k yaln\u0131zca toprak i\u00e7in m\u00fccadele etmiyor.<\/p>\n<p>Enerji yollar\u0131 i\u00e7in m\u00fccadele ediyor.<br \/>\nLimanlar i\u00e7in m\u00fccadele ediyor.<br \/>\nTicaret koridorlar\u0131 i\u00e7in m\u00fccadele ediyor.<\/p>\n<p>Su kaynaklar\u0131 i\u00e7in m\u00fccadele ediyor.<br \/>\nKritik madenler i\u00e7in m\u00fccadele ediyor.<br \/>\nVeri i\u00e7in m\u00fccadele ediyor.<br \/>\nYapay zek\u00e2 i\u00e7in m\u00fccadele ediyor.<br \/>\nSavunma teknolojileri i\u00e7in m\u00fccadele ediyor.<br \/>\nUzay i\u00e7in m\u00fccadele ediyor.<br \/>\nNitelikli insan g\u00fcc\u00fc i\u00e7in m\u00fccadele ediyor.<\/p>\n<p>Ve giderek daha fazla \u015fekilde \u00e7ocuklar\u0131n ve gen\u00e7lerin zihinleri i\u00e7in m\u00fccadele ediyor.<br \/>\nBu nedenle bug\u00fcn\u00fcn Malazgirt\u2019i yaln\u0131zca bir sava\u015f meydan\u0131 de\u011fildir.<\/p><div id=\"bghab-395406640\" class=\"bghab-icerik-icine-25-paragraf bghab-entity-placement\"><script async src=\"\/\/pagead2.googlesyndication.com\/pagead\/js\/adsbygoogle.js?client=ca-pub-6203283170189293\" crossorigin=\"anonymous\"><\/script><ins class=\"adsbygoogle\" style=\"display:block; text-align:center;\" data-ad-client=\"ca-pub-6203283170189293\" \ndata-ad-slot=\"7303146466\" \ndata-ad-layout=\"in-article\"\ndata-ad-format=\"fluid\" data-full-width-responsive=\"true\"><\/ins>\n<script> \n(adsbygoogle = window.adsbygoogle || []).push({}); \n<\/script>\n<\/div>\n<p>Bug\u00fcn\u00fcn Malazgirt\u2019i bazen bir \u00fcniversite laboratuvar\u0131d\u0131r.<br \/>\nBazen bir savunma fabrikas\u0131d\u0131r.<br \/>\nBazen bir veri merkezidir.<br \/>\nBazen bir limand\u0131r.<br \/>\nBazen bir enerji hatt\u0131d\u0131r.<br \/>\nBazen bir uzay \u00fcss\u00fcd\u00fcr.<br \/>\nBazen de bir okul s\u0131n\u0131f\u0131d\u0131r.<\/p>\n<p>BUG\u00dcN\u00dcN MALAZG\u0130RT\u2019\u0130 B\u0130R LABORATUVARDA KAZANILAB\u0130L\u0130R<\/p>\n<p>Bir millet kendi teknolojisini \u00fcretemiyorsa, ba\u015fkas\u0131n\u0131n teknolojisine ba\u011f\u0131ml\u0131 kal\u0131r.<\/p>\n<p>Kendi enerjisini y\u00f6netemiyorsa, ba\u015fkas\u0131n\u0131n kararlar\u0131ndan etkilenir.<\/p>\n<p>Kendi verisini koruyam\u0131yorsa, dijital ba\u011f\u0131ms\u0131zl\u0131\u011f\u0131 eksik kal\u0131r.<\/p><div id=\"bghab-2016439407\" class=\"bghab-icerik-icine-30-paragraf bghab-entity-placement\"><script async src=\"\/\/pagead2.googlesyndication.com\/pagead\/js\/adsbygoogle.js?client=ca-pub-6203283170189293\" crossorigin=\"anonymous\"><\/script><ins class=\"adsbygoogle\" style=\"display:block; text-align:center;\" data-ad-client=\"ca-pub-6203283170189293\" \ndata-ad-slot=\"7303146466\" \ndata-ad-layout=\"in-article\"\ndata-ad-format=\"fluid\" data-full-width-responsive=\"true\"><\/ins>\n<script> \n(adsbygoogle = window.adsbygoogle || []).push({}); \n<\/script>\n<\/div>\n<p>Bu y\u00fczden \u00e7a\u011f\u0131m\u0131z\u0131n en \u00f6nemli cephelerinden biri bilimdir.<\/p>\n<p>Bir \u00fcniversitenin laboratuvar\u0131nda \u00e7al\u0131\u015fan gen\u00e7, bazen \u00fclkesinin gelece\u011fini s\u0131n\u0131rdaki asker kadar kritik bir noktada savunmaktad\u0131r.<\/p>\n<p>Yeni bir motor geli\u015ftiren m\u00fchendis\u2026<br \/>\nYeni nesil enerji depolama sistemi tasarlayan ara\u015ft\u0131rmac\u0131\u2026<br \/>\nYapay zek\u00e2 modeli geli\u015ftiren yaz\u0131l\u0131mc\u0131\u2026<br \/>\nYeni ila\u00e7 \u00fczerinde \u00e7al\u0131\u015fan bilim insan\u0131\u2026<br \/>\nUydu teknolojisi geli\u015ftiren ekip\u2026<\/p>\n<p>Hepsi bug\u00fcn\u00fcn stratejik m\u00fccadelesinin i\u00e7indedir.<br \/>\n\u00c7\u00fcnk\u00fc art\u0131k ba\u011f\u0131ms\u0131zl\u0131k yaln\u0131zca bayra\u011f\u0131n dalgalanmas\u0131 de\u011fildir.<\/p>\n<p>Ba\u011f\u0131ms\u0131zl\u0131k, kritik kararlar\u0131n\u0131 ba\u015fkas\u0131na muhta\u00e7 olmadan verebilmektir.<\/p><div id=\"bghab-3363448340\" class=\"bghab-icerik-icine-35-paragraf bghab-entity-placement\"><script async src=\"\/\/pagead2.googlesyndication.com\/pagead\/js\/adsbygoogle.js?client=ca-pub-6203283170189293\" crossorigin=\"anonymous\"><\/script><ins class=\"adsbygoogle\" style=\"display:block; text-align:center;\" data-ad-client=\"ca-pub-6203283170189293\" \ndata-ad-slot=\"7303146466\" \ndata-ad-layout=\"in-article\"\ndata-ad-format=\"fluid\" data-full-width-responsive=\"true\"><\/ins>\n<script> \n(adsbygoogle = window.adsbygoogle || []).push({}); \n<\/script>\n<\/div>\n<p>BUG\u00dcN\u00dcN ALPARSLANLARI K\u0130MD\u0130R?<\/p>\n<p>Bu soruyu da sormam\u0131z gerekir.<br \/>\nBug\u00fcn\u00fcn Alparslanlar\u0131 kimdir?<br \/>\nBir savunma sistemini geli\u015ftiren m\u00fchendis olabilir.<\/p>\n<p>Bir \u00e7ocu\u011fun hayat\u0131n\u0131 de\u011fi\u015ftiren \u00f6\u011fretmen olabilir.<br \/>\nBir yeni nesil tar\u0131m teknolojisi geli\u015ftiren bilim insan\u0131 olabilir.<\/p>\n<p>Bir T\u00fcrk\u00e7e yapay zek\u00e2 sistemi kuran gen\u00e7 olabilir.<br \/>\nBir fabrikada \u00fcretim yapan i\u015f\u00e7i olabilir.<br \/>\nBir k\u00f6yde topra\u011f\u0131n\u0131 terk etmeyen \u00e7ift\u00e7i olabilir.<\/p>\n<p>Bir hastal\u0131\u011f\u0131n tedavisini ara\u015ft\u0131ran doktor olabilir.<br \/>\nBir diplomasi masas\u0131nda \u00fclkesinin hakk\u0131n\u0131 savunan diplomat olabilir.<\/p><div id=\"bghab-359130527\" class=\"bghab-icerik-icine-40-paragraf bghab-entity-placement\"><script async src=\"\/\/pagead2.googlesyndication.com\/pagead\/js\/adsbygoogle.js?client=ca-pub-6203283170189293\" crossorigin=\"anonymous\"><\/script><ins class=\"adsbygoogle\" style=\"display:block; text-align:center;\" data-ad-client=\"ca-pub-6203283170189293\" \ndata-ad-slot=\"7303146466\" \ndata-ad-layout=\"in-article\"\ndata-ad-format=\"fluid\" data-full-width-responsive=\"true\"><\/ins>\n<script> \n(adsbygoogle = window.adsbygoogle || []).push({}); \n<\/script>\n<\/div>\n<p>Malazgirt ruhu yaln\u0131zca k\u0131l\u0131\u00e7 tutmak de\u011fildir.<br \/>\nMalazgirt ruhu, do\u011fru zamanda do\u011fru yerde sorumluluk almakt\u0131r.<\/p>\n<p>EN B\u00dcY\u00dcK CEPHE: GEN\u00c7LER\u0130N Z\u0130HN\u0130<\/p>\n<p>B\u00fct\u00fcn bu stratejik m\u00fccadelelerin merkezinde insan vard\u0131r.<br \/>\nVe \u00f6zellikle gen\u00e7 insan.<\/p>\n<p>Bir \u00fclkenin gen\u00e7leri d\u00fcnyay\u0131 ba\u015fka \u00fclkelerin teknolojileriyle tan\u0131yor, ba\u015fka \u00fclkelerin algoritmalar\u0131yla y\u00f6nlendiriliyor, ba\u015fka k\u00fclt\u00fcrlerin i\u00e7erikleriyle yeti\u015fiyorsa burada sadece k\u00fclt\u00fcrel de\u011fil, stratejik bir mesele vard\u0131r.<\/p>\n<p>\u00c7\u00fcnk\u00fc gelecek \u00f6nce zihinde kurulur.<br \/>\nBir gence s\u00fcrekli t\u00fcketici olmay\u0131 \u00f6\u011fretirseniz \u00fcretici bir toplum kuramazs\u0131n\u0131z.<\/p><div id=\"bghab-3923822943\" class=\"bghab-icerik-icine-45-paragraf bghab-entity-placement\"><script async src=\"\/\/pagead2.googlesyndication.com\/pagead\/js\/adsbygoogle.js?client=ca-pub-6203283170189293\" crossorigin=\"anonymous\"><\/script><ins class=\"adsbygoogle\" style=\"display:block; text-align:center;\" data-ad-client=\"ca-pub-6203283170189293\" \ndata-ad-slot=\"7303146466\" \ndata-ad-layout=\"in-article\"\ndata-ad-format=\"fluid\" data-full-width-responsive=\"true\"><\/ins>\n<script> \n(adsbygoogle = window.adsbygoogle || []).push({}); \n<\/script>\n<\/div>\n<p>Bir gence kendi tarihinden utanmay\u0131 \u00f6\u011fretirseniz \u00f6zg\u00fcvenli bir gelecek kuramazs\u0131n\u0131z.<br \/>\nBir gence soru sormay\u0131 de\u011fil ezberlemeyi \u00f6\u011fretirseniz bilim toplumu kuramazs\u0131n\u0131z.<\/p>\n<p>Bu nedenle gelece\u011fin en b\u00fcy\u00fck Malazgirt\u2019i e\u011fitimdir.<br \/>\n\u0130yi e\u011fitim.<br \/>\n\u00d6zg\u00fcven veren e\u011fitim.<\/p>\n<p>Tarihini bilen ama d\u00fcnyaya kapanmayan e\u011fitim.<br \/>\nTeknolojiyi kullanan de\u011fil, teknoloji \u00fcreten gen\u00e7lik yeti\u015ftiren e\u011fitim.<\/p>\n<p>AHLAT, GELECE\u011e\u0130N STRATEJ\u0130 MERKEZ\u0130 OLMALIDIR<\/p>\n<p>Ahlat\u2019\u0131n manevi ba\u015fkent olu\u015fu yaln\u0131zca bir sembol olarak kalmamal\u0131d\u0131r.<br \/>\nBunu kurumsal bir vizyona d\u00f6n\u00fc\u015ft\u00fcrmeliyiz.<br \/>\nNeden Ahlat\u2019ta her y\u0131l \u201c1071\u2019den 2071\u2019e T\u00fcrkiye ve T\u00fcrk D\u00fcnyas\u0131\u201d zirvesi yap\u0131lmas\u0131n?<\/p><div id=\"bghab-3252785300\" class=\"bghab-icerik-icine-50-paragraf bghab-entity-placement\"><script async src=\"\/\/pagead2.googlesyndication.com\/pagead\/js\/adsbygoogle.js?client=ca-pub-6203283170189293\" crossorigin=\"anonymous\"><\/script><ins class=\"adsbygoogle\" style=\"display:block; text-align:center;\" data-ad-client=\"ca-pub-6203283170189293\" \ndata-ad-slot=\"7303146466\" \ndata-ad-layout=\"in-article\"\ndata-ad-format=\"fluid\" data-full-width-responsive=\"true\"><\/ins>\n<script> \n(adsbygoogle = window.adsbygoogle || []).push({}); \n<\/script>\n<\/div>\n<p>Neden T\u00fcrk d\u00fcnyas\u0131n\u0131n gen\u00e7leri Ahlat\u2019ta bulu\u015fmas\u0131n?<\/p>\n<p>Neden bilim insanlar\u0131, m\u00fchendisler, tarih\u00e7iler, diplomatlar ve stratejistler burada bir araya gelmesin?<\/p>\n<p>Neden Ahlat sadece ge\u00e7mi\u015fin de\u011fil, gelece\u011fin de konu\u015fuldu\u011fu merkez olmas\u0131n?<br \/>\nAhlat\u2019ta enerji yollar\u0131 konu\u015fulabilir.<\/p>\n<p>Yapay zek\u00e2 konu\u015fulabilir.<br \/>\nSavunma teknolojileri konu\u015fulabilir.<\/p>\n<p>T\u00fcrk d\u00fcnyas\u0131n\u0131n ortak e\u011fitim projeleri konu\u015fulabilir.<br \/>\nDemografi konu\u015fulabilir.<br \/>\nK\u00fclt\u00fcrel haf\u0131za konu\u015fulabilir.<br \/>\nOrtak ekonomik alanlar konu\u015fulabilir.<\/p><div id=\"bghab-300109084\" class=\"bghab-icerik-icine-55-paragraf bghab-entity-placement\"><script async src=\"\/\/pagead2.googlesyndication.com\/pagead\/js\/adsbygoogle.js?client=ca-pub-6203283170189293\" crossorigin=\"anonymous\"><\/script><ins class=\"adsbygoogle\" style=\"display:block; text-align:center;\" data-ad-client=\"ca-pub-6203283170189293\" \ndata-ad-slot=\"7303146466\" \ndata-ad-layout=\"in-article\"\ndata-ad-format=\"fluid\" data-full-width-responsive=\"true\"><\/ins>\n<script> \n(adsbygoogle = window.adsbygoogle || []).push({}); \n<\/script>\n<\/div>\n<p>B\u00f6ylece Ahlat, sadece anma t\u00f6renlerinin yap\u0131ld\u0131\u011f\u0131 yer olmaktan \u00e7\u0131kar.<\/p>\n<p>Gelecek tasar\u0131m\u0131n\u0131n yap\u0131ld\u0131\u011f\u0131 bir stratejik merkeze d\u00f6n\u00fc\u015f\u00fcr.<\/p>\n<p>AHLAT\u2019TAN MALAZG\u0130RT\u2019E B\u0130R GEN\u00c7L\u0130K Y\u00dcR\u00dcY\u00dc\u015e\u00dc<\/p>\n<p>Ahlat\u2019tan Malazgirt\u2019e uzanan yol, gen\u00e7ler i\u00e7in de yeni bir anlam ta\u015f\u0131mal\u0131d\u0131r.<br \/>\nBu yol bir e\u011fitim yoluna d\u00f6n\u00fc\u015ft\u00fcr\u00fclebilir.<\/p>\n<p>Gen\u00e7ler yaln\u0131zca tarih dinlemek i\u00e7in de\u011fil, gelecek \u00fczerine d\u00fc\u015f\u00fcnmek i\u00e7in bu yolu y\u00fcr\u00fcmelidir.<\/p><div id=\"bghab-3630766949\" class=\"bghab-icerik-icine-60-paragraf bghab-entity-placement\"><script async src=\"\/\/pagead2.googlesyndication.com\/pagead\/js\/adsbygoogle.js?client=ca-pub-6203283170189293\" crossorigin=\"anonymous\"><\/script><ins class=\"adsbygoogle\" style=\"display:block; text-align:center;\" data-ad-client=\"ca-pub-6203283170189293\" \ndata-ad-slot=\"7303146466\" \ndata-ad-layout=\"in-article\"\ndata-ad-format=\"fluid\" data-full-width-responsive=\"true\"><\/ins>\n<script> \n(adsbygoogle = window.adsbygoogle || []).push({}); \n<\/script>\n<\/div>\n<p>Bir gen\u00e7 Ahlat\u2019tan Malazgirt\u2019e y\u00fcr\u00fcrken \u015fu sorular\u0131 kendine sormal\u0131d\u0131r:<\/p>\n<p>Ben \u00fclkeme ne kataca\u011f\u0131m?<br \/>\nHangi alanda \u00fcretim yapaca\u011f\u0131m?<br \/>\nHangi sorunu \u00e7\u00f6zece\u011fim?<br \/>\nNas\u0131l bir T\u00fcrkiye kuraca\u011f\u0131m?<\/p>\n<p>2071\u2019de bu \u00fclke nerede olacak?<br \/>\n\u0130\u015fte o zaman Malazgirt bir tarih dersi olmaktan \u00e7\u0131kar.<br \/>\nBir sorumluluk dersine d\u00f6n\u00fc\u015f\u00fcr.<\/p>\n<p>2071: MALAZG\u0130RT\u2019\u0130N B\u0130N\u0130NC\u0130 YILINA NASIL B\u0130R T\u00dcRK\u0130YE?<\/p>\n<p>1071\u2019den 2071\u2019e bin y\u0131l.<br \/>\nBu tarih yaln\u0131zca sembolik olmamal\u0131d\u0131r.<\/p><div id=\"bghab-2709321262\" class=\"bghab-icerik-icine-65-paragraf bghab-entity-placement\"><script async src=\"\/\/pagead2.googlesyndication.com\/pagead\/js\/adsbygoogle.js?client=ca-pub-6203283170189293\" crossorigin=\"anonymous\"><\/script><ins class=\"adsbygoogle\" style=\"display:block; text-align:center;\" data-ad-client=\"ca-pub-6203283170189293\" \ndata-ad-slot=\"7303146466\" \ndata-ad-layout=\"in-article\"\ndata-ad-format=\"fluid\" data-full-width-responsive=\"true\"><\/ins>\n<script> \n(adsbygoogle = window.adsbygoogle || []).push({}); \n<\/script>\n<\/div>\n<p>T\u00fcrkiye\u2019nin \u00f6n\u00fcne uzun vadeli bir medeniyet hedefi koymak gerekir.<br \/>\n2071\u2019de nas\u0131l bir T\u00fcrkiye istiyoruz?<\/p>\n<p>D\u00fcnyan\u0131n en g\u00fc\u00e7l\u00fc \u00fcniversiteleri aras\u0131nda ka\u00e7 T\u00fcrk \u00fcniversitesi olacak?<br \/>\nKa\u00e7 k\u00fcresel teknoloji \u015firketimiz olacak?<\/p>\n<p>Enerjide ne kadar ba\u011f\u0131ms\u0131z olaca\u011f\u0131z?<br \/>\nT\u00fcrk\u00e7e bilim ve teknoloji alan\u0131nda ne kadar g\u00fc\u00e7l\u00fc olacak?<\/p>\n<p>Uzay teknolojilerinde hangi seviyede olaca\u011f\u0131z?<br \/>\nT\u00fcrk d\u00fcnyas\u0131 aras\u0131nda nas\u0131l bir ekonomik a\u011f kurulacak?<\/p>\n<p>Gen\u00e7lerimizin d\u00fcnyadaki rekabet g\u00fcc\u00fc ne olacak?<br \/>\nBu sorular bug\u00fcnden cevaplanmal\u0131d\u0131r.<\/p>\n<p>\u00c7\u00fcnk\u00fc b\u00fcy\u00fck devletler yaln\u0131zca bug\u00fcn\u00fcn sorunlar\u0131n\u0131 \u00e7\u00f6zmez.<br \/>\nHen\u00fcz do\u011fmam\u0131\u015f nesiller i\u00e7in de plan yapar.<\/p>\n<p>MALAZG\u0130RT\u2019\u0130 KUTLAMAK YETMEZ, MALAZG\u0130RT\u2019\u0130 ANLAMAK GEREK\u0130R<\/p>\n<p>26 A\u011fustos\u2019ta t\u00f6renler yap\u0131lacak.<br \/>\nBayraklar a\u00e7\u0131lacak.<br \/>\nDualar okunacak.<br \/>\nSultan Alparslan an\u0131lacak.<br \/>\nBunlar\u0131n hepsi k\u0131ymetlidir.<\/p>\n<p>Ama Malazgirt\u2019e yap\u0131labilecek en b\u00fcy\u00fck sayg\u0131, onun ta\u015f\u0131d\u0131\u011f\u0131 stratejik akl\u0131 anlamakt\u0131r.<br \/>\nO g\u00fcn mesele Anadolu\u2019nun kap\u0131s\u0131n\u0131 a\u00e7makt\u0131.<\/p>\n<p>Bug\u00fcn mesele T\u00fcrkiye\u2019nin gelece\u011finin kap\u0131s\u0131n\u0131 a\u00e7makt\u0131r.<br \/>\nO g\u00fcn meydan Malazgirt\u2019ti.<br \/>\nBug\u00fcn meydan bilimdir.<br \/>\nTeknolojidir.<br \/>\nEnerjidir.<br \/>\nSavunmad\u0131r.<br \/>\nE\u011fitimdir.<br \/>\nK\u00fclt\u00fcrd\u00fcr.<br \/>\nUzayd\u0131r.<br \/>\nVe insan yeti\u015ftirmektir.<\/p>\n<p>AHLAT HAFIZAMIZ, MALAZG\u0130RT \u0130RADEM\u0130ZD\u0130R<\/p>\n<p>Ahlat bize nereden geldi\u011fimizi anlat\u0131yor.<br \/>\nMalazgirt ise nereye y\u00fcr\u00fcyebilece\u011fimizi g\u00f6steriyor.<\/p>\n<p>Bu nedenle Ahlat ile Malazgirt aras\u0131ndaki yol yaln\u0131zca tarih\u00ee bir g\u00fczerg\u00e2h de\u011fildir.<\/p>\n<p>Bu yol, bir milletin ge\u00e7mi\u015ften gelece\u011fe uzanan y\u00fcr\u00fcy\u00fc\u015f\u00fcd\u00fcr.<br \/>\nBug\u00fcn bize d\u00fc\u015fen, o y\u00fcr\u00fcy\u00fc\u015f\u00fc devam ettirmektir.<\/p>\n<p>Ama art\u0131k elimizde yaln\u0131zca k\u0131l\u0131\u00e7 olmayacak.<br \/>\nBilim olacak.<br \/>\nTeknoloji olacak.<br \/>\n\u00dcniversite olacak.<br \/>\n\u00dcretim olacak.<br \/>\nYapay zek\u00e2 olacak.<br \/>\nSavunma sanayii olacak.<br \/>\nEnerji politikas\u0131 olacak.<br \/>\nK\u00fclt\u00fcr olacak.<br \/>\nVe en \u00f6nemlisi, iyi yeti\u015fmi\u015f insan olacak.<\/p>\n<p>D\u00fcn bize Anadolu\u2019nun kap\u0131s\u0131n\u0131 a\u00e7t\u0131lar.<\/p>\n<p>Bug\u00fcn biz \u00e7ocuklar\u0131m\u0131za gelece\u011fin kap\u0131s\u0131n\u0131 a\u00e7mak zorunday\u0131z.<\/p>\n<p>Ahlat T\u00fcrkiye\u2019nin manevi ba\u015fkentidir.<br \/>\nMalazgirt T\u00fcrk milletinin tarih\u00ee iradesidir.<\/p>\n<p>Ve Ahlat\u2019tan Malazgirt\u2019e uzanan yol, asl\u0131nda 1071\u2019den 2071\u2019e uzanan b\u00fcy\u00fck T\u00fcrkiye y\u00fcr\u00fcy\u00fc\u015f\u00fcd\u00fcr.<\/p>\n<p>Ahlat haf\u0131zam\u0131zd\u0131r.<br \/>\nMalazgirt irademizdir.<br \/>\nAnadolu vatan\u0131m\u0131zd\u0131r.<br \/>\nGelecek ise bizim sorumlulu\u011fumuzdur.<\/p>\n<div id=\"bghab-1094541253\" class=\"bghab-yazi-altinda bghab-entity-placement\"><script async src=\"https:\/\/pagead2.googlesyndication.com\/pagead\/js\/adsbygoogle.js\"><\/script>\r\n<!-- bghaber-yaz\u0131-sonu -->\r\n<ins class=\"adsbygoogle\"\r\n     style=\"display:block\"\r\n     data-ad-client=\"ca-pub-6203283170189293\"\r\n     data-ad-slot=\"4222328180\"\r\n     data-ad-format=\"auto\"\r\n     data-full-width-responsive=\"true\"><\/ins>\r\n<script>\r\n     (adsbygoogle = window.adsbygoogle || []).push({});\r\n<\/script><\/div><br style=\"clear: both; display: block; float: none;\"\/>","protected":false},"excerpt":{"rendered":"<p>Rafet ULUT\u00dcRK 26 A\u011fustos, T\u00fcrk tarihinin yaln\u0131zca b\u00fcy\u00fck bir zafer g\u00fcn\u00fc de\u011fildir. 26 A\u011fustos; bir milletin co\u011frafyaya y\u00f6n verdi\u011fi, iradesini tarihe kaz\u0131d\u0131\u011f\u0131 ve Anadolu\u2019da yeni<\/p>\n","protected":false},"author":13,"featured_media":0,"comment_status":"open","ping_status":"closed","sticky":false,"template":"","format":"standard","meta":{"advanced_seo_description":"","jetpack_seo_html_title":"","jetpack_seo_noindex":false,"jetpack_seo_schema_type":"","_jetpack_newsletter_access":"","_jetpack_dont_email_post_to_subs":false,"_jetpack_newsletter_tier_id":0,"_jetpack_memberships_contains_paywalled_content":false,"_jetpack_feature_clip_id":0,"_jetpack_memberships_contains_paid_content":false,"footnotes":"","jetpack_post_was_ever_published":false},"categories":[6],"tags":[],"class_list":["post-65299","post","type-post","status-publish","format-standard","hentry","category-yorum"],"jetpack_sharing_enabled":true,"jetpack_likes_enabled":true,"jetpack-related-posts":[],"jetpack_shortlink":"https:\/\/wp.me\/pc2PfJ-gZd","jetpack_featured_media_url":"","_links":{"self":[{"href":"https:\/\/www.bghaber.org\/bghaber\/wp-json\/wp\/v2\/posts\/65299","targetHints":{"allow":["GET"]}}],"collection":[{"href":"https:\/\/www.bghaber.org\/bghaber\/wp-json\/wp\/v2\/posts"}],"about":[{"href":"https:\/\/www.bghaber.org\/bghaber\/wp-json\/wp\/v2\/types\/post"}],"author":[{"embeddable":true,"href":"https:\/\/www.bghaber.org\/bghaber\/wp-json\/wp\/v2\/users\/13"}],"replies":[{"embeddable":true,"href":"https:\/\/www.bghaber.org\/bghaber\/wp-json\/wp\/v2\/comments?post=65299"}],"version-history":[{"count":1,"href":"https:\/\/www.bghaber.org\/bghaber\/wp-json\/wp\/v2\/posts\/65299\/revisions"}],"predecessor-version":[{"id":65300,"href":"https:\/\/www.bghaber.org\/bghaber\/wp-json\/wp\/v2\/posts\/65299\/revisions\/65300"}],"wp:attachment":[{"href":"https:\/\/www.bghaber.org\/bghaber\/wp-json\/wp\/v2\/media?parent=65299"}],"wp:term":[{"taxonomy":"category","embeddable":true,"href":"https:\/\/www.bghaber.org\/bghaber\/wp-json\/wp\/v2\/categories?post=65299"},{"taxonomy":"post_tag","embeddable":true,"href":"https:\/\/www.bghaber.org\/bghaber\/wp-json\/wp\/v2\/tags?post=65299"}],"curies":[{"name":"wp","href":"https:\/\/api.w.org\/{rel}","templated":true}]}}