{"id":65288,"date":"2026-08-26T16:57:11","date_gmt":"2026-08-26T13:57:11","guid":{"rendered":"https:\/\/www.bghaber.org\/bghaber\/?p=65288"},"modified":"2026-08-26T17:00:02","modified_gmt":"2026-08-26T14:00:02","slug":"umudu-topraga-degil-gelecege-ekmek-turk-milletinin-stratejik-yol-haritasi","status":"publish","type":"post","link":"https:\/\/www.bghaber.org\/bghaber\/umudu-topraga-degil-gelecege-ekmek-turk-milletinin-stratejik-yol-haritasi\/","title":{"rendered":"UMUDU TOPRA\u011eA DE\u011e\u0130L, GELECE\u011eE EKMEK: T\u00dcRK M\u0130LLET\u0130N\u0130N STRATEJ\u0130K YOL HAR\u0130TASI"},"content":{"rendered":"<p>UMUDU TOPRA\u011eA DE\u011e\u0130L, GELECE\u011eE EKMEK: T\u00dcRK M\u0130LLET\u0130N\u0130N STRATEJ\u0130K YOL HAR\u0130TASI<\/p>\n<p>\u00ab\u201c\u00d6yle bir umut ekelim ki topra\u011fa;<br \/>\nD\u00fcnlere perde,<br \/>\nBug\u00fcne \u0131\u015f\u0131k,<br \/>\nYar\u0131nlara g\u00fcne\u015f olsun.\u201d\u00bb<\/p>\n<p>Bir milletin b\u00fcy\u00fckl\u00fc\u011f\u00fc yaln\u0131z ge\u00e7mi\u015fte kurdu\u011fu devletlerle, kazand\u0131\u011f\u0131 sava\u015flarla veya sahip oldu\u011fu topraklarla \u00f6l\u00e7\u00fclmez.<br \/>\nAs\u0131l b\u00fcy\u00fckl\u00fck, kendisinden sonra gelecek nesillere nas\u0131l bir gelecek haz\u0131rlad\u0131\u011f\u0131yla anla\u015f\u0131l\u0131r.<\/p>\n<p>T\u00fcrk milletinin tarih boyunca ta\u015f\u0131d\u0131\u011f\u0131 en g\u00fc\u00e7l\u00fc d\u00fc\u015f\u00fcncelerden biri de budur:<\/p>\n<p>Biz yaln\u0131z kendimiz i\u00e7in ya\u015famay\u0131z. Bizden sonrakiler i\u00e7in de ya\u015far, \u00e7al\u0131\u015f\u0131r, \u00fcretir ve gerekti\u011finde fedak\u00e2rl\u0131k yapar\u0131z.<\/p><div id=\"bghab-2519257907\" class=\"bghab-icerik-icine bghab-entity-placement\"><script async src=\"\/\/pagead2.googlesyndication.com\/pagead\/js\/adsbygoogle.js?client=ca-pub-6203283170189293\" crossorigin=\"anonymous\"><\/script><ins class=\"adsbygoogle\" style=\"display:block; text-align:center;\" data-ad-client=\"ca-pub-6203283170189293\" \ndata-ad-slot=\"7303146466\" \ndata-ad-layout=\"in-article\"\ndata-ad-format=\"fluid\" data-full-width-responsive=\"true\"><\/ins>\n<script> \n(adsbygoogle = window.adsbygoogle || []).push({}); \n<\/script>\n<\/div>\n<p>Fakat bug\u00fcn bu anlay\u0131\u015f\u0131 yaln\u0131z duygusal bir miras olarak g\u00f6rmek yeterli de\u011fildir.<\/p>\n<p>Art\u0131k bu d\u00fc\u015f\u00fcnceyi stratejiye d\u00f6n\u00fc\u015ft\u00fcrmek zorunday\u0131z.<\/p>\n<p>\u00c7\u00fcnk\u00fc 21. y\u00fczy\u0131l\u0131n d\u00fcnyas\u0131nda iyi niyet tek ba\u015f\u0131na milletleri g\u00fc\u00e7l\u00fc tutmuyor.<\/p>\n<p>Umut plan ister.<br \/>\nPlan kurum ister.<br \/>\nKurum insan ister.<br \/>\n\u0130nsan e\u011fitim ister.<br \/>\nE\u011fitim \u00fcretime d\u00f6n\u00fc\u015fmek zorundad\u0131r.<\/p>\n<p>\u0130\u015fte T\u00fcrk d\u00fcnyas\u0131n\u0131n \u00f6n\u00fcndeki as\u0131l mesele budur.<\/p><div id=\"bghab-2405975347\" class=\"bghab-icerik-icine-10-paragraf bghab-entity-placement\"><script async src=\"\/\/pagead2.googlesyndication.com\/pagead\/js\/adsbygoogle.js?client=ca-pub-6203283170189293\" crossorigin=\"anonymous\"><\/script><ins class=\"adsbygoogle\" style=\"display:block; text-align:center;\" data-ad-client=\"ca-pub-6203283170189293\" \ndata-ad-slot=\"7303146466\" \ndata-ad-layout=\"in-article\"\ndata-ad-format=\"fluid\" data-full-width-responsive=\"true\"><\/ins>\n<script> \n(adsbygoogle = window.adsbygoogle || []).push({}); \n<\/script>\n<\/div>\n<p>D\u00dcN\u00dcN M\u0130RASI, YARININ SORUMLULU\u011eUDUR<\/p>\n<p>Bizden \u00f6nce ya\u015fayan nesiller yaln\u0131z kendi hayatlar\u0131n\u0131 d\u00fc\u015f\u00fcnseydi bug\u00fcn elimizde ne bir devlet, ne bir dil, ne bir k\u00fclt\u00fcr ne de bir medeniyet haf\u0131zas\u0131 kal\u0131rd\u0131.<\/p>\n<p>Birileri biz g\u00f6rmeden \u00f6nce yollar yapt\u0131.<\/p>\n<p>Birileri g\u00f6lgesinde oturamayaca\u011f\u0131 a\u011fa\u00e7lar dikti.<\/p>\n<p>Birileri mezunlar\u0131n\u0131 g\u00f6remeyece\u011fi okullar kurdu.<\/p><div id=\"bghab-2366693869\" class=\"bghab-icerik-icine-15-paragraf bghab-entity-placement\"><script async src=\"\/\/pagead2.googlesyndication.com\/pagead\/js\/adsbygoogle.js?client=ca-pub-6203283170189293\" crossorigin=\"anonymous\"><\/script><ins class=\"adsbygoogle\" style=\"display:block; text-align:center;\" data-ad-client=\"ca-pub-6203283170189293\" \ndata-ad-slot=\"7303146466\" \ndata-ad-layout=\"in-article\"\ndata-ad-format=\"fluid\" data-full-width-responsive=\"true\"><\/ins>\n<script> \n(adsbygoogle = window.adsbygoogle || []).push({}); \n<\/script>\n<\/div>\n<p>Birileri okuyucusunu tan\u0131mayaca\u011f\u0131 kitaplar yazd\u0131.<\/p>\n<p>Birileri \u00e7ocuklar\u0131 rahat ya\u015fas\u0131n diye cephelerde can verdi.<\/p>\n<p>\u0130\u015fte millet dedi\u011fimiz \u015fey asl\u0131nda nesiller aras\u0131nda kurulmu\u015f g\u00f6r\u00fcnmez bir emanet zinciridir.<\/p>\n<p>Her nesil kendisinden \u00f6ncekinden bir emanet al\u0131r.<\/p>\n<p>Sonra bu emaneti b\u00fcy\u00fcterek kendisinden sonrakine b\u0131rak\u0131r.<\/p><div id=\"bghab-2832910592\" class=\"bghab-icerik-icine-20-paragraf bghab-entity-placement\"><script async src=\"\/\/pagead2.googlesyndication.com\/pagead\/js\/adsbygoogle.js?client=ca-pub-6203283170189293\" crossorigin=\"anonymous\"><\/script><ins class=\"adsbygoogle\" style=\"display:block; text-align:center;\" data-ad-client=\"ca-pub-6203283170189293\" \ndata-ad-slot=\"7303146466\" \ndata-ad-layout=\"in-article\"\ndata-ad-format=\"fluid\" data-full-width-responsive=\"true\"><\/ins>\n<script> \n(adsbygoogle = window.adsbygoogle || []).push({}); \n<\/script>\n<\/div>\n<p>E\u011fer bir nesil bu zinciri kopar\u0131rsa yaln\u0131z kendi d\u00f6nemini de\u011fil, gelece\u011fi de zay\u0131flat\u0131r.<\/p>\n<p>Bu nedenle bug\u00fcn bizim sorumuz \u015fu olmal\u0131d\u0131r:<\/p>\n<p>Biz, bizden sonrakilere ne b\u0131rakaca\u011f\u0131z?<br \/>\nSadece bor\u00e7 mu?<br \/>\nSadece t\u00fcketilmi\u015f kaynaklar m\u0131?<br \/>\nSadece ge\u00e7mi\u015fle \u00f6v\u00fcnen bir haf\u0131za m\u0131?<\/p>\n<p>Yoksa g\u00fc\u00e7l\u00fc kurumlar, nitelikli insanlar, bilim, teknoloji, k\u00fclt\u00fcr, ekonomik ba\u011f\u0131ms\u0131zl\u0131k ve \u00f6zg\u00fcvenli bir gen\u00e7lik mi?<\/p>\n<p>GELECEK ARTIK TESAD\u00dcFLERE BIRAKILAMAZ<\/p><div id=\"bghab-3730922364\" class=\"bghab-icerik-icine-25-paragraf bghab-entity-placement\"><script async src=\"\/\/pagead2.googlesyndication.com\/pagead\/js\/adsbygoogle.js?client=ca-pub-6203283170189293\" crossorigin=\"anonymous\"><\/script><ins class=\"adsbygoogle\" style=\"display:block; text-align:center;\" data-ad-client=\"ca-pub-6203283170189293\" \ndata-ad-slot=\"7303146466\" \ndata-ad-layout=\"in-article\"\ndata-ad-format=\"fluid\" data-full-width-responsive=\"true\"><\/ins>\n<script> \n(adsbygoogle = window.adsbygoogle || []).push({}); \n<\/script>\n<\/div>\n<p>D\u00fcnya \u00e7ok h\u0131zl\u0131 de\u011fi\u015fiyor.<br \/>\nYapay zek\u00e2 i\u015f yapma bi\u00e7imlerini de\u011fi\u015ftiriyor.<\/p>\n<p>Enerji dengeleri yeniden kuruluyor.<br \/>\nSu ve g\u0131da g\u00fcvenli\u011fi stratejik mesele h\u00e2line geliyor.<\/p>\n<p>Biyoteknoloji, uzay teknolojileri, kuantum bili\u015fim, savunma sanayii ve veri egemenli\u011fi yeni g\u00fc\u00e7 alanlar\u0131 olu\u015fturuyor.<\/p>\n<p>B\u00f6yle bir \u00e7a\u011fda bir milletin gelece\u011fini g\u00fcnl\u00fck siyasi tart\u0131\u015fmalara teslim etmek b\u00fcy\u00fck hata olur.<\/p>\n<p>Devletlerin se\u00e7im takvimleri olabilir.<br \/>\nAma milletlerin gelecek takvimi se\u00e7imlerden daha uzundur.<\/p><div id=\"bghab-2530524661\" class=\"bghab-icerik-icine-30-paragraf bghab-entity-placement\"><script async src=\"\/\/pagead2.googlesyndication.com\/pagead\/js\/adsbygoogle.js?client=ca-pub-6203283170189293\" crossorigin=\"anonymous\"><\/script><ins class=\"adsbygoogle\" style=\"display:block; text-align:center;\" data-ad-client=\"ca-pub-6203283170189293\" \ndata-ad-slot=\"7303146466\" \ndata-ad-layout=\"in-article\"\ndata-ad-format=\"fluid\" data-full-width-responsive=\"true\"><\/ins>\n<script> \n(adsbygoogle = window.adsbygoogle || []).push({}); \n<\/script>\n<\/div>\n<p>Bu nedenle T\u00fcrk d\u00fcnyas\u0131n\u0131n en az 25, 50 ve 100 y\u0131ll\u0131k stratejik planlar\u0131 bulunmal\u0131d\u0131r.<br \/>\n\u00c7\u00fcnk\u00fc gelecek kendili\u011finden gelmez.<\/p>\n<p>Gelecek haz\u0131rlan\u0131r.<br \/>\nB\u0130R\u0130NC\u0130 STRATEJ\u0130K ALAN: \u0130NSAN YET\u0130\u015eT\u0130RMEK<\/p>\n<p>Bir milletin sahip oldu\u011fu en b\u00fcy\u00fck do\u011fal kaynak petrol de\u011fildir.<\/p>\n<p>Do\u011fal gaz de\u011fildir.<br \/>\nAlt\u0131n de\u011fildir.<br \/>\nMaden de\u011fildir.<\/p>\n<p>\u0130nsand\u0131r.<br \/>\n\u0130yi yeti\u015fmi\u015f insan varsa yoktan de\u011fer \u00fcretilebilir.<\/p><div id=\"bghab-360189174\" class=\"bghab-icerik-icine-35-paragraf bghab-entity-placement\"><script async src=\"\/\/pagead2.googlesyndication.com\/pagead\/js\/adsbygoogle.js?client=ca-pub-6203283170189293\" crossorigin=\"anonymous\"><\/script><ins class=\"adsbygoogle\" style=\"display:block; text-align:center;\" data-ad-client=\"ca-pub-6203283170189293\" \ndata-ad-slot=\"7303146466\" \ndata-ad-layout=\"in-article\"\ndata-ad-format=\"fluid\" data-full-width-responsive=\"true\"><\/ins>\n<script> \n(adsbygoogle = window.adsbygoogle || []).push({}); \n<\/script>\n<\/div>\n<p>Ama insan yoksa en b\u00fcy\u00fck zenginlik bile ba\u015fkalar\u0131n\u0131n teknolojisine ba\u011f\u0131ml\u0131 h\u00e2le gelir.<\/p>\n<p>Bu nedenle T\u00fcrk d\u00fcnyas\u0131n\u0131n en b\u00fcy\u00fck stratejik yat\u0131r\u0131m\u0131 e\u011fitim olmak zorundad\u0131r.<\/p>\n<p>Fakat yaln\u0131z diploma veren e\u011fitim de\u011fil.<br \/>\nD\u00fc\u015f\u00fcnmeyi \u00f6\u011freten e\u011fitim.<br \/>\nSorgulamay\u0131 \u00f6\u011freten e\u011fitim.<br \/>\n\u00dcretmeyi \u00f6\u011freten e\u011fitim.<\/p>\n<p>Tarihini bilen fakat d\u00fcnyaya kapanmayan insan yeti\u015ftiren e\u011fitim.<\/p>\n<p>T\u00fcrk gen\u00e7li\u011fi yaln\u0131z teknolojiyi kullanan de\u011fil, teknolojiyi geli\u015ftiren bir nesil h\u00e2line gelmelidir.<\/p><div id=\"bghab-2169283445\" class=\"bghab-icerik-icine-40-paragraf bghab-entity-placement\"><script async src=\"\/\/pagead2.googlesyndication.com\/pagead\/js\/adsbygoogle.js?client=ca-pub-6203283170189293\" crossorigin=\"anonymous\"><\/script><ins class=\"adsbygoogle\" style=\"display:block; text-align:center;\" data-ad-client=\"ca-pub-6203283170189293\" \ndata-ad-slot=\"7303146466\" \ndata-ad-layout=\"in-article\"\ndata-ad-format=\"fluid\" data-full-width-responsive=\"true\"><\/ins>\n<script> \n(adsbygoogle = window.adsbygoogle || []).push({}); \n<\/script>\n<\/div>\n<p>Yapay zek\u00e2y\u0131 sat\u0131n alan de\u011fil, \u00fcreten&#8230;<br \/>\nPatent kullanan de\u011fil, patent alan&#8230;<\/p>\n<p>Marka t\u00fcketen de\u011fil, marka kuran&#8230;<\/p>\n<p>D\u00fcnya \u00fcniversitelerinde yaln\u0131z \u00f6\u011frenci olan de\u011fil, hoca olan&#8230;<\/p>\n<p>Bilimsel makaleleri yaln\u0131z okuyan de\u011fil, yazan bir gen\u00e7lik&#8230;<br \/>\n\u0130\u015fte gelecek buradan kurulacakt\u0131r.<\/p>\n<p>\u0130K\u0130NC\u0130 STRATEJ\u0130K ALAN: ORTAK AKIL \u00dcRETMEK<\/p><div id=\"bghab-1019793556\" class=\"bghab-icerik-icine-45-paragraf bghab-entity-placement\"><script async src=\"\/\/pagead2.googlesyndication.com\/pagead\/js\/adsbygoogle.js?client=ca-pub-6203283170189293\" crossorigin=\"anonymous\"><\/script><ins class=\"adsbygoogle\" style=\"display:block; text-align:center;\" data-ad-client=\"ca-pub-6203283170189293\" \ndata-ad-slot=\"7303146466\" \ndata-ad-layout=\"in-article\"\ndata-ad-format=\"fluid\" data-full-width-responsive=\"true\"><\/ins>\n<script> \n(adsbygoogle = window.adsbygoogle || []).push({}); \n<\/script>\n<\/div>\n<p>T\u00fcrk d\u00fcnyas\u0131n\u0131n en b\u00fcy\u00fck ihtiya\u00e7lar\u0131ndan biri ortak stratejik d\u00fc\u015f\u00fcnce \u00fcretme kapasitesidir.<\/p>\n<p>Devlet kurumlar\u0131, \u00fcniversiteler, d\u00fc\u015f\u00fcnce kurulu\u015flar\u0131, i\u015f d\u00fcnyas\u0131 ve sivil toplum gelece\u011fi birlikte okumal\u0131d\u0131r.<\/p>\n<p>S\u00fcrekli \u015fu sorular sorulmal\u0131d\u0131r:<br \/>\n2050&#8217;nin d\u00fcnyas\u0131nda hangi \u00fclkeler g\u00fc\u00e7lenecek?<\/p>\n<p>Enerji hangi kaynaklardan sa\u011flanacak?<\/p>\n<p>Su krizleri nereleri etkileyecek?<br \/>\nHangi meslekler ortadan kalkacak?<br \/>\nHangi yeni meslekler do\u011facak?<\/p><div id=\"bghab-1507688056\" class=\"bghab-icerik-icine-50-paragraf bghab-entity-placement\"><script async src=\"\/\/pagead2.googlesyndication.com\/pagead\/js\/adsbygoogle.js?client=ca-pub-6203283170189293\" crossorigin=\"anonymous\"><\/script><ins class=\"adsbygoogle\" style=\"display:block; text-align:center;\" data-ad-client=\"ca-pub-6203283170189293\" \ndata-ad-slot=\"7303146466\" \ndata-ad-layout=\"in-article\"\ndata-ad-format=\"fluid\" data-full-width-responsive=\"true\"><\/ins>\n<script> \n(adsbygoogle = window.adsbygoogle || []).push({}); \n<\/script>\n<\/div>\n<p>T\u00fcrk d\u00fcnyas\u0131n\u0131n hangi \u015fehirleri lojistik merkez olabilir?<\/p>\n<p>Hangi \u00fcniversiteler hangi bilim alanlar\u0131nda uzmanla\u015fmal\u0131?<\/p>\n<p>T\u00fcrk devletleri hangi teknolojileri ortak geli\u015ftirmeli?<\/p>\n<p>Bunlar g\u00fcnl\u00fck sorular de\u011fildir.<br \/>\nBunlar devlet akl\u0131n\u0131n sorular\u0131d\u0131r.<\/p>\n<p>\u00c7\u00fcnk\u00fc strateji, hen\u00fcz ortaya \u00e7\u0131kmam\u0131\u015f sorunlara bug\u00fcnden cevap aramakt\u0131r.<\/p><div id=\"bghab-1628299312\" class=\"bghab-icerik-icine-55-paragraf bghab-entity-placement\"><script async src=\"\/\/pagead2.googlesyndication.com\/pagead\/js\/adsbygoogle.js?client=ca-pub-6203283170189293\" crossorigin=\"anonymous\"><\/script><ins class=\"adsbygoogle\" style=\"display:block; text-align:center;\" data-ad-client=\"ca-pub-6203283170189293\" \ndata-ad-slot=\"7303146466\" \ndata-ad-layout=\"in-article\"\ndata-ad-format=\"fluid\" data-full-width-responsive=\"true\"><\/ins>\n<script> \n(adsbygoogle = window.adsbygoogle || []).push({}); \n<\/script>\n<\/div>\n<p>\u00dc\u00c7\u00dcNC\u00dc STRATEJ\u0130K ALAN: EKONOM\u0130K BA\u011eIMSIZLIK<\/p>\n<p>Kaynak sahibi olmak tek ba\u015f\u0131na zenginlik de\u011fildir.<br \/>\nKayna\u011f\u0131 i\u015fleyecek teknolojiye sahip olmak zenginliktir.<\/p>\n<p>T\u00fcrk co\u011frafyas\u0131n\u0131n b\u00fcy\u00fck enerji, tar\u0131m, maden ve lojistik imk\u00e2nlar\u0131 vard\u0131r.<\/p>\n<p>Fakat gelecek i\u00e7in hedef yaln\u0131z ham madde ihra\u00e7 etmek olmamal\u0131d\u0131r.<\/p>\n<p>T\u00fcrk d\u00fcnyas\u0131;<br \/>\nham madde satan de\u011fil, i\u015flenmi\u015f \u00fcr\u00fcn satan,<br \/>\nba\u015fkas\u0131n\u0131n teknolojisini alan de\u011fil, kendi teknolojisini \u00fcreten,<br \/>\nucuz i\u015f g\u00fcc\u00fc sunan de\u011fil, y\u00fcksek katma de\u011fer olu\u015fturan<\/p><div id=\"bghab-1282239675\" class=\"bghab-icerik-icine-60-paragraf bghab-entity-placement\"><script async src=\"\/\/pagead2.googlesyndication.com\/pagead\/js\/adsbygoogle.js?client=ca-pub-6203283170189293\" crossorigin=\"anonymous\"><\/script><ins class=\"adsbygoogle\" style=\"display:block; text-align:center;\" data-ad-client=\"ca-pub-6203283170189293\" \ndata-ad-slot=\"7303146466\" \ndata-ad-layout=\"in-article\"\ndata-ad-format=\"fluid\" data-full-width-responsive=\"true\"><\/ins>\n<script> \n(adsbygoogle = window.adsbygoogle || []).push({}); \n<\/script>\n<\/div>\n<p>bir ekonomik sisteme ge\u00e7mek zorundad\u0131r.<br \/>\n\u00c7\u00fcnk\u00fc ham madde zenginli\u011fi bir nesli, bilgi zenginli\u011fi y\u00fcz y\u0131l\u0131 kurtarabilir.<\/p>\n<p>D\u00d6RD\u00dcNC\u00dc STRATEJ\u0130K ALAN: K\u00dcLT\u00dcREL HAFIZAYI KORUMAK<\/p>\n<p>Bir millet sava\u015f kaybedebilir ve yeniden aya\u011fa kalkabilir.<\/p>\n<p>Ekonomik kriz ya\u015fayabilir ve yeniden b\u00fcy\u00fcyebilir.<br \/>\nFakat haf\u0131zas\u0131n\u0131 kaybederse yeniden kendisi olmak \u00e7ok daha zordur.<\/p>\n<p>Bu nedenle k\u00fclt\u00fcr yaln\u0131z sanat meselesi de\u011fildir.<br \/>\nAyn\u0131 zamanda stratejik g\u00fcvenlik meselesidir.<\/p><div id=\"bghab-1926224726\" class=\"bghab-icerik-icine-65-paragraf bghab-entity-placement\"><script async src=\"\/\/pagead2.googlesyndication.com\/pagead\/js\/adsbygoogle.js?client=ca-pub-6203283170189293\" crossorigin=\"anonymous\"><\/script><ins class=\"adsbygoogle\" style=\"display:block; text-align:center;\" data-ad-client=\"ca-pub-6203283170189293\" \ndata-ad-slot=\"7303146466\" \ndata-ad-layout=\"in-article\"\ndata-ad-format=\"fluid\" data-full-width-responsive=\"true\"><\/ins>\n<script> \n(adsbygoogle = window.adsbygoogle || []).push({}); \n<\/script>\n<\/div>\n<p>Dil&#8230;<br \/>\nTarih&#8230;<br \/>\nEdebiyat&#8230;<br \/>\nM\u00fczik&#8230;<br \/>\nSinema&#8230;<br \/>\nBelgesel&#8230;<br \/>\nDijital i\u00e7erik&#8230;<br \/>\n\u00c7ocuk kitaplar\u0131&#8230;<br \/>\nBilgisayar oyunlar\u0131&#8230;<\/p>\n<p>B\u00fct\u00fcn bunlar yeni d\u00fcnyan\u0131n k\u00fclt\u00fcr cepheleridir.<\/p>\n<p>E\u011fer kendi hik\u00e2yemizi biz anlatmazsak ba\u015fkalar\u0131 bizim ad\u0131m\u0131za anlat\u0131r.<\/p>\n<p>E\u011fer gen\u00e7lerimiz kendi kahramanlar\u0131n\u0131 tan\u0131mazsa ba\u015fka toplumlar\u0131n kahramanlar\u0131n\u0131 benimser.<\/p>\n<p>Bu nedenle T\u00fcrk d\u00fcnyas\u0131n\u0131n b\u00fcy\u00fck bir k\u00fclt\u00fcrel \u00fcretim stratejisine ihtiyac\u0131 vard\u0131r.<\/p>\n<p>BE\u015e\u0130NC\u0130 STRATEJ\u0130K ALAN: T\u00dcRK D\u00dcNYASINI \u0130NSAN A\u011eLARIYLA B\u0130RLE\u015eT\u0130RMEK<\/p>\n<p>Birlik yaln\u0131z zirve toplant\u0131lar\u0131yla kurulmaz.<\/p>\n<p>Birlik insanlarla kurulur.<br \/>\nT\u00fcrkiye&#8217;deki bir \u00f6\u011frenci Kazakistan&#8217;daki akran\u0131n\u0131 tan\u0131mal\u0131.<\/p>\n<p>Azerbaycanl\u0131 bir gen\u00e7 \u00d6zbekistan&#8217;da e\u011fitim g\u00f6rebilmeli.<\/p>\n<p>K\u0131rg\u0131zistanl\u0131 bir akademisyen T\u00fcrkiye&#8217;deki \u00fcniversitelerle ortak proje yapabilmeli.<\/p>\n<p>Balkan T\u00fcrkleri Orta Asya&#8217;y\u0131 yaln\u0131z haritada de\u011fil, do\u011frudan tan\u0131mal\u0131d\u0131r.<\/p>\n<p>Bu nedenle \u00f6\u011frenci de\u011fi\u015fimleri, ortak \u00fcniversiteler, bilim programlar\u0131, gen\u00e7lik kamplar\u0131, medya projeleri ve i\u015f d\u00fcnyas\u0131 a\u011flar\u0131 b\u00fcy\u00fct\u00fclmelidir.<\/p>\n<p>Siyasi ili\u015fkiler de\u011fi\u015febilir.<br \/>\nH\u00fck\u00fbmetler de\u011fi\u015febilir.<\/p>\n<p>Fakat toplumlar aras\u0131nda g\u00fc\u00e7l\u00fc ba\u011flar kurulursa birlik \u00e7ok daha dayan\u0131kl\u0131 h\u00e2le gelir.<\/p>\n<p>ALTINCI STRATEJ\u0130K ALAN: GIDA, SU VE ENERJ\u0130 G\u00dcVENL\u0130\u011e\u0130<\/p>\n<p>Gelecek yaln\u0131z ordularla korunmayacak.<br \/>\nSu kaynaklar\u0131yla da korunacak.<br \/>\nTar\u0131m arazileriyle de korunacak.<br \/>\nEnerji depolama sistemleriyle de korunacak.<\/p>\n<p>Bu nedenle T\u00fcrk devletleri ortak tar\u0131m teknolojileri, su y\u00f6netimi, enerji koridorlar\u0131, yenilenebilir enerji, stratejik g\u0131da rezervleri ve lojistik g\u00fcvenli\u011fi konusunda uzun vadeli planlar geli\u015ftirmelidir.<br \/>\nBir \u00fclke ordusuyla s\u0131n\u0131r\u0131n\u0131 koruyabilir.<\/p>\n<p>Ama halk\u0131n\u0131 besleyemiyorsa tam ba\u011f\u0131ms\u0131z de\u011fildir.<br \/>\nEnerjisini sa\u011flayam\u0131yorsa tam ba\u011f\u0131ms\u0131z de\u011fildir.<\/p>\n<p>Teknolojisini \u00fcretemiyorsa tam ba\u011f\u0131ms\u0131z de\u011fildir.<\/p>\n<p>YED\u0130NC\u0130 STRATEJ\u0130K ALAN: AHLAKLI G\u00dc\u00c7<\/p>\n<p>T\u00fcrk d\u00fcnyas\u0131n\u0131n gelece\u011fi yaln\u0131z g\u00fc\u00e7l\u00fc olmak \u00fczerine kurulamaz.<\/p>\n<p>D\u00fcnyada \u00e7ok say\u0131da g\u00fc\u00e7l\u00fc devlet vard\u0131r.<br \/>\nAs\u0131l mesele g\u00fcc\u00fcn hangi ama\u00e7 i\u00e7in kullan\u0131laca\u011f\u0131d\u0131r.<\/p>\n<p>Bizim medeniyet anlay\u0131\u015f\u0131m\u0131zda g\u00fc\u00e7 ile adalet birlikte y\u00fcr\u00fcmelidir.<\/p>\n<p>Bu nedenle T\u00fcrk d\u00fcnyas\u0131n\u0131n b\u00fcy\u00fck iddias\u0131 yaln\u0131z \u015fu olmamal\u0131d\u0131r:<\/p>\n<p>\u201cBiz de g\u00fc\u00e7l\u00fc olaca\u011f\u0131z.\u201d<br \/>\nDaha b\u00fcy\u00fck bir iddiam\u0131z olmal\u0131d\u0131r:<\/p>\n<p>\u201cG\u00fc\u00e7l\u00fc olaca\u011f\u0131z ve g\u00fcc\u00fcm\u00fcz\u00fc insanl\u0131\u011f\u0131n yarar\u0131na kullanaca\u011f\u0131z.\u201d<\/p>\n<p>Mazlumun yan\u0131nda duran&#8230;<br \/>\nTicareti kolayla\u015ft\u0131ran&#8230;<br \/>\nBar\u0131\u015f\u0131 destekleyen&#8230;<br \/>\nK\u00fclt\u00fcrler aras\u0131nda k\u00f6pr\u00fc kuran&#8230;<br \/>\nBilimi payla\u015fan&#8230;<\/p>\n<p>\u0130nsani krizlerde yard\u0131m eden bir T\u00fcrk d\u00fcnyas\u0131&#8230;<br \/>\nB\u00f6yle bir g\u00fc\u00e7 yaln\u0131z korkulmaz.<br \/>\nAyn\u0131 zamanda sayg\u0131 g\u00f6r\u00fcr.<\/p>\n<p>\u00dc\u00c7 NES\u0130LL\u0130K STRATEJ\u0130<\/p>\n<p>Bizim en b\u00fcy\u00fck zihinsel d\u00f6n\u00fc\u015f\u00fcm\u00fcm\u00fcz burada ba\u015flamal\u0131d\u0131r.<\/p>\n<p>Bir nesillik de\u011fil, \u00fc\u00e7 nesillik d\u00fc\u015f\u00fcnmeliyiz.<br \/>\nBug\u00fcn do\u011fan \u00e7ocuk 2050&#8217;lerde devlet y\u00f6netecek.<\/p>\n<p>Bug\u00fcn \u00fcniversiteye ba\u015flayan gen\u00e7 2040&#8217;lar\u0131n bilim insan\u0131 olacak.<\/p>\n<p>Bug\u00fcn kurulan kurum 2070&#8217;lerde meyve verebilir.<\/p>\n<p>O h\u00e2lde planlar\u0131m\u0131z\u0131 yaln\u0131z bug\u00fcn\u00fcn ihtiya\u00e7lar\u0131na g\u00f6re yapamay\u0131z.<\/p>\n<p>Birinci nesil kuracak.<br \/>\n\u0130kinci nesil geli\u015ftirecek.<br \/>\n\u00dc\u00e7\u00fcnc\u00fc nesil d\u00fcnyaya ta\u015f\u0131yacak.<br \/>\n\u0130\u015fte ger\u00e7ek stratejik planlama budur.<\/p>\n<p>2050 HEDEF\u0130: T\u00dcRK D\u00dcNYASI B\u0130R MEDEN\u0130YET HAVZASI OLMALIDIR<\/p>\n<p>2050&#8217;ye geldi\u011fimizde T\u00fcrk d\u00fcnyas\u0131n\u0131n hedefi yaln\u0131z ekonomik b\u00fcy\u00fckl\u00fck olmamal\u0131d\u0131r.<\/p>\n<p>Bilimde s\u00f6z sahibi olmal\u0131d\u0131r.<br \/>\nTeknolojide \u00fcretici olmal\u0131d\u0131r.<\/p>\n<p>Savunmada cayd\u0131r\u0131c\u0131 olmal\u0131d\u0131r.<br \/>\nEnerjide stratejik merkez olmal\u0131d\u0131r.<\/p>\n<p>Tar\u0131mda g\u00fc\u00e7l\u00fc olmal\u0131d\u0131r.<br \/>\nK\u00fclt\u00fcrde etkili olmal\u0131d\u0131r.<\/p>\n<p>E\u011fitimde cazibe merkezi olmal\u0131d\u0131r.<br \/>\nDiplomaside g\u00fcvenilir olmal\u0131d\u0131r.<\/p>\n<p>Ve en \u00f6nemlisi:<br \/>\nKendi ayaklar\u0131 \u00fczerinde duran bir medeniyet havzas\u0131na d\u00f6n\u00fc\u015fmelidir.<\/p>\n<p>UMUT STRATEJ\u0130YE D\u00d6N\u00dc\u015eMED\u0130K\u00c7E YETMEZ<\/p>\n<p>Ba\u015flang\u0131\u00e7taki s\u00f6z\u00fcm\u00fcze yeniden d\u00f6nelim:<\/p>\n<p>\u201c\u00d6yle bir umut ekelim ki topra\u011fa;<br \/>\nD\u00fcnlere perde,<br \/>\nBug\u00fcne \u0131\u015f\u0131k,<br \/>\nYar\u0131nlara g\u00fcne\u015f olsun.\u201d<\/p>\n<p>Evet, umut ekelim.<br \/>\nAma art\u0131k yaln\u0131z umut ekmek yetmez.<\/p>\n<p>Umudu e\u011fitime d\u00f6n\u00fc\u015ft\u00fcrelim.<br \/>\nE\u011fitimi bilgiye d\u00f6n\u00fc\u015ft\u00fcrelim.<br \/>\nBilgiyi teknolojiye d\u00f6n\u00fc\u015ft\u00fcrelim.<br \/>\nTeknolojiyi \u00fcretime d\u00f6n\u00fc\u015ft\u00fcrelim.<br \/>\n\u00dcretimi refaha d\u00f6n\u00fc\u015ft\u00fcrelim.<br \/>\nRefah\u0131 adaletle payla\u015fal\u0131m.<\/p>\n<p>Ve b\u00fct\u00fcn bunlar\u0131 g\u00fc\u00e7l\u00fc kurumlarla gelecek nesillere b\u0131rakal\u0131m.<br \/>\n\u00c7\u00fcnk\u00fc b\u00fcy\u00fck devletler yaln\u0131z bina yapmaz.<\/p>\n<p>Sistem kurar.<br \/>\nB\u00fcy\u00fck milletler yaln\u0131z kahraman yeti\u015ftirmez.<\/p>\n<p>Kahraman yeti\u015ftiren d\u00fczen kurar.<br \/>\nB\u00fcy\u00fck medeniyetler yaln\u0131z bug\u00fcn\u00fcn\u00fc kurtarmaz.<\/p>\n<p>Hen\u00fcz do\u011fmam\u0131\u015f \u00e7ocuklar\u0131n\u0131n gelece\u011fini de d\u00fc\u015f\u00fcn\u00fcr.<\/p>\n<p>B\u0130ZDEN SONRAK\u0130LER B\u0130ZDEN DAHA G\u00dc\u00c7L\u00dc OLMALI<\/p>\n<p>Biz g\u00f6lgesinde oturamayaca\u011f\u0131m\u0131z a\u011fa\u00e7lar\u0131 dikmeliyiz.<br \/>\nOkuyucusunu tan\u0131mayaca\u011f\u0131m\u0131z kitaplar\u0131 yazmal\u0131y\u0131z.<br \/>\nMezunlar\u0131n\u0131 g\u00f6remeyece\u011fimiz okullar\u0131 kurmal\u0131y\u0131z.<\/p>\n<p>Sonucunu g\u00f6remeyece\u011fimiz b\u00fcy\u00fck projeleri ba\u015flatmal\u0131y\u0131z.<\/p>\n<p>\u00c7\u00fcnk\u00fc bizim g\u00f6revimiz yaln\u0131z kendi hayat\u0131m\u0131z\u0131 ya\u015famak de\u011fildir.<\/p>\n<p>Bizden sonrakilere daha g\u00fc\u00e7l\u00fc bir vatan, daha sa\u011flam kurumlar ve daha b\u00fcy\u00fck imk\u00e2nlar b\u0131rakmakt\u0131r.<\/p>\n<p>T\u00fcrk milletinin gelecek stratejisi tek c\u00fcmlede \u00f6zetlenebilir:<\/p>\n<p>D\u00fcn\u00fc bilece\u011fiz.<br \/>\nBug\u00fcn\u00fc y\u00f6netece\u011fiz.<br \/>\nYar\u0131n\u0131 planlayaca\u011f\u0131z.<\/p>\n<p>Ve yapt\u0131\u011f\u0131m\u0131z her i\u015fte kendimize \u015fu soruyu soraca\u011f\u0131z:<\/p>\n<p>\u201cBu karar yaln\u0131z bize mi yar\u0131yor, yoksa \u00e7ocuklar\u0131m\u0131z\u0131n \u00e7ocuklar\u0131na da bir \u015fey b\u0131rak\u0131yor mu?\u201d<\/p>\n<p>E\u011fer cevab\u0131m\u0131z ikinciyse do\u011fru yolday\u0131z.<\/p>\n<p>\u00c7\u00fcnk\u00fc biz yaln\u0131z bug\u00fcn i\u00e7in ya\u015fayan bir millet de\u011filiz.<\/p>\n<p>Biz ge\u00e7mi\u015ften emanet alan, gelece\u011fe emanet b\u0131rakan bir milletiz.<\/p>\n<p>\u00d6yle bir umut ekelim ki topra\u011fa&#8230;<br \/>\nBiz g\u00f6rmesek de ye\u015fersin.<\/p>\n<p>Biz oturamasak da g\u00f6lgesi olsun. Biz ya\u015fayamasak da yar\u0131nlara g\u00fcne\u015f olsun.<\/p>\n<p>\u00c7\u00fcnk\u00fc ger\u00e7ek b\u00fcy\u00fckl\u00fck, insan\u0131n kendisi i\u00e7in yapt\u0131klar\u0131nda de\u011fil; kendisinden sonrakiler i\u00e7in b\u0131rakt\u0131klar\u0131nda gizlidir.<\/p>\n<div id=\"bghab-2795931713\" class=\"bghab-yazi-altinda bghab-entity-placement\"><script async src=\"https:\/\/pagead2.googlesyndication.com\/pagead\/js\/adsbygoogle.js\"><\/script>\r\n<!-- bghaber-yaz\u0131-sonu -->\r\n<ins class=\"adsbygoogle\"\r\n     style=\"display:block\"\r\n     data-ad-client=\"ca-pub-6203283170189293\"\r\n     data-ad-slot=\"4222328180\"\r\n     data-ad-format=\"auto\"\r\n     data-full-width-responsive=\"true\"><\/ins>\r\n<script>\r\n     (adsbygoogle = window.adsbygoogle || []).push({});\r\n<\/script><\/div><br style=\"clear: both; display: block; float: none;\"\/>","protected":false},"excerpt":{"rendered":"<p>UMUDU TOPRA\u011eA DE\u011e\u0130L, GELECE\u011eE EKMEK: T\u00dcRK M\u0130LLET\u0130N\u0130N STRATEJ\u0130K YOL HAR\u0130TASI \u00ab\u201c\u00d6yle bir umut ekelim ki topra\u011fa; D\u00fcnlere perde, Bug\u00fcne \u0131\u015f\u0131k, Yar\u0131nlara g\u00fcne\u015f olsun.\u201d\u00bb Bir milletin<\/p>\n","protected":false},"author":13,"featured_media":65289,"comment_status":"open","ping_status":"closed","sticky":false,"template":"","format":"standard","meta":{"advanced_seo_description":"","jetpack_seo_html_title":"","jetpack_seo_noindex":false,"jetpack_seo_schema_type":"","_jetpack_newsletter_access":"","_jetpack_dont_email_post_to_subs":false,"_jetpack_newsletter_tier_id":0,"_jetpack_memberships_contains_paywalled_content":false,"_jetpack_feature_clip_id":0,"_jetpack_memberships_contains_paid_content":false,"footnotes":"","jetpack_post_was_ever_published":false},"categories":[6],"tags":[],"class_list":["post-65288","post","type-post","status-publish","format-standard","has-post-thumbnail","hentry","category-yorum"],"jetpack_sharing_enabled":true,"jetpack_likes_enabled":true,"jetpack-related-posts":[],"jetpack_shortlink":"https:\/\/wp.me\/pc2PfJ-gZ2","jetpack_featured_media_url":"https:\/\/i0.wp.com\/www.bghaber.org\/bghaber\/wp-content\/uploads\/2026\/08\/rafet-ulututurk-2233resmofs.jpg?fit=556%2C741&ssl=1","_links":{"self":[{"href":"https:\/\/www.bghaber.org\/bghaber\/wp-json\/wp\/v2\/posts\/65288","targetHints":{"allow":["GET"]}}],"collection":[{"href":"https:\/\/www.bghaber.org\/bghaber\/wp-json\/wp\/v2\/posts"}],"about":[{"href":"https:\/\/www.bghaber.org\/bghaber\/wp-json\/wp\/v2\/types\/post"}],"author":[{"embeddable":true,"href":"https:\/\/www.bghaber.org\/bghaber\/wp-json\/wp\/v2\/users\/13"}],"replies":[{"embeddable":true,"href":"https:\/\/www.bghaber.org\/bghaber\/wp-json\/wp\/v2\/comments?post=65288"}],"version-history":[{"count":3,"href":"https:\/\/www.bghaber.org\/bghaber\/wp-json\/wp\/v2\/posts\/65288\/revisions"}],"predecessor-version":[{"id":65292,"href":"https:\/\/www.bghaber.org\/bghaber\/wp-json\/wp\/v2\/posts\/65288\/revisions\/65292"}],"wp:featuredmedia":[{"embeddable":true,"href":"https:\/\/www.bghaber.org\/bghaber\/wp-json\/wp\/v2\/media\/65289"}],"wp:attachment":[{"href":"https:\/\/www.bghaber.org\/bghaber\/wp-json\/wp\/v2\/media?parent=65288"}],"wp:term":[{"taxonomy":"category","embeddable":true,"href":"https:\/\/www.bghaber.org\/bghaber\/wp-json\/wp\/v2\/categories?post=65288"},{"taxonomy":"post_tag","embeddable":true,"href":"https:\/\/www.bghaber.org\/bghaber\/wp-json\/wp\/v2\/tags?post=65288"}],"curies":[{"name":"wp","href":"https:\/\/api.w.org\/{rel}","templated":true}]}}