{"id":65286,"date":"2026-08-26T16:08:20","date_gmt":"2026-08-26T13:08:20","guid":{"rendered":"https:\/\/www.bghaber.org\/bghaber\/?p=65286"},"modified":"2026-08-26T16:08:20","modified_gmt":"2026-08-26T13:08:20","slug":"kardeslik-kalbimizde-gelecek-aklimizda-umut-ise-cocuklarimizda","status":"publish","type":"post","link":"https:\/\/www.bghaber.org\/bghaber\/kardeslik-kalbimizde-gelecek-aklimizda-umut-ise-cocuklarimizda\/","title":{"rendered":"KARDE\u015eL\u0130K KALB\u0130M\u0130ZDE, GELECEK AKLIMIZDA, UMUT \u0130SE \u00c7OCUKLARIMIZDA"},"content":{"rendered":"<p>Rafet ULUT\u00dcRK<\/p>\n<p>D\u00fcnyan\u0131n \u00e7ok h\u0131zl\u0131 de\u011fi\u015fti\u011fi bir \u00e7a\u011f\u0131n i\u00e7indeyiz.<\/p>\n<p>Sava\u015flar\u0131n bi\u00e7imi de\u011fi\u015fiyor. Ekonominin kurallar\u0131 de\u011fi\u015fiyor. Teknoloji insan hayat\u0131n\u0131 yeniden \u015fekillendiriyor. Yapay zek\u00e2dan enerjiye, sudan g\u0131daya, savunmadan uzaya kadar yeni bir k\u00fcresel rekabet kuruluyor.<\/p>\n<p>Fakat b\u00fct\u00fcn bu de\u011fi\u015fimin ortas\u0131nda de\u011fi\u015fmemesi gereken bir hakikat var:<\/p>\n<p><strong>\u0130nsan insana muhta\u00e7t\u0131r. Milletler dayan\u0131\u015fmaya, toplumlar g\u00fcvene, \u00e7ocuklar ise umuda muhta\u00e7t\u0131r.<\/strong><\/p><div id=\"bghab-2614833799\" class=\"bghab-icerik-icine bghab-entity-placement\"><script async src=\"\/\/pagead2.googlesyndication.com\/pagead\/js\/adsbygoogle.js?client=ca-pub-6203283170189293\" crossorigin=\"anonymous\"><\/script><ins class=\"adsbygoogle\" style=\"display:block; text-align:center;\" data-ad-client=\"ca-pub-6203283170189293\" \ndata-ad-slot=\"7303146466\" \ndata-ad-layout=\"in-article\"\ndata-ad-format=\"fluid\" data-full-width-responsive=\"true\"><\/ins>\n<script> \n(adsbygoogle = window.adsbygoogle || []).push({}); \n<\/script>\n<\/div>\n<p>Bu nedenle gelece\u011fe ili\u015fkin \u00fc\u00e7 kelimeyi yan yana koymak gerekiyor:<\/p>\n<p><strong>Karde\u015flik. Ak\u0131l. Umut.<\/strong><\/p>\n<p>Karde\u015flik bizi birbirimize ba\u011flayan g\u00f6n\u00fcl k\u00f6pr\u00fcs\u00fcd\u00fcr.<\/p>\n<p>Ak\u0131l, hangi y\u00f6ne y\u00fcr\u00fcyece\u011fimizi g\u00f6steren pusulad\u0131r.<\/p>\n<p>Umut ise o yolu bizden sonra devam ettirecek \u00e7ocuklar\u0131m\u0131zd\u0131r.<\/p><div id=\"bghab-818060305\" class=\"bghab-icerik-icine-10-paragraf bghab-entity-placement\"><script async src=\"\/\/pagead2.googlesyndication.com\/pagead\/js\/adsbygoogle.js?client=ca-pub-6203283170189293\" crossorigin=\"anonymous\"><\/script><ins class=\"adsbygoogle\" style=\"display:block; text-align:center;\" data-ad-client=\"ca-pub-6203283170189293\" \ndata-ad-slot=\"7303146466\" \ndata-ad-layout=\"in-article\"\ndata-ad-format=\"fluid\" data-full-width-responsive=\"true\"><\/ins>\n<script> \n(adsbygoogle = window.adsbygoogle || []).push({}); \n<\/script>\n<\/div>\n<p>Bu y\u00fczden \u00f6n\u00fcm\u00fczdeki y\u00fczy\u0131la dair en g\u00fc\u00e7l\u00fc c\u00fcmlelerden biri belki de \u015fudur:<\/p>\n<p><strong>Karde\u015flik kalbimizde\u2026<br \/>\nGelecek akl\u0131m\u0131zda\u2026<br \/>\nUmut ise \u00e7ocuklar\u0131m\u0131zda.<\/strong><\/p>\n<h2>ARTIK SADECE BUG\u00dcN\u00dc DE\u011e\u0130L, 2050&#8217;Y\u0130 KONU\u015eMALIYIZ<\/h2>\n<p>Bir millet yaln\u0131zca bug\u00fcn\u00fcn sorunlar\u0131n\u0131 \u00e7\u00f6zerek b\u00fcy\u00fck millet olamaz.<\/p>\n<p>B\u00fcy\u00fck milletler hen\u00fcz ortaya \u00e7\u0131kmam\u0131\u015f sorunlar\u0131 g\u00f6rebilen, gelecek nesiller ad\u0131na bug\u00fcnden haz\u0131rl\u0131k yapabilen milletlerdir.<\/p>\n<p>Bug\u00fcn d\u00fcnyada b\u00fcy\u00fck devletler yaln\u0131zca toprak i\u00e7in m\u00fccadele etmiyor.<\/p><div id=\"bghab-627979178\" class=\"bghab-icerik-icine-15-paragraf bghab-entity-placement\"><script async src=\"\/\/pagead2.googlesyndication.com\/pagead\/js\/adsbygoogle.js?client=ca-pub-6203283170189293\" crossorigin=\"anonymous\"><\/script><ins class=\"adsbygoogle\" style=\"display:block; text-align:center;\" data-ad-client=\"ca-pub-6203283170189293\" \ndata-ad-slot=\"7303146466\" \ndata-ad-layout=\"in-article\"\ndata-ad-format=\"fluid\" data-full-width-responsive=\"true\"><\/ins>\n<script> \n(adsbygoogle = window.adsbygoogle || []).push({}); \n<\/script>\n<\/div>\n<p>Enerji yollar\u0131 i\u00e7in m\u00fccadele ediyorlar.<\/p>\n<p>Limanlar i\u00e7in m\u00fccadele ediyorlar.<\/p>\n<p>Su kaynaklar\u0131 i\u00e7in m\u00fccadele ediyorlar.<\/p>\n<p>Veri i\u00e7in m\u00fccadele ediyorlar.<\/p>\n<p>Yapay zek\u00e2 i\u00e7in m\u00fccadele ediyorlar.<\/p><div id=\"bghab-3636707870\" class=\"bghab-icerik-icine-20-paragraf bghab-entity-placement\"><script async src=\"\/\/pagead2.googlesyndication.com\/pagead\/js\/adsbygoogle.js?client=ca-pub-6203283170189293\" crossorigin=\"anonymous\"><\/script><ins class=\"adsbygoogle\" style=\"display:block; text-align:center;\" data-ad-client=\"ca-pub-6203283170189293\" \ndata-ad-slot=\"7303146466\" \ndata-ad-layout=\"in-article\"\ndata-ad-format=\"fluid\" data-full-width-responsive=\"true\"><\/ins>\n<script> \n(adsbygoogle = window.adsbygoogle || []).push({}); \n<\/script>\n<\/div>\n<p>Savunma teknolojileri i\u00e7in m\u00fccadele ediyorlar.<\/p>\n<p>Uzay i\u00e7in m\u00fccadele ediyorlar.<\/p>\n<p>Ve hepsinden \u00f6nemlisi, <strong>iyi yeti\u015fmi\u015f insan i\u00e7in m\u00fccadele ediyorlar.<\/strong><\/p>\n<p>\u00c7\u00fcnk\u00fc yeni d\u00fcnyan\u0131n ger\u00e7ek serveti yaln\u0131zca yer alt\u0131nda de\u011fildir.<\/p>\n<p><strong>\u0130nsan\u0131n zihnindedir.<\/strong><\/p><div id=\"bghab-1986070024\" class=\"bghab-icerik-icine-25-paragraf bghab-entity-placement\"><script async src=\"\/\/pagead2.googlesyndication.com\/pagead\/js\/adsbygoogle.js?client=ca-pub-6203283170189293\" crossorigin=\"anonymous\"><\/script><ins class=\"adsbygoogle\" style=\"display:block; text-align:center;\" data-ad-client=\"ca-pub-6203283170189293\" \ndata-ad-slot=\"7303146466\" \ndata-ad-layout=\"in-article\"\ndata-ad-format=\"fluid\" data-full-width-responsive=\"true\"><\/ins>\n<script> \n(adsbygoogle = window.adsbygoogle || []).push({}); \n<\/script>\n<\/div>\n<p>Bu nedenle bizim de art\u0131k yaln\u0131zca gelecek se\u00e7imi, gelecek y\u0131l\u0131 veya gelecek on y\u0131l\u0131 de\u011fil; 2050&#8217;yi, hatta 2071&#8217;i konu\u015fabilecek bir zihinsel s\u0131\u00e7ramaya ihtiyac\u0131m\u0131z vard\u0131r.<\/p>\n<p>\u00c7ocuklar\u0131m\u0131z hangi d\u00fcnyada ya\u015fayacak?<\/p>\n<p>Hangi meslekler olacak?<\/p>\n<p>Hangi teknolojiler \u00fclkelerin kaderini belirleyecek?<\/p>\n<p>Su ve g\u0131da g\u00fcvenli\u011fi nas\u0131l sa\u011flanacak?<\/p><div id=\"bghab-931002084\" class=\"bghab-icerik-icine-30-paragraf bghab-entity-placement\"><script async src=\"\/\/pagead2.googlesyndication.com\/pagead\/js\/adsbygoogle.js?client=ca-pub-6203283170189293\" crossorigin=\"anonymous\"><\/script><ins class=\"adsbygoogle\" style=\"display:block; text-align:center;\" data-ad-client=\"ca-pub-6203283170189293\" \ndata-ad-slot=\"7303146466\" \ndata-ad-layout=\"in-article\"\ndata-ad-format=\"fluid\" data-full-width-responsive=\"true\"><\/ins>\n<script> \n(adsbygoogle = window.adsbygoogle || []).push({}); \n<\/script>\n<\/div>\n<p>T\u00fcrk d\u00fcnyas\u0131n\u0131n d\u00fcnya ekonomisindeki yeri nerede olacak?<\/p>\n<p>Bu sorular\u0131 bug\u00fcn sormazsak yar\u0131n ba\u015fkalar\u0131n\u0131n kurdu\u011fu d\u00fcnyan\u0131n i\u00e7inde kendimize yer aramak zorunda kal\u0131r\u0131z.<\/p>\n<h2>KARDE\u015eL\u0130K SADECE DUYGU DE\u011e\u0130L, STRATEJ\u0130K SERMAYED\u0130R<\/h2>\n<p>Karde\u015fli\u011fi y\u0131llarca \u00e7o\u011funlukla duygusal bir kavram olarak anlatt\u0131k.<\/p>\n<p>Oysa karde\u015flik ayn\u0131 zamanda b\u00fcy\u00fck bir stratejik sermayedir.<\/p>\n<p>Birbirine g\u00fcvenen insanlar ticaret yapar.<\/p><div id=\"bghab-3761927509\" class=\"bghab-icerik-icine-35-paragraf bghab-entity-placement\"><script async src=\"\/\/pagead2.googlesyndication.com\/pagead\/js\/adsbygoogle.js?client=ca-pub-6203283170189293\" crossorigin=\"anonymous\"><\/script><ins class=\"adsbygoogle\" style=\"display:block; text-align:center;\" data-ad-client=\"ca-pub-6203283170189293\" \ndata-ad-slot=\"7303146466\" \ndata-ad-layout=\"in-article\"\ndata-ad-format=\"fluid\" data-full-width-responsive=\"true\"><\/ins>\n<script> \n(adsbygoogle = window.adsbygoogle || []).push({}); \n<\/script>\n<\/div>\n<p>Birbirine g\u00fcvenen \u00fclkeler yat\u0131r\u0131m yapar.<\/p>\n<p>Birbirini tan\u0131yan gen\u00e7ler ortak projeler \u00fcretir.<\/p>\n<p>Birbirinin ac\u0131s\u0131n\u0131 bilen toplumlar kriz zamanlar\u0131nda birbirine s\u0131rt\u0131n\u0131 d\u00f6nmez.<\/p>\n<p>Dolay\u0131s\u0131yla karde\u015fli\u011fi yaln\u0131zca meydanlarda s\u00f6ylenen g\u00fczel s\u00f6zlerden \u00e7\u0131kar\u0131p hayat\u0131n i\u00e7ine ta\u015f\u0131mam\u0131z gerekiyor.<\/p>\n<p>Karde\u015flik; bir \u00f6\u011frencinin e\u011fitimine destek olmakt\u0131r.<\/p><div id=\"bghab-1175513170\" class=\"bghab-icerik-icine-40-paragraf bghab-entity-placement\"><script async src=\"\/\/pagead2.googlesyndication.com\/pagead\/js\/adsbygoogle.js?client=ca-pub-6203283170189293\" crossorigin=\"anonymous\"><\/script><ins class=\"adsbygoogle\" style=\"display:block; text-align:center;\" data-ad-client=\"ca-pub-6203283170189293\" \ndata-ad-slot=\"7303146466\" \ndata-ad-layout=\"in-article\"\ndata-ad-format=\"fluid\" data-full-width-responsive=\"true\"><\/ins>\n<script> \n(adsbygoogle = window.adsbygoogle || []).push({}); \n<\/script>\n<\/div>\n<p>Bir giri\u015fimcinin \u00f6n\u00fcn\u00fc a\u00e7makt\u0131r.<\/p>\n<p>Bir bilim insan\u0131n\u0131 desteklemektir.<\/p>\n<p>Bir \u00e7ift\u00e7inin \u00fcr\u00fcn\u00fcn\u00fc pazara ula\u015ft\u0131rmakt\u0131r.<\/p>\n<p>Bir sanat\u00e7\u0131n\u0131n eserini d\u00fcnyaya ta\u015f\u0131makt\u0131r.<\/p>\n<p>Bir \u00e7ocu\u011fun hayaline ortak olmakt\u0131r.<\/p><div id=\"bghab-2920346516\" class=\"bghab-icerik-icine-45-paragraf bghab-entity-placement\"><script async src=\"\/\/pagead2.googlesyndication.com\/pagead\/js\/adsbygoogle.js?client=ca-pub-6203283170189293\" crossorigin=\"anonymous\"><\/script><ins class=\"adsbygoogle\" style=\"display:block; text-align:center;\" data-ad-client=\"ca-pub-6203283170189293\" \ndata-ad-slot=\"7303146466\" \ndata-ad-layout=\"in-article\"\ndata-ad-format=\"fluid\" data-full-width-responsive=\"true\"><\/ins>\n<script> \n(adsbygoogle = window.adsbygoogle || []).push({}); \n<\/script>\n<\/div>\n<p>Karde\u015fli\u011fin ger\u00e7ek \u00f6l\u00e7\u00fcs\u00fc, <strong>\u201cSeni seviyorum\u201d demekten \u00f6nce \u201cSenin i\u00e7in ne yapabilirim?\u201d diye sorabilmektir.<\/strong><\/p>\n<h2>GE\u00c7M\u0130\u015e B\u0130ZE K\u0130ML\u0130K VER\u0130R, GELECEK \u0130SE SORUMLULUK<\/h2>\n<p>Biz b\u00fcy\u00fck bir tarih\u00ee miras\u0131n \u00e7ocuklar\u0131y\u0131z.<\/p>\n<p>Anadolu&#8217;dan Balkanlara, Kafkaslardan T\u00fcrkistan&#8217;a kadar uzanan geni\u015f bir medeniyet co\u011frafyas\u0131n\u0131n haf\u0131zas\u0131n\u0131 ta\u015f\u0131yoruz.<\/p>\n<p>Fakat ge\u00e7mi\u015fin b\u00fcy\u00fckl\u00fc\u011f\u00fc, gelece\u011fin b\u00fcy\u00fckl\u00fc\u011f\u00fcn\u00fc garanti etmez.<\/p>\n<p>Ge\u00e7mi\u015f bize kim oldu\u011fumuzu anlat\u0131r.<\/p><div id=\"bghab-2481362680\" class=\"bghab-icerik-icine-50-paragraf bghab-entity-placement\"><script async src=\"\/\/pagead2.googlesyndication.com\/pagead\/js\/adsbygoogle.js?client=ca-pub-6203283170189293\" crossorigin=\"anonymous\"><\/script><ins class=\"adsbygoogle\" style=\"display:block; text-align:center;\" data-ad-client=\"ca-pub-6203283170189293\" \ndata-ad-slot=\"7303146466\" \ndata-ad-layout=\"in-article\"\ndata-ad-format=\"fluid\" data-full-width-responsive=\"true\"><\/ins>\n<script> \n(adsbygoogle = window.adsbygoogle || []).push({}); \n<\/script>\n<\/div>\n<p><strong>Gelecek ise ne yapmam\u0131z gerekti\u011fini sorar.<\/strong><\/p>\n<p>Atalar\u0131m\u0131zla \u00f6v\u00fcnmek g\u00fczeldir.<\/p>\n<p>Fakat \u00e7ocuklar\u0131m\u0131z\u0131n da bizimle \u00f6v\u00fcnebilece\u011fi i\u015fler yapmak daha \u00f6nemlidir.<\/p>\n<p>Bir g\u00fcn gelecek, bizler de ge\u00e7mi\u015f olaca\u011f\u0131z.<\/p>\n<p>\u00c7ocuklar\u0131m\u0131z bize bakacak ve \u015fu soruyu soracak:<\/p><div id=\"bghab-2989860411\" class=\"bghab-icerik-icine-55-paragraf bghab-entity-placement\"><script async src=\"\/\/pagead2.googlesyndication.com\/pagead\/js\/adsbygoogle.js?client=ca-pub-6203283170189293\" crossorigin=\"anonymous\"><\/script><ins class=\"adsbygoogle\" style=\"display:block; text-align:center;\" data-ad-client=\"ca-pub-6203283170189293\" \ndata-ad-slot=\"7303146466\" \ndata-ad-layout=\"in-article\"\ndata-ad-format=\"fluid\" data-full-width-responsive=\"true\"><\/ins>\n<script> \n(adsbygoogle = window.adsbygoogle || []).push({}); \n<\/script>\n<\/div>\n<p><strong>\u201cSiz bize nas\u0131l bir d\u00fcnya b\u0131rakt\u0131n\u0131z?\u201d<\/strong><\/p>\n<p>\u0130\u015fte bug\u00fcnk\u00fc b\u00fct\u00fcn kararlar\u0131m\u0131z\u0131n ger\u00e7ek \u00f6l\u00e7\u00fcs\u00fc bu soru olmal\u0131d\u0131r.<\/p>\n<h2>\u00c7OCUKLARIMIZA K\u0130N DE\u011e\u0130L HAFIZA, KORKU DE\u011e\u0130L CESARET BIRAKALIM<\/h2>\n<p>Bizim co\u011frafyam\u0131z \u00e7ok ac\u0131 g\u00f6rd\u00fc.<\/p>\n<p>G\u00f6\u00e7ler ya\u015fand\u0131.<\/p>\n<p>Sava\u015flar ya\u015fand\u0131.<\/p><div id=\"bghab-2550846312\" class=\"bghab-icerik-icine-60-paragraf bghab-entity-placement\"><script async src=\"\/\/pagead2.googlesyndication.com\/pagead\/js\/adsbygoogle.js?client=ca-pub-6203283170189293\" crossorigin=\"anonymous\"><\/script><ins class=\"adsbygoogle\" style=\"display:block; text-align:center;\" data-ad-client=\"ca-pub-6203283170189293\" \ndata-ad-slot=\"7303146466\" \ndata-ad-layout=\"in-article\"\ndata-ad-format=\"fluid\" data-full-width-responsive=\"true\"><\/ins>\n<script> \n(adsbygoogle = window.adsbygoogle || []).push({}); \n<\/script>\n<\/div>\n<p>Aileler par\u00e7aland\u0131.<\/p>\n<p>Evler, k\u00f6yler, \u015fehirler terk edildi.<\/p>\n<p>Bir \u00f6m\u00fcr birka\u00e7 bavula s\u0131\u011fd\u0131r\u0131ld\u0131.<\/p>\n<p>\u0130nsanlar do\u011fduklar\u0131 topraklardan ayr\u0131l\u0131rken d\u00f6n\u00fcp evlerine son kez bakt\u0131lar.<\/p>\n<p>B\u00fct\u00fcn bunlar\u0131 unutamay\u0131z.<\/p><div id=\"bghab-3848968986\" class=\"bghab-icerik-icine-65-paragraf bghab-entity-placement\"><script async src=\"\/\/pagead2.googlesyndication.com\/pagead\/js\/adsbygoogle.js?client=ca-pub-6203283170189293\" crossorigin=\"anonymous\"><\/script><ins class=\"adsbygoogle\" style=\"display:block; text-align:center;\" data-ad-client=\"ca-pub-6203283170189293\" \ndata-ad-slot=\"7303146466\" \ndata-ad-layout=\"in-article\"\ndata-ad-format=\"fluid\" data-full-width-responsive=\"true\"><\/ins>\n<script> \n(adsbygoogle = window.adsbygoogle || []).push({}); \n<\/script>\n<\/div>\n<p>Unutmamal\u0131y\u0131z da.<\/p>\n<p>Fakat ge\u00e7mi\u015fin ac\u0131s\u0131n\u0131 \u00e7ocuklar\u0131m\u0131z\u0131n omuzlar\u0131na nefret olarak y\u00fcklememeliyiz.<\/p>\n<p>Onlara <strong>haf\u0131za<\/strong> b\u0131rakmal\u0131y\u0131z.<\/p>\n<p>Kim olduklar\u0131n\u0131 \u00f6\u011fretmeliyiz.<\/p>\n<p>Dedelerinin nereden geldi\u011fini anlatmal\u0131y\u0131z.<\/p>\n<p>K\u00f6ylerini, mezar ta\u015flar\u0131n\u0131, t\u00fcrk\u00fclerini, destanlar\u0131n\u0131 \u00f6\u011fretmeliyiz.<\/p>\n<p>Sonra da \u015f\u00f6yle demeliyiz:<\/p>\n<p><strong>\u201cBizim ya\u015fad\u0131\u011f\u0131m\u0131z ac\u0131lar\u0131 ezberlemekle yetinmeyin. Bizim kuramad\u0131\u011f\u0131m\u0131z gelece\u011fi siz kurun.\u201d<\/strong><\/p>\n<p>\u00c7\u00fcnk\u00fc tarih intikam \u00fcretmek i\u00e7in de\u011fil, ayn\u0131 hatalar\u0131 tekrar etmemek i\u00e7in \u00f6\u011frenilir.<\/p>\n<h2>GELECE\u011e\u0130N EN B\u00dcY\u00dcK YATIRIMI \u00c7OCUKTUR<\/h2>\n<p>Bir \u00fclkenin gelece\u011fini g\u00f6rmek istiyorsan\u0131z g\u00f6kdelenlerine bakmay\u0131n.<\/p>\n<p>\u00c7ocuklar\u0131na bak\u0131n.<\/p>\n<p>Okullar\u0131na bak\u0131n.<\/p>\n<p>\u00d6\u011fretmenlerine bak\u0131n.<\/p>\n<p>K\u00fct\u00fcphanelerine bak\u0131n.<\/p>\n<p>Laboratuvarlar\u0131na bak\u0131n.<\/p>\n<p>Gen\u00e7lerinin hayallerine bak\u0131n.<\/p>\n<p>\u00c7\u00fcnk\u00fc bug\u00fcn s\u0131n\u0131fta oturan \u00e7ocuk, yirmi y\u0131l sonra \u00fclkenin doktoru, m\u00fchendisi, \u00f6\u011fretmeni, y\u00f6neticisi, bilim insan\u0131, giri\u015fimcisi veya sanat\u00e7\u0131s\u0131 olacakt\u0131r.<\/p>\n<p>Bug\u00fcn ihmal etti\u011fimiz \u00e7ocuk yar\u0131n\u0131n kay\u0131p insan kayna\u011f\u0131d\u0131r.<\/p>\n<p>Bug\u00fcn elinden tuttu\u011fumuz \u00e7ocuk ise yar\u0131n\u0131n b\u00fcy\u00fck de\u011feri olabilir.<\/p>\n<p>Bir \u00e7ocu\u011fa verilen kitap bazen bir \u00fclkenin gelece\u011fini de\u011fi\u015ftirir.<\/p>\n<p>Bir \u00f6\u011frenciye verilen burs bir ailenin kaderini de\u011fi\u015ftirebilir.<\/p>\n<p>Bir k\u0131z \u00e7ocu\u011funun e\u011fitimine yap\u0131lan yat\u0131r\u0131m gelecek ku\u015faklar\u0131n hayat\u0131na dokunabilir.<\/p>\n<p>\u00c7\u00fcnk\u00fc e\u011fitim verdi\u011finiz \u00e7ocuk yaln\u0131zca kendisini de\u011fi\u015ftirmez.<\/p>\n<p><strong>Ailesini, \u00e7evresini ve ard\u0131ndan toplumunu de\u011fi\u015ftirir.<\/strong><\/p>\n<h2>\u00c7OCUKLARIMIZA \u201cNEY\u0130M\u0130Z YOK?\u201d DE\u011e\u0130L, \u201cNEY\u0130M\u0130Z VAR?\u201d D\u0130YE SORDURALIM<\/h2>\n<p>Toplum olarak \u00fczerinde d\u00fc\u015f\u00fcnmemiz gereken \u00f6nemli bir al\u0131\u015fkanl\u0131\u011f\u0131m\u0131z var.<\/p>\n<p>Eksiklerimizi konu\u015fmay\u0131 seviyoruz.<\/p>\n<p>Param\u0131z yok.<\/p>\n<p>\u0130mk\u00e2n\u0131m\u0131z yok.<\/p>\n<p>Teknolojimiz eksik.<\/p>\n<p>\u015eartlar\u0131m\u0131z uygun de\u011fil.<\/p>\n<p>Fakat tarihte hi\u00e7bir b\u00fcy\u00fck y\u00fcr\u00fcy\u00fc\u015f b\u00fct\u00fcn \u015fartlar tamamland\u0131ktan sonra ba\u015flamad\u0131.<\/p>\n<p>\u0130nsanl\u0131k tarihini de\u011fi\u015ftirenler \u00e7o\u011fu zaman ellerindekilerle ba\u015flayanlard\u0131r.<\/p>\n<p>Bu nedenle gen\u00e7lerimize s\u00fcrekli eksiklerimizi anlatmak yerine \u015fu soruyu \u00f6\u011fretmeliyiz:<\/p>\n<p><strong>\u201cElimizde ne var ve bunlarla ne yapabiliriz?\u201d<\/strong><\/p>\n<p>\u0130\u015fte stratejik d\u00fc\u015f\u00fcnce burada ba\u015flar.<\/p>\n<p>Cesaret de burada ba\u015flar.<\/p>\n<p>\u00c7\u00fcnk\u00fc cesaret \u00e7o\u011fu zaman korkusuzluk de\u011fildir.<\/p>\n<p><strong>Haz\u0131rl\u0131kl\u0131 olmakt\u0131r.<\/strong><\/p>\n<p>Haz\u0131rl\u0131\u011f\u0131n kayna\u011f\u0131 ise \u00e7al\u0131\u015fmakt\u0131r.<\/p>\n<p>\u00c7al\u0131\u015fan insan kendisine g\u00fcvenir.<\/p>\n<p>\u00dcreten toplum gelece\u011finden korkmaz.<\/p>\n<h2>B\u0130RB\u0130R\u0130M\u0130Z\u0130 GE\u00c7MEYE DE\u011e\u0130L, B\u0130RL\u0130KTE Y\u00dcKSELMEYE \u00c7ALI\u015eMALIYIZ<\/h2>\n<p>Karde\u015fli\u011fin en b\u00fcy\u00fck s\u0131navlar\u0131ndan biri, karde\u015finin ba\u015far\u0131s\u0131ndan mutlu olabilmektir.<\/p>\n<p>Bir insan y\u00fckseldi\u011finde onu a\u015fa\u011f\u0131 \u00e7ekmeye \u00e7al\u0131\u015f\u0131yorsak b\u00fcy\u00fck toplum kuramay\u0131z.<\/p>\n<p>Bir bilim insan\u0131m\u0131z d\u00fcnyada ba\u015far\u0131l\u0131 oldu\u011funda onu desteklemeliyiz.<\/p>\n<p>Bir giri\u015fimcimiz yeni bir \u015firket kurdu\u011funda yolunu a\u00e7mal\u0131y\u0131z.<\/p>\n<p>Bir gencimiz yeni bir fikir ortaya koydu\u011funda \u00f6nce kusur aramak yerine dinlemeliyiz.<\/p>\n<p>Bir sanat\u00e7\u0131m\u0131z d\u00fcnyaya a\u00e7\u0131ld\u0131\u011f\u0131nda gurur duymal\u0131y\u0131z.<\/p>\n<p>\u00c7\u00fcnk\u00fc g\u00fc\u00e7l\u00fc toplum ba\u015far\u0131l\u0131 insanlar\u0131n\u0131 t\u00fcketmez.<\/p>\n<p><strong>Ba\u015far\u0131l\u0131 insanlar\u0131n\u0131 \u00e7o\u011falt\u0131r.<\/strong><\/p>\n<p>\u00c7ocuklar\u0131m\u0131za da bunu \u00f6\u011fretmeliyiz:<\/p>\n<p><strong>\u201cBirbirinizi yenmeye de\u011fil, birlikte y\u00fckselmeye \u00e7al\u0131\u015f\u0131n.\u201d<\/strong><\/p>\n<p>Bir ki\u015finin y\u00fckseldi\u011fi toplumda ba\u015far\u0131 vard\u0131r.<\/p>\n<p>Binlerce ki\u015finin birbirini y\u00fckseltti\u011fi toplumda ise medeniyet do\u011far.<\/p>\n<h2>T\u00dcRK D\u00dcNYASINDA KARDE\u015eL\u0130\u011e\u0130N \u0130K\u0130NC\u0130 A\u015eAMASINA GE\u00c7MEL\u0130Y\u0130Z<\/h2>\n<p>T\u00fcrkiye&#8217;den Azerbaycan&#8217;a, Kazakistan&#8217;dan K\u0131rg\u0131zistan&#8217;a, \u00d6zbekistan&#8217;dan T\u00fcrkmenistan&#8217;a; Balkanlardan Kafkaslara ve T\u00fcrkistan&#8217;a uzanan b\u00fcy\u00fck bir g\u00f6n\u00fcl co\u011frafyam\u0131z vard\u0131r.<\/p>\n<p>Fakat 21. y\u00fczy\u0131lda g\u00f6n\u00fcl ba\u011f\u0131n\u0131 kurumsal ba\u011flarla tamamlamak zorunday\u0131z.<\/p>\n<p>Art\u0131k karde\u015fli\u011fin ikinci a\u015famas\u0131na ge\u00e7meliyiz.<\/p>\n<p>Ortak \u00f6\u011frenci programlar\u0131&#8230;<\/p>\n<p>Ortak ara\u015ft\u0131rma merkezleri&#8230;<\/p>\n<p>Ortak teknoloji fonlar\u0131&#8230;<\/p>\n<p>Gen\u00e7 giri\u015fimci a\u011flar\u0131&#8230;<\/p>\n<p>\u00dcniversiteler aras\u0131nda ortak projeler&#8230;<\/p>\n<p>K\u00fclt\u00fcr ve sanat programlar\u0131&#8230;<\/p>\n<p>Ortak dijital platformlar&#8230;<\/p>\n<p>Lojistik ve ticaret koridorlar\u0131&#8230;<\/p>\n<p>Enerji i\u015f birlikleri&#8230;<\/p>\n<p>Bilim insanlar\u0131 aras\u0131nda kal\u0131c\u0131 a\u011flar&#8230;<\/p>\n<p>\u00c7\u00fcnk\u00fc gelece\u011fin T\u00fcrk d\u00fcnyas\u0131 yaln\u0131zca birbirine <strong>\u201ckarde\u015fim\u201d<\/strong> diyen \u00fclkeler toplulu\u011fu olmamal\u0131d\u0131r.<\/p>\n<p><strong>Birlikte d\u00fc\u015f\u00fcnen, birlikte \u00fcreten ve gerekti\u011finde birlikte hareket edebilen bir medeniyet havzas\u0131na d\u00f6n\u00fc\u015fmelidir.<\/strong><\/p>\n<h2>BALKANLAR \u0130LE T\u00dcRK\u0130STAN ARASINDA YEN\u0130 B\u0130R G\u00d6N\u00dcL VE B\u0130LG\u0130 KOR\u0130DORU<\/h2>\n<p>Gelece\u011fe ili\u015fkin en \u00f6nemli stratejik meselelerden biri de co\u011frafyalar\u0131m\u0131z aras\u0131ndaki zihinsel mesafeyi azaltmakt\u0131r.<\/p>\n<p>\u0130stanbul&#8217;daki \u00e7ocuk Buhara&#8217;y\u0131 bilmeli.<\/p>\n<p>Bak\u00fc&#8217;deki gen\u00e7 K\u0131rcaali&#8217;yi tan\u0131mal\u0131.<\/p>\n<p>T\u00fcrkistan&#8217;daki \u00f6\u011frenci Balkan T\u00fcrklerinin tarihini \u00f6\u011frenmeli.<\/p>\n<p>Balkanlardaki gen\u00e7 Ahmet Yesevi&#8217;yi bilmeli.<\/p>\n<p>Semerkant, Bursa, Bak\u00fc, T\u00fcrkistan, K\u0131rcaali, Saraybosna, \u00dcsk\u00fcp birbirinden uzak \u015fehirler olarak g\u00f6r\u00fclmemelidir.<\/p>\n<p>Bunlar\u0131 birbirine ba\u011flayacak \u015fey yaln\u0131zca u\u00e7ak yollar\u0131 de\u011fildir.<\/p>\n<p><strong>Bilgi yollar\u0131d\u0131r.<\/strong><\/p>\n<p>\u00d6\u011frenci de\u011fi\u015fimleri, k\u00fclt\u00fcr programlar\u0131, ortak tarih projeleri ve gen\u00e7lik bulu\u015fmalar\u0131yla yeni bir g\u00f6n\u00fcl ve bilgi koridoru kurulmal\u0131d\u0131r.<\/p>\n<p>Birbirini tan\u0131mayanlar\u0131n karde\u015fli\u011fi slogan olarak kal\u0131r.<\/p>\n<p>Birbirini tan\u0131yanlar\u0131n karde\u015fli\u011fi ise ortak gelece\u011fe d\u00f6n\u00fc\u015f\u00fcr.<\/p>\n<h2>YEN\u0130 Y\u00dcZYILIN M\u00dcCADELES\u0130 GEN\u00c7LER\u0130N Z\u0130HN\u0130NDE YA\u015eANACAK<\/h2>\n<p>Bug\u00fcn\u00fcn d\u00fcnyas\u0131nda \u00e7ocuklar\u0131m\u0131z yaln\u0131zca ailelerinden ve okullar\u0131ndan e\u011fitim alm\u0131yor.<\/p>\n<p>Telefonlar\u0131ndan \u00f6\u011freniyorlar.<\/p>\n<p>Sosyal medyadan \u00f6\u011freniyorlar.<\/p>\n<p>Algoritmalar onlar\u0131n ne g\u00f6rece\u011fine karar veriyor.<\/p>\n<p>K\u00fcresel k\u00fclt\u00fcr, \u00e7ocuklar\u0131m\u0131z\u0131n kimliklerini ve hayallerini \u015fekillendiriyor.<\/p>\n<p>Dolay\u0131s\u0131yla yeni y\u00fczy\u0131l\u0131n en b\u00fcy\u00fck m\u00fccadele alanlar\u0131ndan biri <strong>\u00e7ocuklar\u0131n ve gen\u00e7lerin zihnidir.<\/strong><\/p>\n<p>Burada yasaklarla sonu\u00e7 alamay\u0131z.<\/p>\n<p>Alternatif \u00fcretmeliyiz.<\/p>\n<p>Daha iyi kitaplar yazmal\u0131y\u0131z.<\/p>\n<p>Daha kaliteli filmler \u00e7ekmeliyiz.<\/p>\n<p>Dijital i\u00e7erikler \u00fcretmeliyiz.<\/p>\n<p>Bilim merkezleri kurmal\u0131y\u0131z.<\/p>\n<p>Gen\u00e7lerin d\u00fcnyaya a\u00e7\u0131lmas\u0131n\u0131 sa\u011flamal\u0131 ama kendi k\u00f6kleriyle ba\u011flar\u0131n\u0131 da g\u00fc\u00e7lendirmeliyiz.<\/p>\n<p>\u00c7ocu\u011fumuza yaln\u0131zca kim oldu\u011funu \u00f6\u011fretmek yetmez.<\/p>\n<p><strong>Kim olabilece\u011fini de g\u00f6stermek zorunday\u0131z.<\/strong><\/p>\n<h2>2050 \u0130\u00c7\u0130N \u00dc\u00c7 B\u00dcY\u00dcK SERMAYE<\/h2>\n<p>Gelece\u011fin d\u00fcnyas\u0131nda milletlerin g\u00fcc\u00fcn\u00fc yaln\u0131zca para belirlemeyecek.<\/p>\n<p>\u00dc\u00e7 temel sermaye belirleyici olacakt\u0131r:<\/p>\n<p><strong>\u0130nsan sermayesi.<br \/>\nBilgi sermayesi.<br \/>\nG\u00fcven sermayesi.<\/strong><\/p>\n<p>\u0130nsan sermayesi, iyi yeti\u015fmi\u015f gen\u00e7lerimizdir.<\/p>\n<p>Bilgi sermayesi, bilim ve teknoloji \u00fcretme kabiliyetimizdir.<\/p>\n<p>G\u00fcven sermayesi ise toplumumuzun birbirine inanabilme kapasitesidir.<\/p>\n<p>\u0130\u015fte karde\u015flik burada stratejik bir kavrama d\u00f6n\u00fc\u015fmektedir.<\/p>\n<p>Birbirine g\u00fcvenmeyen toplum b\u00fct\u00fcn enerjisini i\u00e7 m\u00fccadelede t\u00fcketir.<\/p>\n<p>Birbirine g\u00fcvenen toplum ise enerjisini gelece\u011fe y\u00f6neltir.<\/p>\n<h2>\u00c7OCUKLARIMIZA MALDAN \u00d6NCE B\u0130R \u00dcLKE BIRAKALIM<\/h2>\n<p>Anne babalar \u00e7ocuklar\u0131n\u0131n gelece\u011fini d\u00fc\u015f\u00fcn\u00fcrken \u00e7o\u011fu zaman \u015funu s\u00f6yler:<\/p>\n<p>\u201cBir ev b\u0131rakay\u0131m.\u201d<\/p>\n<p>\u201cBir arsa b\u0131rakay\u0131m.\u201d<\/p>\n<p>\u201cBir miktar para b\u0131rakay\u0131m.\u201d<\/p>\n<p>Elbette bunlar de\u011ferlidir.<\/p>\n<p>Fakat \u00e7ocu\u011fumuza b\u0131rakabilece\u011fimiz daha b\u00fcy\u00fck bir miras vard\u0131r:<\/p>\n<p><strong>Ya\u015famak isteyece\u011fi bir \u00fclke.<\/strong><\/p>\n<p>Adaletin g\u00fc\u00e7l\u00fc oldu\u011fu&#8230;<\/p>\n<p>\u0130yi e\u011fitim alabildi\u011fi&#8230;<\/p>\n<p>\u00c7al\u0131\u015fan\u0131n kar\u015f\u0131l\u0131\u011f\u0131n\u0131 g\u00f6rd\u00fc\u011f\u00fc&#8230;<\/p>\n<p>Bilim insan\u0131n\u0131n de\u011fer g\u00f6rd\u00fc\u011f\u00fc&#8230;<\/p>\n<p>Gencin hayal kurabildi\u011fi&#8230;<\/p>\n<p>Kad\u0131n\u0131n g\u00fcvenle ya\u015fayabildi\u011fi&#8230;<\/p>\n<p>Ya\u015fl\u0131n\u0131n yaln\u0131z b\u0131rak\u0131lmad\u0131\u011f\u0131&#8230;<\/p>\n<p>\u0130nsanlar\u0131n birbirlerine g\u00fcvenebildi\u011fi bir \u00fclke.<\/p>\n<p>\u00c7ocuklar\u0131m\u0131za b\u0131rakaca\u011f\u0131m\u0131z en b\u00fcy\u00fck servet budur.<\/p>\n<h2>B\u0130R G\u00dcN B\u0130Z OLMAYACA\u011eIZ<\/h2>\n<p>B\u00fct\u00fcn stratejik hesaplar\u0131n \u00f6tesinde hayat\u0131n de\u011fi\u015fmeyen bir ger\u00e7e\u011fi var.<\/p>\n<p>Bir g\u00fcn biz olmayaca\u011f\u0131z.<\/p>\n<p>Bug\u00fcn oturdu\u011fumuz koltuklarda ba\u015fkalar\u0131 oturacak.<\/p>\n<p>Bug\u00fcn y\u00fcr\u00fcd\u00fc\u011f\u00fcm\u00fcz sokaklarda ba\u015fka \u00e7ocuklar y\u00fcr\u00fcyecek.<\/p>\n<p>Bug\u00fcn konu\u015ftu\u011fumuz salonlarda ba\u015fka insanlar konu\u015facak.<\/p>\n<p>Belki isimlerimiz unutulacak.<\/p>\n<p>Fakat yapt\u0131klar\u0131m\u0131z\u0131n sonu\u00e7lar\u0131 ya\u015fayacak.<\/p>\n<p>Okuttu\u011fumuz \u00f6\u011frenci ya\u015fayacak.<\/p>\n<p>Yeti\u015ftirdi\u011fimiz insan ya\u015fayacak.<\/p>\n<p>Dikti\u011fimiz a\u011fa\u00e7 ya\u015fayacak.<\/p>\n<p>Yazd\u0131\u011f\u0131m\u0131z kitap ya\u015fayacak.<\/p>\n<p>Kurdu\u011fumuz kurum ya\u015fayacak.<\/p>\n<p>Birbirine karde\u015f olmay\u0131 \u00f6\u011fretti\u011fimiz \u00e7ocuklar ya\u015fayacak.<\/p>\n<p>\u0130\u015fte bu nedenle hayat\u0131n ger\u00e7ek \u00f6l\u00e7\u00fcs\u00fc ka\u00e7 y\u0131l ya\u015fad\u0131\u011f\u0131m\u0131z de\u011fildir.<\/p>\n<p><strong>Bizden sonra neyin ya\u015famaya devam edece\u011fidir.<\/strong><\/p>\n<h2>GELECE\u011eE I\u015eIK TUTACAK YEN\u0130 B\u0130R TOPLUM S\u00d6ZLE\u015eMES\u0130<\/h2>\n<p>\u00d6n\u00fcm\u00fczdeki d\u00f6nemde b\u00fcy\u00fck bir toplumsal anlay\u0131\u015fa ihtiyac\u0131m\u0131z var.<\/p>\n<p>Bu anlay\u0131\u015f\u0131n \u00f6z\u00fc \u00e7ok basit olmal\u0131d\u0131r:<\/p>\n<p><strong>Karde\u015fini koru.<br \/>\n\u00c7ocu\u011funu yeti\u015ftir.<br \/>\n\u0130\u015fini iyi yap.<br \/>\n\u00dcret.<br \/>\nBilgiye yat\u0131r\u0131m yap.<br \/>\nBa\u015far\u0131l\u0131 insan\u0131n \u00f6n\u00fcn\u00fc a\u00e7.<br \/>\nGe\u00e7mi\u015fini unutma.<br \/>\nFakat y\u00fcz\u00fcn\u00fc gelece\u011fe d\u00f6n.<\/strong><\/p>\n<p>Devlet gelece\u011fi planlayacak.<\/p>\n<p>\u00dcniversite bilgi \u00fcretecek.<\/p>\n<p>\u0130\u015f d\u00fcnyas\u0131 yat\u0131r\u0131m yapacak.<\/p>\n<p>Sivil toplum g\u00f6n\u00fcllere dokunacak.<\/p>\n<p>Aile de\u011fer kazand\u0131racak.<\/p>\n<p>\u00d6\u011fretmen insan yeti\u015ftirecek.<\/p>\n<p>Gen\u00e7ler ise b\u00fct\u00fcn bunlar\u0131 daha ileriye ta\u015f\u0131yacak.<\/p>\n<p>\u00c7\u00fcnk\u00fc gelecek yaln\u0131zca devletlerin yapt\u0131\u011f\u0131 planlarla kurulmaz.<\/p>\n<p><strong>Bir toplumun tamam\u0131n\u0131n ayn\u0131 istikamete y\u00fcr\u00fcmesiyle kurulur.<\/strong><\/p>\n<h1>KARDE\u015eL\u0130KTEN GELECE\u011eE B\u0130R MEDEN\u0130YET Y\u00dcR\u00dcY\u00dc\u015e\u00dc<\/h1>\n<p>Art\u0131k yaln\u0131zca ge\u00e7mi\u015fimizin ne kadar b\u00fcy\u00fck oldu\u011funu anlatmak yetmez.<\/p>\n<p>\u00c7ocuklar\u0131m\u0131z\u0131n gelece\u011finin ne kadar b\u00fcy\u00fck olabilece\u011fini konu\u015fmal\u0131y\u0131z.<\/p>\n<p>Karde\u015fli\u011fi yaln\u0131zca s\u00f6ylemeyece\u011fiz.<\/p>\n<p>Karde\u015fli\u011fi e\u011fitime d\u00f6n\u00fc\u015ft\u00fcrece\u011fiz.<\/p>\n<p>Bilime d\u00f6n\u00fc\u015ft\u00fcrece\u011fiz.<\/p>\n<p>\u00dcretime d\u00f6n\u00fc\u015ft\u00fcrece\u011fiz.<\/p>\n<p>Ekonomiye d\u00f6n\u00fc\u015ft\u00fcrece\u011fiz.<\/p>\n<p>K\u00fclt\u00fcre d\u00f6n\u00fc\u015ft\u00fcrece\u011fiz.<\/p>\n<p>Dayan\u0131\u015fmaya d\u00f6n\u00fc\u015ft\u00fcrece\u011fiz.<\/p>\n<p>Ve sonunda ortak bir gelece\u011fe d\u00f6n\u00fc\u015ft\u00fcrece\u011fiz.<\/p>\n<p>\u00c7\u00fcnk\u00fc bizim \u00e7ocuklar\u0131m\u0131za b\u0131rakmam\u0131z gereken \u015fey yaln\u0131zca hat\u0131ralar de\u011fildir.<\/p>\n<p><strong>Bir istikamet b\u0131rakmal\u0131y\u0131z.<\/strong><\/p>\n<p>Onlar\u0131n kalbine merhameti&#8230;<\/p>\n<p>Akl\u0131na bilimi&#8230;<\/p>\n<p>Eline eme\u011fi&#8230;<\/p>\n<p>Vicdan\u0131na adaleti&#8230;<\/p>\n<p>Ruhuna cesareti&#8230;<\/p>\n<p>Omuzlar\u0131na sorumlulu\u011fu&#8230;<\/p>\n<p>Ve g\u00f6zlerine b\u00fcy\u00fck bir gelecek hayalini koymal\u0131y\u0131z.<\/p>\n<p>Sonra onlara \u015funu s\u00f6ylemeliyiz:<\/p>\n<p><strong>Bizim b\u0131rakt\u0131\u011f\u0131m\u0131z yerde durmay\u0131n.<\/strong><\/p>\n<p><strong>Bizden daha ileri gidin.<\/strong><\/p>\n<p>Bizim g\u00f6remedi\u011fimizi g\u00f6r\u00fcn.<\/p>\n<p>Bizim yapamad\u0131\u011f\u0131m\u0131z\u0131 yap\u0131n.<\/p>\n<p>Bizim kuramad\u0131\u011f\u0131m\u0131z\u0131 kurun.<\/p>\n<p>Ama y\u00fckselirken birbirinizi unutmay\u0131n.<\/p>\n<p>\u00c7\u00fcnk\u00fc g\u00fc\u00e7l\u00fc olmak yaln\u0131z ba\u015f\u0131na y\u00fckselmek de\u011fildir.<\/p>\n<p><strong>As\u0131l g\u00fc\u00e7, beraber y\u00fckselebilmektir.<\/strong><\/p>\n<p>Bir \u00e7ocu\u011fun elinden tutarsak bir insan\u0131 de\u011fi\u015ftirebiliriz.<\/p>\n<p>Bin \u00e7ocu\u011fun elinden tutarsak bir nesli de\u011fi\u015ftirebiliriz.<\/p>\n<p>Bir nesli iyi yeti\u015ftirirsek bir \u00fclkenin kaderini de\u011fi\u015ftirebiliriz.<\/p>\n<p>Ve birbirine g\u00fcvenen, \u00e7al\u0131\u015fan, \u00fcreten, d\u00fc\u015f\u00fcnen milyonlar yeti\u015ftirebilirsek yaln\u0131zca \u00fclkemizin de\u011fil, geni\u015f g\u00f6n\u00fcl co\u011frafyam\u0131z\u0131n gelece\u011fini de\u011fi\u015ftirebiliriz.<\/p>\n<p>\u0130\u015fte \u00f6n\u00fcm\u00fczdeki y\u00fczy\u0131l\u0131n yol haritas\u0131 \u00fc\u00e7 c\u00fcmlede sakl\u0131d\u0131r:<\/p>\n<h1><strong>KARDE\u015eL\u0130K KALB\u0130M\u0130ZDE\u2026<\/strong><\/h1>\n<p>\u00c7\u00fcnk\u00fc birbirimizi kaybedersek g\u00fcc\u00fcm\u00fcz\u00fc kaybederiz.<\/p>\n<h1><strong>GELECEK AKLIMIZDA\u2026<\/strong><\/h1>\n<p>\u00c7\u00fcnk\u00fc planlamad\u0131\u011f\u0131m\u0131z gelecek, ba\u015fkalar\u0131n\u0131n planlar\u0131n\u0131n par\u00e7as\u0131 olur.<\/p>\n<h1><strong>UMUT \u0130SE \u00c7OCUKLARIMIZDA\u2026<\/strong><\/h1>\n<p>\u00c7\u00fcnk\u00fc bizim yar\u0131m b\u0131rakt\u0131\u011f\u0131m\u0131z c\u00fcmleyi onlar tamamlayacak; bizim ula\u015famad\u0131\u011f\u0131m\u0131z ufuklara onlar y\u00fcr\u00fcyecek.<\/p>\n<p>Ve belki y\u0131llar sonra \u00e7ocuklar\u0131m\u0131z geriye d\u00f6n\u00fcp bizlere \u015fu c\u00fcmleyi s\u00f6yleyebilirse g\u00f6revimizi yerine getirmi\u015f olaca\u011f\u0131z:<\/p>\n<p><strong>\u201cBize yaln\u0131zca bir ge\u00e7mi\u015f b\u0131rakmad\u0131n\u0131z; \u00f6n\u00fcm\u00fczde y\u00fcr\u00fcyebilece\u011fimiz bir gelecek de b\u0131rakt\u0131n\u0131z.\u201d<\/strong><\/p>\n<p>\u0130\u015fte ger\u00e7ek miras budur.<\/p>\n<p><strong>K\u00f6k\u00fcn\u00fc bilen, karde\u015fini unutmayan, akl\u0131n\u0131 kullanan ve \u00e7ocuklar\u0131na g\u00fcvenen bir milletin gelece\u011finden korkmas\u0131na gerek yoktur.<\/strong><\/p>\n<div id=\"bghab-2947647030\" class=\"bghab-yazi-altinda bghab-entity-placement\"><script async src=\"https:\/\/pagead2.googlesyndication.com\/pagead\/js\/adsbygoogle.js\"><\/script>\r\n<!-- bghaber-yaz\u0131-sonu -->\r\n<ins class=\"adsbygoogle\"\r\n     style=\"display:block\"\r\n     data-ad-client=\"ca-pub-6203283170189293\"\r\n     data-ad-slot=\"4222328180\"\r\n     data-ad-format=\"auto\"\r\n     data-full-width-responsive=\"true\"><\/ins>\r\n<script>\r\n     (adsbygoogle = window.adsbygoogle || []).push({});\r\n<\/script><\/div><br style=\"clear: both; display: block; float: none;\"\/>","protected":false},"excerpt":{"rendered":"<p>Rafet ULUT\u00dcRK D\u00fcnyan\u0131n \u00e7ok h\u0131zl\u0131 de\u011fi\u015fti\u011fi bir \u00e7a\u011f\u0131n i\u00e7indeyiz. Sava\u015flar\u0131n bi\u00e7imi de\u011fi\u015fiyor. Ekonominin kurallar\u0131 de\u011fi\u015fiyor. Teknoloji insan hayat\u0131n\u0131 yeniden \u015fekillendiriyor. Yapay zek\u00e2dan enerjiye, sudan g\u0131daya,<\/p>\n","protected":false},"author":13,"featured_media":46547,"comment_status":"open","ping_status":"closed","sticky":false,"template":"","format":"standard","meta":{"advanced_seo_description":"","jetpack_seo_html_title":"","jetpack_seo_noindex":false,"jetpack_seo_schema_type":"","_jetpack_newsletter_access":"","_jetpack_dont_email_post_to_subs":false,"_jetpack_newsletter_tier_id":0,"_jetpack_memberships_contains_paywalled_content":false,"_jetpack_feature_clip_id":0,"_jetpack_memberships_contains_paid_content":false,"footnotes":"","jetpack_post_was_ever_published":false},"categories":[6],"tags":[],"class_list":["post-65286","post","type-post","status-publish","format-standard","has-post-thumbnail","hentry","category-yorum"],"jetpack_sharing_enabled":true,"jetpack_likes_enabled":true,"jetpack-related-posts":[],"jetpack_shortlink":"https:\/\/wp.me\/pc2PfJ-gZ0","jetpack_featured_media_url":"https:\/\/i0.wp.com\/www.bghaber.org\/bghaber\/wp-content\/uploads\/2020\/05\/rafet-Ata.jpg?fit=864%2C1185&ssl=1","_links":{"self":[{"href":"https:\/\/www.bghaber.org\/bghaber\/wp-json\/wp\/v2\/posts\/65286","targetHints":{"allow":["GET"]}}],"collection":[{"href":"https:\/\/www.bghaber.org\/bghaber\/wp-json\/wp\/v2\/posts"}],"about":[{"href":"https:\/\/www.bghaber.org\/bghaber\/wp-json\/wp\/v2\/types\/post"}],"author":[{"embeddable":true,"href":"https:\/\/www.bghaber.org\/bghaber\/wp-json\/wp\/v2\/users\/13"}],"replies":[{"embeddable":true,"href":"https:\/\/www.bghaber.org\/bghaber\/wp-json\/wp\/v2\/comments?post=65286"}],"version-history":[{"count":1,"href":"https:\/\/www.bghaber.org\/bghaber\/wp-json\/wp\/v2\/posts\/65286\/revisions"}],"predecessor-version":[{"id":65287,"href":"https:\/\/www.bghaber.org\/bghaber\/wp-json\/wp\/v2\/posts\/65286\/revisions\/65287"}],"wp:featuredmedia":[{"embeddable":true,"href":"https:\/\/www.bghaber.org\/bghaber\/wp-json\/wp\/v2\/media\/46547"}],"wp:attachment":[{"href":"https:\/\/www.bghaber.org\/bghaber\/wp-json\/wp\/v2\/media?parent=65286"}],"wp:term":[{"taxonomy":"category","embeddable":true,"href":"https:\/\/www.bghaber.org\/bghaber\/wp-json\/wp\/v2\/categories?post=65286"},{"taxonomy":"post_tag","embeddable":true,"href":"https:\/\/www.bghaber.org\/bghaber\/wp-json\/wp\/v2\/tags?post=65286"}],"curies":[{"name":"wp","href":"https:\/\/api.w.org\/{rel}","templated":true}]}}