{"id":65280,"date":"2026-08-24T19:41:10","date_gmt":"2026-08-24T16:41:10","guid":{"rendered":"https:\/\/www.bghaber.org\/bghaber\/?p=65280"},"modified":"2026-08-24T19:43:13","modified_gmt":"2026-08-24T16:43:13","slug":"savas-gecmislerini-aldi-geleceklerini-de-almasin","status":"publish","type":"post","link":"https:\/\/www.bghaber.org\/bghaber\/savas-gecmislerini-aldi-geleceklerini-de-almasin\/","title":{"rendered":"SAVA\u015e GE\u00c7M\u0130\u015eLER\u0130N\u0130 ALDI, GELECEKLER\u0130N\u0130 DE ALMASIN"},"content":{"rendered":"<p>Rafet ULUT\u00dcRK<\/p>\n<p>Gazze&#8217;ye bakt\u0131\u011f\u0131m\u0131zda \u00e7o\u011funlukla bug\u00fcn\u00fcn felaketini g\u00f6r\u00fcyoruz.<\/p>\n<p>Y\u0131k\u0131lm\u0131\u015f binalar\u0131, par\u00e7alanm\u0131\u015f aileleri, yerinden edilmi\u015f insanlar\u0131, kapanm\u0131\u015f okullar\u0131, sa\u011fl\u0131k ve bar\u0131nma sorunlar\u0131n\u0131 konu\u015fuyoruz.<\/p>\n<p>Bunlar\u0131n her biri insanl\u0131\u011f\u0131n \u00f6n\u00fcndeki a\u011f\u0131r meselelerdir.<\/p>\n<p>Fakat b\u00fct\u00fcn bu y\u0131k\u0131m\u0131n arkas\u0131nda sessizce b\u00fcy\u00fcyen ba\u015fka bir tehlike vard\u0131r:<\/p><div id=\"bghab-2616030188\" class=\"bghab-icerik-icine bghab-entity-placement\"><script async src=\"\/\/pagead2.googlesyndication.com\/pagead\/js\/adsbygoogle.js?client=ca-pub-6203283170189293\" crossorigin=\"anonymous\"><\/script><ins class=\"adsbygoogle\" style=\"display:block; text-align:center;\" data-ad-client=\"ca-pub-6203283170189293\" \ndata-ad-slot=\"7303146466\" \ndata-ad-layout=\"in-article\"\ndata-ad-format=\"fluid\" data-full-width-responsive=\"true\"><\/ins>\n<script> \n(adsbygoogle = window.adsbygoogle || []).push({}); \n<\/script>\n<\/div>\n<p><strong>Bir neslin gelece\u011fini kaybetme tehlikesi.<\/strong><\/p>\n<p>Sava\u015f\u0131n en a\u011f\u0131r bilan\u00e7osu yaln\u0131zca kaybedilen canlarla ve y\u0131k\u0131lan binalarla \u00f6l\u00e7\u00fclmez. Bazen ger\u00e7ek bilan\u00e7o on, yirmi y\u0131l sonra ortaya \u00e7\u0131kar.<\/p>\n<p>\u00c7\u00fcnk\u00fc sava\u015f bir \u00e7ocu\u011fun evini y\u0131kabilir.<\/p>\n<p>Okulunu kapatabilir.<\/p>\n<p>Ailesini da\u011f\u0131tabilir.<\/p><div id=\"bghab-3663722363\" class=\"bghab-icerik-icine-10-paragraf bghab-entity-placement\"><script async src=\"\/\/pagead2.googlesyndication.com\/pagead\/js\/adsbygoogle.js?client=ca-pub-6203283170189293\" crossorigin=\"anonymous\"><\/script><ins class=\"adsbygoogle\" style=\"display:block; text-align:center;\" data-ad-client=\"ca-pub-6203283170189293\" \ndata-ad-slot=\"7303146466\" \ndata-ad-layout=\"in-article\"\ndata-ad-format=\"fluid\" data-full-width-responsive=\"true\"><\/ins>\n<script> \n(adsbygoogle = window.adsbygoogle || []).push({}); \n<\/script>\n<\/div>\n<p>\u00c7ocuklu\u011funu yaralayabilir.<\/p>\n<p>Fakat b\u00fct\u00fcn bunlardan sonra e\u011fitimini de elinden al\u0131rsa, art\u0131k yaln\u0131zca \u00e7ocu\u011fun bug\u00fcn\u00fcn\u00fc de\u011fil, <strong>yar\u0131n\u0131n\u0131 da yok etmeye ba\u015flam\u0131\u015f demektir.<\/strong><\/p>\n<p>\u0130\u015fte bu nedenle Gazze i\u00e7in yeni bir stratejik yakla\u015f\u0131m geli\u015ftirmeliyiz:<\/p>\n<p><strong>\u0130nsani yard\u0131m\u0131n yan\u0131na insan yeti\u015ftirmeyi koymal\u0131y\u0131z.<\/strong><\/p>\n<p>\u00c7\u00fcnk\u00fc Gazze&#8217;nin yeniden in\u015fas\u0131 sava\u015f bittikten sonra de\u011fil, <strong>bug\u00fcn \u00e7ocuklar\u0131n e\u011fitimiyle ba\u015flamal\u0131d\u0131r.<\/strong><\/p><div id=\"bghab-500027745\" class=\"bghab-icerik-icine-15-paragraf bghab-entity-placement\"><script async src=\"\/\/pagead2.googlesyndication.com\/pagead\/js\/adsbygoogle.js?client=ca-pub-6203283170189293\" crossorigin=\"anonymous\"><\/script><ins class=\"adsbygoogle\" style=\"display:block; text-align:center;\" data-ad-client=\"ca-pub-6203283170189293\" \ndata-ad-slot=\"7303146466\" \ndata-ad-layout=\"in-article\"\ndata-ad-format=\"fluid\" data-full-width-responsive=\"true\"><\/ins>\n<script> \n(adsbygoogle = window.adsbygoogle || []).push({}); \n<\/script>\n<\/div>\n<h2>SAVA\u015eIN G\u00d6R\u00dcNMEYEN CEPHES\u0130: ZAMAN<\/h2>\n<p>Bir binay\u0131 yeniden yapabilirsiniz.<\/p>\n<p>Bir yolu yeniden a\u00e7abilirsiniz.<\/p>\n<p>Elektrik hatlar\u0131n\u0131 yeniden \u00e7ekebilirsiniz.<\/p>\n<p>Bir hastaneyi tekrar in\u015fa edebilirsiniz.<\/p>\n<p>Fakat bir \u00e7ocu\u011fun kaybetti\u011fi be\u015f y\u0131l\u0131 ona geri veremezsiniz.<\/p><div id=\"bghab-3618200928\" class=\"bghab-icerik-icine-20-paragraf bghab-entity-placement\"><script async src=\"\/\/pagead2.googlesyndication.com\/pagead\/js\/adsbygoogle.js?client=ca-pub-6203283170189293\" crossorigin=\"anonymous\"><\/script><ins class=\"adsbygoogle\" style=\"display:block; text-align:center;\" data-ad-client=\"ca-pub-6203283170189293\" \ndata-ad-slot=\"7303146466\" \ndata-ad-layout=\"in-article\"\ndata-ad-format=\"fluid\" data-full-width-responsive=\"true\"><\/ins>\n<script> \n(adsbygoogle = window.adsbygoogle || []).push({}); \n<\/script>\n<\/div>\n<p>Bu nedenle sava\u015f\u0131n \u00e7ocuklardan ald\u0131\u011f\u0131 en de\u011ferli \u015feylerden biri <strong>zamand\u0131r.<\/strong><\/p>\n<p>Sekiz ya\u015f\u0131ndaki \u00e7ocuk sekiz ya\u015f\u0131n\u0131 yaln\u0131zca bir defa ya\u015fayacakt\u0131r.<\/p>\n<p>On ya\u015f\u0131ndaki \u00e7ocuk on ya\u015f\u0131n\u0131 tekrar ya\u015fayamayacakt\u0131r.<\/p>\n<p>Bir \u00fclkenin siyasi sorunlar\u0131n\u0131n \u00e7\u00f6z\u00fclmesini beklerken \u00e7ocuklar\u0131n e\u011fitimini erteleyemeyiz.<\/p>\n<p>Diplomasi bekleyebilir.<\/p><div id=\"bghab-4266154008\" class=\"bghab-icerik-icine-25-paragraf bghab-entity-placement\"><script async src=\"\/\/pagead2.googlesyndication.com\/pagead\/js\/adsbygoogle.js?client=ca-pub-6203283170189293\" crossorigin=\"anonymous\"><\/script><ins class=\"adsbygoogle\" style=\"display:block; text-align:center;\" data-ad-client=\"ca-pub-6203283170189293\" \ndata-ad-slot=\"7303146466\" \ndata-ad-layout=\"in-article\"\ndata-ad-format=\"fluid\" data-full-width-responsive=\"true\"><\/ins>\n<script> \n(adsbygoogle = window.adsbygoogle || []).push({}); \n<\/script>\n<\/div>\n<p>Uluslararas\u0131 m\u00fczakereler y\u0131llarca devam edebilir.<\/p>\n<p>Siyasi anla\u015fmazl\u0131klar ku\u015faklar boyunca s\u00fcrebilir.<\/p>\n<p><strong>Ama \u00e7ocuk bekleyemez.<\/strong><\/p>\n<p>Bu nedenle Gazze&#8217;deki e\u011fitim meselesini sava\u015f sonras\u0131na b\u0131rakmak stratejik bir hata olacakt\u0131r.<\/p>\n<h2>ASIL TEHL\u0130KE SAVA\u015e B\u0130TT\u0130KTEN SONRA BA\u015eLAYAB\u0130L\u0130R<\/h2>\n<p>Bir g\u00fcn silahlar susacakt\u0131r.<\/p><div id=\"bghab-2881298078\" class=\"bghab-icerik-icine-30-paragraf bghab-entity-placement\"><script async src=\"\/\/pagead2.googlesyndication.com\/pagead\/js\/adsbygoogle.js?client=ca-pub-6203283170189293\" crossorigin=\"anonymous\"><\/script><ins class=\"adsbygoogle\" style=\"display:block; text-align:center;\" data-ad-client=\"ca-pub-6203283170189293\" \ndata-ad-slot=\"7303146466\" \ndata-ad-layout=\"in-article\"\ndata-ad-format=\"fluid\" data-full-width-responsive=\"true\"><\/ins>\n<script> \n(adsbygoogle = window.adsbygoogle || []).push({}); \n<\/script>\n<\/div>\n<p>Fakat o g\u00fcn b\u00fct\u00fcn problemler sona ermeyecektir.<\/p>\n<p>Tam tersine, ba\u015fka bir m\u00fccadele ba\u015flayacakt\u0131r:<\/p>\n<p><strong>Gazze&#8217;yi yeniden aya\u011fa kald\u0131rma m\u00fccadelesi.<\/strong><\/p>\n<p>Yollar yap\u0131lacakt\u0131r.<\/p>\n<p>Evler in\u015fa edilecektir.<\/p><div id=\"bghab-2673529532\" class=\"bghab-icerik-icine-35-paragraf bghab-entity-placement\"><script async src=\"\/\/pagead2.googlesyndication.com\/pagead\/js\/adsbygoogle.js?client=ca-pub-6203283170189293\" crossorigin=\"anonymous\"><\/script><ins class=\"adsbygoogle\" style=\"display:block; text-align:center;\" data-ad-client=\"ca-pub-6203283170189293\" \ndata-ad-slot=\"7303146466\" \ndata-ad-layout=\"in-article\"\ndata-ad-format=\"fluid\" data-full-width-responsive=\"true\"><\/ins>\n<script> \n(adsbygoogle = window.adsbygoogle || []).push({}); \n<\/script>\n<\/div>\n<p>Okullar a\u00e7\u0131lacakt\u0131r.<\/p>\n<p>Hastaneler yeniden kurulacakt\u0131r.<\/p>\n<p>Ekonomi canland\u0131r\u0131lmaya \u00e7al\u0131\u015f\u0131lacakt\u0131r.<\/p>\n<p>Peki b\u00fct\u00fcn bunlar\u0131 kim yapacakt\u0131r?<\/p>\n<p>Gazze&#8217;nin m\u00fchendise ihtiyac\u0131 olacakt\u0131r.<\/p><div id=\"bghab-3336831814\" class=\"bghab-icerik-icine-40-paragraf bghab-entity-placement\"><script async src=\"\/\/pagead2.googlesyndication.com\/pagead\/js\/adsbygoogle.js?client=ca-pub-6203283170189293\" crossorigin=\"anonymous\"><\/script><ins class=\"adsbygoogle\" style=\"display:block; text-align:center;\" data-ad-client=\"ca-pub-6203283170189293\" \ndata-ad-slot=\"7303146466\" \ndata-ad-layout=\"in-article\"\ndata-ad-format=\"fluid\" data-full-width-responsive=\"true\"><\/ins>\n<script> \n(adsbygoogle = window.adsbygoogle || []).push({}); \n<\/script>\n<\/div>\n<p>Doktora ihtiyac\u0131 olacakt\u0131r.<\/p>\n<p>\u00d6\u011fretmene, hem\u015fireye, mimara, teknisyene, yaz\u0131l\u0131mc\u0131ya, psikolo\u011fa, hukuk\u00e7uya, giri\u015fimciye ihtiya\u00e7 olacakt\u0131r.<\/p>\n<p>\u0130\u015fte stratejik mesele burada ba\u015flamaktad\u0131r.<\/p>\n<p>Bug\u00fcn\u00fcn \u00e7ocuklar\u0131n\u0131 yeti\u015ftiremezsek yar\u0131n\u0131n Gazze&#8217;sini in\u015fa edecek insan kayna\u011f\u0131n\u0131 da kaybetmi\u015f oluruz.<\/p>\n<p>Dolay\u0131s\u0131yla Gazze&#8217;nin \u00e7ocuklar\u0131n\u0131n e\u011fitimi yaln\u0131zca bir insani yard\u0131m konusu de\u011fildir.<\/p><div id=\"bghab-874783922\" class=\"bghab-icerik-icine-45-paragraf bghab-entity-placement\"><script async src=\"\/\/pagead2.googlesyndication.com\/pagead\/js\/adsbygoogle.js?client=ca-pub-6203283170189293\" crossorigin=\"anonymous\"><\/script><ins class=\"adsbygoogle\" style=\"display:block; text-align:center;\" data-ad-client=\"ca-pub-6203283170189293\" \ndata-ad-slot=\"7303146466\" \ndata-ad-layout=\"in-article\"\ndata-ad-format=\"fluid\" data-full-width-responsive=\"true\"><\/ins>\n<script> \n(adsbygoogle = window.adsbygoogle || []).push({}); \n<\/script>\n<\/div>\n<p><strong>Gazze&#8217;nin gelecekte kendi ayaklar\u0131 \u00fczerinde durabilmesinin temel \u015fart\u0131d\u0131r.<\/strong><\/p>\n<h1>YARDIMDAN KALKINMAYA GE\u00c7MEL\u0130Y\u0130Z<\/h1>\n<p>D\u00fcnyan\u0131n kriz b\u00f6lgelerine yakla\u015f\u0131m\u0131nda \u00f6nemli bir eksiklik bulunmaktad\u0131r.<\/p>\n<p>Felaket meydana gelir.<\/p>\n<p>G\u0131da g\u00f6nderilir.<\/p>\n<p>Battaniye g\u00f6nderilir.<\/p><div id=\"bghab-3609110158\" class=\"bghab-icerik-icine-50-paragraf bghab-entity-placement\"><script async src=\"\/\/pagead2.googlesyndication.com\/pagead\/js\/adsbygoogle.js?client=ca-pub-6203283170189293\" crossorigin=\"anonymous\"><\/script><ins class=\"adsbygoogle\" style=\"display:block; text-align:center;\" data-ad-client=\"ca-pub-6203283170189293\" \ndata-ad-slot=\"7303146466\" \ndata-ad-layout=\"in-article\"\ndata-ad-format=\"fluid\" data-full-width-responsive=\"true\"><\/ins>\n<script> \n(adsbygoogle = window.adsbygoogle || []).push({}); \n<\/script>\n<\/div>\n<p>\u0130la\u00e7 g\u00f6nderilir.<\/p>\n<p>\u00c7ad\u0131r g\u00f6nderilir.<\/p>\n<p>Elbette bunlar\u0131n tamam\u0131 gereklidir.<\/p>\n<p>Fakat y\u0131llarca yaln\u0131zca yard\u0131m g\u00f6nderirsek insanlar\u0131 ya\u015fatabiliriz ama onlar\u0131n gelece\u011fini kuramay\u0131z.<\/p>\n<p>Burada yeni bir anlay\u0131\u015fa ihtiyac\u0131m\u0131z vard\u0131r:<\/p><div id=\"bghab-1354672728\" class=\"bghab-icerik-icine-55-paragraf bghab-entity-placement\"><script async src=\"\/\/pagead2.googlesyndication.com\/pagead\/js\/adsbygoogle.js?client=ca-pub-6203283170189293\" crossorigin=\"anonymous\"><\/script><ins class=\"adsbygoogle\" style=\"display:block; text-align:center;\" data-ad-client=\"ca-pub-6203283170189293\" \ndata-ad-slot=\"7303146466\" \ndata-ad-layout=\"in-article\"\ndata-ad-format=\"fluid\" data-full-width-responsive=\"true\"><\/ins>\n<script> \n(adsbygoogle = window.adsbygoogle || []).push({}); \n<\/script>\n<\/div>\n<p><strong>Yard\u0131m \u2192 E\u011fitim \u2192 Meslek \u2192 \u00dcretim \u2192 Kalk\u0131nma \u2192 Kendi kendine yeterlilik<\/strong><\/p>\n<p>Gazze i\u00e7in uzun vadeli stratejik yol haritas\u0131 bu zincir \u00fczerine kurulmal\u0131d\u0131r.<\/p>\n<p>Ama\u00e7 yaln\u0131zca \u00e7ocu\u011fu bug\u00fcn korumak de\u011fil, yar\u0131n kimseye muhta\u00e7 olmadan hayat\u0131n\u0131 kurabilecek seviyeye getirmek olmal\u0131d\u0131r.<\/p>\n<p>Ger\u00e7ek dayan\u0131\u015fma budur.<\/p>\n<h2>YEN\u0130 B\u0130R KAVRAM: GAZZE E\u011e\u0130T\u0130M KOR\u0130DORU<\/h2>\n<p>Gazze i\u00e7in y\u0131llard\u0131r insani yard\u0131m koridorlar\u0131ndan s\u00f6z ediyoruz.<\/p><div id=\"bghab-475512799\" class=\"bghab-icerik-icine-60-paragraf bghab-entity-placement\"><script async src=\"\/\/pagead2.googlesyndication.com\/pagead\/js\/adsbygoogle.js?client=ca-pub-6203283170189293\" crossorigin=\"anonymous\"><\/script><ins class=\"adsbygoogle\" style=\"display:block; text-align:center;\" data-ad-client=\"ca-pub-6203283170189293\" \ndata-ad-slot=\"7303146466\" \ndata-ad-layout=\"in-article\"\ndata-ad-format=\"fluid\" data-full-width-responsive=\"true\"><\/ins>\n<script> \n(adsbygoogle = window.adsbygoogle || []).push({}); \n<\/script>\n<\/div>\n<p>G\u0131da koridoru&#8230;<\/p>\n<p>Sa\u011fl\u0131k koridoru&#8230;<\/p>\n<p>Tahliye koridoru&#8230;<\/p>\n<p>Bunlar\u0131n yan\u0131na art\u0131k yeni bir kavram eklenmelidir:<\/p>\n<h1><strong>GAZZE E\u011e\u0130T\u0130M KOR\u0130DORU<\/strong><\/h1>\n<p>Bu koridorun mutlaka s\u0131n\u0131r kap\u0131lar\u0131ndan ge\u00e7mesi gerekmez.<\/p><div id=\"bghab-614281593\" class=\"bghab-icerik-icine-65-paragraf bghab-entity-placement\"><script async src=\"\/\/pagead2.googlesyndication.com\/pagead\/js\/adsbygoogle.js?client=ca-pub-6203283170189293\" crossorigin=\"anonymous\"><\/script><ins class=\"adsbygoogle\" style=\"display:block; text-align:center;\" data-ad-client=\"ca-pub-6203283170189293\" \ndata-ad-slot=\"7303146466\" \ndata-ad-layout=\"in-article\"\ndata-ad-format=\"fluid\" data-full-width-responsive=\"true\"><\/ins>\n<script> \n(adsbygoogle = window.adsbygoogle || []).push({}); \n<\/script>\n<\/div>\n<p>Bilginin yolu dijital d\u00fcnyadan da a\u00e7\u0131labilir.<\/p>\n<p>Gazze&#8217;deki bir \u00e7ocuk \u0130stanbul&#8217;daki \u00f6\u011fretmenle bulu\u015fabilir.<\/p>\n<p>Ankara&#8217;daki bir akademisyen Gazze&#8217;deki gen\u00e7lere ders verebilir.<\/p>\n<p>Konya&#8217;daki matematik \u00f6\u011fretmeni g\u00f6n\u00fcll\u00fc olabilir.<\/p>\n<p>Bak\u00fc&#8217;deki \u00fcniversite programa kat\u0131labilir.<\/p>\n<p>Ta\u015fkent&#8217;teki e\u011fitimci ders verebilir.<\/p>\n<p>Astana&#8217;daki bir teknoloji kurulu\u015fu dijital e\u011fitim deste\u011fi sa\u011flayabilir.<\/p>\n<p>Avrupa&#8217;daki g\u00f6n\u00fcll\u00fc \u00f6\u011fretmenler sisteme dahil olabilir.<\/p>\n<p>B\u00f6ylece d\u00fcnyan\u0131n farkl\u0131 co\u011frafyalar\u0131ndan Gazze&#8217;ye uzanan yeni bir koridor kurulabilir:<\/p>\n<p><strong>Bilgi koridoru.<\/strong><\/p>\n<p>S\u0131n\u0131rlar kapanabilir.<\/p>\n<p>Yollar kapanabilir.<\/p>\n<p>Ama do\u011fru teknoloji ve organizasyonla <strong>bilginin yolu a\u00e7\u0131k tutulabilir.<\/strong><\/p>\n<h1>GAZZE D\u0130J\u0130TAL OKULU KURULAB\u0130L\u0130R<\/h1>\n<p>Bu mesele kampanya mant\u0131\u011f\u0131yla de\u011fil, kurumsal sistem mant\u0131\u011f\u0131yla ele al\u0131nmal\u0131d\u0131r.<\/p>\n<p>Gazze i\u00e7in uluslararas\u0131 \u00f6l\u00e7ekte bir <strong>Dijital Okul Platformu<\/strong> olu\u015fturulabilir.<\/p>\n<p>\u00c7ocuklar\u0131n ya\u015flar\u0131 ve mevcut e\u011fitim seviyeleri belirlenir.<\/p>\n<p>Her \u00f6\u011frenci i\u00e7in e\u011fitim dosyas\u0131 olu\u015fturulur.<\/p>\n<p>Eksik kald\u0131\u011f\u0131 dersler tespit edilir.<\/p>\n<p>Dijital s\u0131n\u0131flar kurulur.<\/p>\n<p>Canl\u0131 ve kay\u0131tl\u0131 dersler haz\u0131rlan\u0131r.<\/p>\n<p>Arap\u00e7a temel i\u00e7eriklerin yan\u0131nda yabanc\u0131 dil e\u011fitimi verilir.<\/p>\n<p>Matematik, fen bilimleri, teknoloji ve bilgisayar e\u011fitimleri programa al\u0131n\u0131r.<\/p>\n<p>\u00d6\u011frencilerin geli\u015fimi y\u0131llar boyunca takip edilir.<\/p>\n<p>B\u00f6ylece mesele:<\/p>\n<p>\u201cBug\u00fcn ka\u00e7 \u00e7ocu\u011fa ula\u015ft\u0131k?\u201d<\/p>\n<p>sorusundan \u00e7\u0131karak:<\/p>\n<p><strong>\u201cKa\u00e7 \u00e7ocu\u011fu gelece\u011fe haz\u0131rlad\u0131k?\u201d<\/strong><\/p>\n<p>sorusuna d\u00f6n\u00fc\u015f\u00fcr.<\/p>\n<p>\u0130\u015fte stratejik bak\u0131\u015f budur.<\/p>\n<h2>HER \u00c7OCU\u011eUN B\u0130R E\u011e\u0130T\u0130M DOSYASI OLMALI<\/h2>\n<p>Bir ba\u015fka \u00f6nemli konu s\u00fcrekliliktir.<\/p>\n<p>Sava\u015f b\u00f6lgelerinde yap\u0131lan bir\u00e7ok \u00e7al\u0131\u015fma iyi niyetle ba\u015flar fakat birka\u00e7 ay sonra sona erer.<\/p>\n<p>Oysa e\u011fitim s\u00fcreklilik ister.<\/p>\n<p>Bu nedenle sisteme al\u0131nan her \u00e7ocu\u011fun e\u011fitim yolculu\u011fu m\u00fcmk\u00fcn oldu\u011fu \u00f6l\u00e7\u00fcde takip edilmelidir.<\/p>\n<p>Bug\u00fcn on ya\u015f\u0131ndaki \u00e7ocu\u011fu sisteme alal\u0131m.<\/p>\n<p>Bir y\u0131l sonra nerede oldu\u011funu bilelim.<\/p>\n<p>Be\u015f y\u0131l sonra hangi seviyeye geldi\u011fini g\u00f6relim.<\/p>\n<p>Lise d\u00f6neminde meslek y\u00f6nlendirmesi yapal\u0131m.<\/p>\n<p>\u00dcniversite \u00e7a\u011f\u0131nda burs imk\u00e2n\u0131 sa\u011flayal\u0131m.<\/p>\n<p>Mezun oldu\u011funda istihdam veya giri\u015fimcilik programlar\u0131na ba\u011flayal\u0131m.<\/p>\n<p>B\u00f6ylece bir yard\u0131m kurulu\u015fundan \u00e7ok daha fazlas\u0131n\u0131 olu\u015fturmu\u015f oluruz:<\/p>\n<p><strong>Bir nesil yeti\u015ftirme sistemi.<\/strong><\/p>\n<h1>HER \u00c7OCU\u011eA B\u0130R E\u011e\u0130T\u0130M HAM\u0130S\u0130<\/h1>\n<p>Bu sistemin \u00f6nemli ayaklar\u0131ndan biri <strong>E\u011fitim Hamili\u011fi<\/strong> olabilir.<\/p>\n<p>Bir \u00f6\u011fretmen birka\u00e7 \u00e7ocu\u011fun e\u011fitim geli\u015fimini takip edebilir.<\/p>\n<p>Bir \u00fcniversite belirli say\u0131da lise \u00f6\u011frencisine akademik rehberlik yapabilir.<\/p>\n<p>Bir sivil toplum kurulu\u015fu cihaz ve internet ihtiyac\u0131n\u0131 kar\u015f\u0131layabilir.<\/p>\n<p>Bir g\u00f6n\u00fcll\u00fc yabanc\u0131 dil \u00f6\u011fretebilir.<\/p>\n<p>Bir m\u00fchendis m\u00fchendislik isteyen gence mentorluk yapabilir.<\/p>\n<p>Bir doktor t\u0131p okumak isteyen \u00f6\u011frencinin \u00f6n\u00fcne yol haritas\u0131 koyabilir.<\/p>\n<p>B\u00f6ylece \u00e7ocuk yaln\u0131zca ders alan bir \u00f6\u011frenci olmaz.<\/p>\n<p>Arkas\u0131nda kendisini takip eden bir e\u011fitim a\u011f\u0131 bulundu\u011funu hisseder.<\/p>\n<p>\u00c7\u00fcnk\u00fc sava\u015f \u00e7ocuklar\u0131n yaln\u0131zca evlerini de\u011fil, <strong>gelece\u011fe duyduklar\u0131 g\u00fcveni de y\u0131kmaktad\u0131r.<\/strong><\/p>\n<p>E\u011fitim sistemi bu g\u00fcveni yeniden kurmal\u0131d\u0131r.<\/p>\n<h1>\u00c7OCU\u011eA TABLET DE\u011e\u0130L, GELECEK VEREL\u0130M<\/h1>\n<p>Burada \u00f6nemli bir zihniyet de\u011fi\u015fikli\u011fine daha ihtiyac\u0131m\u0131z vard\u0131r.<\/p>\n<p>Tablet da\u011f\u0131tmak proje de\u011fildir.<\/p>\n<p>Bilgisayar da\u011f\u0131tmak proje de\u011fildir.<\/p>\n<p>Kitap g\u00f6ndermek tek ba\u015f\u0131na proje de\u011fildir.<\/p>\n<p>Bunlar ancak sistemin ara\u00e7lar\u0131d\u0131r.<\/p>\n<p>As\u0131l mesele:<\/p>\n<p>O tabletle ne \u00f6\u011fretildi\u011fidir.<\/p>\n<p>O bilgisayarla hangi becerinin kazand\u0131r\u0131ld\u0131\u011f\u0131d\u0131r.<\/p>\n<p>O kitab\u0131n \u00e7ocu\u011fu hangi gelece\u011fe haz\u0131rlad\u0131\u011f\u0131d\u0131r.<\/p>\n<p>Dolay\u0131s\u0131yla hedefimiz \u015f\u00f6yle olmal\u0131d\u0131r:<\/p>\n<p><strong>Cihaz + \u0130nternet + \u00d6\u011fretmen + M\u00fcfredat + Mentorluk + \u00d6l\u00e7me + Burs + Meslek<\/strong><\/p>\n<p>B\u00fct\u00fcn bu unsurlar birbirine ba\u011fland\u0131\u011f\u0131nda ger\u00e7ek e\u011fitim politikas\u0131 ortaya \u00e7\u0131kar.<\/p>\n<h1>\u00dc\u00c7 A\u015eAMALI STRATEJ\u0130: KORU, YET\u0130\u015eT\u0130R, AYA\u011eA KALDIR<\/h1>\n<p>Gazze \u00e7ocuklar\u0131 i\u00e7in olu\u015fturulacak uzun vadeli model \u00fc\u00e7 temel a\u015famaya ayr\u0131labilir.<\/p>\n<h3>1. KORU<\/h3>\n<p>\u00c7ocu\u011fun e\u011fitimle ba\u011f\u0131n\u0131n tamamen kopmas\u0131n\u0131 engelle.<\/p>\n<p>Temel derslere ula\u015fmas\u0131n\u0131 sa\u011fla.<\/p>\n<p>Dijital ara\u00e7 ve ba\u011flant\u0131 imk\u00e2n\u0131 olu\u015ftur.<\/p>\n<p>Psikososyal deste\u011fi e\u011fitim s\u00fcrecinin i\u00e7ine yerle\u015ftir.<\/p>\n<h3>2. YET\u0130\u015eT\u0130R<\/h3>\n<p>Yabanc\u0131 dil \u00f6\u011fret.<\/p>\n<p>Dijital beceriler kazand\u0131r.<\/p>\n<p>Meslek y\u00f6nlendirmesi yap.<\/p>\n<p>Ba\u015far\u0131l\u0131 \u00f6\u011frencileri burslarla destekle.<\/p>\n<p>\u00dcniversitelere haz\u0131rl\u0131k programlar\u0131 olu\u015ftur.<\/p>\n<h3>3. AYA\u011eA KALDIR<\/h3>\n<p>Meslek sahibi gen\u00e7leri Gazze&#8217;nin yeniden yap\u0131lanmas\u0131yla bulu\u015ftur.<\/p>\n<p>Giri\u015fimcili\u011fi destekle.<\/p>\n<p>\u00d6\u011fretmen yeti\u015ftir.<\/p>\n<p>Sa\u011fl\u0131k personeli yeti\u015ftir.<\/p>\n<p>M\u00fchendis ve teknik insan kayna\u011f\u0131 olu\u015ftur.<\/p>\n<p>B\u00f6ylece bug\u00fcn\u00fcn yard\u0131m alan \u00e7ocu\u011fu yar\u0131n\u0131n <strong>Gazze&#8217;yi aya\u011fa kald\u0131ran insan\u0131na<\/strong> d\u00f6n\u00fc\u015f\u00fcr.<\/p>\n<h1>T\u00dcRK\u0130YE \u00d6NC\u00dcL\u00dcK EDEB\u0130L\u0130R, T\u00dcRK D\u00dcNYASI ORTAK OLAB\u0130L\u0130R<\/h1>\n<p>T\u00fcrkiye bu konuda \u00f6nemli bir kapasiteye sahiptir.<\/p>\n<p>\u00dcniversitelerimiz var.<\/p>\n<p>\u00d6\u011fretmenlerimiz var.<\/p>\n<p>Teknolojik altyap\u0131m\u0131z var.<\/p>\n<p>Belediyelerimiz var.<\/p>\n<p>Sivil toplum kurulu\u015flar\u0131m\u0131z var.<\/p>\n<p>Ve en \u00f6nemlisi g\u00f6n\u00fcll\u00fc insan kayna\u011f\u0131m\u0131z var.<\/p>\n<p>Ancak mesele sadece T\u00fcrkiye ile s\u0131n\u0131rl\u0131 tutulmamal\u0131d\u0131r.<\/p>\n<p>Azerbaycan&#8217;dan Kazakistan&#8217;a, \u00d6zbekistan&#8217;dan K\u0131rg\u0131zistan&#8217;a kadar T\u00fcrk d\u00fcnyas\u0131n\u0131n \u00fcniversiteleri ve e\u011fitim kurulu\u015flar\u0131 da sisteme dahil edilebilir.<\/p>\n<p>Avrupa&#8217;daki T\u00fcrk diasporas\u0131 da destek verebilir.<\/p>\n<p>B\u00f6ylece T\u00fcrkiye koordinasyonunda geni\u015f bir <strong>uluslararas\u0131 e\u011fitim dayan\u0131\u015fma a\u011f\u0131<\/strong> ortaya \u00e7\u0131kabilir.<\/p>\n<p>Binlerce \u00f6\u011fretmenin haftada sadece bir veya iki saat g\u00f6n\u00fcll\u00fc ders verdi\u011fini d\u00fc\u015f\u00fcnelim.<\/p>\n<p>Y\u00fczlerce akademisyenin gen\u00e7lere mentorluk yapt\u0131\u011f\u0131n\u0131 d\u00fc\u015f\u00fcnelim.<\/p>\n<p>\u00dcniversitelerin belirli say\u0131da \u00f6\u011frenciye burs kontenjanlar\u0131 olu\u015fturdu\u011funu d\u00fc\u015f\u00fcnelim.<\/p>\n<p>Teknoloji \u015firketlerinin dijital altyap\u0131ya katk\u0131 sundu\u011funu d\u00fc\u015f\u00fcnelim.<\/p>\n<p>K\u00fc\u00e7\u00fck katk\u0131lar b\u00fcy\u00fck bir sistem i\u00e7erisinde birle\u015fti\u011finde ortaya \u00e7ok g\u00fc\u00e7l\u00fc bir kapasite \u00e7\u0131kar.<\/p>\n<h1>100 \u00c7OCUKLA BA\u015eLA, 100 B\u0130N \u00c7OCU\u011eA ULA\u015e<\/h1>\n<p>B\u00fcy\u00fck projelerin \u00f6n\u00fcndeki en b\u00fcy\u00fck psikolojik engel \u015fudur:<\/p>\n<p>\u201cBu kadar b\u00fcy\u00fck bir sorun nas\u0131l \u00e7\u00f6z\u00fclecek?\u201d<\/p>\n<p>Cevap basittir:<\/p>\n<p><strong>Hepsini ayn\u0131 g\u00fcn \u00e7\u00f6zmek zorunda de\u011filiz. Ama bug\u00fcn ba\u015flamak zorunday\u0131z.<\/strong><\/p>\n<p>\u00d6nce y\u00fcz \u00e7ocukla pilot uygulama yap\u0131labilir.<\/p>\n<p>Sonra bin \u00f6\u011frenci.<\/p>\n<p>Sonra on bin.<\/p>\n<p>Sistem geli\u015ftik\u00e7e y\u00fcz binlere ula\u015fabilecek bir altyap\u0131 kurulabilir.<\/p>\n<p>\u00d6nemli olan say\u0131lardan \u00f6nce do\u011fru modeli olu\u015fturmakt\u0131r.<\/p>\n<p>\u00c7\u00fcnk\u00fc iyi kurulmu\u015f bir sistem b\u00fcy\u00fct\u00fclebilir.<\/p>\n<p>Plans\u0131z yard\u0131m ise ne kadar b\u00fcy\u00fck olursa olsun bir s\u00fcre sonra t\u00fckenir.<\/p>\n<h1>E\u011e\u0130T\u0130M AYNI ZAMANDA BARI\u015e POL\u0130T\u0130KASIDIR<\/h1>\n<p>Bu meselenin \u00e7ok daha derin bir taraf\u0131 vard\u0131r.<\/p>\n<p>E\u011fitim yaln\u0131zca meslek kazand\u0131rmaz.<\/p>\n<p>Umut kazand\u0131r\u0131r.<\/p>\n<p>Bir \u00e7ocuk \u00f6n\u00fcnde \u00fcniversite g\u00f6r\u00fcyorsa gelece\u011fi d\u00fc\u015f\u00fcn\u00fcr.<\/p>\n<p>Meslek g\u00f6r\u00fcyorsa \u00fcretimi d\u00fc\u015f\u00fcn\u00fcr.<\/p>\n<p>Kendisine de\u011fer verildi\u011fini hissediyorsa d\u00fcnyayla ba\u011f kurar.<\/p>\n<p>Bu nedenle e\u011fitim, sava\u015f sonras\u0131 toplumlarda ayn\u0131 zamanda <strong>bar\u0131\u015f\u0131n sosyal altyap\u0131s\u0131d\u0131r.<\/strong><\/p>\n<p>Kal\u0131c\u0131 bar\u0131\u015f yaln\u0131zca silahlar\u0131n susmas\u0131 de\u011fildir.<\/p>\n<p>Kal\u0131c\u0131 bar\u0131\u015f, \u00e7ocu\u011fun yeniden hayal kurabilmesidir.<\/p>\n<p>Okulun kap\u0131s\u0131n\u0131n a\u00e7\u0131lmas\u0131d\u0131r.<\/p>\n<p>\u00d6\u011fretmenin s\u0131n\u0131fa girmesidir.<\/p>\n<p>Gencin \u201cBen doktor olaca\u011f\u0131m\u201d, \u201cBen m\u00fchendis olaca\u011f\u0131m\u201d, \u201cBen \u00f6\u011fretmen olaca\u011f\u0131m\u201d diyebilmesidir.<\/p>\n<h1>GAZZE&#8217;Y\u0130 BETON DE\u011e\u0130L, \u0130NSAN AYA\u011eA KALDIRACAK<\/h1>\n<p>Bir g\u00fcn Gazze yeniden in\u015fa edilecek.<\/p>\n<p>Milyarlarca dolarl\u0131k projeler konu\u015fulacak.<\/p>\n<p>Yeni konutlar yap\u0131lacak.<\/p>\n<p>Hastaneler kurulacak.<\/p>\n<p>Okullar in\u015fa edilecek.<\/p>\n<p>Yollar a\u00e7\u0131lacak.<\/p>\n<p>Fakat \u015fu ger\u00e7e\u011fi unutmamal\u0131y\u0131z:<\/p>\n<p><strong>\u015eehri bina yapmaz; insan yapar.<\/strong><\/p>\n<p>En modern hastaneyi kurabilirsiniz.<\/p>\n<p>Doktorunuz yoksa bina olarak kal\u0131r.<\/p>\n<p>En g\u00fczel okulu yapabilirsiniz.<\/p>\n<p>\u00d6\u011fretmeniniz yoksa e\u011fitim kurumu olamaz.<\/p>\n<p>Teknoloji merkezi kurabilirsiniz.<\/p>\n<p>Yeti\u015fmi\u015f gen\u00e7leriniz yoksa \u00e7al\u0131\u015ft\u0131ramazs\u0131n\u0131z.<\/p>\n<p>Bu nedenle Gazze&#8217;nin yeniden in\u015fa plan\u0131n\u0131n ilk maddesi beton de\u011fil, <strong>insan sermayesi<\/strong> olmal\u0131d\u0131r.<\/p>\n<p>Ve insan sermayesinin ba\u015flang\u0131\u00e7 noktas\u0131 \u00e7ocuktur.<\/p>\n<h1>D\u00dcNYANIN GAZZE&#8217;YE BAKI\u015eI DE\u011e\u0130\u015eMEL\u0130<\/h1>\n<p>Gazze \u00e7ocuklar\u0131na yaln\u0131zca ma\u011fdur olarak bakmamal\u0131y\u0131z.<\/p>\n<p>Bu \u00e7ok \u00f6nemli.<\/p>\n<p>Onlara s\u00fcrekli yard\u0131m bekleyen insanlar olarak bakarsak yanl\u0131\u015f bir gelecek tasavvuru olu\u015ftururuz.<\/p>\n<p>Onlar\u0131n aras\u0131nda gelece\u011fin doktorlar\u0131 vard\u0131r.<\/p>\n<p>M\u00fchendisleri vard\u0131r.<\/p>\n<p>\u00d6\u011fretmenleri vard\u0131r.<\/p>\n<p>Bilim insanlar\u0131 vard\u0131r.<\/p>\n<p>Sanat\u00e7\u0131lar\u0131 vard\u0131r.<\/p>\n<p>Giri\u015fimcileri vard\u0131r.<\/p>\n<p>Bizim g\u00f6revimiz onlara ac\u0131mak de\u011fil; <strong>potansiyellerinin \u00f6n\u00fcndeki engelleri kald\u0131rmakt\u0131r.<\/strong><\/p>\n<p>Merhamet \u00f6nemlidir.<\/p>\n<p>Fakat merhamet stratejiyle birle\u015fmezse ge\u00e7ici kal\u0131r.<\/p>\n<p><strong>Vicdan\u0131n kurumsalla\u015fmas\u0131 gerekir.<\/strong><\/p>\n<p>Bir g\u00fcnl\u00fck kampanya yerine on y\u0131ll\u0131k e\u011fitim program\u0131&#8230;<\/p>\n<p>Bir defal\u0131k yard\u0131m yerine s\u00fcrekli mentorluk&#8230;<\/p>\n<p>Bir tablet yerine dijital okul&#8230;<\/p>\n<p>Bir burs yerine e\u011fitim zinciri&#8230;<\/p>\n<p>\u0130\u015fte Gazze&#8217;nin gelece\u011fini de\u011fi\u015ftirebilecek yakla\u015f\u0131m budur.<\/p>\n<h1>B\u0130R \u00c7OCU\u011eU 10 YIL TAK\u0130P EDEL\u0130M<\/h1>\n<p>Ben meseleye \u015f\u00f6yle bak\u0131yorum:<\/p>\n<p>Bug\u00fcn Gazze&#8217;de on ya\u015f\u0131nda bir \u00e7ocuk d\u00fc\u015f\u00fcnelim.<\/p>\n<p>Onu e\u011fitim sistemine dahil edelim.<\/p>\n<p>Matemati\u011fini tamamlayal\u0131m.<\/p>\n<p>Dil \u00f6\u011fretelim.<\/p>\n<p>Bilgisayar kullanmas\u0131n\u0131 sa\u011flayal\u0131m.<\/p>\n<p>Yetene\u011fini ke\u015ffedelim.<\/p>\n<p>On be\u015f ya\u015f\u0131nda meslek y\u00f6nlendirmesi yapal\u0131m.<\/p>\n<p>On sekiz ya\u015f\u0131nda \u00fcniversite kap\u0131s\u0131n\u0131 a\u00e7al\u0131m.<\/p>\n<p>Burs verelim.<\/p>\n<p>Yirmi iki ya\u015f\u0131nda mezun olsun.<\/p>\n<p>Yirmi be\u015f ya\u015f\u0131nda d\u00f6n\u00fcp toplumuna hizmet etsin.<\/p>\n<p>\u0130\u015fte o zaman yapt\u0131\u011f\u0131m\u0131z yard\u0131m\u0131n ger\u00e7ek sonucunu g\u00f6r\u00fcr\u00fcz.<\/p>\n<p>Bug\u00fcn yard\u0131m etti\u011fimiz \u00e7ocuk yar\u0131n yard\u0131m da\u011f\u0131tan insan h\u00e2line gelmi\u015fse sistem ba\u015far\u0131l\u0131d\u0131r.<\/p>\n<p>Bug\u00fcn destekledi\u011fimiz \u00e7ocuk yar\u0131n kendi toplumunun \u00f6\u011fretmeni olmu\u015fsa ba\u015far\u0131l\u0131y\u0131z.<\/p>\n<p>Bug\u00fcn tablet verdi\u011fimiz \u00e7ocuk yar\u0131n teknoloji \u00fcretiyorsa ba\u015far\u0131l\u0131y\u0131z.<\/p>\n<p><strong>Yard\u0131m\u0131n nihai hedefi yard\u0131ma ihtiyac\u0131 azaltmakt\u0131r.<\/strong><\/p>\n<h1>SAVA\u015e GE\u00c7M\u0130\u015eLER\u0130N\u0130 ALDI, GELECEKLER\u0130N\u0130 DE ALMASIN<\/h1>\n<p>Gazze&#8217;nin \u00e7ocuklar\u0131 d\u00fcnyadan imk\u00e2ns\u0131z \u015feyler istemiyor.<\/p>\n<p>Ya\u015famak istiyorlar.<\/p>\n<p>Okumak istiyorlar.<\/p>\n<p>\u00d6\u011frenmek istiyorlar.<\/p>\n<p>Oynamak istiyorlar.<\/p>\n<p>Hayal kurmak istiyorlar.<\/p>\n<p>Meslek sahibi olmak istiyorlar.<\/p>\n<p>Kendi geleceklerini kurmak istiyorlar.<\/p>\n<p>Sava\u015f onlar\u0131n hayat\u0131ndan \u00e7ok \u015fey ald\u0131.<\/p>\n<p>Evlerini ald\u0131.<\/p>\n<p>Okullar\u0131n\u0131 ald\u0131.<\/p>\n<p>Hat\u0131ralar\u0131n\u0131 ald\u0131.<\/p>\n<p>\u00c7ocukluklar\u0131n\u0131n bir b\u00f6l\u00fcm\u00fcn\u00fc ald\u0131.<\/p>\n<p><strong>Hi\u00e7 de\u011filse geleceklerini almas\u0131na izin vermeyelim.<\/strong><\/p>\n<p>D\u00fcnyan\u0131n Gazze i\u00e7in yapabilece\u011fi en b\u00fcy\u00fck yat\u0131r\u0131mlardan biri, bir nesli kaybetmemektir.<\/p>\n<p>\u00c7\u00fcnk\u00fc bir \u00e7ocu\u011fu e\u011fitti\u011finizde yaln\u0131zca bir \u00e7ocu\u011fu kurtarmazs\u0131n\u0131z.<\/p>\n<p>Bir aileyi de\u011fi\u015ftirirsiniz.<\/p>\n<p>Bir sonraki ku\u015fa\u011f\u0131 etkilersiniz.<\/p>\n<p>Bir toplumun insan kayna\u011f\u0131n\u0131 olu\u015fturursunuz.<\/p>\n<p>Bir \u00fclkenin yeniden aya\u011fa kalkmas\u0131na temel haz\u0131rlars\u0131n\u0131z.<\/p>\n<p>Bu nedenle Gazze i\u00e7in yeni slogan\u0131m\u0131z yaln\u0131zca:<\/p>\n<p><strong>\u201cYard\u0131m edelim\u201d<\/strong><\/p>\n<p>olmamal\u0131d\u0131r.<\/p>\n<p>Daha b\u00fcy\u00fck d\u00fc\u015f\u00fcnmeliyiz:<\/p>\n<p><strong>KORUYALIM.<br \/>\nE\u011e\u0130TEL\u0130M.<br \/>\nYET\u0130\u015eT\u0130REL\u0130M.<br \/>\nMESLEK KAZANDIRALIM.<br \/>\nVE GAZZE&#8217;Y\u0130 KEND\u0130 \u00c7OCUKLARIYLA YEN\u0130DEN AYA\u011eA KALDIRALIM.<\/strong><\/p>\n<p>\u00c7\u00fcnk\u00fc ger\u00e7ek zafer bir \u00e7ocu\u011fun sava\u015ftan sa\u011f \u00e7\u0131kmas\u0131yla tamamlanmaz.<\/p>\n<p><strong>O \u00e7ocu\u011fun y\u0131llar sonra kendi ayaklar\u0131 \u00fczerinde durabilmesiyle tamamlan\u0131r.<\/strong><\/p>\n<p>Sava\u015f ge\u00e7mi\u015flerini ald\u0131.<\/p>\n<p><strong>Biz insanl\u0131k olarak birle\u015felim; geleceklerini de almas\u0131na izin vermeyelim.<\/strong><\/p>\n<div id=\"bghab-1254208007\" class=\"bghab-yazi-altinda bghab-entity-placement\"><script async src=\"https:\/\/pagead2.googlesyndication.com\/pagead\/js\/adsbygoogle.js\"><\/script>\r\n<!-- bghaber-yaz\u0131-sonu -->\r\n<ins class=\"adsbygoogle\"\r\n     style=\"display:block\"\r\n     data-ad-client=\"ca-pub-6203283170189293\"\r\n     data-ad-slot=\"4222328180\"\r\n     data-ad-format=\"auto\"\r\n     data-full-width-responsive=\"true\"><\/ins>\r\n<script>\r\n     (adsbygoogle = window.adsbygoogle || []).push({});\r\n<\/script><\/div><br style=\"clear: both; display: block; float: none;\"\/>","protected":false},"excerpt":{"rendered":"<p>Rafet ULUT\u00dcRK Gazze&#8217;ye bakt\u0131\u011f\u0131m\u0131zda \u00e7o\u011funlukla bug\u00fcn\u00fcn felaketini g\u00f6r\u00fcyoruz. Y\u0131k\u0131lm\u0131\u015f binalar\u0131, par\u00e7alanm\u0131\u015f aileleri, yerinden edilmi\u015f insanlar\u0131, kapanm\u0131\u015f okullar\u0131, sa\u011fl\u0131k ve bar\u0131nma sorunlar\u0131n\u0131 konu\u015fuyoruz. Bunlar\u0131n her biri<\/p>\n","protected":false},"author":13,"featured_media":64830,"comment_status":"open","ping_status":"closed","sticky":false,"template":"","format":"standard","meta":{"advanced_seo_description":"","jetpack_seo_html_title":"","jetpack_seo_noindex":false,"jetpack_seo_schema_type":"","_jetpack_newsletter_access":"","_jetpack_dont_email_post_to_subs":false,"_jetpack_newsletter_tier_id":0,"_jetpack_memberships_contains_paywalled_content":false,"_jetpack_feature_clip_id":0,"_jetpack_memberships_contains_paid_content":false,"footnotes":"","jetpack_post_was_ever_published":false},"categories":[6],"tags":[],"class_list":["post-65280","post","type-post","status-publish","format-standard","has-post-thumbnail","hentry","category-yorum"],"jetpack_sharing_enabled":true,"jetpack_likes_enabled":true,"jetpack-related-posts":[],"jetpack_shortlink":"https:\/\/wp.me\/pc2PfJ-gYU","jetpack_featured_media_url":"https:\/\/i0.wp.com\/www.bghaber.org\/bghaber\/wp-content\/uploads\/2026\/02\/rafet03.jpg?fit=500%2C317&ssl=1","_links":{"self":[{"href":"https:\/\/www.bghaber.org\/bghaber\/wp-json\/wp\/v2\/posts\/65280","targetHints":{"allow":["GET"]}}],"collection":[{"href":"https:\/\/www.bghaber.org\/bghaber\/wp-json\/wp\/v2\/posts"}],"about":[{"href":"https:\/\/www.bghaber.org\/bghaber\/wp-json\/wp\/v2\/types\/post"}],"author":[{"embeddable":true,"href":"https:\/\/www.bghaber.org\/bghaber\/wp-json\/wp\/v2\/users\/13"}],"replies":[{"embeddable":true,"href":"https:\/\/www.bghaber.org\/bghaber\/wp-json\/wp\/v2\/comments?post=65280"}],"version-history":[{"count":2,"href":"https:\/\/www.bghaber.org\/bghaber\/wp-json\/wp\/v2\/posts\/65280\/revisions"}],"predecessor-version":[{"id":65282,"href":"https:\/\/www.bghaber.org\/bghaber\/wp-json\/wp\/v2\/posts\/65280\/revisions\/65282"}],"wp:featuredmedia":[{"embeddable":true,"href":"https:\/\/www.bghaber.org\/bghaber\/wp-json\/wp\/v2\/media\/64830"}],"wp:attachment":[{"href":"https:\/\/www.bghaber.org\/bghaber\/wp-json\/wp\/v2\/media?parent=65280"}],"wp:term":[{"taxonomy":"category","embeddable":true,"href":"https:\/\/www.bghaber.org\/bghaber\/wp-json\/wp\/v2\/categories?post=65280"},{"taxonomy":"post_tag","embeddable":true,"href":"https:\/\/www.bghaber.org\/bghaber\/wp-json\/wp\/v2\/tags?post=65280"}],"curies":[{"name":"wp","href":"https:\/\/api.w.org\/{rel}","templated":true}]}}