{"id":65277,"date":"2026-08-24T19:13:31","date_gmt":"2026-08-24T16:13:31","guid":{"rendered":"https:\/\/www.bghaber.org\/bghaber\/?p=65277"},"modified":"2026-08-24T19:13:31","modified_gmt":"2026-08-24T16:13:31","slug":"turk-dunyasi-genc-sinemacilar-bulusmasi-ankara-ve-istanbulda-gerceklestirilecek","status":"publish","type":"post","link":"https:\/\/www.bghaber.org\/bghaber\/turk-dunyasi-genc-sinemacilar-bulusmasi-ankara-ve-istanbulda-gerceklestirilecek\/","title":{"rendered":"T\u00fcrk D\u00fcnyas\u0131 Gen\u00e7 Sinemac\u0131lar Bulu\u015fmas\u0131 Ankara ve \u0130stanbul\u2019da Ger\u00e7ekle\u015ftirilecek"},"content":{"rendered":"<div class=\"content post-excerpt entry-content clearfix\">\n<p class=\"wp-block-paragraph\"><strong>T\u00fcrk D\u00fcnyas\u0131 Gazeteciler Federasyonu koordinasyonunda ger\u00e7ekle\u015ftirilecek \u201cT\u00fcrk D\u00fcnyas\u0131 Gen\u00e7 Sinemac\u0131lar Bulu\u015fmas\u0131 ve \u00d6d\u00fcll\u00fc Belgesel Film G\u00f6sterimi\u201d, Ankara ve \u0130stanbul\u2019da T\u00fcrk d\u00fcnyas\u0131n\u0131n gen\u00e7 sinemac\u0131lar\u0131n\u0131 bir araya getirecek. Program kapsam\u0131nda forum, masterclas, \u00e7al\u0131\u015ftaylar, duayen sinemac\u0131larla bulu\u015fmalar, \u00f6d\u00fcll\u00fc belgesel film g\u00f6sterimleri ve s\u00f6yle\u015filer d\u00fczenlenecek. Program sonunda \u201cT\u00fcrk D\u00fcnyas\u0131 Gen\u00e7 Sinemac\u0131lar Platformu\u201d kurulacak.<\/strong><\/p>\n<p class=\"wp-block-paragraph\">T\u00fcrk D\u00fcnyas\u0131 Gazeteciler Federasyonu koordinasyonunda hayata ge\u00e7irilecek\u00a0<strong>T\u00fcrk D\u00fcnyas\u0131 Gen\u00e7 Sinemac\u0131lar Bulu\u015fmas\u0131<\/strong>\u00a0<strong>ve \u00d6d\u00fcll\u00fc Film G\u00f6sterimi\u00a0<\/strong>T\u00fcrk d\u00fcnyas\u0131n\u0131n gen\u00e7 sinemac\u0131lar\u0131n\u0131 ortak k\u00fclt\u00fcr ve sanat anlay\u0131\u015f\u0131 etraf\u0131nda bir araya getirmeyi hedefliyor.<\/p>\n<p class=\"wp-block-paragraph\">Bulu\u015fmaya ili\u015fkin a\u00e7\u0131klamalarda bulunan\u00a0<strong>D\u00fczenleme Komitesi Ba\u015fkan\u0131 ve T\u00fcrk D\u00fcnyas\u0131 Gazeteciler Federasyonu Genel Ba\u015fkan\u0131 Menderes Demir<\/strong>, projenin temel amac\u0131n\u0131n T\u00fcrk d\u00fcnyas\u0131 gen\u00e7 sinemac\u0131lar\u0131 aras\u0131ndaki i\u015f birli\u011fini geli\u015ftirmek, k\u00fclt\u00fcrel etkile\u015fimi art\u0131rmak ve ortak sinema projelerinin hayata ge\u00e7irilmesine katk\u0131 sa\u011flamak oldu\u011funu ifade etti.<\/p>\n<p class=\"wp-block-paragraph\"><strong>Ortak k\u00fclt\u00fcr ve sanat yol haritas\u0131 hedefleniyor<\/strong><\/p>\n<p class=\"wp-block-paragraph\">Projenin,\u00a0<strong>T\u00fcrk Devletleri Te\u015fkilat\u0131 2040 Vizyon Belgesi<\/strong>\u00a0do\u011frultusunda haz\u0131rland\u0131\u011f\u0131n\u0131 belirten Demir, T\u00fcrk d\u00fcnyas\u0131 \u00fclkeleri aras\u0131ndaki ekonomik, sosyal, k\u00fclt\u00fcrel ve sanatsal ili\u015fkilerin g\u00fc\u00e7lendirilmesinin hedeflendi\u011fini s\u00f6yledi.<\/p><div id=\"bghab-3253841549\" class=\"bghab-icerik-icine bghab-entity-placement\"><script async src=\"\/\/pagead2.googlesyndication.com\/pagead\/js\/adsbygoogle.js?client=ca-pub-6203283170189293\" crossorigin=\"anonymous\"><\/script><ins class=\"adsbygoogle\" style=\"display:block; text-align:center;\" data-ad-client=\"ca-pub-6203283170189293\" \ndata-ad-slot=\"7303146466\" \ndata-ad-layout=\"in-article\"\ndata-ad-format=\"fluid\" data-full-width-responsive=\"true\"><\/ins>\n<script> \n(adsbygoogle = window.adsbygoogle || []).push({}); \n<\/script>\n<\/div>\n<p class=\"wp-block-paragraph\">Demir, ortak k\u00fclt\u00fcrel miras\u0131n gelecek ku\u015faklara aktar\u0131lmas\u0131 ve gen\u00e7lerin k\u00fclt\u00fcr-sanat alan\u0131nda daha g\u00fc\u00e7l\u00fc i\u015f birlikleri kurabilmesi amac\u0131yla ortak bir k\u00fclt\u00fcr ve sanat yol haritas\u0131n\u0131n olu\u015fturulmas\u0131n\u0131n da projenin \u00f6nemli hedefleri aras\u0131nda yer ald\u0131\u011f\u0131n\u0131 belirtti.<\/p>\n<p class=\"wp-block-paragraph\"><strong>Ankara ve \u0130stanbul\u2019da sinema bulu\u015fmalar\u0131<\/strong><\/p>\n<p class=\"wp-block-paragraph\">Ankara ve \u0130stanbul\u2019da ger\u00e7ekle\u015ftirilecek program kapsam\u0131nda \u00e7ok say\u0131da etkinlik d\u00fczenlenecek.<\/p>\n<p class=\"wp-block-paragraph\">Programda;\u00a0<strong>a\u00e7\u0131l\u0131\u015f toplant\u0131s\u0131, T\u00fcrk D\u00fcnyas\u0131 Gen\u00e7 Sinemac\u0131lar Forumu, masterclass \u00e7al\u0131\u015fmalar\u0131, tecr\u00fcbe payla\u015f\u0131m\u0131 \u00e7al\u0131\u015ftaylar\u0131, duayen y\u00f6netmen ve oyuncularla bulu\u015fmalar, \u00f6d\u00fcll\u00fc belgesel film g\u00f6sterimleri ve s\u00f6yle\u015filer<\/strong>\u00a0ger\u00e7ekle\u015ftirilecek.<\/p>\n<p class=\"wp-block-paragraph\">Gen\u00e7 sinemac\u0131lar\u0131n sekt\u00f6r\u00fcn deneyimli isimleriyle bir araya gelerek bilgi ve tecr\u00fcbelerini payla\u015fmalar\u0131, yeni ortak projeler geli\u015ftirmeleri ve T\u00fcrk d\u00fcnyas\u0131 sinemas\u0131nda kal\u0131c\u0131 i\u015f birliklerinin olu\u015fturulmas\u0131 ama\u00e7lan\u0131yor.<\/p><div id=\"bghab-2877854158\" class=\"bghab-icerik-icine-10-paragraf bghab-entity-placement\"><script async src=\"\/\/pagead2.googlesyndication.com\/pagead\/js\/adsbygoogle.js?client=ca-pub-6203283170189293\" crossorigin=\"anonymous\"><\/script><ins class=\"adsbygoogle\" style=\"display:block; text-align:center;\" data-ad-client=\"ca-pub-6203283170189293\" \ndata-ad-slot=\"7303146466\" \ndata-ad-layout=\"in-article\"\ndata-ad-format=\"fluid\" data-full-width-responsive=\"true\"><\/ins>\n<script> \n(adsbygoogle = window.adsbygoogle || []).push({}); \n<\/script>\n<\/div>\n<p class=\"wp-block-paragraph\"><strong>T\u00fcrk d\u00fcnyas\u0131ndan gen\u00e7 sinemac\u0131lar bir araya gelecek<\/strong><\/p>\n<p class=\"wp-block-paragraph\">Bulu\u015fmaya ba\u015fta\u00a0<strong>T\u00fcrkiye olmak \u00fczere yedi T\u00fcrk Cumhuriyeti, \u00f6zerk T\u00fcrk cumhuriyetleri ile T\u00fcrk ve akraba topluluklar\u0131ndan<\/strong>\u00a0gen\u00e7 sinemac\u0131lar\u0131n kat\u0131lmas\u0131 planlan\u0131yor.<\/p>\n<p class=\"wp-block-paragraph\">Program\u0131n, farkl\u0131 \u00fclkelerden gen\u00e7 y\u00f6netmen, yap\u0131mc\u0131, senarist, akademisyen ve sinema \u00f6\u011frencilerinin bir araya gelerek ortak projeler geli\u015ftirmesine imk\u00e2n sa\u011flamas\u0131 hedefleniyor.<\/p>\n<p class=\"wp-block-paragraph\"><strong>Akademi, medya ve k\u00fclt\u00fcr-sanat d\u00fcnyas\u0131 bulu\u015facak<\/strong><\/p>\n<p class=\"wp-block-paragraph\">T\u00fcrk D\u00fcnyas\u0131 Gen\u00e7 Sinemac\u0131lar Bulu\u015fmas\u0131 yaln\u0131zca sinema sekt\u00f6r\u00fcne de\u011fil, geni\u015f bir k\u00fclt\u00fcr ve sanat \u00e7evresine hitap edecek.<\/p><div id=\"bghab-2816941719\" class=\"bghab-icerik-icine-15-paragraf bghab-entity-placement\"><script async src=\"\/\/pagead2.googlesyndication.com\/pagead\/js\/adsbygoogle.js?client=ca-pub-6203283170189293\" crossorigin=\"anonymous\"><\/script><ins class=\"adsbygoogle\" style=\"display:block; text-align:center;\" data-ad-client=\"ca-pub-6203283170189293\" \ndata-ad-slot=\"7303146466\" \ndata-ad-layout=\"in-article\"\ndata-ad-format=\"fluid\" data-full-width-responsive=\"true\"><\/ins>\n<script> \n(adsbygoogle = window.adsbygoogle || []).push({}); \n<\/script>\n<\/div>\n<p class=\"wp-block-paragraph\">Etkinli\u011fin hedef kitlesi aras\u0131nda\u00a0<strong>ileti\u015fim, k\u00fclt\u00fcr ve sanat sekt\u00f6r\u00fc temsilcileri, akademisyenler, \u00fcniversiteler, \u00f6\u011frenciler, medya kurulu\u015flar\u0131 ve sivil toplum kurulu\u015flar\u0131<\/strong>\u00a0yer al\u0131yor.<\/p>\n<p class=\"wp-block-paragraph\">Program kapsam\u0131nda akademisyenler, sanat\u00e7\u0131lar, sinemac\u0131lar ve sekt\u00f6r temsilcilerinin bilgi ve deneyimlerini gen\u00e7lerle payla\u015fmalar\u0131 sa\u011flanacak.<\/p>\n<p class=\"wp-block-paragraph\">Proje sonunda T\u00fcrk d\u00fcnyas\u0131n\u0131n gen\u00e7 sinemac\u0131lar\u0131 aras\u0131nda kal\u0131c\u0131 ileti\u015fim ve i\u015f birli\u011fi a\u011f\u0131n\u0131n olu\u015fturulmas\u0131 hedefleniyor.<\/p>\n<p class=\"wp-block-paragraph\">Ayr\u0131ca ger\u00e7ekle\u015ftirilecek etkinliklerin dijital i\u00e7eriklerle desteklenmesi, canl\u0131 yay\u0131nlar ve sosyal medya \u00e7al\u0131\u015fmalar\u0131yla T\u00fcrk d\u00fcnyas\u0131n\u0131n ortak k\u00fclt\u00fcr ve sanat de\u011ferlerinin daha geni\u015f kitlelere ula\u015ft\u0131r\u0131lmas\u0131 planlan\u0131yor.<\/p>\n<p class=\"wp-block-paragraph\">Bulu\u015fma kapsam\u0131nda\u00a0<strong>akademisyenler, sanat\u00e7\u0131lar, otantik m\u00fczik insanlar\u0131, sinemac\u0131lar ve k\u00fclt\u00fcr-sanat temsilcileri aras\u0131nda yeni i\u015f birliklerinin kurulmas\u0131<\/strong>, gen\u00e7lerin ortak projeler geli\u015ftirmesi ve T\u00fcrk d\u00fcnyas\u0131 sinemas\u0131n\u0131n uluslararas\u0131 alanda daha g\u00f6r\u00fcn\u00fcr hale gelmesine katk\u0131 sa\u011flanmas\u0131 ama\u00e7lan\u0131yor.<\/p><div id=\"bghab-1789710027\" class=\"bghab-icerik-icine-20-paragraf bghab-entity-placement\"><script async src=\"\/\/pagead2.googlesyndication.com\/pagead\/js\/adsbygoogle.js?client=ca-pub-6203283170189293\" crossorigin=\"anonymous\"><\/script><ins class=\"adsbygoogle\" style=\"display:block; text-align:center;\" data-ad-client=\"ca-pub-6203283170189293\" \ndata-ad-slot=\"7303146466\" \ndata-ad-layout=\"in-article\"\ndata-ad-format=\"fluid\" data-full-width-responsive=\"true\"><\/ins>\n<script> \n(adsbygoogle = window.adsbygoogle || []).push({}); \n<\/script>\n<\/div>\n<p class=\"wp-block-paragraph\"><strong>Menderes Demir<\/strong>, T\u00fcrk d\u00fcnyas\u0131n\u0131n ortak k\u00fclt\u00fcrel de\u011ferlerinin sinema ve dijital medya arac\u0131l\u0131\u011f\u0131yla gelecek ku\u015faklara aktar\u0131lmas\u0131n\u0131n b\u00fcy\u00fck \u00f6nem ta\u015f\u0131d\u0131\u011f\u0131n\u0131 belirterek, kurulacak\u00a0<strong>\u201cT\u00fcrk D\u00fcnyas\u0131 Gen\u00e7 Sinemac\u0131lar Platformu\u201d<\/strong>\u00a0ile gen\u00e7 sinemac\u0131lar\u0131n desteklenmesinin T\u00fcrk d\u00fcnyas\u0131n\u0131n ortak gelece\u011fine yap\u0131lacak \u00f6nemli yat\u0131r\u0131mlardan biri olaca\u011f\u0131n\u0131 vurgulad\u0131.<\/p>\n<p class=\"wp-block-paragraph\"><strong>Menderes DEM\u0130R<br \/>\n<\/strong><strong>T\u00fcrk D\u00fcnyas\u0131 Gazeteciler<br \/>\nFederasyonu Ba\u015fkan\u0131<\/strong><\/p>\n<\/div>\n<footer class=\"post-footer entry-footer\">\n<div class=\"meta_bottom\">\n<div class=\"post-share\"><\/div>\n<\/div>\n<\/footer>\n<div id=\"bghab-4004006241\" class=\"bghab-yazi-altinda bghab-entity-placement\"><script async src=\"https:\/\/pagead2.googlesyndication.com\/pagead\/js\/adsbygoogle.js\"><\/script>\r\n<!-- bghaber-yaz\u0131-sonu -->\r\n<ins class=\"adsbygoogle\"\r\n     style=\"display:block\"\r\n     data-ad-client=\"ca-pub-6203283170189293\"\r\n     data-ad-slot=\"4222328180\"\r\n     data-ad-format=\"auto\"\r\n     data-full-width-responsive=\"true\"><\/ins>\r\n<script>\r\n     (adsbygoogle = window.adsbygoogle || []).push({});\r\n<\/script><\/div><br style=\"clear: both; display: block; float: none;\"\/>","protected":false},"excerpt":{"rendered":"<p>T\u00fcrk D\u00fcnyas\u0131 Gazeteciler Federasyonu koordinasyonunda ger\u00e7ekle\u015ftirilecek \u201cT\u00fcrk D\u00fcnyas\u0131 Gen\u00e7 Sinemac\u0131lar Bulu\u015fmas\u0131 ve \u00d6d\u00fcll\u00fc Belgesel Film G\u00f6sterimi\u201d, Ankara ve \u0130stanbul\u2019da T\u00fcrk d\u00fcnyas\u0131n\u0131n gen\u00e7 sinemac\u0131lar\u0131n\u0131 bir araya<\/p>\n","protected":false},"author":13,"featured_media":65278,"comment_status":"open","ping_status":"closed","sticky":false,"template":"","format":"standard","meta":{"advanced_seo_description":"","jetpack_seo_html_title":"","jetpack_seo_noindex":false,"jetpack_seo_schema_type":"","_jetpack_newsletter_access":"","_jetpack_dont_email_post_to_subs":false,"_jetpack_newsletter_tier_id":0,"_jetpack_memberships_contains_paywalled_content":false,"_jetpack_feature_clip_id":0,"_jetpack_memberships_contains_paid_content":false,"footnotes":"","jetpack_post_was_ever_published":false},"categories":[3820,8,1,10],"tags":[],"class_list":["post-65277","post","type-post","status-publish","format-standard","has-post-thumbnail","hentry","category-bilgi","category-egitim","category-haberler","category-kultur-sanat"],"jetpack_sharing_enabled":true,"jetpack_likes_enabled":true,"jetpack-related-posts":[],"jetpack_shortlink":"https:\/\/wp.me\/pc2PfJ-gYR","jetpack_featured_media_url":"https:\/\/i0.wp.com\/www.bghaber.org\/bghaber\/wp-content\/uploads\/2026\/08\/688af9e2-050e-462f-b5ca-17517bc6c433.jpg?fit=768%2C1376&ssl=1","_links":{"self":[{"href":"https:\/\/www.bghaber.org\/bghaber\/wp-json\/wp\/v2\/posts\/65277","targetHints":{"allow":["GET"]}}],"collection":[{"href":"https:\/\/www.bghaber.org\/bghaber\/wp-json\/wp\/v2\/posts"}],"about":[{"href":"https:\/\/www.bghaber.org\/bghaber\/wp-json\/wp\/v2\/types\/post"}],"author":[{"embeddable":true,"href":"https:\/\/www.bghaber.org\/bghaber\/wp-json\/wp\/v2\/users\/13"}],"replies":[{"embeddable":true,"href":"https:\/\/www.bghaber.org\/bghaber\/wp-json\/wp\/v2\/comments?post=65277"}],"version-history":[{"count":1,"href":"https:\/\/www.bghaber.org\/bghaber\/wp-json\/wp\/v2\/posts\/65277\/revisions"}],"predecessor-version":[{"id":65279,"href":"https:\/\/www.bghaber.org\/bghaber\/wp-json\/wp\/v2\/posts\/65277\/revisions\/65279"}],"wp:featuredmedia":[{"embeddable":true,"href":"https:\/\/www.bghaber.org\/bghaber\/wp-json\/wp\/v2\/media\/65278"}],"wp:attachment":[{"href":"https:\/\/www.bghaber.org\/bghaber\/wp-json\/wp\/v2\/media?parent=65277"}],"wp:term":[{"taxonomy":"category","embeddable":true,"href":"https:\/\/www.bghaber.org\/bghaber\/wp-json\/wp\/v2\/categories?post=65277"},{"taxonomy":"post_tag","embeddable":true,"href":"https:\/\/www.bghaber.org\/bghaber\/wp-json\/wp\/v2\/tags?post=65277"}],"curies":[{"name":"wp","href":"https:\/\/api.w.org\/{rel}","templated":true}]}}