{"id":65275,"date":"2026-08-24T05:48:05","date_gmt":"2026-08-24T02:48:05","guid":{"rendered":"https:\/\/www.bghaber.org\/bghaber\/?p=65275"},"modified":"2026-08-24T05:48:05","modified_gmt":"2026-08-24T02:48:05","slug":"mevlid-kandili-rahmeti-anlamak-iyiligi-yasatmak-gelecege-umut-tasimaktir","status":"publish","type":"post","link":"https:\/\/www.bghaber.org\/bghaber\/mevlid-kandili-rahmeti-anlamak-iyiligi-yasatmak-gelecege-umut-tasimaktir\/","title":{"rendered":"MEVL\u0130D KAND\u0130L\u0130: RAHMET\u0130 ANLAMAK, \u0130Y\u0130L\u0130\u011e\u0130 YA\u015eATMAK, GELECE\u011eE UMUT TA\u015eIMAKTIR"},"content":{"rendered":"<p>Rafet ULUT\u00dcRK<\/p>\n<p>Bug\u00fcn, \u00e2lemlere rahmet olarak g\u00f6nderilen Sevgili Peygamberimiz <strong>Hz. Muhammed Mustafa\u2019n\u0131n (s.a.v.) d\u00fcnyaya te\u015frifini<\/strong> idrak etmenin huzurunu ve manevi bereketini ya\u015f\u0131yoruz.<\/p>\n<p>Mevlid Kandili yaln\u0131zca kutlu bir do\u011fumu hat\u0131rlad\u0131\u011f\u0131m\u0131z m\u00fcbarek bir gece de\u011fildir. Ayn\u0131 zamanda insan\u0131n kendisine, ailesine, toplumuna ve b\u00fct\u00fcn insanl\u0131\u011fa kar\u015f\u0131 sorumluluklar\u0131n\u0131 yeniden d\u00fc\u015f\u00fcnmesi i\u00e7in \u00f6nemli bir <strong>vicdan ve muhasebe gecesidir.<\/strong><\/p>\n<p>Peygamber Efendimizi sevmek; yaln\u0131zca onu anmak de\u011fil, onun bize b\u0131rakt\u0131\u011f\u0131 <strong>merhamet, adalet, do\u011fruluk, karde\u015flik, payla\u015fma ve g\u00fczel ahlak miras\u0131n\u0131 hayat\u0131m\u0131zda ya\u015fatmakt\u0131r.<\/strong><\/p>\n<p>Bug\u00fcn d\u00fcnyam\u0131z\u0131n belki de en fazla ihtiya\u00e7 duydu\u011fu \u015fey budur:<\/p><div id=\"bghab-1548631610\" class=\"bghab-icerik-icine bghab-entity-placement\"><script async src=\"\/\/pagead2.googlesyndication.com\/pagead\/js\/adsbygoogle.js?client=ca-pub-6203283170189293\" crossorigin=\"anonymous\"><\/script><ins class=\"adsbygoogle\" style=\"display:block; text-align:center;\" data-ad-client=\"ca-pub-6203283170189293\" \ndata-ad-slot=\"7303146466\" \ndata-ad-layout=\"in-article\"\ndata-ad-format=\"fluid\" data-full-width-responsive=\"true\"><\/ins>\n<script> \n(adsbygoogle = window.adsbygoogle || []).push({}); \n<\/script>\n<\/div>\n<p><strong>Merhametli insan, adaletli toplum ve vicdanl\u0131 bir d\u00fcnya.<\/strong><\/p>\n<h2>KAND\u0130LLER SADECE GECELER\u0130M\u0130Z\u0130 DE\u011e\u0130L, HAYATIMIZI AYDINLATMALIDIR<\/h2>\n<p>Bu gece dualar edece\u011fiz, Kur\u2019an okuyaca\u011f\u0131z, salavatlar getirece\u011fiz ve sevdiklerimizin kandilini kutlayaca\u011f\u0131z.<\/p>\n<p>Fakat as\u0131l soru yar\u0131n sabah ba\u015flayacakt\u0131r:<\/p>\n<p><strong>Bu geceden hayat\u0131m\u0131za ne ta\u015f\u0131yaca\u011f\u0131z?<\/strong><\/p>\n<p>K\u0131rd\u0131\u011f\u0131m\u0131z bir g\u00f6nl\u00fc onarabilecek miyiz?<\/p><div id=\"bghab-1820481180\" class=\"bghab-icerik-icine-10-paragraf bghab-entity-placement\"><script async src=\"\/\/pagead2.googlesyndication.com\/pagead\/js\/adsbygoogle.js?client=ca-pub-6203283170189293\" crossorigin=\"anonymous\"><\/script><ins class=\"adsbygoogle\" style=\"display:block; text-align:center;\" data-ad-client=\"ca-pub-6203283170189293\" \ndata-ad-slot=\"7303146466\" \ndata-ad-layout=\"in-article\"\ndata-ad-format=\"fluid\" data-full-width-responsive=\"true\"><\/ins>\n<script> \n(adsbygoogle = window.adsbygoogle || []).push({}); \n<\/script>\n<\/div>\n<p>K\u00fcs oldu\u011fumuz insanla bar\u0131\u015fabilecek miyiz?<\/p>\n<p>Anne ve babam\u0131z\u0131n g\u00f6nl\u00fcn\u00fc alabilecek miyiz?<\/p>\n<p>Bir yetimin ba\u015f\u0131n\u0131 ok\u015fayabilecek, bir ihtiya\u00e7 sahibinin y\u00fck\u00fcn\u00fc hafifletebilecek miyiz?<\/p>\n<p>Bir \u00f6\u011frencinin e\u011fitim yolculu\u011funa destek olabilecek miyiz?<\/p>\n<p>\u00c7\u00fcnk\u00fc kandiller yaln\u0131zca bir geceyi de\u011fil, <strong>insan\u0131n bundan sonraki hayat\u0131n\u0131 g\u00fczelle\u015ftirdi\u011fi \u00f6l\u00e7\u00fcde anlam kazan\u0131r.<\/strong><\/p><div id=\"bghab-425712170\" class=\"bghab-icerik-icine-15-paragraf bghab-entity-placement\"><script async src=\"\/\/pagead2.googlesyndication.com\/pagead\/js\/adsbygoogle.js?client=ca-pub-6203283170189293\" crossorigin=\"anonymous\"><\/script><ins class=\"adsbygoogle\" style=\"display:block; text-align:center;\" data-ad-client=\"ca-pub-6203283170189293\" \ndata-ad-slot=\"7303146466\" \ndata-ad-layout=\"in-article\"\ndata-ad-format=\"fluid\" data-full-width-responsive=\"true\"><\/ins>\n<script> \n(adsbygoogle = window.adsbygoogle || []).push({}); \n<\/script>\n<\/div>\n<p>Mevlid Kandili ge\u00e7sin; fakat <strong>Mevlid&#8217;in merhameti ge\u00e7mesin.<\/strong><\/p>\n<h2>B\u0130R M\u0130LLET\u0130N GELECE\u011e\u0130 \u00c7OCUKLARININ V\u0130CDANINDA KURULUR<\/h2>\n<p>Bug\u00fcn \u00e7ocuklar\u0131m\u0131za b\u0131rakaca\u011f\u0131m\u0131z miras\u0131 da d\u00fc\u015f\u00fcnmek zorunday\u0131z.<\/p>\n<p>Onlara yaln\u0131zca mal, m\u00fclk ve makam b\u0131rakmak yetmez.<\/p>\n<p>\u00c7ocuklar\u0131m\u0131za d\u00fcr\u00fcstl\u00fc\u011f\u00fc, merhameti, payla\u015fmay\u0131, emanete sahip \u00e7\u0131kmay\u0131, b\u00fcy\u00fc\u011fe h\u00fcrmeti, k\u00fc\u00e7\u00fc\u011fe sevgiyi, vatan\u0131na ve milletine kar\u015f\u0131 sorumluluk duymay\u0131 \u00f6\u011fretmeliyiz.<\/p>\n<p>\u00c7\u00fcnk\u00fc yar\u0131n\u0131n d\u00fcnyas\u0131n\u0131 bug\u00fcn\u00fcn \u00e7ocuklar\u0131 kuracakt\u0131r.<\/p><div id=\"bghab-2801505016\" class=\"bghab-icerik-icine-20-paragraf bghab-entity-placement\"><script async src=\"\/\/pagead2.googlesyndication.com\/pagead\/js\/adsbygoogle.js?client=ca-pub-6203283170189293\" crossorigin=\"anonymous\"><\/script><ins class=\"adsbygoogle\" style=\"display:block; text-align:center;\" data-ad-client=\"ca-pub-6203283170189293\" \ndata-ad-slot=\"7303146466\" \ndata-ad-layout=\"in-article\"\ndata-ad-format=\"fluid\" data-full-width-responsive=\"true\"><\/ins>\n<script> \n(adsbygoogle = window.adsbygoogle || []).push({}); \n<\/script>\n<\/div>\n<p><strong>Bir milletin gelece\u011fi yaln\u0131zca okullar\u0131nda de\u011fil, \u00e7ocuklar\u0131n\u0131n akl\u0131nda, ahlak\u0131nda ve vicdan\u0131nda in\u015fa edilir.<\/strong><\/p>\n<p>\u00c7ocuklar\u0131m\u0131z\u0131 yaln\u0131zca ba\u015far\u0131l\u0131 insanlar olmaya de\u011fil, <strong>iyi insanlar olmaya<\/strong> haz\u0131rlamal\u0131y\u0131z.<\/p>\n<h2>B\u0130Z\u0130M MEDEN\u0130YET\u0130M\u0130Z G\u00d6N\u00dcL MEDEN\u0130YET\u0130D\u0130R<\/h2>\n<p>BULT\u00dcRK Derne\u011fi olarak y\u0131llard\u0131r insan\u0131m\u0131z aras\u0131nda g\u00f6n\u00fcl k\u00f6pr\u00fcleri kurmaya \u00e7al\u0131\u015f\u0131rken bizi bir arada tutan en \u00f6nemli de\u011ferlerden birinin dayan\u0131\u015fma oldu\u011funa inan\u0131yoruz.<\/p>\n<p>Bizim medeniyetimizde insan yaln\u0131z b\u0131rak\u0131lmaz.<\/p>\n<p>Kom\u015fu g\u00f6zetilir.<\/p><div id=\"bghab-3730429513\" class=\"bghab-icerik-icine-25-paragraf bghab-entity-placement\"><script async src=\"\/\/pagead2.googlesyndication.com\/pagead\/js\/adsbygoogle.js?client=ca-pub-6203283170189293\" crossorigin=\"anonymous\"><\/script><ins class=\"adsbygoogle\" style=\"display:block; text-align:center;\" data-ad-client=\"ca-pub-6203283170189293\" \ndata-ad-slot=\"7303146466\" \ndata-ad-layout=\"in-article\"\ndata-ad-format=\"fluid\" data-full-width-responsive=\"true\"><\/ins>\n<script> \n(adsbygoogle = window.adsbygoogle || []).push({}); \n<\/script>\n<\/div>\n<p>Yetimin ba\u015f\u0131 ok\u015fan\u0131r.<\/p>\n<p>Ya\u015fl\u0131ya h\u00fcrmet edilir.<\/p>\n<p>Yolda kalana el uzat\u0131l\u0131r.<\/p>\n<p>\u0130htiya\u00e7 sahibinin onuru korunur.<\/p>\n<p>\u00c7\u00fcnk\u00fc bizim anlay\u0131\u015f\u0131m\u0131zda <strong>insan\u0131 ya\u015fatmak, toplumu ve devleti ya\u015fatman\u0131n ba\u015flang\u0131c\u0131d\u0131r.<\/strong><\/p><div id=\"bghab-4001214278\" class=\"bghab-icerik-icine-30-paragraf bghab-entity-placement\"><script async src=\"\/\/pagead2.googlesyndication.com\/pagead\/js\/adsbygoogle.js?client=ca-pub-6203283170189293\" crossorigin=\"anonymous\"><\/script><ins class=\"adsbygoogle\" style=\"display:block; text-align:center;\" data-ad-client=\"ca-pub-6203283170189293\" \ndata-ad-slot=\"7303146466\" \ndata-ad-layout=\"in-article\"\ndata-ad-format=\"fluid\" data-full-width-responsive=\"true\"><\/ins>\n<script> \n(adsbygoogle = window.adsbygoogle || []).push({}); \n<\/script>\n<\/div>\n<p>Bug\u00fcn nerede ya\u015farsak ya\u015fayal\u0131m; T\u00fcrkiye\u2019de, Bulgaristan\u2019da, Balkanlar\u2019da, Avrupa\u2019da veya d\u00fcnyan\u0131n ba\u015fka bir k\u00f6\u015fesinde ayn\u0131 g\u00f6n\u00fcl medeniyetinin insanlar\u0131 oldu\u011fumuzu unutmamal\u0131y\u0131z.<\/p>\n<p>Co\u011frafyalar bizi ay\u0131rabilir; fakat <strong>ortak tarihimiz, k\u00fclt\u00fcr\u00fcm\u00fcz, inanc\u0131m\u0131z ve g\u00f6n\u00fcl ba\u011flar\u0131m\u0131z bizi birbirimize yakla\u015ft\u0131r\u0131r.<\/strong><\/p>\n<h2>B\u0130RL\u0130\u011e\u0130M\u0130Z\u0130 KORUMAK DA B\u0130R SORUMLULUKTUR<\/h2>\n<p>Mevlid Kandili bize karde\u015fli\u011fi de yeniden hat\u0131rlatmal\u0131d\u0131r.<\/p>\n<p>\u0130nsanlar\u0131n kolayl\u0131kla birbirinden uzakla\u015ft\u0131r\u0131ld\u0131\u011f\u0131, farkl\u0131l\u0131klar\u0131n \u00e7at\u0131\u015fma sebebi h\u00e2line getirildi\u011fi bir \u00e7a\u011fda karde\u015fli\u011fimizi korumak stratejik oldu\u011fu kadar ahlaki bir sorumluluktur.<\/p>\n<p>Birbirimizin kusurunu aramak yerine birbirimizin elinden tutmal\u0131y\u0131z.<\/p><div id=\"bghab-2332339446\" class=\"bghab-icerik-icine-35-paragraf bghab-entity-placement\"><script async src=\"\/\/pagead2.googlesyndication.com\/pagead\/js\/adsbygoogle.js?client=ca-pub-6203283170189293\" crossorigin=\"anonymous\"><\/script><ins class=\"adsbygoogle\" style=\"display:block; text-align:center;\" data-ad-client=\"ca-pub-6203283170189293\" \ndata-ad-slot=\"7303146466\" \ndata-ad-layout=\"in-article\"\ndata-ad-format=\"fluid\" data-full-width-responsive=\"true\"><\/ins>\n<script> \n(adsbygoogle = window.adsbygoogle || []).push({}); \n<\/script>\n<\/div>\n<p>Ayr\u0131l\u0131klar\u0131m\u0131z\u0131 b\u00fcy\u00fctmek yerine ortak de\u011ferlerimizi g\u00fc\u00e7lendirmeliyiz.<\/p>\n<p>\u00c7\u00fcnk\u00fc bizi g\u00fc\u00e7l\u00fc k\u0131lacak olan \u00f6fkemiz de\u011fil, <strong>birli\u011fimizdir.<\/strong><\/p>\n<p>Bizi gelece\u011fe ta\u015f\u0131yacak olan yaln\u0131zca maddi g\u00fcc\u00fcm\u00fcz de\u011fil, <strong>birbirimize duydu\u011fumuz g\u00fcven ve dayan\u0131\u015fmad\u0131r.<\/strong><\/p>\n<h2>DUALARIMIZ SINIRLARI A\u015eSIN<\/h2>\n<p>Bu m\u00fcbarek gecede dualar\u0131m\u0131z yaln\u0131zca kendimiz i\u00e7in olmas\u0131n.<\/p>\n<p>Mazlumlar\u0131 unutmayal\u0131m.<\/p><div id=\"bghab-2067305156\" class=\"bghab-icerik-icine-40-paragraf bghab-entity-placement\"><script async src=\"\/\/pagead2.googlesyndication.com\/pagead\/js\/adsbygoogle.js?client=ca-pub-6203283170189293\" crossorigin=\"anonymous\"><\/script><ins class=\"adsbygoogle\" style=\"display:block; text-align:center;\" data-ad-client=\"ca-pub-6203283170189293\" \ndata-ad-slot=\"7303146466\" \ndata-ad-layout=\"in-article\"\ndata-ad-format=\"fluid\" data-full-width-responsive=\"true\"><\/ins>\n<script> \n(adsbygoogle = window.adsbygoogle || []).push({}); \n<\/script>\n<\/div>\n<p>Yetimleri, kimsesizleri, hastalar\u0131, ya\u015fl\u0131lar\u0131, gurbet ellerde ya\u015fayanlar\u0131 ve gelece\u011fini kurmaya \u00e7al\u0131\u015fan gen\u00e7lerimizi dualar\u0131m\u0131za katal\u0131m.<\/p>\n<p>Sava\u015flar\u0131n g\u00f6lgesinde b\u00fcy\u00fcyen \u00e7ocuklar\u0131 unutmayal\u0131m.<\/p>\n<p>Dualar\u0131m\u0131z T\u00fcrkiye\u2019mizin huzuru ve birlik beraberli\u011fi, Bulgaristan T\u00fcrklerinin gelece\u011fi, Balkanlar&#8217;daki soyda\u015flar\u0131m\u0131z\u0131n esenli\u011fi, T\u00fcrk ve \u0130slam d\u00fcnyas\u0131n\u0131n karde\u015fli\u011fi ve b\u00fct\u00fcn insanl\u0131\u011f\u0131n bar\u0131\u015f\u0131 i\u00e7in olsun.<\/p>\n<p><strong>\u00c7ocuklar\u0131n korkuyla de\u011fil umutla uyand\u0131\u011f\u0131, annelerin evlat ac\u0131s\u0131 ya\u015famad\u0131\u011f\u0131, insanlar\u0131n kimliklerinden ve inan\u00e7lar\u0131ndan dolay\u0131 \u00f6tekile\u015ftirilmedi\u011fi bir d\u00fcnya i\u00e7in dua edelim.<\/strong><\/p>\n<p>Fakat duan\u0131n yan\u0131nda sorumlulu\u011fumuzu da unutmayal\u0131m.<\/p><div id=\"bghab-461524940\" class=\"bghab-icerik-icine-45-paragraf bghab-entity-placement\"><script async src=\"\/\/pagead2.googlesyndication.com\/pagead\/js\/adsbygoogle.js?client=ca-pub-6203283170189293\" crossorigin=\"anonymous\"><\/script><ins class=\"adsbygoogle\" style=\"display:block; text-align:center;\" data-ad-client=\"ca-pub-6203283170189293\" \ndata-ad-slot=\"7303146466\" \ndata-ad-layout=\"in-article\"\ndata-ad-format=\"fluid\" data-full-width-responsive=\"true\"><\/ins>\n<script> \n(adsbygoogle = window.adsbygoogle || []).push({}); \n<\/script>\n<\/div>\n<p>\u00c7\u00fcnk\u00fc g\u00fczel bir d\u00fcnya yaln\u0131zca temenni edilmez; <strong>iyilikle, emekle, adaletle ve dayan\u0131\u015fmayla in\u015fa edilir.<\/strong><\/p>\n<h2>B\u0130R G\u00d6N\u00dcL KAZANMAKLA BA\u015eLAYALIM<\/h2>\n<p>Belki tek ba\u015f\u0131m\u0131za d\u00fcnyadaki b\u00fct\u00fcn sorunlar\u0131 \u00e7\u00f6zemeyiz.<\/p>\n<p>Fakat bir insan\u0131n d\u00fcnyas\u0131n\u0131 g\u00fczelle\u015ftirebiliriz.<\/p>\n<p>Bir \u00e7ocu\u011fa umut olabiliriz.<\/p>\n<p>Bir \u00f6\u011frencinin yolunu a\u00e7abiliriz.<\/p><div id=\"bghab-2396913172\" class=\"bghab-icerik-icine-50-paragraf bghab-entity-placement\"><script async src=\"\/\/pagead2.googlesyndication.com\/pagead\/js\/adsbygoogle.js?client=ca-pub-6203283170189293\" crossorigin=\"anonymous\"><\/script><ins class=\"adsbygoogle\" style=\"display:block; text-align:center;\" data-ad-client=\"ca-pub-6203283170189293\" \ndata-ad-slot=\"7303146466\" \ndata-ad-layout=\"in-article\"\ndata-ad-format=\"fluid\" data-full-width-responsive=\"true\"><\/ins>\n<script> \n(adsbygoogle = window.adsbygoogle || []).push({}); \n<\/script>\n<\/div>\n<p>Bir ya\u015fl\u0131n\u0131n yaln\u0131zl\u0131\u011f\u0131n\u0131 payla\u015fabiliriz.<\/p>\n<p>Bir k\u0131rg\u0131nl\u0131\u011f\u0131 sona erdirebiliriz.<\/p>\n<p>Bir ihtiya\u00e7 sahibinin y\u00fck\u00fcn\u00fc hafifletebiliriz.<\/p>\n<p>\u0130\u015fte de\u011fi\u015fim b\u00f6yle ba\u015flar:<\/p>\n<p><strong>Bir insandan\u2026<br \/>\nBir aileden\u2026<br \/>\nBir g\u00f6n\u00fclden\u2026<br \/>\nBir iyilikten\u2026<\/strong><\/p><div id=\"bghab-946789051\" class=\"bghab-icerik-icine-55-paragraf bghab-entity-placement\"><script async src=\"\/\/pagead2.googlesyndication.com\/pagead\/js\/adsbygoogle.js?client=ca-pub-6203283170189293\" crossorigin=\"anonymous\"><\/script><ins class=\"adsbygoogle\" style=\"display:block; text-align:center;\" data-ad-client=\"ca-pub-6203283170189293\" \ndata-ad-slot=\"7303146466\" \ndata-ad-layout=\"in-article\"\ndata-ad-format=\"fluid\" data-full-width-responsive=\"true\"><\/ins>\n<script> \n(adsbygoogle = window.adsbygoogle || []).push({}); \n<\/script>\n<\/div>\n<p>Sonra iyilik ba\u015fka bir iyili\u011fi do\u011furur.<\/p>\n<p>Ve k\u00fc\u00e7\u00fck g\u00f6r\u00fcnen iyilikler zamanla b\u00fcy\u00fck bir <strong>merhamet ve dayan\u0131\u015fma hareketine<\/strong> d\u00f6n\u00fc\u015f\u00fcr.<\/p>\n<h2>BU GECE KEND\u0130M\u0130ZE B\u0130R S\u00d6Z VEREL\u0130M<\/h2>\n<p>Bu Mevlid Kandili&#8217;nde kendimize bir s\u00f6z verelim:<\/p>\n<p><strong>Daha az k\u0131raca\u011f\u0131z, daha \u00e7ok g\u00f6n\u00fcl kazanaca\u011f\u0131z.<\/strong><\/p>\n<p><strong>Daha az ayr\u0131\u015faca\u011f\u0131z, daha \u00e7ok birle\u015fece\u011fiz.<\/strong><\/p><div id=\"bghab-202014845\" class=\"bghab-icerik-icine-60-paragraf bghab-entity-placement\"><script async src=\"\/\/pagead2.googlesyndication.com\/pagead\/js\/adsbygoogle.js?client=ca-pub-6203283170189293\" crossorigin=\"anonymous\"><\/script><ins class=\"adsbygoogle\" style=\"display:block; text-align:center;\" data-ad-client=\"ca-pub-6203283170189293\" \ndata-ad-slot=\"7303146466\" \ndata-ad-layout=\"in-article\"\ndata-ad-format=\"fluid\" data-full-width-responsive=\"true\"><\/ins>\n<script> \n(adsbygoogle = window.adsbygoogle || []).push({}); \n<\/script>\n<\/div>\n<p><strong>Daha az kendimiz i\u00e7in ya\u015fayacak, \u00e7evremizdeki insanlar\u0131 daha fazla g\u00f6zetmeye \u00e7al\u0131\u015faca\u011f\u0131z.<\/strong><\/p>\n<p>Ve Peygamber Efendimizi yaln\u0131zca kandil gecelerinde hat\u0131rlamayaca\u011f\u0131z; onun merhametini, adaletini ve g\u00fczel ahlak\u0131n\u0131 hayat\u0131m\u0131z\u0131n her g\u00fcn\u00fcne ta\u015f\u0131maya gayret edece\u011fiz.<\/p>\n<p>\u00c7\u00fcnk\u00fc <strong>Peygamberimizi sevmenin en g\u00fczel ifadesi, onun g\u00f6sterdi\u011fi g\u00fczel ahlak yolunda y\u00fcr\u00fcmektir.<\/strong><\/p>\n<p>Bu duygu ve d\u00fc\u015f\u00fcncelerle; ba\u015fta aziz milletimiz olmak \u00fczere Bulgaristan T\u00fcrklerinin, Balkanlar\u2019daki soyda\u015flar\u0131m\u0131z\u0131n, T\u00fcrk-\u0130slam \u00e2leminin ve b\u00fct\u00fcn g\u00f6n\u00fcl dostlar\u0131m\u0131z\u0131n <strong>Mevlid Kandili&#8217;ni en kalbi duygular\u0131mla tebrik ediyorum.<\/strong><\/p>\n<p>Y\u00fcce Allah bu m\u00fcbarek geceyi; g\u00f6n\u00fcllerimizin ar\u0131nmas\u0131na, k\u0131rg\u0131nl\u0131klar\u0131n sona ermesine, ailelerimizin huzuruna, milletimizin birlik ve beraberli\u011finin g\u00fc\u00e7lenmesine, mazlumlar\u0131n kurtulu\u015funa ve b\u00fct\u00fcn insanl\u0131\u011f\u0131n bar\u0131\u015f ve huzuruna vesile eylesin.<\/p><div id=\"bghab-4272737092\" class=\"bghab-icerik-icine-65-paragraf bghab-entity-placement\"><script async src=\"\/\/pagead2.googlesyndication.com\/pagead\/js\/adsbygoogle.js?client=ca-pub-6203283170189293\" crossorigin=\"anonymous\"><\/script><ins class=\"adsbygoogle\" style=\"display:block; text-align:center;\" data-ad-client=\"ca-pub-6203283170189293\" \ndata-ad-slot=\"7303146466\" \ndata-ad-layout=\"in-article\"\ndata-ad-format=\"fluid\" data-full-width-responsive=\"true\"><\/ins>\n<script> \n(adsbygoogle = window.adsbygoogle || []).push({}); \n<\/script>\n<\/div>\n<p><strong>Mevlid Kandilimiz m\u00fcbarek olsun.<\/strong><\/p>\n<p><strong>Bu gece Peygamberimizi anal\u0131m; yar\u0131n onun merhametiyle insanlara yakla\u015fal\u0131m.<\/strong><\/p>\n<p><strong>Bir g\u00f6n\u00fcl kazanal\u0131m, bir yaray\u0131 saral\u0131m, bir \u00e7ocu\u011fa umut olal\u0131m. \u00c7\u00fcnk\u00fc gelece\u011fin g\u00fc\u00e7l\u00fc d\u00fcnyas\u0131, bug\u00fcn\u00fcn merhametli insanlar\u0131yla kurulacakt\u0131r.<\/strong><\/p>\n<p><strong>Rafet ULUT\u00dcRK<\/strong><br \/>\n<strong>BULT\u00dcRK Derne\u011fi<br \/>\nGenel Ba\u015fkan\u0131<\/strong><\/p>\n<div id=\"bghab-389363531\" class=\"bghab-yazi-altinda bghab-entity-placement\"><script async src=\"https:\/\/pagead2.googlesyndication.com\/pagead\/js\/adsbygoogle.js\"><\/script>\r\n<!-- bghaber-yaz\u0131-sonu -->\r\n<ins class=\"adsbygoogle\"\r\n     style=\"display:block\"\r\n     data-ad-client=\"ca-pub-6203283170189293\"\r\n     data-ad-slot=\"4222328180\"\r\n     data-ad-format=\"auto\"\r\n     data-full-width-responsive=\"true\"><\/ins>\r\n<script>\r\n     (adsbygoogle = window.adsbygoogle || []).push({});\r\n<\/script><\/div><br style=\"clear: both; display: block; float: none;\"\/>","protected":false},"excerpt":{"rendered":"<p>Rafet ULUT\u00dcRK Bug\u00fcn, \u00e2lemlere rahmet olarak g\u00f6nderilen Sevgili Peygamberimiz Hz. Muhammed Mustafa\u2019n\u0131n (s.a.v.) d\u00fcnyaya te\u015frifini idrak etmenin huzurunu ve manevi bereketini ya\u015f\u0131yoruz. Mevlid Kandili yaln\u0131zca<\/p>\n","protected":false},"author":13,"featured_media":61309,"comment_status":"open","ping_status":"closed","sticky":false,"template":"","format":"standard","meta":{"advanced_seo_description":"","jetpack_seo_html_title":"","jetpack_seo_noindex":false,"jetpack_seo_schema_type":"","_jetpack_newsletter_access":"","_jetpack_dont_email_post_to_subs":false,"_jetpack_newsletter_tier_id":0,"_jetpack_memberships_contains_paywalled_content":false,"_jetpack_feature_clip_id":0,"_jetpack_memberships_contains_paid_content":false,"footnotes":"","jetpack_post_was_ever_published":false},"categories":[6],"tags":[],"class_list":["post-65275","post","type-post","status-publish","format-standard","has-post-thumbnail","hentry","category-yorum"],"jetpack_sharing_enabled":true,"jetpack_likes_enabled":true,"jetpack-related-posts":[],"jetpack_shortlink":"https:\/\/wp.me\/pc2PfJ-gYP","jetpack_featured_media_url":"https:\/\/i0.wp.com\/www.bghaber.org\/bghaber\/wp-content\/uploads\/2024\/09\/rafet-kuppa.jpg?fit=462%2C470&ssl=1","_links":{"self":[{"href":"https:\/\/www.bghaber.org\/bghaber\/wp-json\/wp\/v2\/posts\/65275","targetHints":{"allow":["GET"]}}],"collection":[{"href":"https:\/\/www.bghaber.org\/bghaber\/wp-json\/wp\/v2\/posts"}],"about":[{"href":"https:\/\/www.bghaber.org\/bghaber\/wp-json\/wp\/v2\/types\/post"}],"author":[{"embeddable":true,"href":"https:\/\/www.bghaber.org\/bghaber\/wp-json\/wp\/v2\/users\/13"}],"replies":[{"embeddable":true,"href":"https:\/\/www.bghaber.org\/bghaber\/wp-json\/wp\/v2\/comments?post=65275"}],"version-history":[{"count":1,"href":"https:\/\/www.bghaber.org\/bghaber\/wp-json\/wp\/v2\/posts\/65275\/revisions"}],"predecessor-version":[{"id":65276,"href":"https:\/\/www.bghaber.org\/bghaber\/wp-json\/wp\/v2\/posts\/65275\/revisions\/65276"}],"wp:featuredmedia":[{"embeddable":true,"href":"https:\/\/www.bghaber.org\/bghaber\/wp-json\/wp\/v2\/media\/61309"}],"wp:attachment":[{"href":"https:\/\/www.bghaber.org\/bghaber\/wp-json\/wp\/v2\/media?parent=65275"}],"wp:term":[{"taxonomy":"category","embeddable":true,"href":"https:\/\/www.bghaber.org\/bghaber\/wp-json\/wp\/v2\/categories?post=65275"},{"taxonomy":"post_tag","embeddable":true,"href":"https:\/\/www.bghaber.org\/bghaber\/wp-json\/wp\/v2\/tags?post=65275"}],"curies":[{"name":"wp","href":"https:\/\/api.w.org\/{rel}","templated":true}]}}