{"id":65271,"date":"2026-08-20T16:18:07","date_gmt":"2026-08-20T13:18:07","guid":{"rendered":"https:\/\/www.bghaber.org\/bghaber\/?p=65271"},"modified":"2026-08-20T16:20:10","modified_gmt":"2026-08-20T13:20:10","slug":"kapitan-andreevoda-yogunluk-bulgaristanda-yangin-alarmi","status":"publish","type":"post","link":"https:\/\/www.bghaber.org\/bghaber\/kapitan-andreevoda-yogunluk-bulgaristanda-yangin-alarmi\/","title":{"rendered":"KAPITAN ANDREEVO\u2019DA YO\u011eUNLUK, BULGAR\u0130STAN\u2019DA YANGIN ALARMI"},"content":{"rendered":"<h2>S\u0131n\u0131rdan Ormana Uzanan Bir G\u00fcvenlik Meselesi<\/h2>\n<p>Bulgaristan\u2019dan gelen son bilgiler, asl\u0131nda birbirinden ayr\u0131 g\u00f6r\u00fcnen iki \u00f6nemli meseleyi ayn\u0131 anda g\u00fcndemimize ta\u015f\u0131yor: <strong>s\u0131n\u0131r kap\u0131lar\u0131ndaki hareketlilik ve b\u00fcy\u00fcyen yang\u0131n tehlikesi.<\/strong><\/p>\n<p>S\u0131n\u0131r Polisi taraf\u0131ndan payla\u015f\u0131lan bilgilere g\u00f6re, T\u00fcrkiye-Bulgaristan ula\u015f\u0131m\u0131n\u0131n en \u00f6nemli ge\u00e7i\u015f noktalar\u0131ndan biri olan <strong>Kapitan Andreevo S\u0131n\u0131r Kap\u0131s\u0131\u2019nda ara\u00e7 yo\u011funlu\u011fu ya\u015fan\u0131yor.<\/strong> Buna kar\u015f\u0131l\u0131k Bulgaristan\u2019\u0131n Romanya, Yunanistan ve Kuzey Makedonya ile olan s\u0131n\u0131r kap\u0131lar\u0131 ve ge\u00e7i\u015f noktalar\u0131nda trafik normal seyrediyor.<\/p>\n<p>Di\u011fer taraftan yang\u0131nlarla m\u00fccadele konusunda da olduk\u00e7a hareketli saatler ya\u015fan\u0131yor. \u0130tfaiye G\u00fcvenli\u011fi ve Sivil Savunma M\u00fcd\u00fcrl\u00fc\u011f\u00fcn\u00fcn a\u00e7\u0131klad\u0131\u011f\u0131 verilere g\u00f6re son 24 saat i\u00e7erisinde <strong>195 yang\u0131n ihbar\u0131 al\u0131n\u0131rken, 146 yang\u0131n s\u00f6nd\u00fcr\u00fcld\u00fc.<\/strong> Yang\u0131nlar\u0131n 25\u2019inde maddi hasar meydana geldi.<\/p>\n<p>Bu rakamlar yaln\u0131zca g\u00fcnl\u00fck haber olarak okunmamal\u0131d\u0131r. \u00c7\u00fcnk\u00fc s\u0131n\u0131r g\u00fcvenli\u011fi de orman yang\u0131nlar\u0131 da devletlerin <strong>kriz y\u00f6netme, \u00f6nceden tedbir alma ve kurumlar aras\u0131nda koordinasyon sa\u011flama kapasitesini<\/strong> ortaya koyan \u00f6nemli g\u00f6stergelerdir.<\/p>\n<h2>KAPITAN ANDREEVO SADECE B\u0130R SINIR KAPISI DE\u011e\u0130LD\u0130R<\/h2>\n<p>Kapitan Andreevo, T\u00fcrkiye taraf\u0131ndaki Kap\u0131kule ile birlikte Avrupa ile T\u00fcrkiye aras\u0131ndaki kara ula\u015f\u0131m\u0131n\u0131n en \u00f6nemli kap\u0131lar\u0131ndan biridir.<\/p><div id=\"bghab-1676765891\" class=\"bghab-icerik-icine bghab-entity-placement\"><script async src=\"\/\/pagead2.googlesyndication.com\/pagead\/js\/adsbygoogle.js?client=ca-pub-6203283170189293\" crossorigin=\"anonymous\"><\/script><ins class=\"adsbygoogle\" style=\"display:block; text-align:center;\" data-ad-client=\"ca-pub-6203283170189293\" \ndata-ad-slot=\"7303146466\" \ndata-ad-layout=\"in-article\"\ndata-ad-format=\"fluid\" data-full-width-responsive=\"true\"><\/ins>\n<script> \n(adsbygoogle = window.adsbygoogle || []).push({}); \n<\/script>\n<\/div>\n<p>Burada ya\u015fanan yo\u011funluk yaln\u0131zca birka\u00e7 saatlik bekleme meselesi de\u011fildir.<\/p>\n<p>Bu g\u00fczerg\u00e2h; T\u00fcrkiye&#8217;yi Bulgaristan \u00fczerinden Balkanlar&#8217;a ve Avrupa&#8217;n\u0131n i\u00e7lerine ba\u011flayan stratejik bir koridordur. Yolcu ara\u00e7lar\u0131, gurbet\u00e7iler, uluslararas\u0131 ta\u015f\u0131mac\u0131l\u0131k yapan TIR&#8217;lar ve ticari y\u00fckler ayn\u0131 damar \u00fczerinden hareket etmektedir.<\/p>\n<p>Dolay\u0131s\u0131yla bu kap\u0131n\u0131n kapasitesi ve \u00e7al\u0131\u015fma d\u00fczeni do\u011frudan <strong>T\u00fcrkiye-Bulgaristan ili\u015fkilerini, Avrupa-T\u00fcrkiye ticaretini ve Balkan ula\u015f\u0131m g\u00fcvenli\u011fini<\/strong> ilgilendirmektedir.<\/p>\n<p>\u00d6zellikle yaz aylar\u0131nda Avrupa&#8217;da ya\u015fayan vatanda\u015flar\u0131m\u0131z\u0131n T\u00fcrkiye&#8217;ye geli\u015f ve d\u00f6n\u00fc\u015f d\u00f6nemlerinde yo\u011funluk daha da \u00f6nem kazanmaktad\u0131r.<\/p>\n<p>Bu nedenle mesele yaln\u0131zca:<\/p><div id=\"bghab-3145197644\" class=\"bghab-icerik-icine-10-paragraf bghab-entity-placement\"><script async src=\"\/\/pagead2.googlesyndication.com\/pagead\/js\/adsbygoogle.js?client=ca-pub-6203283170189293\" crossorigin=\"anonymous\"><\/script><ins class=\"adsbygoogle\" style=\"display:block; text-align:center;\" data-ad-client=\"ca-pub-6203283170189293\" \ndata-ad-slot=\"7303146466\" \ndata-ad-layout=\"in-article\"\ndata-ad-format=\"fluid\" data-full-width-responsive=\"true\"><\/ins>\n<script> \n(adsbygoogle = window.adsbygoogle || []).push({}); \n<\/script>\n<\/div>\n<p><strong>\u201cKap\u0131da ka\u00e7 kilometre kuyruk var?\u201d <\/strong>sorusundan ibaret g\u00f6r\u00fclmemelidir.<\/p>\n<p>As\u0131l soru \u015fudur: <strong>T\u00fcrkiye ile Bulgaristan aras\u0131ndaki s\u0131n\u0131r ge\u00e7i\u015flerini gelece\u011fin artan insan ve y\u00fck trafi\u011fine nas\u0131l haz\u0131rlayaca\u011f\u0131z?<\/strong><\/p>\n<h2>SINIRLARDA GELECE\u011e\u0130N \u0130HT\u0130YACI: HIZLI,<br \/>\nG\u00dcVENL\u0130 VE AKILLI GE\u00c7\u0130\u015e<\/h2>\n<p>T\u00fcrkiye ile Bulgaristan aras\u0131nda uzun vadeli bir <strong>S\u0131n\u0131r Ge\u00e7i\u015fleri Stratejisi<\/strong> geli\u015ftirilmesi gerekti\u011fini d\u00fc\u015f\u00fcn\u00fcyorum.<\/p>\n<p>Ama\u00e7 g\u00fcvenlikten taviz vermeden ge\u00e7i\u015f s\u00fcrelerini azaltmak olmal\u0131d\u0131r.<\/p>\n<p>Dijital \u00f6n bildirim sistemleri, TIR i\u015flemlerinin h\u0131zland\u0131r\u0131lmas\u0131, yo\u011funluk tahmin sistemleri, ortak veri payla\u015f\u0131m\u0131, ek peronlar, modern kontrol teknolojileri ve kriz d\u00f6nemlerinde devreye girecek ilave personel planlamas\u0131 art\u0131k tercih de\u011fil ihtiya\u00e7t\u0131r.<\/p><div id=\"bghab-1608283548\" class=\"bghab-icerik-icine-15-paragraf bghab-entity-placement\"><script async src=\"\/\/pagead2.googlesyndication.com\/pagead\/js\/adsbygoogle.js?client=ca-pub-6203283170189293\" crossorigin=\"anonymous\"><\/script><ins class=\"adsbygoogle\" style=\"display:block; text-align:center;\" data-ad-client=\"ca-pub-6203283170189293\" \ndata-ad-slot=\"7303146466\" \ndata-ad-layout=\"in-article\"\ndata-ad-format=\"fluid\" data-full-width-responsive=\"true\"><\/ins>\n<script> \n(adsbygoogle = window.adsbygoogle || []).push({}); \n<\/script>\n<\/div>\n<p>\u00c7\u00fcnk\u00fc gelece\u011fin s\u0131n\u0131r kap\u0131s\u0131 yaln\u0131zca pasaport kontrol edilen yer olmayacakt\u0131r.<\/p>\n<p><strong>Verinin, g\u00fcvenli\u011fin, lojisti\u011fin ve teknolojinin birle\u015fti\u011fi stratejik merkez olacakt\u0131r.<\/strong><\/p>\n<p>T\u00fcrkiye ile Bulgaristan bunu birlikte ba\u015farabilirse Kap\u0131kule-Kapitan Andreevo hatt\u0131 bir darbo\u011faz olmaktan \u00e7\u0131karak Avrupa&#8217;n\u0131n en g\u00fc\u00e7l\u00fc kara lojistik koridorlar\u0131ndan birine d\u00f6n\u00fc\u015febilir.<\/p>\n<h2>D\u0130\u011eER CEPHEDE YANGINLA M\u00dcCADELE VAR<\/h2>\n<p>Bulgaristan&#8217;dan gelen ikinci \u00f6nemli haber ise yang\u0131nlarla ilgilidir. Son 24 saatte 195 yang\u0131n ihbar\u0131n\u0131n al\u0131nmas\u0131 ve 146 yang\u0131n\u0131n s\u00f6nd\u00fcr\u00fclmesi, sahadaki hareketlili\u011fin boyutunu g\u00f6stermektedir. Daha \u00f6nemlisi, baz\u0131 yang\u0131nlar\u0131n \u00e7ok geni\u015f alanlar\u0131 etkileyebilmesidir. Tla\u00e7ene ve Gabare k\u00f6yleri aras\u0131ndaki arazide \u00e7\u0131kan yang\u0131nda yakla\u015f\u0131k <strong>8 bin d\u00f6n\u00fcml\u00fck orman ve kuru ot alan\u0131n\u0131n zarar g\u00f6rd\u00fc\u011f\u00fc<\/strong> bildirildi. \u0130tfaiyeciler ve g\u00f6n\u00fcll\u00fcler yang\u0131n\u0131 kontrol alt\u0131na alabilmek i\u00e7in <strong>30 saatten fazla m\u00fccadele etti. <\/strong>Bu tablo bize bir ger\u00e7e\u011fi yeniden hat\u0131rlat\u0131yor:<\/p>\n<p><strong>Yang\u0131n ba\u015flad\u0131ktan sonra verilen m\u00fccadele kahramanl\u0131kt\u0131r; yang\u0131n ba\u015flamadan \u00f6nce al\u0131nan tedbir ise stratejidir.<\/strong><\/p><div id=\"bghab-222366779\" class=\"bghab-icerik-icine-20-paragraf bghab-entity-placement\"><script async src=\"\/\/pagead2.googlesyndication.com\/pagead\/js\/adsbygoogle.js?client=ca-pub-6203283170189293\" crossorigin=\"anonymous\"><\/script><ins class=\"adsbygoogle\" style=\"display:block; text-align:center;\" data-ad-client=\"ca-pub-6203283170189293\" \ndata-ad-slot=\"7303146466\" \ndata-ad-layout=\"in-article\"\ndata-ad-format=\"fluid\" data-full-width-responsive=\"true\"><\/ins>\n<script> \n(adsbygoogle = window.adsbygoogle || []).push({}); \n<\/script>\n<\/div>\n<p>\u0130kisine de ihtiyac\u0131m\u0131z vard\u0131r.<\/p>\n<h2>HAVADAN M\u00dcDAHALE: \u201cCOUGAR\u201d HEL\u0130KOPTER\u0130 SAHADA<\/h2>\n<p>Yang\u0131n\u0131n b\u00fcy\u00fckl\u00fc\u011f\u00fc nedeniyle m\u00fccadele yaln\u0131zca karadan y\u00fcr\u00fct\u00fclmedi. Krumovo Hava \u00dcss\u00fc&#8217;nden g\u00f6nderilen <strong>\u201cCougar\u201d askeri helikopteri<\/strong> de yang\u0131n s\u00f6nd\u00fcrme \u00e7al\u0131\u015fmalar\u0131na kat\u0131ld\u0131. Asker\u00ee imk\u00e2nlar\u0131n sivil afetlerle m\u00fccadelede kullan\u0131lmas\u0131 \u00f6nemlidir. \u00c7\u00fcnk\u00fc b\u00fcy\u00fck yang\u0131nlarda zaman en kritik unsurdur. \u0130lk saatlerde kontrol alt\u0131na al\u0131namayan k\u00fc\u00e7\u00fck bir yang\u0131n, r\u00fczg\u00e2r ve kurakl\u0131\u011f\u0131n etkisiyle k\u0131sa s\u00fcrede binlerce d\u00f6n\u00fcml\u00fck alan\u0131 tehdit edebilir. Bu nedenle helikopterlerin, itfaiye ekiplerinin, belediyelerin, g\u00f6n\u00fcll\u00fclerin, sa\u011fl\u0131k ekiplerinin ve g\u00fcvenlik g\u00fc\u00e7lerinin ayn\u0131 operasyon plan\u0131 i\u00e7erisinde hareket edebilmesi gerekir.<\/p>\n<p><strong>Afet y\u00f6netiminde kurumlar\u0131n b\u00fcy\u00fckl\u00fc\u011f\u00fcnden \u00e7ok koordinasyonlar\u0131n\u0131n g\u00fcc\u00fc belirleyicidir.<\/strong><\/p>\n<h2>8 B\u0130N D\u00d6N\u00dcM SADECE B\u0130R RAKAM DE\u011e\u0130LD\u0130R<\/h2>\n<p>Yang\u0131n haberlerinde \u00e7o\u011fu zaman rakamlara al\u0131\u015f\u0131yoruz.<\/p>\n<p>Bin d\u00f6n\u00fcm&#8230;<\/p><div id=\"bghab-2577496230\" class=\"bghab-icerik-icine-25-paragraf bghab-entity-placement\"><script async src=\"\/\/pagead2.googlesyndication.com\/pagead\/js\/adsbygoogle.js?client=ca-pub-6203283170189293\" crossorigin=\"anonymous\"><\/script><ins class=\"adsbygoogle\" style=\"display:block; text-align:center;\" data-ad-client=\"ca-pub-6203283170189293\" \ndata-ad-slot=\"7303146466\" \ndata-ad-layout=\"in-article\"\ndata-ad-format=\"fluid\" data-full-width-responsive=\"true\"><\/ins>\n<script> \n(adsbygoogle = window.adsbygoogle || []).push({}); \n<\/script>\n<\/div>\n<p>Be\u015f bin d\u00f6n\u00fcm&#8230;<\/p>\n<p>Sekiz bin d\u00f6n\u00fcm&#8230;<\/p>\n<p>Fakat her d\u00f6n\u00fcm\u00fcn i\u00e7erisinde y\u0131llar\u0131n eme\u011fi ve tabiat\u0131n olu\u015fturdu\u011fu bir hayat vard\u0131r.<\/p>\n<p>Yanan yaln\u0131zca kuru ot de\u011fildir.<\/p>\n<p>A\u011fa\u00e7lar, ku\u015flar\u0131n yuvalar\u0131, yabani hayvanlar\u0131n ya\u015fam alanlar\u0131, topra\u011f\u0131n verimlili\u011fi ve b\u00f6lgenin ekolojik dengesi de zarar g\u00f6rmektedir.<\/p><div id=\"bghab-1843550457\" class=\"bghab-icerik-icine-30-paragraf bghab-entity-placement\"><script async src=\"\/\/pagead2.googlesyndication.com\/pagead\/js\/adsbygoogle.js?client=ca-pub-6203283170189293\" crossorigin=\"anonymous\"><\/script><ins class=\"adsbygoogle\" style=\"display:block; text-align:center;\" data-ad-client=\"ca-pub-6203283170189293\" \ndata-ad-slot=\"7303146466\" \ndata-ad-layout=\"in-article\"\ndata-ad-format=\"fluid\" data-full-width-responsive=\"true\"><\/ins>\n<script> \n(adsbygoogle = window.adsbygoogle || []).push({}); \n<\/script>\n<\/div>\n<p>Bir orman\u0131n yeniden olu\u015fmas\u0131 bazen onlarca y\u0131l s\u00fcrmektedir.<\/p>\n<p>Bu nedenle yang\u0131nlarla m\u00fccadele yaln\u0131zca itfaiyenin g\u00f6revi olarak g\u00f6r\u00fclmemelidir.<\/p>\n<p><strong>Orman\u0131 korumak mill\u00ee serveti korumakt\u0131r.<\/strong><\/p>\n<h2>BALKANLAR \u0130\u00c7\u0130N ORTAK<br \/>\nAFET M\u00dcCADELE MEKAN\u0130ZMASI D\u00dc\u015e\u00dcN\u00dcLMEL\u0130D\u0130R<\/h2>\n<p>Buradan daha geni\u015f bir stratejik \u00f6neride bulunmak gerekir. T\u00fcrkiye, Bulgaristan, Yunanistan, Romanya ve di\u011fer Balkan \u00fclkeleri yang\u0131n, sel ve deprem gibi afetlerde birbirlerinden ba\u011f\u0131ms\u0131z hareket eden \u00fclkeler olmaktan \u00e7\u0131karak daha g\u00fc\u00e7l\u00fc b\u00f6lgesel m\u00fcdahale mekanizmalar\u0131 geli\u015ftirmelidir.<\/p>\n<p>\u00c7\u00fcnk\u00fc yang\u0131n\u0131n milliyeti yoktur.<\/p><div id=\"bghab-3442806695\" class=\"bghab-icerik-icine-35-paragraf bghab-entity-placement\"><script async src=\"\/\/pagead2.googlesyndication.com\/pagead\/js\/adsbygoogle.js?client=ca-pub-6203283170189293\" crossorigin=\"anonymous\"><\/script><ins class=\"adsbygoogle\" style=\"display:block; text-align:center;\" data-ad-client=\"ca-pub-6203283170189293\" \ndata-ad-slot=\"7303146466\" \ndata-ad-layout=\"in-article\"\ndata-ad-format=\"fluid\" data-full-width-responsive=\"true\"><\/ins>\n<script> \n(adsbygoogle = window.adsbygoogle || []).push({}); \n<\/script>\n<\/div>\n<p>R\u00fczg\u00e2r pasaport sormaz.<\/p>\n<p>Duman s\u0131n\u0131r kap\u0131s\u0131nda durmaz.<\/p>\n<p>\u0130klim \u015fartlar\u0131 ve afet riskleri Balkan \u00fclkelerini birbirine daha fazla ba\u011f\u0131ml\u0131 h\u00e2le getiriyor.<\/p>\n<p>Ortak yang\u0131n tatbikatlar\u0131, s\u0131n\u0131r b\u00f6lgelerinde ortak erken uyar\u0131 sistemleri, hava ara\u00e7lar\u0131n\u0131n kar\u015f\u0131l\u0131kl\u0131 kullan\u0131labilmesi, ortak e\u011fitim programlar\u0131 ve kriz an\u0131nda h\u0131zl\u0131 yard\u0131mla\u015fma mekanizmalar\u0131 \u00fczerinde daha fazla \u00e7al\u0131\u015f\u0131lmal\u0131d\u0131r.<\/p>\n<p>B\u00f6yle bir yap\u0131lanma yaln\u0131zca afetlerle m\u00fccadeleyi g\u00fc\u00e7lendirmez; <strong>Balkan \u00fclkeleri aras\u0131ndaki g\u00fcveni ve i\u015f birli\u011fini de art\u0131r\u0131r.<\/strong><\/p><div id=\"bghab-3748865086\" class=\"bghab-icerik-icine-40-paragraf bghab-entity-placement\"><script async src=\"\/\/pagead2.googlesyndication.com\/pagead\/js\/adsbygoogle.js?client=ca-pub-6203283170189293\" crossorigin=\"anonymous\"><\/script><ins class=\"adsbygoogle\" style=\"display:block; text-align:center;\" data-ad-client=\"ca-pub-6203283170189293\" \ndata-ad-slot=\"7303146466\" \ndata-ad-layout=\"in-article\"\ndata-ad-format=\"fluid\" data-full-width-responsive=\"true\"><\/ins>\n<script> \n(adsbygoogle = window.adsbygoogle || []).push({}); \n<\/script>\n<\/div>\n<h2>SINIR G\u00dcVENL\u0130\u011e\u0130 \u0130LE AFET G\u00dcVENL\u0130\u011e\u0130N\u0130N<br \/>\nORTAK NOKTASI: HAZIRLIK<\/h2>\n<p>Kapitan Andreevo&#8217;daki trafik yo\u011funlu\u011fu ile Tla\u00e7ene-Gabare aras\u0131ndaki yang\u0131n ilk bak\u0131\u015fta birbirinden tamamen farkl\u0131 iki haber gibi g\u00f6r\u00fcnebilir. Fakat stratejik a\u00e7\u0131dan ayn\u0131 noktada birle\u015fiyorlar:<\/p>\n<p><strong>Haz\u0131rl\u0131k.<\/strong><\/p>\n<p>S\u0131n\u0131r kap\u0131s\u0131nda haz\u0131rl\u0131ks\u0131zsan\u0131z kuyruk olu\u015fur.<\/p>\n<p>Ormanda haz\u0131rl\u0131ks\u0131zsan\u0131z k\u00fc\u00e7\u00fck bir k\u0131v\u0131lc\u0131m b\u00fcy\u00fck felakete d\u00f6n\u00fc\u015f\u00fcr.<\/p>\n<p>Afette haz\u0131rl\u0131ks\u0131zsan\u0131z m\u00fcdahale gecikir.<\/p><div id=\"bghab-2677395778\" class=\"bghab-icerik-icine-45-paragraf bghab-entity-placement\"><script async src=\"\/\/pagead2.googlesyndication.com\/pagead\/js\/adsbygoogle.js?client=ca-pub-6203283170189293\" crossorigin=\"anonymous\"><\/script><ins class=\"adsbygoogle\" style=\"display:block; text-align:center;\" data-ad-client=\"ca-pub-6203283170189293\" \ndata-ad-slot=\"7303146466\" \ndata-ad-layout=\"in-article\"\ndata-ad-format=\"fluid\" data-full-width-responsive=\"true\"><\/ins>\n<script> \n(adsbygoogle = window.adsbygoogle || []).push({}); \n<\/script>\n<\/div>\n<p>Kurumlar aras\u0131nda koordinasyon yoksa devletin imk\u00e2nlar\u0131 bulunmas\u0131na ra\u011fmen sonu\u00e7 almak zorla\u015f\u0131r.<\/p>\n<p>Modern devlet anlay\u0131\u015f\u0131 art\u0131k yaln\u0131zca kriz \u00e7\u0131kt\u0131\u011f\u0131nda m\u00fcdahale etmek de\u011fildir.<\/p>\n<p><strong>Kriz \u00e7\u0131kmadan \u00f6nce ihtimalleri hesaplamak ve kapasite olu\u015fturmakt\u0131r.<\/strong><\/p>\n<h2>T\u00dcRK\u0130YE-BULGAR\u0130STAN HATTI B\u0130R SINIRDAN<br \/>\nDAHA FAZLASIDIR<\/h2>\n<p>T\u00fcrkiye ile Bulgaristan aras\u0131nda \u00e7ok g\u00fc\u00e7l\u00fc tarih\u00ee, ekonomik ve insani ba\u011flar bulunmaktad\u0131r.<\/p>\n<p>Her g\u00fcn binlerce insan bu s\u0131n\u0131r\u0131 kullan\u0131yor.<\/p><div id=\"bghab-823014062\" class=\"bghab-icerik-icine-50-paragraf bghab-entity-placement\"><script async src=\"\/\/pagead2.googlesyndication.com\/pagead\/js\/adsbygoogle.js?client=ca-pub-6203283170189293\" crossorigin=\"anonymous\"><\/script><ins class=\"adsbygoogle\" style=\"display:block; text-align:center;\" data-ad-client=\"ca-pub-6203283170189293\" \ndata-ad-slot=\"7303146466\" \ndata-ad-layout=\"in-article\"\ndata-ad-format=\"fluid\" data-full-width-responsive=\"true\"><\/ins>\n<script> \n(adsbygoogle = window.adsbygoogle || []).push({}); \n<\/script>\n<\/div>\n<p>Ticaret ge\u00e7iyor.<\/p>\n<p>Aileler ge\u00e7iyor.<\/p>\n<p>Turistler ge\u00e7iyor.<\/p>\n<p>Avrupa ile Asya aras\u0131ndaki y\u00fck ta\u015f\u0131mac\u0131l\u0131\u011f\u0131n\u0131n \u00f6nemli bir b\u00f6l\u00fcm\u00fc bu co\u011frafyadan ilerliyor.<\/p>\n<p>Bu nedenle Kap\u0131kule-Kapitan Andreevo hatt\u0131na yaln\u0131zca iki \u00fclkenin s\u0131n\u0131r\u0131 olarak bakmak eksik kalacakt\u0131r.<\/p><div id=\"bghab-316627249\" class=\"bghab-icerik-icine-55-paragraf bghab-entity-placement\"><script async src=\"\/\/pagead2.googlesyndication.com\/pagead\/js\/adsbygoogle.js?client=ca-pub-6203283170189293\" crossorigin=\"anonymous\"><\/script><ins class=\"adsbygoogle\" style=\"display:block; text-align:center;\" data-ad-client=\"ca-pub-6203283170189293\" \ndata-ad-slot=\"7303146466\" \ndata-ad-layout=\"in-article\"\ndata-ad-format=\"fluid\" data-full-width-responsive=\"true\"><\/ins>\n<script> \n(adsbygoogle = window.adsbygoogle || []).push({}); \n<\/script>\n<\/div>\n<p>Buras\u0131 ayn\u0131 zamanda <strong>Avrupa ile T\u00fcrkiye aras\u0131ndaki stratejik kara k\u00f6pr\u00fclerinden biridir.<\/strong><\/p>\n<p>Bu k\u00f6pr\u00fcn\u00fcn daha h\u0131zl\u0131, g\u00fcvenli ve teknolojik h\u00e2le getirilmesi hem Bulgaristan&#8217;\u0131n hem T\u00fcrkiye&#8217;nin hem de Avrupa&#8217;n\u0131n \u00e7\u0131kar\u0131nad\u0131r.<\/p>\n<h2>G\u00dc\u00c7L\u00dc DEVLET KR\u0130Z\u0130 Y\u00d6NETEN DE\u011e\u0130L,<br \/>\nKR\u0130ZE HAZIR OLAN DEVLETT\u0130R<\/h2>\n<p>Bug\u00fcn Kapitan Andreevo&#8217;da ara\u00e7 yo\u011funlu\u011fu ya\u015fanabilir.<\/p>\n<p>Yar\u0131n ba\u015fka bir s\u0131n\u0131r kap\u0131s\u0131nda benzer bir tablo ortaya \u00e7\u0131kabilir.<\/p>\n<p>Bug\u00fcn Tla\u00e7ene ile Gabare aras\u0131nda yang\u0131n \u00e7\u0131kabilir.<\/p><div id=\"bghab-4146987128\" class=\"bghab-icerik-icine-60-paragraf bghab-entity-placement\"><script async src=\"\/\/pagead2.googlesyndication.com\/pagead\/js\/adsbygoogle.js?client=ca-pub-6203283170189293\" crossorigin=\"anonymous\"><\/script><ins class=\"adsbygoogle\" style=\"display:block; text-align:center;\" data-ad-client=\"ca-pub-6203283170189293\" \ndata-ad-slot=\"7303146466\" \ndata-ad-layout=\"in-article\"\ndata-ad-format=\"fluid\" data-full-width-responsive=\"true\"><\/ins>\n<script> \n(adsbygoogle = window.adsbygoogle || []).push({}); \n<\/script>\n<\/div>\n<p>Yar\u0131n Balkanlar&#8217;\u0131n ba\u015fka bir b\u00f6lgesinde daha b\u00fcy\u00fck bir afet ya\u015fanabilir.<\/p>\n<p>\u00d6nemli olan yaln\u0131zca bug\u00fcnk\u00fc problemi \u00e7\u00f6zmek de\u011fildir.<\/p>\n<p><strong>Bir sonraki probleme bug\u00fcnden haz\u0131rlanabilmektir.<\/strong><\/p>\n<p>S\u0131n\u0131r kap\u0131lar\u0131m\u0131z\u0131 gelece\u011fin ticaret hacmine g\u00f6re b\u00fcy\u00fctmek, afet y\u00f6netimini teknolojiyle g\u00fc\u00e7lendirmek, erken uyar\u0131 sistemlerini geli\u015ftirmek ve kom\u015fu \u00fclkeler aras\u0131nda ger\u00e7ek zamanl\u0131 i\u015f birli\u011fi kurmak zorunday\u0131z.<\/p>\n<p>\u00c7\u00fcnk\u00fc 21. y\u00fczy\u0131lda g\u00fcvenlik yaln\u0131zca asker ve polisle sa\u011flanm\u0131yor.<\/p><div id=\"bghab-3527891174\" class=\"bghab-icerik-icine-65-paragraf bghab-entity-placement\"><script async src=\"\/\/pagead2.googlesyndication.com\/pagead\/js\/adsbygoogle.js?client=ca-pub-6203283170189293\" crossorigin=\"anonymous\"><\/script><ins class=\"adsbygoogle\" style=\"display:block; text-align:center;\" data-ad-client=\"ca-pub-6203283170189293\" \ndata-ad-slot=\"7303146466\" \ndata-ad-layout=\"in-article\"\ndata-ad-format=\"fluid\" data-full-width-responsive=\"true\"><\/ins>\n<script> \n(adsbygoogle = window.adsbygoogle || []).push({}); \n<\/script>\n<\/div>\n<p><strong>S\u0131n\u0131r g\u00fcvenli\u011fi, afet g\u00fcvenli\u011fi, ula\u015f\u0131m g\u00fcvenli\u011fi, enerji g\u00fcvenli\u011fi ve \u00e7evre g\u00fcvenli\u011fi art\u0131k ayn\u0131 b\u00fcy\u00fck stratejinin par\u00e7alar\u0131d\u0131r.<\/strong><\/p>\n<p>Kapitan Andreevo&#8217;daki kuyruk bize ula\u015f\u0131m altyap\u0131s\u0131n\u0131;<\/p>\n<p>8 bin d\u00f6n\u00fcml\u00fck yang\u0131n ise tabiat\u0131n ne kadar k\u0131r\u0131lgan oldu\u011funu hat\u0131rlat\u0131yor.<\/p>\n<p>Her ikisinin verdi\u011fi mesaj ise ayn\u0131d\u0131r:<\/p>\n<p><strong>Tedbir krizden \u00f6nce al\u0131n\u0131r.<br \/>\nKapasite felaketten \u00f6nce kurulur.<br \/>\nDevlet akl\u0131 ise bug\u00fcn\u00fcn sorununu \u00e7\u00f6zerken yar\u0131n\u0131n riskini hesaplar.<\/strong><\/p>\n<p>\u0130\u015fte ger\u00e7ek g\u00fcvenlik ve ger\u00e7ek strateji budur.<\/p>\n<div id=\"bghab-502641638\" class=\"bghab-yazi-altinda bghab-entity-placement\"><script async src=\"https:\/\/pagead2.googlesyndication.com\/pagead\/js\/adsbygoogle.js\"><\/script>\r\n<!-- bghaber-yaz\u0131-sonu -->\r\n<ins class=\"adsbygoogle\"\r\n     style=\"display:block\"\r\n     data-ad-client=\"ca-pub-6203283170189293\"\r\n     data-ad-slot=\"4222328180\"\r\n     data-ad-format=\"auto\"\r\n     data-full-width-responsive=\"true\"><\/ins>\r\n<script>\r\n     (adsbygoogle = window.adsbygoogle || []).push({});\r\n<\/script><\/div><br style=\"clear: both; display: block; float: none;\"\/>","protected":false},"excerpt":{"rendered":"<p>S\u0131n\u0131rdan Ormana Uzanan Bir G\u00fcvenlik Meselesi Bulgaristan\u2019dan gelen son bilgiler, asl\u0131nda birbirinden ayr\u0131 g\u00f6r\u00fcnen iki \u00f6nemli meseleyi ayn\u0131 anda g\u00fcndemimize ta\u015f\u0131yor: s\u0131n\u0131r kap\u0131lar\u0131ndaki hareketlilik ve<\/p>\n","protected":false},"author":13,"featured_media":65272,"comment_status":"open","ping_status":"closed","sticky":false,"template":"","format":"standard","meta":{"advanced_seo_description":"","jetpack_seo_html_title":"","jetpack_seo_noindex":false,"jetpack_seo_schema_type":"","_jetpack_newsletter_access":"","_jetpack_dont_email_post_to_subs":false,"_jetpack_newsletter_tier_id":0,"_jetpack_memberships_contains_paywalled_content":false,"_jetpack_feature_clip_id":0,"_jetpack_memberships_contains_paid_content":false,"footnotes":"","jetpack_post_was_ever_published":false},"categories":[1133,1,5],"tags":[],"class_list":["post-65271","post","type-post","status-publish","format-standard","has-post-thumbnail","hentry","category-duyuru","category-haberler","category-yasam"],"jetpack_sharing_enabled":true,"jetpack_likes_enabled":true,"jetpack-related-posts":[],"jetpack_shortlink":"https:\/\/wp.me\/pc2PfJ-gYL","jetpack_featured_media_url":"https:\/\/i0.wp.com\/www.bghaber.org\/bghaber\/wp-content\/uploads\/2026\/08\/kapi-kule-arabalar.jpg?fit=1280%2C720&ssl=1","_links":{"self":[{"href":"https:\/\/www.bghaber.org\/bghaber\/wp-json\/wp\/v2\/posts\/65271","targetHints":{"allow":["GET"]}}],"collection":[{"href":"https:\/\/www.bghaber.org\/bghaber\/wp-json\/wp\/v2\/posts"}],"about":[{"href":"https:\/\/www.bghaber.org\/bghaber\/wp-json\/wp\/v2\/types\/post"}],"author":[{"embeddable":true,"href":"https:\/\/www.bghaber.org\/bghaber\/wp-json\/wp\/v2\/users\/13"}],"replies":[{"embeddable":true,"href":"https:\/\/www.bghaber.org\/bghaber\/wp-json\/wp\/v2\/comments?post=65271"}],"version-history":[{"count":2,"href":"https:\/\/www.bghaber.org\/bghaber\/wp-json\/wp\/v2\/posts\/65271\/revisions"}],"predecessor-version":[{"id":65274,"href":"https:\/\/www.bghaber.org\/bghaber\/wp-json\/wp\/v2\/posts\/65271\/revisions\/65274"}],"wp:featuredmedia":[{"embeddable":true,"href":"https:\/\/www.bghaber.org\/bghaber\/wp-json\/wp\/v2\/media\/65272"}],"wp:attachment":[{"href":"https:\/\/www.bghaber.org\/bghaber\/wp-json\/wp\/v2\/media?parent=65271"}],"wp:term":[{"taxonomy":"category","embeddable":true,"href":"https:\/\/www.bghaber.org\/bghaber\/wp-json\/wp\/v2\/categories?post=65271"},{"taxonomy":"post_tag","embeddable":true,"href":"https:\/\/www.bghaber.org\/bghaber\/wp-json\/wp\/v2\/tags?post=65271"}],"curies":[{"name":"wp","href":"https:\/\/api.w.org\/{rel}","templated":true}]}}