{"id":65268,"date":"2026-08-16T11:03:22","date_gmt":"2026-08-16T08:03:22","guid":{"rendered":"https:\/\/www.bghaber.org\/bghaber\/?p=65268"},"modified":"2026-08-16T11:03:22","modified_gmt":"2026-08-16T08:03:22","slug":"bir-milletin-gecmisi-yalnizca-hatirlamak-icin-degil-gelecegini-kurmak-icin-vardir","status":"publish","type":"post","link":"https:\/\/www.bghaber.org\/bghaber\/bir-milletin-gecmisi-yalnizca-hatirlamak-icin-degil-gelecegini-kurmak-icin-vardir\/","title":{"rendered":"Bir milletin ge\u00e7mi\u015fi yaln\u0131zca hat\u0131rlamak i\u00e7in de\u011fil, gelece\u011fini kurmak i\u00e7in vard\u0131r."},"content":{"rendered":"<p>Rafet ULUT\u00dcRK<\/p>\n<p>G\u00f6kt\u00fcrklerden kalan bir sikkeye bakt\u0131\u011f\u0131m\u0131zda, \u00fczerinde yaln\u0131zca h\u00fck\u00fcmdarl\u0131k i\u015faretleri, tamgalar veya semboller g\u00f6rmeyiz. Asl\u0131nda kar\u015f\u0131m\u0131zda bir devlet anlay\u0131\u015f\u0131 vard\u0131r.<\/p>\n<p>O devlet anlay\u0131\u015f\u0131 bize \u015funu s\u00f6yler:<\/p>\n<p><strong>Egemenlik g\u00f6r\u00fcn\u00fcr olmal\u0131d\u0131r.<br \/>\nG\u00fc\u00e7 \u00f6rg\u00fctlenmelidir.<br \/>\nTicaret y\u00f6netilmelidir.<br \/>\n\u0130nsan yeti\u015ftirilmelidir.<br \/>\nDevlet kendi \u00e7a\u011f\u0131n\u0131n ara\u00e7lar\u0131n\u0131 kullanabilmelidir.<\/strong><\/p>\n<p>Bug\u00fcn ise \u00e7a\u011f de\u011fi\u015fmi\u015ftir.<\/p><div id=\"bghab-1315138349\" class=\"bghab-icerik-icine bghab-entity-placement\"><script async src=\"\/\/pagead2.googlesyndication.com\/pagead\/js\/adsbygoogle.js?client=ca-pub-6203283170189293\" crossorigin=\"anonymous\"><\/script><ins class=\"adsbygoogle\" style=\"display:block; text-align:center;\" data-ad-client=\"ca-pub-6203283170189293\" \ndata-ad-slot=\"7303146466\" \ndata-ad-layout=\"in-article\"\ndata-ad-format=\"fluid\" data-full-width-responsive=\"true\"><\/ins>\n<script> \n(adsbygoogle = window.adsbygoogle || []).push({}); \n<\/script>\n<\/div>\n<p>Art\u0131k devletin g\u00fcc\u00fc yaln\u0131z s\u0131n\u0131rlar\u0131n\u0131n geni\u015fli\u011fiyle de\u011fil, teknolojisinin derinli\u011fiyle; yaln\u0131z ordusunun say\u0131s\u0131yla de\u011fil, insan kayna\u011f\u0131n\u0131n niteli\u011fiyle; yaln\u0131z paras\u0131n\u0131n varl\u0131\u011f\u0131yla de\u011fil, ekonomik sisteminin dayan\u0131kl\u0131l\u0131\u011f\u0131yla \u00f6l\u00e7\u00fclmektedir.<\/p>\n<p>T\u00fcrkiye&#8217;nin \u00f6n\u00fcndeki as\u0131l mesele de budur:<\/p>\n<p><strong>Ge\u00e7mi\u015fin b\u00fcy\u00fck devlet gelene\u011fini, gelece\u011fin b\u00fcy\u00fck g\u00fc\u00e7 \u015fartlar\u0131na d\u00f6n\u00fc\u015ft\u00fcrebilmek.<\/strong><\/p>\n<h2>TAR\u0130H\u0130M\u0130Z\u0130 \u00d6V\u00dcN\u00c7 DE\u011e\u0130L STRATEJ\u0130 KAYNA\u011eI YAPMALIYIZ<\/h2>\n<p>T\u00fcrk tarihi b\u00fcy\u00fck devletlerin tarihidir.<\/p>\n<p>Ama ge\u00e7mi\u015fte b\u00fcy\u00fck olmak, gelecekte de b\u00fcy\u00fck olunaca\u011f\u0131 anlam\u0131na gelmez.<\/p><div id=\"bghab-1575786264\" class=\"bghab-icerik-icine-10-paragraf bghab-entity-placement\"><script async src=\"\/\/pagead2.googlesyndication.com\/pagead\/js\/adsbygoogle.js?client=ca-pub-6203283170189293\" crossorigin=\"anonymous\"><\/script><ins class=\"adsbygoogle\" style=\"display:block; text-align:center;\" data-ad-client=\"ca-pub-6203283170189293\" \ndata-ad-slot=\"7303146466\" \ndata-ad-layout=\"in-article\"\ndata-ad-format=\"fluid\" data-full-width-responsive=\"true\"><\/ins>\n<script> \n(adsbygoogle = window.adsbygoogle || []).push({}); \n<\/script>\n<\/div>\n<p>Tarih, yaln\u0131zca gurur verir.<\/p>\n<p>Gelecek ise \u00e7al\u0131\u015fma ister.<\/p>\n<p>Disiplin ister.<\/p>\n<p>Bilim ister.<\/p>\n<p>Planlama ister.<\/p><div id=\"bghab-4109894333\" class=\"bghab-icerik-icine-15-paragraf bghab-entity-placement\"><script async src=\"\/\/pagead2.googlesyndication.com\/pagead\/js\/adsbygoogle.js?client=ca-pub-6203283170189293\" crossorigin=\"anonymous\"><\/script><ins class=\"adsbygoogle\" style=\"display:block; text-align:center;\" data-ad-client=\"ca-pub-6203283170189293\" \ndata-ad-slot=\"7303146466\" \ndata-ad-layout=\"in-article\"\ndata-ad-format=\"fluid\" data-full-width-responsive=\"true\"><\/ins>\n<script> \n(adsbygoogle = window.adsbygoogle || []).push({}); \n<\/script>\n<\/div>\n<p>Devlet akl\u0131 ister.<\/p>\n<p>G\u00f6kt\u00fcrklerin, Sel\u00e7uklular\u0131n veya Osmanl\u0131&#8217;n\u0131n ba\u015far\u0131lar\u0131n\u0131 anlatmak de\u011ferlidir.<\/p>\n<p>Ancak daha de\u011ferli olan \u015fudur:<\/p>\n<p><strong>Onlar\u0131n kendi \u00e7a\u011flar\u0131nda neyi do\u011fru yapt\u0131\u011f\u0131n\u0131 anlamak.<\/strong><\/p>\n<p>G\u00f6kt\u00fcrkler \u00e7a\u011flar\u0131n\u0131n ticaret yollar\u0131n\u0131 dikkate ald\u0131.<\/p><div id=\"bghab-938158528\" class=\"bghab-icerik-icine-20-paragraf bghab-entity-placement\"><script async src=\"\/\/pagead2.googlesyndication.com\/pagead\/js\/adsbygoogle.js?client=ca-pub-6203283170189293\" crossorigin=\"anonymous\"><\/script><ins class=\"adsbygoogle\" style=\"display:block; text-align:center;\" data-ad-client=\"ca-pub-6203283170189293\" \ndata-ad-slot=\"7303146466\" \ndata-ad-layout=\"in-article\"\ndata-ad-format=\"fluid\" data-full-width-responsive=\"true\"><\/ins>\n<script> \n(adsbygoogle = window.adsbygoogle || []).push({}); \n<\/script>\n<\/div>\n<p>Sel\u00e7uklular \u015fehir ve ticaret a\u011flar\u0131 kurdu.<\/p>\n<p>Osmanl\u0131 co\u011frafya, ula\u015f\u0131m ve idareyi birlikte y\u00f6netti.<\/p>\n<p>Cumhuriyet ise e\u011fitim, sanayi ve devlet kurumlar\u0131 \u00fczerinden modernle\u015fme hamlesi yapt\u0131.<\/p>\n<p>Bug\u00fcn bizim ku\u015fa\u011f\u0131n s\u0131nav\u0131 ise ba\u015fka:<\/p>\n<p><strong>Teknolojik ba\u011f\u0131ms\u0131zl\u0131k.<\/strong><\/p><div id=\"bghab-4191552112\" class=\"bghab-icerik-icine-25-paragraf bghab-entity-placement\"><script async src=\"\/\/pagead2.googlesyndication.com\/pagead\/js\/adsbygoogle.js?client=ca-pub-6203283170189293\" crossorigin=\"anonymous\"><\/script><ins class=\"adsbygoogle\" style=\"display:block; text-align:center;\" data-ad-client=\"ca-pub-6203283170189293\" \ndata-ad-slot=\"7303146466\" \ndata-ad-layout=\"in-article\"\ndata-ad-format=\"fluid\" data-full-width-responsive=\"true\"><\/ins>\n<script> \n(adsbygoogle = window.adsbygoogle || []).push({}); \n<\/script>\n<\/div>\n<h2>21. Y\u00dcZYILDA DEVLET\u0130N YEN\u0130 SINIRLARI VAR<\/h2>\n<p>Eskiden s\u0131n\u0131r denildi\u011finde akla hudut ta\u015flar\u0131 gelirdi.<\/p>\n<p>Bug\u00fcn devletin s\u0131n\u0131r\u0131 \u00e7ok daha geni\u015ftir.<\/p>\n<p>Siber s\u0131n\u0131r vard\u0131r.<\/p>\n<p>Enerji s\u0131n\u0131r\u0131 vard\u0131r.<\/p>\n<p>Finansal s\u0131n\u0131r vard\u0131r.<\/p><div id=\"bghab-3384689723\" class=\"bghab-icerik-icine-30-paragraf bghab-entity-placement\"><script async src=\"\/\/pagead2.googlesyndication.com\/pagead\/js\/adsbygoogle.js?client=ca-pub-6203283170189293\" crossorigin=\"anonymous\"><\/script><ins class=\"adsbygoogle\" style=\"display:block; text-align:center;\" data-ad-client=\"ca-pub-6203283170189293\" \ndata-ad-slot=\"7303146466\" \ndata-ad-layout=\"in-article\"\ndata-ad-format=\"fluid\" data-full-width-responsive=\"true\"><\/ins>\n<script> \n(adsbygoogle = window.adsbygoogle || []).push({}); \n<\/script>\n<\/div>\n<p>G\u0131da g\u00fcvenli\u011fi s\u0131n\u0131r\u0131 vard\u0131r.<\/p>\n<p>Veri s\u0131n\u0131r\u0131 vard\u0131r.<\/p>\n<p>Teknoloji s\u0131n\u0131r\u0131 vard\u0131r.<\/p>\n<p>Bir \u00fclkenin topra\u011f\u0131 i\u015fgal edilmeden de ba\u011f\u0131ml\u0131 hale gelmesi m\u00fcmk\u00fcnd\u00fcr.<\/p>\n<p>Kritik yaz\u0131l\u0131mlar d\u0131\u015far\u0131dan geliyorsa,<\/p><div id=\"bghab-409627149\" class=\"bghab-icerik-icine-35-paragraf bghab-entity-placement\"><script async src=\"\/\/pagead2.googlesyndication.com\/pagead\/js\/adsbygoogle.js?client=ca-pub-6203283170189293\" crossorigin=\"anonymous\"><\/script><ins class=\"adsbygoogle\" style=\"display:block; text-align:center;\" data-ad-client=\"ca-pub-6203283170189293\" \ndata-ad-slot=\"7303146466\" \ndata-ad-layout=\"in-article\"\ndata-ad-format=\"fluid\" data-full-width-responsive=\"true\"><\/ins>\n<script> \n(adsbygoogle = window.adsbygoogle || []).push({}); \n<\/script>\n<\/div>\n<p>enerjinin tamam\u0131 d\u0131\u015far\u0131ya ba\u011fl\u0131ysa,<\/p>\n<p>savunma teknolojisinin ana par\u00e7alar\u0131 ba\u015fka \u00fclkelerde \u00fcretiliyorsa,<\/p>\n<p>veriler yabanc\u0131 altyap\u0131larda tutuluyorsa,<\/p>\n<p>\u00fclke stratejik bask\u0131ya a\u00e7\u0131k hale gelir.<\/p>\n<p>Bu nedenle yeni \u00e7a\u011f\u0131n ba\u011f\u0131ms\u0131zl\u0131\u011f\u0131 yaln\u0131z siyasi de\u011fildir.<\/p><div id=\"bghab-2589120899\" class=\"bghab-icerik-icine-40-paragraf bghab-entity-placement\"><script async src=\"\/\/pagead2.googlesyndication.com\/pagead\/js\/adsbygoogle.js?client=ca-pub-6203283170189293\" crossorigin=\"anonymous\"><\/script><ins class=\"adsbygoogle\" style=\"display:block; text-align:center;\" data-ad-client=\"ca-pub-6203283170189293\" \ndata-ad-slot=\"7303146466\" \ndata-ad-layout=\"in-article\"\ndata-ad-format=\"fluid\" data-full-width-responsive=\"true\"><\/ins>\n<script> \n(adsbygoogle = window.adsbygoogle || []).push({}); \n<\/script>\n<\/div>\n<p><strong>Teknolojik, ekonomik ve dijital ba\u011f\u0131ms\u0131zl\u0131kt\u0131r.<\/strong><\/p>\n<h2>YEN\u0130 \u00c7A\u011eIN S\u0130KKES\u0130: \u00c7\u0130P<\/h2>\n<p>Eski devletler egemenliklerini para \u00fczerinden g\u00f6sterirdi.<\/p>\n<p>Bug\u00fcn egemenli\u011fin sembollerinden biri \u00e7iptir.<\/p>\n<p>\u00c7\u00fcnk\u00fc \u00e7ip art\u0131k her \u015feyin i\u00e7indedir.<\/p>\n<p>Savunma sistemlerinde.<\/p><div id=\"bghab-1655299517\" class=\"bghab-icerik-icine-45-paragraf bghab-entity-placement\"><script async src=\"\/\/pagead2.googlesyndication.com\/pagead\/js\/adsbygoogle.js?client=ca-pub-6203283170189293\" crossorigin=\"anonymous\"><\/script><ins class=\"adsbygoogle\" style=\"display:block; text-align:center;\" data-ad-client=\"ca-pub-6203283170189293\" \ndata-ad-slot=\"7303146466\" \ndata-ad-layout=\"in-article\"\ndata-ad-format=\"fluid\" data-full-width-responsive=\"true\"><\/ins>\n<script> \n(adsbygoogle = window.adsbygoogle || []).push({}); \n<\/script>\n<\/div>\n<p>Otomobillerde.<\/p>\n<p>Telefonlarda.<\/p>\n<p>Uydularda.<\/p>\n<p>Radarlarda.<\/p>\n<p>Yapay zek\u00e2 altyap\u0131lar\u0131nda.<\/p><div id=\"bghab-3266719876\" class=\"bghab-icerik-icine-50-paragraf bghab-entity-placement\"><script async src=\"\/\/pagead2.googlesyndication.com\/pagead\/js\/adsbygoogle.js?client=ca-pub-6203283170189293\" crossorigin=\"anonymous\"><\/script><ins class=\"adsbygoogle\" style=\"display:block; text-align:center;\" data-ad-client=\"ca-pub-6203283170189293\" \ndata-ad-slot=\"7303146466\" \ndata-ad-layout=\"in-article\"\ndata-ad-format=\"fluid\" data-full-width-responsive=\"true\"><\/ins>\n<script> \n(adsbygoogle = window.adsbygoogle || []).push({}); \n<\/script>\n<\/div>\n<p>Sanayi makinelerinde.<\/p>\n<p>Enerji sistemlerinde.<\/p>\n<p>Dolay\u0131s\u0131yla \u00e7ip \u00fcretebilmek yaln\u0131z ekonomik mesele de\u011fildir.<\/p>\n<p>Milli g\u00fcvenlik meselesidir.<\/p>\n<p>T\u00fcrkiye gelecekte b\u00fcy\u00fck g\u00fc\u00e7 olmak istiyorsa;<\/p><div id=\"bghab-1110627151\" class=\"bghab-icerik-icine-55-paragraf bghab-entity-placement\"><script async src=\"\/\/pagead2.googlesyndication.com\/pagead\/js\/adsbygoogle.js?client=ca-pub-6203283170189293\" crossorigin=\"anonymous\"><\/script><ins class=\"adsbygoogle\" style=\"display:block; text-align:center;\" data-ad-client=\"ca-pub-6203283170189293\" \ndata-ad-slot=\"7303146466\" \ndata-ad-layout=\"in-article\"\ndata-ad-format=\"fluid\" data-full-width-responsive=\"true\"><\/ins>\n<script> \n(adsbygoogle = window.adsbygoogle || []).push({}); \n<\/script>\n<\/div>\n<p>yar\u0131 iletken,<\/p>\n<p>yapay zek\u00e2,<\/p>\n<p>robotik,<\/p>\n<p>kuantum,<\/p>\n<p>biyoteknoloji,<\/p><div id=\"bghab-2352278674\" class=\"bghab-icerik-icine-60-paragraf bghab-entity-placement\"><script async src=\"\/\/pagead2.googlesyndication.com\/pagead\/js\/adsbygoogle.js?client=ca-pub-6203283170189293\" crossorigin=\"anonymous\"><\/script><ins class=\"adsbygoogle\" style=\"display:block; text-align:center;\" data-ad-client=\"ca-pub-6203283170189293\" \ndata-ad-slot=\"7303146466\" \ndata-ad-layout=\"in-article\"\ndata-ad-format=\"fluid\" data-full-width-responsive=\"true\"><\/ins>\n<script> \n(adsbygoogle = window.adsbygoogle || []).push({}); \n<\/script>\n<\/div>\n<p>uzay,<\/p>\n<p>enerji teknolojileri<\/p>\n<p>gibi alanlarda uzun vadeli devlet politikas\u0131 geli\u015ftirmek zorundad\u0131r.<\/p>\n<h2>SAVUNMA SANAY\u0130\u0130 B\u0130R SONU\u00c7 DE\u011e\u0130L, EKOS\u0130STEMD\u0130R<\/h2>\n<p>Savunma sanayiinde son y\u0131llarda elde edilen ilerlemeler \u00f6nemlidir.<\/p>\n<p>Fakat mesele yaln\u0131z silah \u00fcretmek de\u011fildir.<\/p><div id=\"bghab-4010009967\" class=\"bghab-icerik-icine-65-paragraf bghab-entity-placement\"><script async src=\"\/\/pagead2.googlesyndication.com\/pagead\/js\/adsbygoogle.js?client=ca-pub-6203283170189293\" crossorigin=\"anonymous\"><\/script><ins class=\"adsbygoogle\" style=\"display:block; text-align:center;\" data-ad-client=\"ca-pub-6203283170189293\" \ndata-ad-slot=\"7303146466\" \ndata-ad-layout=\"in-article\"\ndata-ad-format=\"fluid\" data-full-width-responsive=\"true\"><\/ins>\n<script> \n(adsbygoogle = window.adsbygoogle || []).push({}); \n<\/script>\n<\/div>\n<p>As\u0131l mesele \u015fudur:<\/p>\n<p><strong>Bir teknoloji ekosistemi kurmak.<\/strong><\/p>\n<p>Bir sava\u015f u\u00e7a\u011f\u0131 \u00fcretmek i\u00e7in;<\/p>\n<p>motor gerekir,<\/p>\n<p>yaz\u0131l\u0131m gerekir,<\/p>\n<p>radar gerekir,<\/p>\n<p>malzeme bilimi gerekir,<\/p>\n<p>elektronik gerekir,<\/p>\n<p>optik gerekir,<\/p>\n<p>yapay zek\u00e2 gerekir,<\/p>\n<p>binlerce m\u00fchendis gerekir.<\/p>\n<p>Dolay\u0131s\u0131yla savunma sanayii asl\u0131nda \u00fclkenin bilim ve teknoloji kapasitesini yukar\u0131 ta\u015f\u0131yan bir lokomotiftir.<\/p>\n<p>Bu y\u00fczden savunmada ba\u011f\u0131ms\u0131zl\u0131k hedefi, ayn\u0131 zamanda sanayide ve teknolojide ba\u011f\u0131ms\u0131zl\u0131k hedefidir.<\/p>\n<h2>ASIL G\u00dc\u00c7 TOPRA\u011eIN ALTINDA DE\u011e\u0130L, \u0130NSANIN Z\u0130HN\u0130NDED\u0130R<\/h2>\n<p>Bir \u00fclkenin petrol\u00fc olmayabilir.<\/p>\n<p>Do\u011falgaz\u0131 olmayabilir.<\/p>\n<p>Alt\u0131n\u0131 az olabilir.<\/p>\n<p>Ama iyi yeti\u015fmi\u015f insan\u0131 varsa yine b\u00fcy\u00fcyebilir.<\/p>\n<p>Bunun d\u00fcnyada bir\u00e7ok \u00f6rne\u011fi vard\u0131r.<\/p>\n<p>\u0130nsan sermayesi art\u0131k devletlerin en de\u011ferli kayna\u011f\u0131d\u0131r.<\/p>\n<p>T\u00fcrkiye&#8217;nin ger\u00e7ek stratejik rezervi;<\/p>\n<p>\u00e7ocuklar\u0131,<\/p>\n<p>gen\u00e7leri,<\/p>\n<p>m\u00fchendisleri,<\/p>\n<p>\u00f6\u011fretmenleri,<\/p>\n<p>bilim insanlar\u0131,<\/p>\n<p>giri\u015fimcileri,<\/p>\n<p>diplomatlar\u0131d\u0131r.<\/p>\n<p>Bu nedenle e\u011fitim, yaln\u0131z Milli E\u011fitim Bakanl\u0131\u011f\u0131n\u0131n konusu de\u011fildir.<\/p>\n<p><strong>Milli g\u00fcvenlik konusudur.<\/strong><\/p>\n<h2>2050&#8217;N\u0130N T\u00dcRK\u0130YE&#8217;S\u0130 BUG\u00dcN OKULDA<\/h2>\n<p>Bug\u00fcn ilkokula giden bir \u00e7ocuk 2050 y\u0131l\u0131nda \u00fclkeyi y\u00f6neten kadrolardan biri olabilir.<\/p>\n<p>Dolay\u0131s\u0131yla 2050&#8217;nin T\u00fcrkiye&#8217;si bug\u00fcnk\u00fc s\u0131n\u0131flarda \u015fekillenmektedir.<\/p>\n<p>Peki \u00e7ocuklar\u0131m\u0131z\u0131 ne i\u00e7in yeti\u015ftiriyoruz?<\/p>\n<p>S\u0131nav kazanmak i\u00e7in mi?<\/p>\n<p>Yoksa d\u00fcnya ile rekabet etmek i\u00e7in mi?<\/p>\n<p>Ezberlemek i\u00e7in mi?<\/p>\n<p>Yoksa d\u00fc\u015f\u00fcnmek i\u00e7in mi?<\/p>\n<p>Diploma almak i\u00e7in mi?<\/p>\n<p>Yoksa \u00fcretmek i\u00e7in mi?<\/p>\n<p>T\u00fcrkiye e\u011fitim sistemini gelece\u011fin mesleklerine g\u00f6re yeniden d\u00fc\u015f\u00fcnmelidir.<\/p>\n<p>Yapay zek\u00e2,<\/p>\n<p>m\u00fchendislik,<\/p>\n<p>dil,<\/p>\n<p>matematik,<\/p>\n<p>tarih,<\/p>\n<p>felsefe,<\/p>\n<p>sanat,<\/p>\n<p>spor,<\/p>\n<p>disiplin,<\/p>\n<p>karakter<\/p>\n<p>birbirinden kopuk de\u011fil, ayn\u0131 insan modelinin par\u00e7alar\u0131 olmal\u0131d\u0131r.<\/p>\n<p>\u00c7\u00fcnk\u00fc g\u00fc\u00e7l\u00fc devlet yaln\u0131z zeki insan istemez.<\/p>\n<p><strong>Karakterli ve sorumluluk sahibi insan ister.<\/strong><\/p>\n<h2>T\u00dcRK\u0130YE K\u00d6PR\u00dc DE\u011e\u0130L, MERKEZ OLMALI<\/h2>\n<p>T\u00fcrkiye uzun y\u0131llar boyunca \u201cDo\u011fu ile Bat\u0131 aras\u0131nda k\u00f6pr\u00fc\u201d olarak tan\u0131mland\u0131.<\/p>\n<p>Bu tan\u0131m art\u0131k yeterli de\u011fildir.<\/p>\n<p>K\u00f6pr\u00fc ba\u015fka g\u00fc\u00e7 merkezlerini birbirine ba\u011flar.<\/p>\n<p>Merkez \u00fclke ise kendi etraf\u0131nda sistem kurar.<\/p>\n<p>T\u00fcrkiye&#8217;nin hedefi yaln\u0131zca ge\u00e7i\u015f g\u00fczerg\u00e2h\u0131 olmak de\u011fil;<\/p>\n<p>\u00fcretim,<\/p>\n<p>lojistik,<\/p>\n<p>finans,<\/p>\n<p>enerji,<\/p>\n<p>savunma,<\/p>\n<p>diplomasi<\/p>\n<p>merkezi olmakt\u0131r.<\/p>\n<p>Orta Koridor bu a\u00e7\u0131dan son derece \u00f6nemlidir.<\/p>\n<p>Asya&#8217;dan Avrupa&#8217;ya uzanan ticaret yollar\u0131 T\u00fcrkiye i\u00e7in b\u00fcy\u00fck f\u0131rsatt\u0131r.<\/p>\n<p>Ama yaln\u0131z trenlerin ge\u00e7mesini izlemek yetmez.<\/p>\n<p>O ticaretin de\u011fer zincirinde T\u00fcrkiye bulunmal\u0131d\u0131r.<\/p>\n<h2>KOR\u0130DORU Y\u00d6NETEN GELECE\u011e\u0130 Y\u00d6NET\u0130R<\/h2>\n<p>Bir ticaret yolu yaln\u0131z raylardan olu\u015fmaz.<\/p>\n<p>Etraf\u0131nda;<\/p>\n<p>limanlar,<\/p>\n<p>lojistik merkezleri,<\/p>\n<p>bankalar,<\/p>\n<p>sigorta \u015firketleri,<\/p>\n<p>sanayi b\u00f6lgeleri,<\/p>\n<p>depolar,<\/p>\n<p>teknoloji \u015firketleri<\/p>\n<p>olu\u015fur.<\/p>\n<p>T\u00fcrkiye Orta Koridor&#8217;da yaln\u0131z ge\u00e7i\u015f \u00fclkesi olursa s\u0131n\u0131rl\u0131 gelir elde eder.<\/p>\n<p>Ama koridorun ekonomik sistemini kurarsa stratejik g\u00fc\u00e7 kazan\u0131r.<\/p>\n<p>Bu nedenle hedef;<\/p>\n<p><strong>transit T\u00fcrkiye de\u011fil, merkez T\u00fcrkiye olmal\u0131d\u0131r.<\/strong><\/p>\n<h2>T\u00dcRK D\u00dcNYASI \u0130\u00c7\u0130N YEN\u0130 D\u00d6NEM<\/h2>\n<p>T\u00fcrk d\u00fcnyas\u0131n\u0131n ortak dili, tarihi ve k\u00fclt\u00fcr\u00fc b\u00fcy\u00fck avantajd\u0131r.<\/p>\n<p>Fakat 21. y\u00fczy\u0131lda yaln\u0131z k\u00fclt\u00fcrel yak\u0131nl\u0131k yeterli de\u011fildir.<\/p>\n<p>Ekonomi gerekir.<\/p>\n<p>Teknoloji gerekir.<\/p>\n<p>Enerji gerekir.<\/p>\n<p>Ula\u015f\u0131m gerekir.<\/p>\n<p>Ortak projeler gerekir.<\/p>\n<p>T\u00fcrkiye, Azerbaycan, Kazakistan, \u00d6zbekistan, K\u0131rg\u0131zistan ve di\u011fer T\u00fcrk topluluklar\u0131 aras\u0131nda;<\/p>\n<p>\u00fcniversite a\u011flar\u0131,<\/p>\n<p>ara\u015ft\u0131rma merkezleri,<\/p>\n<p>enerji projeleri,<\/p>\n<p>ticaret koridorlar\u0131,<\/p>\n<p>teknoloji yat\u0131r\u0131mlar\u0131,<\/p>\n<p>savunma sanayii i\u015f birlikleri<\/p>\n<p>art\u0131r\u0131lmal\u0131d\u0131r.<\/p>\n<p>T\u00fcrk d\u00fcnyas\u0131n\u0131n gelece\u011fi sloganlarla de\u011fil, <strong>kurumlarla kurulacakt\u0131r.<\/strong><\/p>\n<h2>BALKANLARDAN ORTA ASYA&#8217;YA TEK STRATEJ\u0130K HAR\u0130TA<\/h2>\n<p>T\u00fcrkiye d\u0131\u015f politikas\u0131n\u0131 b\u00f6lge b\u00f6lge d\u00fc\u015f\u00fcnmemelidir.<\/p>\n<p>Balkanlar ba\u015fka,<\/p>\n<p>Kafkasya ba\u015fka,<\/p>\n<p>Karadeniz ba\u015fka,<\/p>\n<p>Orta Asya ba\u015fka<\/p>\n<p>de\u011fildir.<\/p>\n<p>Hepsi birbirine ba\u011fl\u0131d\u0131r.<\/p>\n<p>Edirne&#8217;den ba\u015flayan yol Sofya&#8217;ya,<\/p>\n<p>oradan Avrupa&#8217;ya gider.<\/p>\n<p>Kars&#8217;tan ba\u015flayan yol Bak\u00fc&#8217;ye,<\/p>\n<p>Hazar&#8217;a,<\/p>\n<p>Orta Asya&#8217;ya ula\u015f\u0131r.<\/p>\n<p>Akdeniz limanlar\u0131 Afrika ve Orta Do\u011fu&#8217;ya a\u00e7\u0131l\u0131r.<\/p>\n<p>Bu co\u011frafyalar\u0131n tamam\u0131 birlikte d\u00fc\u015f\u00fcn\u00fcld\u00fc\u011f\u00fcnde T\u00fcrkiye ger\u00e7ek jeopolitik b\u00fcy\u00fckl\u00fc\u011f\u00fcn\u00fc g\u00f6rmeye ba\u015flar.<\/p>\n<h2>VER\u0130Y\u0130 K\u0130M Y\u00d6NET\u0130YORSA GELECE\u011e\u0130 O Y\u00d6NET\u0130R<\/h2>\n<p>Yeni \u00e7a\u011f\u0131n b\u00fcy\u00fck m\u00fccadele alanlar\u0131ndan biri veridir.<\/p>\n<p>Bug\u00fcn \u015firketler ve devletler milyarlarca insan\u0131n davran\u0131\u015flar\u0131n\u0131 analiz edebiliyor.<\/p>\n<p>Veri ekonomik g\u00fc\u00e7t\u00fcr.<\/p>\n<p>Siyasi g\u00fc\u00e7t\u00fcr.<\/p>\n<p>G\u00fcvenlik g\u00fcc\u00fcd\u00fcr.<\/p>\n<p>T\u00fcrkiye kendi veri altyap\u0131s\u0131n\u0131 geli\u015ftirmek zorundad\u0131r.<\/p>\n<p>Yerli bulut sistemleri,<\/p>\n<p>siber g\u00fcvenlik,<\/p>\n<p>yapay zek\u00e2,<\/p>\n<p>kritik yaz\u0131l\u0131mlar,<\/p>\n<p>dijital kimlik sistemleri<\/p>\n<p>devlet politikas\u0131n\u0131n merkezinde olmal\u0131d\u0131r.<\/p>\n<p>\u00c7\u00fcnk\u00fc dijital egemenli\u011fi olmayan devlet gelecekte s\u00fcrekli bask\u0131ya a\u00e7\u0131k kalacakt\u0131r.<\/p>\n<h2>EKONOM\u0130 OLMADAN B\u00dcY\u00dcK DEVLET OLMAZ<\/h2>\n<p>Tarih bize ba\u015fka bir ger\u00e7e\u011fi daha \u00f6\u011fretir:<\/p>\n<p>G\u00fc\u00e7l\u00fc ordunun arkas\u0131nda g\u00fc\u00e7l\u00fc ekonomi vard\u0131r.<\/p>\n<p>\u00dcretmeyen devlet uzun s\u00fcre g\u00fc\u00e7l\u00fc kalamaz.<\/p>\n<p>T\u00fcrkiye y\u00fcksek teknoloji ihracat\u0131n\u0131 art\u0131rmal\u0131d\u0131r.<\/p>\n<p>Katma de\u011ferli \u00fcretim yapmal\u0131d\u0131r.<\/p>\n<p>Sanayi ile \u00fcniversiteyi birle\u015ftirmelidir.<\/p>\n<p>Tar\u0131mda stratejik \u00fcr\u00fcnlerde ba\u011f\u0131ms\u0131zl\u0131\u011f\u0131 korumal\u0131d\u0131r.<\/p>\n<p>Enerji \u00e7e\u015fitlili\u011fini art\u0131rmal\u0131d\u0131r.<\/p>\n<p>Finans sistemini derinle\u015ftirmelidir.<\/p>\n<p>\u00c7\u00fcnk\u00fc jeopolitik iddia ekonomik kapasite ile desteklenmezse s\u00fcrd\u00fcr\u00fclemez.<\/p>\n<h2>G\u00dc\u00c7L\u00dc DEVLET G\u00dc\u00c7L\u00dc KURUMLARLA YA\u015eAR<\/h2>\n<p>Bir devletin g\u00fcc\u00fc yaln\u0131z liderlerinden gelmez.<\/p>\n<p>Kurumlar\u0131ndan gelir.<\/p>\n<p>Adalet sisteminden gelir.<\/p>\n<p>E\u011fitiminden gelir.<\/p>\n<p>Liyakatten gelir.<\/p>\n<p>Kurumsal haf\u0131zadan gelir.<\/p>\n<p>Devlet ki\u015filere ba\u011fl\u0131 kal\u0131rsa zay\u0131flar.<\/p>\n<p>Sisteme ba\u011fl\u0131 olursa g\u00fc\u00e7lenir.<\/p>\n<p>Bu nedenle T\u00fcrkiye&#8217;nin gelecek stratejisinin \u00f6nemli aya\u011f\u0131 kurumsal kapasite olmal\u0131d\u0131r.<\/p>\n<p>Devlet planlama yapmal\u0131,<\/p>\n<p>veri toplamal\u0131,<\/p>\n<p>risk analizi yapmal\u0131,<\/p>\n<p>uzman yeti\u015ftirmeli,<\/p>\n<p>kriz senaryolar\u0131 olu\u015fturmal\u0131d\u0131r.<\/p>\n<h2>DEVLET G\u00dcN\u00dc DE\u011e\u0130L, NESL\u0130 PLANLAR<\/h2>\n<p>G\u00fcnl\u00fck siyasetin en b\u00fcy\u00fck tehlikesi k\u0131sa vadeli d\u00fc\u015f\u00fcnmektir.<\/p>\n<p>Oysa devletler k\u0131sa vadeli d\u00fc\u015f\u00fcnerek b\u00fcy\u00fck olamaz.<\/p>\n<p>Bir h\u00fck\u00fcmet be\u015f y\u0131l planlayabilir.<\/p>\n<p>Ama devlet elli y\u0131l planlamal\u0131d\u0131r.<\/p>\n<p>2050&#8217;de T\u00fcrkiye&#8217;nin n\u00fcfusu ne olacak?<\/p>\n<p>Hangi sekt\u00f6rler stratejik olacak?<\/p>\n<p>Hangi teknolojiler \u00f6n plana \u00e7\u0131kacak?<\/p>\n<p>Su kaynaklar\u0131 yeterli olacak m\u0131?<\/p>\n<p>Enerji nereden gelecek?<\/p>\n<p>Hangi meslekler ortadan kalkacak?<\/p>\n<p>Hangi yeni meslekler ortaya \u00e7\u0131kacak?<\/p>\n<p>Devlet bunlar\u0131 bug\u00fcnden d\u00fc\u015f\u00fcnmelidir.<\/p>\n<h2>TAR\u0130H\u0130M\u0130Z B\u0130ZE SORUMLULUK Y\u00dcKL\u00dcYOR<\/h2>\n<p>G\u00f6kt\u00fcrklerden Osmanl\u0131&#8217;ya kadar uzanan devlet gelene\u011fini konu\u015fmak kolayd\u0131r.<\/p>\n<p>Ama bu miras yaln\u0131z \u00f6v\u00fcn\u00e7 de\u011fildir.<\/p>\n<p>Sorumluluktur.<\/p>\n<p>E\u011fer atalar\u0131m\u0131z kendi \u00e7a\u011flar\u0131n\u0131n \u015fartlar\u0131n\u0131 okuyarak b\u00fcy\u00fck devletler kurmu\u015fsa, bizim g\u00f6revimiz de kendi \u00e7a\u011f\u0131m\u0131z\u0131n \u015fartlar\u0131n\u0131 okumakt\u0131r.<\/p>\n<p>Onlar\u0131n \u00e7a\u011f\u0131nda;<\/p>\n<p>at,<\/p>\n<p>demir,<\/p>\n<p>ordu,<\/p>\n<p>ticaret yolu<\/p>\n<p>\u00f6nemliydi.<\/p>\n<p>Bizim \u00e7a\u011f\u0131m\u0131zda;<\/p>\n<p>\u00e7ip,<\/p>\n<p>yapay zek\u00e2,<\/p>\n<p>enerji,<\/p>\n<p>veri,<\/p>\n<p>bilim,<\/p>\n<p>insan<\/p>\n<p>\u00f6nemlidir.<\/p>\n<p>Ara\u00e7 de\u011fi\u015fti.<\/p>\n<p>Ama devlet olman\u0131n \u00f6z\u00fc de\u011fi\u015fmedi:<\/p>\n<p><strong>Ba\u011f\u0131ms\u0131z olmak.<br \/>\n\u00dcretmek.<br \/>\nPlanlamak.<br \/>\n\u0130nsan yeti\u015ftirmek.<br \/>\nKendi karar\u0131n\u0131 verebilmek.<\/strong><\/p>\n<h2>GELECE\u011e\u0130N S\u0130KKES\u0130N\u0130 B\u0130Z BASACA\u011eIZ<\/h2>\n<p>Bir G\u00f6kt\u00fcrk sikkesine bakt\u0131\u011f\u0131m\u0131zda ge\u00e7mi\u015fin devlet m\u00fch\u00fcrlerini g\u00f6r\u00fcyoruz.<\/p>\n<p>Peki gelecek nesiller bizim d\u00f6nemimize bakt\u0131\u011f\u0131nda ne g\u00f6recek?<\/p>\n<p>Ba\u015fka \u00fclkelerin teknolojisini kullanan bir T\u00fcrkiye mi?<\/p>\n<p>Yoksa teknoloji \u00fcreten T\u00fcrkiye mi?<\/p>\n<p>Sadece ticaret yollar\u0131ndan ge\u00e7i\u015f sa\u011flayan T\u00fcrkiye mi?<\/p>\n<p>Yoksa ticaret sistemini y\u00f6neten T\u00fcrkiye mi?<\/p>\n<p>Gen\u00e7lerini kaybeden T\u00fcrkiye mi?<\/p>\n<p>Yoksa d\u00fcnyan\u0131n yeteneklerini kendine \u00e7eken T\u00fcrkiye mi?<\/p>\n<p>\u0130\u015fte as\u0131l mesele budur.<\/p>\n<p>D\u00fcn\u00fcn sikkesi metaldi.<\/p>\n<p><strong>Bug\u00fcn\u00fcn sikkesi teknolojidir.<\/strong><\/p>\n<p>D\u00fcn\u00fcn yolu \u0130pek Yolu&#8217;ydu.<\/p>\n<p><strong>Bug\u00fcn\u00fcn yolu Orta Koridor&#8217;dur.<\/strong><\/p>\n<p>D\u00fcn\u00fcn g\u00fcc\u00fc demirdi.<\/p>\n<p><strong>Bug\u00fcn\u00fcn g\u00fcc\u00fc bilgidir.<\/strong><\/p>\n<p>D\u00fcn\u00fcn m\u00fchr\u00fc sikkeye vuruluyordu.<\/p>\n<p><strong>Bug\u00fcn\u00fcn m\u00fchr\u00fc gelece\u011fe vurulacakt\u0131r.<\/strong><\/p>\n<p>T\u00fcrkiye&#8217;nin hedefi art\u0131k ge\u00e7mi\u015fte b\u00fcy\u00fck oldu\u011funu anlatmak de\u011fil, gelecekte b\u00fcy\u00fck olaca\u011f\u0131n\u0131 g\u00f6stermek olmal\u0131d\u0131r.<\/p>\n<p>Ve bunun yolu slogandan de\u011fil;<\/p>\n<p><strong>e\u011fitimden, \u00fcretimden, bilimden, teknolojiden, g\u00fc\u00e7l\u00fc kurumlardan ve uzun vadeli devlet akl\u0131ndan ge\u00e7mektedir.<\/strong><\/p>\n<p>Tarih bize b\u00fcy\u00fck bir miras b\u0131rakt\u0131.<\/p>\n<p>\u015eimdi s\u0131ra bizde.<\/p>\n<p><strong>Biz de gelecek nesillere b\u00fcy\u00fck bir T\u00fcrkiye b\u0131rakmak zorunday\u0131z.<\/strong><\/p>\n<div id=\"bghab-3423428562\" class=\"bghab-yazi-altinda bghab-entity-placement\"><script async src=\"https:\/\/pagead2.googlesyndication.com\/pagead\/js\/adsbygoogle.js\"><\/script>\r\n<!-- bghaber-yaz\u0131-sonu -->\r\n<ins class=\"adsbygoogle\"\r\n     style=\"display:block\"\r\n     data-ad-client=\"ca-pub-6203283170189293\"\r\n     data-ad-slot=\"4222328180\"\r\n     data-ad-format=\"auto\"\r\n     data-full-width-responsive=\"true\"><\/ins>\r\n<script>\r\n     (adsbygoogle = window.adsbygoogle || []).push({});\r\n<\/script><\/div><br style=\"clear: both; display: block; float: none;\"\/>","protected":false},"excerpt":{"rendered":"<p>Rafet ULUT\u00dcRK G\u00f6kt\u00fcrklerden kalan bir sikkeye bakt\u0131\u011f\u0131m\u0131zda, \u00fczerinde yaln\u0131zca h\u00fck\u00fcmdarl\u0131k i\u015faretleri, tamgalar veya semboller g\u00f6rmeyiz. Asl\u0131nda kar\u015f\u0131m\u0131zda bir devlet anlay\u0131\u015f\u0131 vard\u0131r. O devlet anlay\u0131\u015f\u0131 bize<\/p>\n","protected":false},"author":13,"featured_media":65124,"comment_status":"open","ping_status":"closed","sticky":false,"template":"","format":"standard","meta":{"advanced_seo_description":"","jetpack_seo_html_title":"","jetpack_seo_noindex":false,"jetpack_seo_schema_type":"","_jetpack_newsletter_access":"","_jetpack_dont_email_post_to_subs":false,"_jetpack_newsletter_tier_id":0,"_jetpack_memberships_contains_paywalled_content":false,"_jetpack_feature_clip_id":0,"_jetpack_memberships_contains_paid_content":false,"footnotes":"","jetpack_post_was_ever_published":false},"categories":[6],"tags":[],"class_list":["post-65268","post","type-post","status-publish","format-standard","has-post-thumbnail","hentry","category-yorum"],"jetpack_sharing_enabled":true,"jetpack_likes_enabled":true,"jetpack-related-posts":[],"jetpack_shortlink":"https:\/\/wp.me\/pc2PfJ-gYI","jetpack_featured_media_url":"https:\/\/i0.wp.com\/www.bghaber.org\/bghaber\/wp-content\/uploads\/2026\/04\/Rafet-dernk-gen-mrz.jpg?fit=300%2C312&ssl=1","_links":{"self":[{"href":"https:\/\/www.bghaber.org\/bghaber\/wp-json\/wp\/v2\/posts\/65268","targetHints":{"allow":["GET"]}}],"collection":[{"href":"https:\/\/www.bghaber.org\/bghaber\/wp-json\/wp\/v2\/posts"}],"about":[{"href":"https:\/\/www.bghaber.org\/bghaber\/wp-json\/wp\/v2\/types\/post"}],"author":[{"embeddable":true,"href":"https:\/\/www.bghaber.org\/bghaber\/wp-json\/wp\/v2\/users\/13"}],"replies":[{"embeddable":true,"href":"https:\/\/www.bghaber.org\/bghaber\/wp-json\/wp\/v2\/comments?post=65268"}],"version-history":[{"count":1,"href":"https:\/\/www.bghaber.org\/bghaber\/wp-json\/wp\/v2\/posts\/65268\/revisions"}],"predecessor-version":[{"id":65269,"href":"https:\/\/www.bghaber.org\/bghaber\/wp-json\/wp\/v2\/posts\/65268\/revisions\/65269"}],"wp:featuredmedia":[{"embeddable":true,"href":"https:\/\/www.bghaber.org\/bghaber\/wp-json\/wp\/v2\/media\/65124"}],"wp:attachment":[{"href":"https:\/\/www.bghaber.org\/bghaber\/wp-json\/wp\/v2\/media?parent=65268"}],"wp:term":[{"taxonomy":"category","embeddable":true,"href":"https:\/\/www.bghaber.org\/bghaber\/wp-json\/wp\/v2\/categories?post=65268"},{"taxonomy":"post_tag","embeddable":true,"href":"https:\/\/www.bghaber.org\/bghaber\/wp-json\/wp\/v2\/tags?post=65268"}],"curies":[{"name":"wp","href":"https:\/\/api.w.org\/{rel}","templated":true}]}}