{"id":6448,"date":"2013-09-16T12:34:30","date_gmt":"2013-09-16T09:34:30","guid":{"rendered":"http:\/\/bghaber.org\/bghaber\/?p=6448"},"modified":"2020-04-25T18:23:09","modified_gmt":"2020-04-25T15:23:09","slug":"bulturkten-canakkale-sehitligi-gezisi","status":"publish","type":"post","link":"https:\/\/www.bghaber.org\/bghaber\/bulturkten-canakkale-sehitligi-gezisi\/","title":{"rendered":"BULT\u00dcRK\u2019ten \u00c7anakkale \u015eehitli\u011fi Gezisi"},"content":{"rendered":"<p>Raziye \u00c7AKIR<\/p>\n<p>\u0130stanbul Bult\u00fcrk Genel Merkezine 14.09.2013 saat 22.00 da 7\u2019den 70\u2019e \u00fcyeler gelmeye ba\u015flad\u0131lar. Burada Bult\u00fcrk \u2019\u00fcn merkezinde aralar\u0131nda kayna\u015fma, tan\u0131\u015fma ve sohbetler yap\u0131ld\u0131.<!--more-->Ard\u0131ndan otob\u00fcsler geldi ve herkes d\u0131\u015far\u0131ya \u00e7\u0131kt\u0131, ya\u015flar\u0131 7\u2019den 70\u2019e varan \u00fcyelere 40 ya\u015f\u0131na kadar olanlar 2.otob\u00fcse \u00fcst\u00fc ise di\u011fer otob\u00fcse diye gelenleri y\u00f6nlendiriyorlard\u0131. Herkes yava\u015f yava\u015f otob\u00fcslere y\u00f6neldiler ve yerlerini almaya ba\u015flad\u0131lar. Herkes yerlerine oturduklar\u0131nda dernek y\u00f6netiminden ba\u015fkan ve y\u00f6netiminden Dr.Nedim B\u0130R\u0130NC\u0130, Muazzez YURDAKUL, Bayrampa\u015fa Belediyesinden Belediye Ba\u015fkan Yrd. Ahmet T\u00dcFEK\u00c7\u0130 ve Koordinat\u00f6r Sn.Y\u00fcksel AYDIN bey de \u00c7anakkale\u2019ye gidenlere k\u0131sa birer konu\u015fma yapt\u0131lar ve hay\u0131rl\u0131 yolculuklar dilediler. Otob\u00fcslerde g\u00f6revli olarak Dr. Nedim B\u0130R\u0130NC\u0130 ve Durmu\u015f MUTLU da yerlerini ald\u0131lar ve Bayrampa\u015fa\u2019dan yola \u00e7\u0131kt\u0131lar.<br \/>\nYolda giderken g\u00f6revliler biraz bilgi verdi.<a href=\"https:\/\/i0.wp.com\/bghaber.org\/bghaber\/wp-content\/uploads\/2013\/09\/1240065_10151837374748917_1366978957_n.jpg\"><img data-recalc-dims=\"1\" loading=\"lazy\" decoding=\"async\" class=\"alignleft size-medium wp-image-6449\" src=\"https:\/\/i0.wp.com\/bghaber.org\/bghaber\/wp-content\/uploads\/2013\/09\/1240065_10151837374748917_1366978957_n-225x300.jpg?resize=225%2C300\" alt=\"1240065_10151837374748917_1366978957_n\" width=\"225\" height=\"300\" srcset=\"https:\/\/i0.wp.com\/www.bghaber.org\/bghaber\/wp-content\/uploads\/2013\/09\/1240065_10151837374748917_1366978957_n.jpg?resize=225%2C300&amp;ssl=1 225w, https:\/\/i0.wp.com\/www.bghaber.org\/bghaber\/wp-content\/uploads\/2013\/09\/1240065_10151837374748917_1366978957_n.jpg?w=720&amp;ssl=1 720w\" sizes=\"auto, (max-width: 225px) 100vw, 225px\" \/><\/a>\u00c7anakkale \u015fehitler an\u0131t\u0131 T\u00fcrk\u2019\u00fcn t\u00fckenmezli\u011finin simgesi, birlik ve beraberli\u011fimizin kan\u0131t\u0131d\u0131r. \u00c7anakkale sava\u015flar\u0131nda \u015fehit d\u00fc\u015fen yakla\u015f\u0131k 253 bin \u015fehidimizi simgeleyen abidelerin en g\u00f6rkemlisidir. Bu an\u0131t, hepimizin g\u00f6nl\u00fcnde gelece\u011fe g\u00fcven yans\u0131tan, T\u00fcrk milletinin en zor d\u00f6neminde bile yedi d\u00fcveli dize getirebilece\u011fini ve y\u00fcz binlerce \u015fehit pahas\u0131na vatan topraklar\u0131n\u0131 ebediyen koruyaca\u011f\u0131n\u0131 g\u00f6steren an\u0131t\u0131m\u0131zd\u0131r.<br \/>\nAn\u0131t\u0131n projesi 1944 y\u0131l\u0131nda MSB taraf\u0131ndan a\u00e7\u0131lan yar\u0131\u015fma ile belirlenmi\u015ftir. Bu an\u0131t\u0131m\u0131z ilk olarak Gelibolu Yar\u0131madas\u0131nda Al\u0131\u00e7\u0131tepe\u2019de yap\u0131lmas\u0131 planlanm\u0131\u015f ancak arazinin bozuk olmas\u0131 ve denize uzak olmas\u0131ndan dolay\u0131 vaz ge\u00e7ilmi\u015ftir. Daha sonra Hisarl\u0131k burnunda Morto\u2019ya hakim 50 metre rak\u0131ml\u0131 olan Hisar Burnuna yap\u0131lm\u0131\u015ft\u0131r.<br \/>\n1952\u2032de yap\u0131m\u0131na karar verilmi\u015ftir. 19 Nisan 1954\u2032te temeli at\u0131lm\u0131\u015ft\u0131r. Ancak \u00e7e\u015fitli nedenlerden dolay\u0131 (m\u00fcteahhitlerin yolsuzluklar\u0131, yeterli miktarda para bulunamamas\u0131 gibi) birka\u00e7 defa yap\u0131m\u0131 durmu\u015ftur ve nihayet 15 Mart 1958\u2032de sadece g\u00f6vde k\u0131sm\u0131 yap\u0131labilmi\u015ftir.<br \/>\nBu an\u0131t\u0131m\u0131z Milliyet gazetesinin a\u00e7m\u0131\u015f oldu\u011fu kampanya ile yeterli para toplan\u0131nca 1960\u2032da tamamlanarak. 20.08.1960 tarihinde a\u00e7\u0131l\u0131\u015f\u0131 yap\u0131lm\u0131\u015ft\u0131r<br \/>\n\u2022 An\u0131t\u0131n kaplad\u0131\u011f\u0131 alan: 625 metre kare<br \/>\n\u2022 Ayak say\u0131s\u0131 (sutun say\u0131s\u0131): 4 adet<br \/>\n\u2022 Ayaklar aras\u0131ndaki mesafe:10 metre<br \/>\n\u2022 Bir aya\u011f\u0131n ebad\u0131: 7.5\u00d77.5 metre<br \/>\n\u2022 An\u0131t\u0131n kadisinden itibaren y\u00fcksekli\u011fi: 41.70 metre<br \/>\nAn\u0131t\u0131n bulundu\u011fu b\u00f6lge 25 Nisan 1915 g\u00fcn\u00fc \u0130ngilizler taraf\u0131ndan i\u015fgal edilmi\u015fse de 27 Nisan da yar\u0131madaya ayak basan Frans\u0131zlara b\u0131rak\u0131lm\u0131\u015ft\u0131r. D\u00f6rt s\u00fctun \u00fczerine oturtulan abide milletimizin sa\u011flam temellere dayand\u0131\u011f\u0131n\u0131 ve y\u0131k\u0131lmaz oldu\u011fu anlam\u0131n\u0131 ta\u015f\u0131maktad\u0131r. Uzaktan bak\u0131ld\u0131\u011f\u0131nda da Mehmet\u00e7i\u011fin M harfi \u015feklinde g\u00f6z\u00fckmektedir. An\u0131t\u0131n tavan\u0131na mozaikten T\u00fcrk bayra\u011f\u0131 i\u015flenmi\u015ftir.<br \/>\nAyn\u0131 zamanda abidenin alt\u0131nda birde m\u00fcze bulunmaktad\u0131r. \u00c7anakkale \u015fehitler abidesi milletimizden toplanan 2.386.251 liral\u0131k ba\u011f\u0131\u015f ile in\u015fa edilerek T\u00fcrk Milletinin \u015fehitlerine arma\u011fan\u0131 olmu\u015ftur. Abidenin d\u00f6rt aya\u011f\u0131nda sekiz r\u00f6lyef bulunmaktad\u0131r. Denize bakan d\u00f6rt tanesi deniz sava\u015flar\u0131n\u0131, karaya bakan d\u00f6rt tanesi de kara sava\u015flar\u0131n\u0131 anlatmaktad\u0131r. Ayr\u0131ca an\u0131t i\u00e7inde ki 25 m.lik bronz bayrak dire\u011fi Amerika\u2019da ya\u015fayan soyda\u015f\u0131m\u0131z Nazmi Celal taraf\u0131ndan hediye edilmi\u015ftir. Ayn\u0131 bayrak dire\u011finden An\u0131tkabir\u2019de de bir adet bulunmaktad\u0131r. 2005 y\u0131l\u0131nda restorasyondan ge\u00e7en an\u0131t 2007 y\u0131l\u0131nda bulundu\u011fu alana yeni \u015fehitlik in\u015fa edilerek son \u015feklini alm\u0131\u015ft\u0131r.<\/p>\n<p><strong> \u00c7ANAKKALE \u015eEH\u0130TLER AB\u0130DES\u0130 \u015eEH\u0130TL\u0130\u011e\u0130<\/strong><br \/>\n1. D\u00fcnya Sava\u015f\u0131nda 19 \u015eubat-17 Aral\u0131k 1915 tarihleri aras\u0131nda \u00c7anakkale Bo\u011faz\u0131 \u00e7evresinde \u0130til\u00e2f Devletleri deniz ve kara kuvvetleriyle Osmanl\u0131 ordusu aras\u0131nda yap\u0131lan \u00c7anakkale Muharebelerinde \u015fehit d\u00fc\u015fen yakla\u015f\u0131k 253.000 \u015fehidimiz i\u00e7in Sedd\u00fclbahir\u2019de \u00c7anakkale \u015eehitleri An\u0131t\u0131\u2019n\u0131n yan\u0131ndaki alana in\u015fa edilmi\u015ftir. Genelkurmay Ba\u015fkanl\u0131\u011f\u0131\u2019ndan al\u0131nan 15.000 \u00c7anakkale \u015fehidi k\u00fcnyesi i\u00e7inden 500\u2032er ve erba\u015fla 100 subay\u0131n k\u00fcnyeleri se\u00e7ilmi\u015f, mezar ta\u015flar\u0131 yapt\u0131r\u0131lm\u0131\u015ft\u0131r. Projesini Y\u00fcksek Mimar Nejat Din\u00e7el\u2019in yapt\u0131\u011f\u0131 \u015fehitlikte, ayr\u0131ca y\u00fczlerce \u015fehidin ad\u0131 mermer bloklara yaz\u0131lm\u0131\u015ft\u0131r. \u0130n\u015faatta, Sel\u00e7uklu kervansaraylar\u0131nda g\u00f6r\u00fclen, do\u011faya dayan\u0131kl\u0131 Kayseri ta\u015f\u0131 kullan\u0131lm\u0131\u015ft\u0131r. \u015eehitlik\u2019te namazg\u00e2h, \u015fad\u0131rvan, otopark, mezarl\u0131k b\u00f6l\u00fcmleri bulunmaktad\u0131r. Heykelt\u0131ra\u015f Prof. Tankut \u00d6ktem\u2019in \u201cYaral\u0131 Asker An\u0131t\u0131\u201d ve Metin Yurdanur\u2019un \u201cMustafa Kemal \u00c7anakkale\u2019de An\u0131t\u0131\u201d \u015fehitli\u011fe ihti\u015fam vermektedir.<br \/>\n\u015eehitli\u011fin yap\u0131m\u0131na 1991 y\u0131l\u0131 sonbahar\u0131nda ba\u015flanm\u0131\u015f, k\u0131\u015f mevsiminde ara verilmi\u015f, in\u015faat 1992 y\u0131l\u0131 bahar\u0131nda tamamlanm\u0131\u015f ve 25 May\u0131s 1992 tarihinde d\u00fczenlenen bir t\u00f6renle halk\u0131n ziyaretine a\u00e7\u0131lm\u0131\u015ft\u0131r.<br \/>\n2004 y\u0131l\u0131nda yap\u0131lan de\u011fi\u015fiklik ile temsili \u015fehitli\u011fimiz an\u0131t\u0131n \u00f6n\u00fcndeki platforma al\u0131narak ay-y\u0131ld\u0131z \u015feklinde yeniden d\u00fczenlenmi\u015ftir. Buradaki temsili \u015fehitlikte ad\u0131 Mehmet olan ve memleketi yazan 131 temsili \u015fehit kabri bulunur.<br \/>\nAn\u0131t ve \u015eehitli\u011fin tam kar\u015f\u0131s\u0131nda 3\u00d745 metre \u00f6l\u00e7\u00fclerinde \u00c7anakkale Sava\u015flar\u0131nda kahramanl\u0131k olaylar\u0131n\u0131 anlatan bir r\u00f6lyef yer al\u0131r.<\/p>\n<p><strong> \u00c7anakkale M\u00fczeleri &#8211; \u00c7anakkale Arkeoloji M\u00fczesi<\/strong><br \/>\n\u00c7anakkale Arkeoloji M\u00fczesi\u2019nin ba\u015flang\u0131c\u0131 1911 y\u0131l\u0131na kadar inmektedir. Bu y\u0131llarda \u00e7evreden toplanan eserler \u00c7anakkale Ortaokulunda depolanmaya ba\u015flam\u0131\u015f, daha sonra bunlar \u00c7ar\u015f\u0131 Mahallesi\u2019ndeki 1936 y\u0131l\u0131nda onar\u0131lan bir kilisede bir araya getirilmi\u015ftir. M\u00fcze memurlu\u011fu olarak hizmet g\u00f6ren bu m\u00fcze 1936 y\u0131l\u0131nda ziyarete a\u00e7\u0131lm\u0131\u015ft\u0131r. Bundan sonra yeniden d\u00fczenlenmi\u015f ve 30 A\u011fustos 1961 tarihinde, daha sonra da Barbaros Mahallesi, Atat\u00fcrk Caddesi\u2019nde yap\u0131lan yeni m\u00fcze binas\u0131na ta\u015f\u0131narak 1984 y\u0131l\u0131nda ziyarete a\u00e7\u0131lm\u0131\u015ft\u0131r.<br \/>\nM\u00fczede Frank Calvert koleksiyonu, Troia antik kenti buluntular\u0131, Be\u015fiktepe\u2019den \u00e7\u0131kar\u0131lan Prehistorik buluntular, Helenistik ve Roma d\u00f6nemlerine ait buluntular, Troias ve Mysia b\u00f6lgesi antik kentlerinden getirilen mezar stelleri ve ostothekler, \u00c7an ve Yenice t\u00fcm\u00fcl\u00fcslerindeki M\u00d6.VII.-II.y\u00fczy\u0131la ait eserler, Bozcaada (Tenedos) nekropol\u00fc eserleri te\u015fhir edilmektedir.<\/p>\n<p><strong> \u00c7anakkale Bo\u011faz Komutanl\u0131\u011f\u0131 M\u00fczesi<\/strong><br \/>\nDeniz Kuvvetleri Komutanl\u0131\u011f\u0131, \u00c7anakkale Bo\u011faz Komutanl\u0131\u011f\u0131\u2019na ba\u011fl\u0131 olan bu m\u00fcze 1982 y\u0131l\u0131nda ziyarete a\u00e7\u0131lm\u0131\u015ft\u0131r. M\u00fczede foto\u011fraflar, resim galerisi, \u00c7imenlik Kalesi ve Nusret May\u0131n Gemisinin maketi bulunmaktad\u0131r. M\u00fczenin birinci kat\u0131nda \u00c7anakkale Sava\u015f\u0131\u2019n\u0131 anlatan foto\u011fraflar, askeri \u00fcniformalar, ni\u015fanlar, paralar, sancaklar, sava\u015fta kullan\u0131lan ara\u00e7 ve gere\u00e7ler sergilenmektedir.<br \/>\nAyr\u0131ca \u00c7anakkale Sava\u015f\u0131\u2019nda b\u00fcy\u00fck yararl\u0131l\u0131klar\u0131 g\u00f6r\u00fclen Nusret Gemisinin bire bir \u00f6l\u00e7\u00fcs\u00fcnde yap\u0131lm\u0131\u015f ve \u00c7imenlik Park\u0131na yerle\u015ftirilmi\u015f maketi, \u00e7e\u015fitli eski gazete k\u00fcp\u00fcrleri, gemi fenerleri, \u0131\u015f\u0131ldak, pusula gibi gemicilikte kullan\u0131lan seyir malzemeleri sergilenmektedir. Bu m\u00fczeye ba\u011fl\u0131 olan \u00c7imenlik Kalesi\u2019nde de 16 T\u00fcrk devletine ait bayraklar, silahlar ve sava\u015flarda kullan\u0131lan ara\u00e7 ve gere\u00e7ler ile \u00e7e\u015fitli toplar sergilenmektedir.<\/p><div id=\"bghab-4150366860\" class=\"bghab-icerik-icine bghab-entity-placement\"><script async src=\"\/\/pagead2.googlesyndication.com\/pagead\/js\/adsbygoogle.js?client=ca-pub-6203283170189293\" crossorigin=\"anonymous\"><\/script><ins class=\"adsbygoogle\" style=\"display:block; text-align:center;\" data-ad-client=\"ca-pub-6203283170189293\" \ndata-ad-slot=\"7303146466\" \ndata-ad-layout=\"in-article\"\ndata-ad-format=\"fluid\" data-full-width-responsive=\"true\"><\/ins>\n<script> \n(adsbygoogle = window.adsbygoogle || []).push({}); \n<\/script>\n<\/div>\n<p><strong> Bigal\u0131 (\u00c7amyayla) Atat\u00fcrk Evi<\/strong><br \/>\n\u00c7anakkale Sava\u015flar\u0131 s\u0131ras\u0131nda Atat\u00fcrk\u2019\u00fcn 19.T\u00fcmen Kararg\u00e2h\u0131 olarak kulland\u0131\u011f\u0131 iki katl\u0131 bu ev 1973 y\u0131l\u0131nda m\u00fcze haline getirilmi\u015ftir. Bu evin alt kat\u0131nda iki, \u00fcst kat\u0131nda \u00fc\u00e7 odas\u0131 bulunmaktad\u0131r. Bunlardan \u00fcst katta Atat\u00fcrk\u2019\u00fcn \u00e7al\u0131\u015fma ve yatak odas\u0131 ile yaverinin odas\u0131 bulunmaktad\u0131r. Burada Atat\u00fcrk\u2019\u00fcn ki\u015fisel e\u015fyalar\u0131, deri evrak \u00e7antas\u0131, sivil ve askeri giysileri, g\u00fcnl\u00fck mutfak e\u015fyalar\u0131 ve foto\u011fraflar sergilenmektedir.<br \/>\nAtat\u00fcrk bu evde 275 kg.l\u0131k mermiyi omuzu ile kald\u0131r\u0131p top namlusuna s\u00fcren Seyit Onba\u015f\u0131\u2019n\u0131n \u00f6yk\u00fcs\u00fcn\u00fc dinlemi\u015ftir.<br \/>\nHad\u0131mo\u011flu Kona\u011f\u0131 T\u00fcrk Evi Etno\u011frafya M\u00fczesi<br \/>\nHad\u0131mo\u011flu Kona\u011f\u0131 1973 y\u0131l\u0131nda varislerinden Milli Eml\u00e2k taraf\u0131ndan sat\u0131n al\u0131nm\u0131\u015f, daha sonra K\u00fclt\u00fcr Bakanl\u0131\u011f\u0131\u2019na devredilmi\u015ftir. K\u00fclt\u00fcr Bakanl\u0131\u011f\u0131 Had\u0131mo\u011flu Kona\u011f\u0131n\u0131 1995-1996 y\u0131l\u0131nda restore etmi\u015ftir. Had\u0131mo\u011flu Kona\u011f\u0131 XVIII.y\u00fczy\u0131l Osmanl\u0131 kona\u011f\u0131d\u0131r.<br \/>\nBu kona\u011f\u0131n sahibi olan Mustafa ve Ahmet isimli iki karde\u015f Konya\u2019n\u0131n Had\u0131m kasabas\u0131ndan gelerek Bayrami\u00e7\u2019te dabakl\u0131k (dericilik) yapm\u0131\u015flard\u0131r. K\u0131sa s\u00fcrede zengin olan karde\u015fler Osmanl\u0131 h\u00fck\u00fcmetinden Bayrami\u00e7 Sancaktarl\u0131\u011f\u0131n\u0131 alm\u0131\u015flard\u0131r. Had\u0131mo\u011flu kona\u011f\u0131 g\u00fcn\u00fcm\u00fcze iyi bir durumda gelmi\u015f T\u00fcrk Sivil Mimarisi \u00f6rneklerindendir. D\u0131\u015f g\u00f6r\u00fcn\u00fcm\u00fc ile adeta bir kaleye benzeyen bu konak iki katl\u0131 olup, haremlik ve selaml\u0131k b\u00f6l\u00fcmlerinden olu\u015fmaktad\u0131r.<\/p>\n<p><strong>\u00c7anakkale Ruhu ve Maneviyat\u0131<\/strong><br \/>\n18 Mart 1915&#8217;teki \u00c7anakkale Deniz Sava\u015f\u0131 ve onu takiben bir y\u0131l s\u00fcren Gelibolu Yar\u0131madas\u0131&#8217;ndaki kara sava\u015flar\u0131, &#8220;\u00c7anakkale ruhu&#8221;nu bug\u00fcnlerde giderek y\u00fckseltiyor. \u00c7anakkale&#8217;yi \u00c7anakkale yapan, milletimizin dirili\u015f ruhudur.<br \/>\nBizim milletimiz kadar d\u00fc\u015fen, d\u00fc\u015ft\u00fc\u011f\u00fc yerden de kalkmas\u0131n\u0131 bilen, esarete al\u0131\u015f\u0131k olmayan, \u00f6ld\u00fc zannedilirken yeniden dirilen ba\u015fka millet yoktur. E\u011fer bu topraklarda \u015fimdilerde \u00c7anakkale ruhu bizi bir daha heyecanland\u0131r\u0131yorsa, bu kendi de\u011ferlerimiz \u00fczerinde bir defa daha aya\u011fa kalk\u0131yor olmam\u0131zdand\u0131r.<br \/>\n\u00c7anakkale ruhu, bizim inan\u00e7 de\u011ferlerimizle yo\u011frulan milli ruhumuzdur. Kur&#8217;an seslerinin, \u00c7anakkale Bo\u011faz\u0131&#8217;n\u0131n yama\u00e7lar\u0131nda, Gelibolu&#8217;nun bay\u0131rlar\u0131nda bir kanl\u0131 sava\u015f\u0131n nakarat\u0131 oldu\u011funu g\u00f6rebilenler ancak o ruhu anlayabilir.<br \/>\nBizim milli ruhumuz, en son dinin, Anadolu topra\u011f\u0131nda, insan\u0131m\u0131z\u0131n g\u00fczel hasletleriyle yo\u011frulan muhte\u015fem yap\u0131s\u0131d\u0131r. Bu milli ruh bug\u00fcn, husumete vakitleri olmayan muhabbet fedailerinin, ilhamlar\u0131n\u0131 d\u00fcnyan\u0131n d\u00f6rt bir yan\u0131na ta\u015f\u0131malar\u0131yla yeni bir sevdaya tutuldu. Bu sevdan\u0131n tutkusuyla, \u00c7anakkale&#8217;deki a\u015fk\u0131n heyecan birdir: Ya\u015fatmak..<br \/>\nYa\u015famak i\u00e7in de\u011fil, ya\u015fatmak i\u00e7in sanc\u0131 \u00e7ekmek. &#8216;\u0130nsano\u011flu&#8217;na ait bu en y\u00fcksek duyguyu anlamayanlar, \u00c7anakkale&#8217;de tamam\u0131 \u015fehit d\u00fc\u015fen \u0130stanbul Erkek Lisesi&#8217;nin son s\u0131n\u0131f talebelerinin \u00f6l\u00fcme ko\u015fmalar\u0131n\u0131 anlayamazlar. Halid Bin Velid&#8217;in s\u00f6yledi\u011fi de oydu: &#8220;Bekleyin, sizin d\u00fcnyay\u0131 istedi\u011finizden daha fazla ahireti arzulayan bir ordu geliyor&#8230;&#8221; \u00c7anakkale zaferi, \u0130ngiliz ve Frans\u0131z donanmas\u0131na ge\u00e7it vermedi. Bizim var olma kararl\u0131l\u0131\u011f\u0131m\u0131z\u0131 per\u00e7inledi, has\u0131mlar\u0131m\u0131z\u0131n bizi par\u00e7alamalar\u0131n\u0131n \u00f6n\u00fcne ge\u00e7ti. Rusya&#8217;da Bol\u015fevik ihtilaline f\u0131rsat tan\u0131yarak Rus \u00c7arl\u0131\u011f\u0131&#8217;n\u0131n Do\u011fu Anadolu&#8217;yu i\u015fgalini \u00f6nledi. Ama \u00c7anakkale&#8217;nin anlatt\u0131\u011f\u0131 ba\u015fka bir \u015feydi. Dili, rengi, etnik k\u00f6keni farkl\u0131 millet evl\u00e2tlar\u0131 vatan topra\u011f\u0131nda omuz omuza yat\u0131yordu. Bu bir. \u0130kincisi, 250 bin kayb\u0131m\u0131z\u0131n (\u015fehit, yaral\u0131, hasta, kay\u0131p) b\u00fcy\u00fck \u00e7o\u011funlu\u011fu gen\u00e7 ve m\u00fcnevver nesildi. Yani biz \u00c7anakkale&#8217;de bir milleti yeniden ihya edecek nesli kaybetmi\u015ftik.<br \/>\nBug\u00fcn de dirili\u015fimiz \u00c7anakkale&#8217;nin anlatt\u0131\u011f\u0131n\u0131 do\u011fru anlamam\u0131za ba\u011fl\u0131.<br \/>\nYeniden dilimize, rengimize, etnik k\u00f6kenimize bakmadan karde\u015f olmal\u0131y\u0131z. D\u00fcn bunu hissiyat\u0131m\u0131z sa\u011flad\u0131ysa bug\u00fcn akl\u0131m\u0131z, mant\u0131\u011f\u0131m\u0131z sa\u011flamal\u0131. Bug\u00fcn ak\u0131l, insan haklar\u0131n\u0131n, \u00f6zg\u00fcrl\u00fcklerin, fikir ve ifade h\u00fcrriyetinin, inan\u00e7 ve ibadet \u00f6zg\u00fcrl\u00fc\u011f\u00fcn\u00fcn, yani bireyin \u00f6ne \u00e7\u0131kt\u0131\u011f\u0131, \u015feffafl\u0131\u011f\u0131n ve herkesin hesap vermesinin sa\u011fland\u0131\u011f\u0131, yani hukukun \u00fcst\u00fcnl\u00fc\u011f\u00fcn\u00fcn ge\u00e7erli oldu\u011fu demokratikle\u015fmeyi i\u015faret ediyor. Bu, ba\u015fka bir ifadeyle, kendi de\u011ferlerimize ba\u011fl\u0131 kalarak, kendimiz olarak aya\u011fa kalk\u0131p evrensel insan\u00ee de\u011ferlerde bulu\u015fmay\u0131 anlat\u0131yor. D\u00fcn \u00c7anakkale&#8217;de \u0130ngiltere ve Fransa d\u00fc\u015fman\u0131m\u0131zd\u0131, ama bug\u00fcn, Avrupa Birli\u011fi i\u00e7inde onlarla tam \u00fcyeli\u011fi bir devlet politikas\u0131 haline getirdi\u011fimiz iki \u00fclkedir. D\u00fcnyan\u0131n gitti\u011fi yeri do\u011fru okumal\u0131, \u00c7anakkale&#8217;yi bahane edip intikam pe\u015finde ko\u015fmay\u0131 de\u011fil, \u00c7anakkale&#8217;deki milli ruhu diri tutarak T\u00fcrkiye&#8217;nin g\u00fcvenlik, refah ve \u00f6zg\u00fcrl\u00fck \u00fclkesi olmas\u0131 i\u00e7in \u00e7al\u0131\u015fmal\u0131y\u0131z. \u00c7anakkale ile \u00f6v\u00fcnebiliriz, bu bizim hakk\u0131m\u0131z. Ama bilimde d\u00fcnya \u00fcniversiteleri aras\u0131nda son s\u0131ralarda, insan haklar\u0131nda en gerilerde, milli gelirde bilmem ka\u00e7\u0131nc\u0131 s\u0131rada bir \u00fclkenin insanlar\u0131 olman\u0131n \u00f6v\u00fcn\u00fclecek de\u011fil, utan\u0131lacak bir durum oldu\u011funu herhalde ink\u00e2r edemeyiz.<br \/>\n\u00c7anakkale&#8217;de bu milleti ihya edecek nesli kaybetmi\u015ftik. \u015eimdi o nesil yeni bir baharda yeniden gelece\u011fimizin bay\u0131rlar\u0131n\u0131, bah\u00e7elerini, ovalar\u0131n\u0131, yaylalar\u0131n\u0131 s\u00fcsl\u00fcyor. \u00c7anakkale&#8217;de topra\u011fa d\u00fc\u015fenler, \u015fimdi sadece s\u0131n\u0131rlar\u0131m\u0131z i\u00e7inde de\u011fil, d\u00fcnyan\u0131n d\u00f6rt bir yan\u0131nda diriltmek \u00fczere dirildiler. \u00c7anakkale ruhu i\u015fte budur..<\/p>\n<p><strong> \u00c7anakkale An\u0131tlar\u0131 ve Kaleleri<\/strong><\/p>\n<p><strong>\u00c7imenlik Kalesi<\/strong><br \/>\n\u00c7imenlik Kalesi, Kilitbahir Kalesiyle birlikte bo\u011faz\u0131n en dar yerine (1253 mt.) 1461-1462 y\u0131llar\u0131nda Fatih Sultan Mehmet taraf\u0131ndan yapt\u0131r\u0131lm\u0131\u015ft\u0131r.Kalelerin in\u015fa i\u015flerini Gazi Yakup Bey y\u00fcr\u00fctm\u00fc\u015ft\u00fcr. Muhtemelen kalelerden artan malzeme ile de Lapseki-\u00c7ardak\u2019taki Gazi Yakup Bey K\u00fclliyesini yapt\u0131rm\u0131\u015ft\u0131r.Sahil taraf\u0131na Sultan Abd\u00fclaziz taraf\u0131ndan Aziziye Tabyas\u0131 eklenmi\u015ftir.<\/p>\n<p><strong>Eceabat \u00c7amburnu Kalesi<\/strong><br \/>\nGelibolu Yar\u0131madas\u0131 Tarihi Milli Park\u0131 Y\u00f6netim Merkezi bu kalenin i\u00e7inde yer almakta. Kalenin yap\u0131m\u0131na 1807 tarihinde padi\u015fah III.Selim zaman\u0131nda ba\u015flanm\u0131\u015f,1820 tarihinde padi\u015fah II.Mahmut d\u00f6neminde bitirilmi\u015ftir.19 \u015eubat 1807 tarihinde donanmas\u0131yla \u00c7anakkale Bo\u011faz\u0131n\u0131 ge\u00e7en \u0130ngiliz Amirali Duekworth\u2019\u0131n, on g\u00fcn boyunca \u0130stanbul\u2019u ku\u015fat\u0131p ba\u015far\u0131l\u0131 olamay\u0131nca geri d\u00f6nd\u00fc\u011f\u00fcnde, \u00c7anakkale Bo\u011faz\u0131ndan \u00e7\u0131karken iki \u0130ngiliz kalyonu \u00c7amburnu Kalesindeki toplarla bat\u0131r\u0131lm\u0131\u015ft\u0131r. Y\u00fczy\u0131llarca \u0130ngiliz donanmas\u0131n\u0131n en \u00e7ok kin duydu\u011fu kale olmu\u015ftur.<\/p><div id=\"bghab-302862405\" class=\"bghab-icerik-icine-10-paragraf bghab-entity-placement\"><script async src=\"\/\/pagead2.googlesyndication.com\/pagead\/js\/adsbygoogle.js?client=ca-pub-6203283170189293\" crossorigin=\"anonymous\"><\/script><ins class=\"adsbygoogle\" style=\"display:block; text-align:center;\" data-ad-client=\"ca-pub-6203283170189293\" \ndata-ad-slot=\"7303146466\" \ndata-ad-layout=\"in-article\"\ndata-ad-format=\"fluid\" data-full-width-responsive=\"true\"><\/ins>\n<script> \n(adsbygoogle = window.adsbygoogle || []).push({}); \n<\/script>\n<\/div>\n<p><strong>Sedd\u00fclbahir Kalesi<\/strong><br \/>\nVenediklilerin 1656\u2019da Kuzey Ege adalar\u0131n\u0131 i\u015fgal etmeleri \u00fczerine padi\u015fah IV. Mehmet zaman\u0131nda Avrupa yakas\u0131nda Sedd\u00fclbahir Kalesi,Anadolu yakas\u0131nda Kumkale Kalesinin yap\u0131m\u0131na 1657 y\u0131l\u0131nda ba\u015flan\u0131p,1659 y\u0131l\u0131nda tamamlanm\u0131\u015ft\u0131r.Her iki kalenin t\u00fcm in\u015fa masraflar\u0131 Padi\u015fah IV.Mehmet\u2019in annesi \u201cValide Turhan Sultan\u201d taraf\u0131ndan kar\u015f\u0131lanm\u0131\u015ft\u0131r.K\u00f6pr\u00fcl\u00fc Mehmet Pa\u015fa\u2019n\u0131n Sadrazaml\u0131\u011f\u0131 s\u0131ras\u0131nda Mimar Mustafa A\u011fa ve Frenk Ahmet Pa\u015fa eliyle in\u015fa edilmi\u015ftir.<\/p>\n<p><strong>Kilitbahir Kalesi<\/strong><br \/>\nBo\u011faz\u0131n Avrupa yakas\u0131na 1462-1463 y\u0131llar\u0131nda Fatih Sultan Mehmet taraf\u0131ndan yapt\u0131r\u0131lm\u0131\u015ft\u0131r. Kalenin in\u015faas\u0131n\u0131 Gazi Yakup Bey y\u00fcr\u00fctm\u00fc\u015ft\u00fcr. Kilitbahir Kalesine 1541-42 y\u0131llar\u0131nda Kanuni Sultan S\u00fcleyman taraf\u0131ndan Sar\u0131 Kale (Kule) eklenmi\u015ftir. 1893-1894 y\u0131llar\u0131nda onar\u0131m g\u00f6rm\u00fc\u015ft\u00fcr.<\/p>\n<p><strong>&#8220;Dur Yolcu&#8221; Yaz\u0131s\u0131<\/strong><br \/>\n\u00c7anakkale ile \u00f6zde\u015fle\u015fen \u201cDur Yolcu\u201d yaz\u0131s\u0131 29 Ekim 1960 tarihinde, yaz\u0131n\u0131n sahil taraf\u0131ndaki De\u011firmen Burnu Tabyas\u0131\u2019ndaki askeri garnizonun komutan\u0131 Albay Turan \u015eekip P\u0131nar taraf\u0131ndan \u00c7anakkaleli Aste\u011fmen Seyran \u00c7ebi g\u00f6revlendirilmi\u015f ve bu yaz\u0131 Say\u0131n Seyran \u00c7ebi taraf\u0131ndan yap\u0131lm\u0131\u015ft\u0131r. Burada \u015eair Necmettin Halil Onan\u2019\u0131n \u00c7ak\u0131l Ta\u015flar\u0131 \u015fiir kitab\u0131nda yer alan \u201cBir Yolcuya\u201d \u015fiirinin ilk m\u0131sras\u0131 yaz\u0131l\u0131d\u0131r.<\/p>\n<p><strong>Seyit Onba\u015f\u0131 An\u0131t\u0131<\/strong><br \/>\n\u015eehitlik ilk kez 1919 y\u0131l\u0131nda tesis edilmi\u015ftir.Rumeli Mecidiye tabyas\u0131 giri\u015finde, 18 Mart 1915 Bo\u011faz Sava\u015f\u0131 s\u0131ras\u0131nda \u015fehit olan Ispartal\u0131 Ali \u00c7avu\u015f,\u0130vrindili \u0130smailo\u011flu Mehmet, Mustafa o\u011flu S\u00fcleyman ve \u015fehit 13 T\u00fcrk top\u00e7usu yatmaktad\u0131r. Sava\u015f s\u0131ras\u0131nda yap\u0131lan \u015fehitlik,tabyan\u0131n da\u011f taraf\u0131ndaki selvi a\u011fa\u00e7lar\u0131n\u0131n aras\u0131na yap\u0131lm\u0131\u015f. 1962 y\u0131l\u0131nda \u015fehitlerimizin kemikleri \u015fimdiki \u015fehitli\u011fe ta\u015f\u0131nm\u0131\u015ft\u0131r.<\/p>\n<p><strong>Havuzlar An\u0131t\u0131<\/strong><br \/>\nBu \u015fehitli\u011fimiz Kerevizdere\u2019de \u015fehit olan subay ve askerlerimizin an\u0131s\u0131na,\u00c7anakkale \u015eehitlerine Yard\u0131m Derne\u011fi taraf\u0131ndan 1961 y\u0131l\u0131nda yap\u0131lm\u0131\u015ft\u0131r. 6 mt. y\u00fcksekli\u011findedir. An\u0131t\u0131n \u00fczerinde; 2.T\u00fcmen Kurmay Ba\u015fkan\u0131 Yzb. Kemal, 126.Alay Yaveri Selanikli M\u00fclaz\u0131m \u0130smail,K\u0131r\u015fehirli \u0130brahimo\u011flu H\u00fcseyin \u00c7avu\u015f, Nasuh Onba\u015f\u0131,Kelecikli \u0130brahimo\u011flu H\u00fcseyin, Eski\u015fehirli Mehmeto\u011flu Abdurrahman,\u0130neg\u00f6ll\u00fc Mehmeto\u011flu Mustafa,Ankaral\u0131 Kadiro\u011flu Sad\u0131k,Konyal\u0131 Mikailo\u011flu \u015eerif Ali, \u00c7ank\u0131r\u0131l\u0131 Elvano\u011flu \u0130brahim\u2019in adlar\u0131 yaz\u0131l\u0131d\u0131r.Buras\u0131 18 Mart Bo\u011faz Sava\u015f\u0131nda 4 adet 12 cm. muhasara topunun bulundu\u011fu,sava\u015f s\u0131ras\u0131nda askerin cepheden geri d\u00f6nd\u00fc\u011f\u00fc ve cepheye sevk edildi\u011fi \u00e7ok \u00f6nemli bir lojistik merkezidir. Bu mevki seyyar sarg\u0131 yeri olarak da kullan\u0131lm\u0131\u015ft\u0131r.<\/p><div id=\"bghab-2309320621\" class=\"bghab-icerik-icine-15-paragraf bghab-entity-placement\"><script async src=\"\/\/pagead2.googlesyndication.com\/pagead\/js\/adsbygoogle.js?client=ca-pub-6203283170189293\" crossorigin=\"anonymous\"><\/script><ins class=\"adsbygoogle\" style=\"display:block; text-align:center;\" data-ad-client=\"ca-pub-6203283170189293\" \ndata-ad-slot=\"7303146466\" \ndata-ad-layout=\"in-article\"\ndata-ad-format=\"fluid\" data-full-width-responsive=\"true\"><\/ins>\n<script> \n(adsbygoogle = window.adsbygoogle || []).push({}); \n<\/script>\n<\/div>\n<p><strong>Son Ok An\u0131t\u0131<\/strong><br \/>\nAl\u00e7\u0131tepe K\u00f6y\u00fc ile Z\u0131\u011f\u0131ndere Sarg\u0131 Yeri \u015eehitli\u011fi aras\u0131nda, k\u00f6y mezarl\u0131\u011f\u0131n\u0131n d\u0131\u015f\u0131ndad\u0131r. 1948 y\u0131l\u0131nda devletimiz taraf\u0131ndan Kirte Muharebeleri \u015eehitleri an\u0131s\u0131na yapt\u0131r\u0131lm\u0131\u015ft\u0131r. 07 Haziran 1915\u2019te kazand\u0131\u011f\u0131m\u0131z III.Kirte Sava\u015f\u0131 Zaferini sa\u011flayan 120 mm. Top\u00e7u bataryam\u0131z\u0131n s\u00fcng\u00fc h\u00fccumundan bahseder.<br \/>\n\u0130brahim Artu\u00e7\u2019un 1915 \u00c7anakkale Sava\u015flar\u0131 kitab\u0131nda buras\u0131n\u0131n 5.Top\u00e7u Alay\u0131 2. Batarya oldu\u011fu, \u0130ngilizlerin Z\u0131\u011f\u0131ndere\u2019den \u015fiddetli sald\u0131r\u0131s\u0131 \u00fczerine top\u00e7u Grup Komutan\u0131 Alman Binba\u015f\u0131 Binhold, buradaki batarya komutan\u0131 Te\u011fmen Arif\u2019e (Tanyeri) \u201ctoplar\u0131n\u0131z\u0131 tahrip ederek geri \u00e7ekiliniz\u201d emrini vermi\u015ftir.Emre uymayan Te\u011fmen Arif,elde kalan son toplar\u0131 ate\u015fler ve ingilizleri ekin bi\u00e7er gibi bi\u00e7er. Ard\u0131ndan top\u00e7u erler ve \u00e7evreden buldu\u011fu toplam 150 askerle buradan Z\u0131\u011f\u0131ndere y\u00f6n\u00fcne s\u00fcng\u00fc h\u00fccumu yapt\u0131r\u0131r. B\u00fcy\u00fck bir zafer elde ederek Al\u00e7\u0131tepe\u2019yi kurtar\u0131r. Bu hareket G\u00fcney Cephesinin kaderini tayin etmi\u015ftir.<\/p>\n<p><strong> Z\u0131\u011f\u0131ndere Nuri Yamut An\u0131t\u0131<\/strong><br \/>\nZ\u0131\u011f\u0131ndere bat\u0131s\u0131nda,Ke\u00e7i Deresi Silahendaz yama\u00e7lar\u0131nda, Gelibolu II.Kolordu Komutan\u0131 Nuri Yamut Pa\u015fa taraf\u0131ndan 1943 y\u0131l\u0131nda yapt\u0131r\u0131lm\u0131\u015ft\u0131r. Mimar\u0131 As\u0131m K\u00f6m\u00fcrc\u00fco\u011flu\u2019dur.<br \/>\nBu b\u00f6lgedeki on bin \u015fehidimizin an\u0131s\u0131na yap\u0131lm\u0131\u015ft\u0131r. K\u00f6yl\u00fclerin ifadelerine g\u00f6re, harmanda demet ta\u015f\u0131ma i\u015finde kullan\u0131lan kanatl\u0131 \u00f6k\u00fcz arabalar\u0131 ile 80 araba \u015fehit kemi\u011fi toplanm\u0131\u015f,bu an\u0131t\u0131n alt\u0131na g\u00f6m\u00fclm\u00fc\u015ft\u00fcr. An\u0131t\u0131n i\u00e7indeki mermer kapak,kemiklerin kondu\u011fu yerin a\u011fz\u0131d\u0131r.<\/p>\n<p><strong> Yarbay Hasan Bey An\u0131t\u0131<\/strong><br \/>\nBu an\u0131t sava\u015flar s\u0131ras\u0131nda,bu b\u00f6lgede aste\u011fmen olarak g\u00f6rev yapan,1955 y\u0131l\u0131nda Gelibolu II.Kolordu Komutan\u0131 olan Orgeneral Muzaffer Alanku\u015f taraf\u0131ndan Frans\u0131z cephesindeki Kerevizdere \u015eehitleri ad\u0131na yap\u0131lm\u0131\u015ft\u0131r.<\/p>\n<p><strong>Mehmet\u00e7ik \u015eehitler Abidesi (B\u00fcy\u00fck \u015eehitler Abidesi)<\/strong><br \/>\nSedd\u00fclbahir b\u00f6lgesinde Morto Koyu\u2019nun do\u011fu ucundaki denizden y\u00fcksekli\u011fi 45 metre olan Hisarl\u0131k Tepe \u00fczerinde yap\u0131lm\u0131\u015ft\u0131r. \u00c7anakkale \u015eehitleri Abidesi antik Eleaus&#8217;un kal\u0131nt\u0131lar\u0131 \u00fczerinde yap\u0131lm\u0131\u015ft\u0131r.<br \/>\n41.70 m. y\u00fcksekli\u011findedir. Bu abidenin yap\u0131m\u0131na \u00c7anakkale sava\u015flar\u0131\u2019ndan tam 39 y\u0131l sonra ba\u015flanabilmi\u015ftir. 1944 y\u0131l\u0131nda M.S. Bakanl\u0131\u011f\u0131n\u0131n a\u00e7t\u0131\u011f\u0131 proje yar\u0131\u015fmas\u0131n\u0131 Mimar Do\u011fan Erginba\u015f\u2019\u0131n projesi kazanm\u0131\u015ft\u0131r.<br \/>\n\u0130stanbul\u2019da 1952 y\u0131l\u0131nda toplanan \u015eehitlikleri \u0130mar Cemiyeti an\u0131t\u0131n yap\u0131lmas\u0131na karar vererek ba\u011f\u0131\u015f kampanyas\u0131 a\u00e7m\u0131\u015ft\u0131r.T\u00fcrk ulusu bu kampanyaya b\u00fcy\u00fck ilgi g\u00f6stermi\u015ftir. Toplanan paralarla eldeki proje uygulamaya girmi\u015f, 19 Nisan 1954\u2019te Abidenin temeli at\u0131lm\u0131\u015ft\u0131r.1958 y\u0131l\u0131nda a\u00e7\u0131lan ikinci kampanyada 2.386.251 lira toplanm\u0131\u015f ve yar\u0131m kalan abide in\u015faat\u0131 1960\u2019ta bitirilmi\u015ftir. 7.5 m. geni\u015flikte, 10 metre aral\u0131kl\u0131 4 ayak \u00fczerine oturtulan Abide;m\u00fczesi,mermer kaplamas\u0131,etraf\u0131n\u0131n a\u011fa\u00e7land\u0131r\u0131lmas\u0131 gibi unsurlar o zamanlar bitirilememi\u015f, eksikliklerinle beraber t\u00f6renle a\u00e7\u0131lm\u0131\u015ft\u0131. Bu belirtilen eksiklikler g\u00fcn\u00fcm\u00fczde tamamlanarak Abideye uygun duruma getirilmi\u015ftir. 1999 y\u0131l\u0131nda Abide ayaklar\u0131 \u00fczerine o zamanlar yap\u0131lamam\u0131\u015f 8 adet r\u00f6lyef,\u0130stanbul Menkul K\u0131ymetler Borsas\u0131 Ba\u015fkanl\u0131\u011f\u0131n\u0131n maddi, Arena tv. program\u0131 yap\u0131mc\u0131s\u0131 Sn. U\u011fur D\u00fcndar\u2019\u0131n manevi destekleri ile, Abide mimar\u0131 Prof. Do\u011fan Erginba\u015f\u2019\u0131n g\u00f6zetiminde,Prof. Ferit \u00d6z\u015fen taraf\u0131ndan yap\u0131larak tamamlanm\u0131\u015ft\u0131r.Bu r\u00f6lyeflerde, \u201c\u00c7anakkale\u2019de Mustafa Kemal ve arkada\u015flar\u0131\u201d,\u201cYurtta Sulh Cihanda Sulh\u201d, \u201cNusrat May\u0131n Gemisi\u201d,\u201cSava\u015flarda D\u00fc\u015fman Gemilerinin Bat\u0131r\u0131l\u0131\u015f\u0131\u201d,\u201cSiperlerde Mustafa Kemal Mehmet\u00e7iklerle\u201d ve \u201c\u00c7anakkale\u2019de Top\u00e7u Bataryalar\u0131\u201dndan g\u00f6r\u00fcnt\u00fcler yer almaktad\u0131r. 2004 y\u0131l\u0131ndaki d\u00fczenlemelerde tavan\u0131n\u0131n i\u00e7 k\u0131sm\u0131na mat cam serami\u011finden T\u00fcrk Bayra\u011f\u0131 yap\u0131lm\u0131\u015f, daha \u00f6nce tamamlanamayan \u00e7evre d\u00fczenlemeleri yap\u0131lm\u0131\u015ft\u0131r.2007 y\u0131l\u0131nda da depreme kar\u015f\u0131 g\u00fc\u00e7lendirme \u00e7al\u0131\u015fmalar\u0131 yap\u0131lm\u0131\u015f,alt\u0131ndaki m\u00fcze alan\u0131 geni\u015fletilmi\u015ftir.<br \/>\n18 Mart 2008&#8217;de bayrak dire\u011fi 70 metrelik yeni direk ile de\u011fi\u015ftirildi. Antalya B,\u015eehir Bld. 22.5&#215;15 m. ebad\u0131nda 337.5 m2 bir bayrak hediye etti ve g\u00f6ndere \u00e7ekildi.<\/p>\n<p><strong>\u0130lk \u015eehitler An\u0131t\u0131<\/strong><br \/>\n03 Kas\u0131m 1914\u2019te m\u00fcttefik donanman\u0131n yapt\u0131\u011f\u0131 bombard\u0131manda kale cephaneli\u011fine isabet eden bir mermi, cephaneli\u011fi infilak ettirmi\u015f,5 subay ve 81 erimiz par\u00e7alanarak \u015fehit olmu\u015flard\u0131r.An\u0131t 1986 y\u0131l\u0131nda yap\u0131lm\u0131\u015ft\u0131r.04 Mart 1915\u2019te buraya \u00e7\u0131karma yapan sabotajc\u0131 \u0130ngiliz deniz komandolar\u0131na kar\u015f\u0131 sava\u015fan 27.Alay 3.Tabur 10.B\u00f6l\u00fck erlerinden Bigal\u0131 Mehmet \u00c7avu\u015f,t\u00fcfe\u011finin ate\u015fleme mekanizmas\u0131 bozulunca, siper k\u00fcre\u011fi ile d\u00fc\u015fman \u00fczerine sald\u0131rarak a\u011f\u0131r yaralanm\u0131\u015ft\u0131r.<\/p><div id=\"bghab-1345160538\" class=\"bghab-icerik-icine-20-paragraf bghab-entity-placement\"><script async src=\"\/\/pagead2.googlesyndication.com\/pagead\/js\/adsbygoogle.js?client=ca-pub-6203283170189293\" crossorigin=\"anonymous\"><\/script><ins class=\"adsbygoogle\" style=\"display:block; text-align:center;\" data-ad-client=\"ca-pub-6203283170189293\" \ndata-ad-slot=\"7303146466\" \ndata-ad-layout=\"in-article\"\ndata-ad-format=\"fluid\" data-full-width-responsive=\"true\"><\/ins>\n<script> \n(adsbygoogle = window.adsbygoogle || []).push({}); \n<\/script>\n<\/div>\n<p><strong>Yahya \u00c7avu\u015fu An\u0131t\u0131<\/strong><br \/>\n\u0130lk an\u0131t 1962 y\u0131l\u0131nda \u00c7anakkale \u015eehitleri An\u0131tlar\u0131na yard\u0131m derne\u011fi taraf\u0131ndan yapt\u0131r\u0131lm\u0131\u015ft\u0131r.Bu ilk an\u0131tta 25 Nisan 1915\u2019te sava\u015f\u0131n ilk g\u00fcn\u00fc 26.Alay,3.Tabur,10.B\u00f6l\u00fckten \u015fehit olan subay ve eratttan 18 ki\u015finin ad\u0131 vard\u0131. \u015eehitli\u011fin son hali K\u00fclt\u00fcr Bakanl\u0131\u011f\u0131 taraf\u0131ndan 1992 y\u0131l\u0131nda yeniden d\u00fczenlenmi\u015ftir.<\/p>\n<p><strong>Helles An\u0131t\u0131<\/strong><br \/>\n1924 Y\u0131l\u0131nda yap\u0131lan an\u0131t 33 metre y\u00fcksekli\u011findedir. An\u0131t, hem Gelibolu Yar\u0131madas\u0131 Sava\u015flar\u0131 i\u00e7in hem de bu sava\u015flarda ya\u015fam\u0131n\u0131 yitirmi\u015f 20763 ki\u015finin an\u0131s\u0131na yap\u0131lm\u0131\u015ft\u0131r.<\/p>\n<p><strong>Atat\u00fcrk An\u0131t\u0131<\/strong><br \/>\nG\u00f6zetleme Tepe\u2019de II.D\u00fcnya Sava\u015f\u0131 y\u0131llar\u0131nda \u00f6nlem olarak bir birli\u011fimiz vard\u0131. Burada g\u00f6rev ba\u015f\u0131nda \u015fehit olan 3 askerimiz var. An\u0131t\u0131n hemen arkas\u0131nda \u00fc\u00e7 tane \u015fehit mezar\u0131 var. Mezarlar\u0131n \u00fczerinde yaz\u0131l\u0131 hi\u00e7bir \u015fey yok. An\u0131t, Eski\u015fehir Kor.\u0130\u015f.Tb.1.Bl.taraf\u0131ndan 1939 y\u0131l\u0131nda yap\u0131lm\u0131\u015f. An\u0131t\u0131n denize bakan y\u00fcz\u00fcnde mermer \u00fczerine Atat\u00fcrk portresi i\u015flenmi\u015ftir.<br \/>\n<strong>Mehmet\u00e7i\u011fe Sayg\u0131 An\u0131t\u0131<\/strong><br \/>\nKabatepe-Conkbay\u0131r\u0131 yolu \u00fczerinde,Albayrak S\u0131rt\u0131 g\u00fcney ucundad\u0131r.T\u00fcrk askerinin yaral\u0131 d\u00fc\u015fman askerine yapt\u0131\u011f\u0131 yard\u0131m\u0131 simgeler.Avustralya Genel Valisi Casey\u2019e,1964 y\u0131l\u0131nda Avustralya\u2019ya ilk atanan b\u00fcy\u00fckel\u00e7imiz Baha Vefa Karatay g\u00fcven mektubunu verirken, 1915 y\u0131l\u0131nda \u00c7anakkale\u2019de \u00fcste\u011fmen olarak g\u00f6rev yapan Casey, \u015fahit oldu\u011fu T\u00fcrk askerinin yaral\u0131 bir y\u00fczba\u015f\u0131ya yapt\u0131\u011f\u0131 yard\u0131m\u0131 anlat\u0131r. An\u0131t \u00fczerinde Lord Casey\u2019in an\u0131s\u0131 yaz\u0131l\u0131d\u0131r.<\/p>\n<p><strong>Kanl\u0131s\u0131rt Anzak An\u0131t\u0131<\/strong><br \/>\nAn\u0131t\u0131n alt\u0131nda k\u00fc\u00e7\u00fck bir ibadet yeri (\u015fapel) yer almaktad\u0131r. Kanl\u0131s\u0131rt platosunun d\u00fczl\u00fc\u011f\u00fcnde bulunmaktad\u0131r. An\u0131t, Avustralyal\u0131lar\u0131n ana an\u0131t\u0131,Yeni Zellandal\u0131lar\u0131n d\u00f6rt an\u0131t\u0131ndan biridir.<br \/>\nAn\u0131t,Gelibolu Yar\u0131madas\u0131\u2019nda sava\u015fan ve mezarlar\u0131 bilinmeyen 3268 Avustralyal\u0131,456 Yeni Zellandal\u0131,denize defnedilen 960 Avustralyal\u0131 ve 252 Yeni Zellandal\u0131ya atfedilmi\u015ftir. 1920-1925 y\u0131llar\u0131 aras\u0131nda yap\u0131lm\u0131\u015ft\u0131r.<\/p>\n<p><strong>57. Alay An\u0131t\u0131 ve \u015eehitli\u011fi<\/strong><br \/>\n57.Piyade Alay\u0131, 25 Aral\u0131k 1892 y\u0131l\u0131nda Trablusgarp (\u015fimdiki Libya\u2019da) da 15.Nizamiye t\u00fcmeni kurulu\u015funda olu\u015fturulmu\u015f, daha sonralar\u0131 19.T\u00fcmen kurulu\u015funda Balkan Sava\u015f\u0131na kat\u0131lm\u0131\u015f ve sava\u015ftan sonra da\u011f\u0131t\u0131lm\u0131\u015ft\u0131r. 28 Ocak 1915\u2019te 19.T\u00fcmen kurulu\u015funda Tekirda\u011f\u2019da tekrar t\u00f6renle kuruldu.<br \/>\nT\u00fcmen komutanl\u0131\u011f\u0131na atanan Sofya askeri ate\u015fesi Kurmay Yarbay Mustafa Kemal 01 \u015eubat 1915\u2019te Tekirda\u011f\u2019da g\u00f6reve ba\u015flad\u0131. Mustafa Kemal te\u015fkilat\u0131n\u0131 tamamlamaya \u00e7al\u0131\u015f\u0131rken, Ba\u015fkomutanl\u0131k\u00e7a t\u00fcmenin \u00c7anakkale M\u00fcstahkem Mevki Komutanl\u0131\u011f\u0131\u2019n\u0131n genel ihtiyat\u0131n\u0131 olu\u015fturmak \u00fczere \u00e7ok acele Eceabat\u2019a g\u00f6nderilmesi emredildi.<br \/>\nT\u00fcmenin piyade alaylar\u0131ndan 58- 59.Alaylar\u0131, kurulu\u015flar\u0131n\u0131 tamamlayamad\u0131klar\u0131ndan bunlar\u0131n yerine Suriye b\u00f6lgesinde seferberli\u011fini tamamlayarak \u0130stanbul\u2019a gelmi\u015f bulunan 6.kolordu\u2019dan iki alay (Urfa b\u00f6lgesinde seferber olan 72. Alay\u2019la, Halep b\u00f6lgesinde seferber olan 77. Alay) 23 ve 24 \u015eubat g\u00fcnleri Eceabat\u2019a g\u00f6nderildi. 25 \u015eubat 1915 tarihinde de 19.T\u00fcmen karargah\u0131,57. Piyade Alay\u0131 ve t\u00fcmenin \u00f6teki birlikleri Eceabat\u2019a geldiler. 5. Ordu\u2019nun kurulu\u015fundan sonra 26 Mart 1915\u2019te 19.T\u00fcmen,ordunun genel ihtiyat\u0131 ve 3. Kolordunun kurulu\u015funda yer alm\u0131\u015f olarak Bigal\u0131 k\u00f6y\u00fc ve dolaylar\u0131na intikal etti. 25 Nisan 1915\u2019te \u00e7\u0131karma ba\u015flam\u0131\u015f, d\u00fc\u015fman Merkeztepe-Kanl\u0131s\u0131rt hatt\u0131na kadar ilerlemi\u015fti. 19.T\u00fcmen Komutan\u0131 Mustafa Kemal kendi insiyatifi ile 57.Piyade Alay\u0131n\u0131 sava\u015fa s\u00fcrd\u00fc.Bu yi\u011fit alay, Koca\u00e7imen Tepe\u2019den Conkbay\u0131r\u0131 y\u00f6n\u00fcnde adeta bir sel gibi akarak d\u00fc\u015fman\u0131 geriye att\u0131. Padi\u015fah Sultan Re\u015fat\u2019\u0131n 30 Kas\u0131m 1915 tarihli emriyle g\u00f6sterdi\u011fi \u00fcst\u00fcn yi\u011fitlik ve yararl\u0131\u011f\u0131n an\u0131s\u0131 olmak \u00fczere Alt\u0131n ve G\u00fcm\u00fc\u015f \u0130mtiyaz Madalyalar\u0131yla Harp Madalyas\u0131 verilmi\u015ftir. Bu tarihten sonra da bir \u00e7ok sava\u015fa kat\u0131lm\u0131\u015f, Gali\u00e7ya\u2019da ve Filistin Cephelerinde kahramanca sava\u015fm\u0131\u015ft\u0131r. 57.Piyade Alay\u0131 An\u0131t\u0131,\u00c7anakkale Sava\u015flar\u0131 s\u0131ras\u0131nda kahramanl\u0131klar\u0131 destanla\u015fan ve tamam\u0131 \u015fehit olan 57. Piyade Alay\u0131 \u015eehitleri an\u0131s\u0131na T.C. K\u00fclt\u00fcr Bakanl\u0131\u011f\u0131nca yapt\u0131r\u0131lm\u0131\u015f,12 Aral\u0131k 1992 y\u0131l\u0131nda a\u00e7\u0131lm\u0131\u015ft\u0131r.<\/p><div id=\"bghab-1194558925\" class=\"bghab-icerik-icine-25-paragraf bghab-entity-placement\"><script async src=\"\/\/pagead2.googlesyndication.com\/pagead\/js\/adsbygoogle.js?client=ca-pub-6203283170189293\" crossorigin=\"anonymous\"><\/script><ins class=\"adsbygoogle\" style=\"display:block; text-align:center;\" data-ad-client=\"ca-pub-6203283170189293\" \ndata-ad-slot=\"7303146466\" \ndata-ad-layout=\"in-article\"\ndata-ad-format=\"fluid\" data-full-width-responsive=\"true\"><\/ins>\n<script> \n(adsbygoogle = window.adsbygoogle || []).push({}); \n<\/script>\n<\/div>\n<p><strong>Conkbay\u0131r\u0131 Park\u0131 An\u0131t\u0131<\/strong><br \/>\nConkbay\u0131r\u0131 yaz\u0131tlar\u0131 be\u015f adettir.1970 y\u0131l\u0131nda yap\u0131lan yar\u0131\u015fmay\u0131 kazanan Mimar Ahmet G\u00fclg\u00f6nen\u2019in tasar\u0131m\u0131 olan yaz\u0131tlar devletimiz taraf\u0131ndan yapt\u0131r\u0131lm\u0131\u015ft\u0131r.Conkbay\u0131r\u0131 Mehmet\u00e7ik An\u0131t ve yaz\u0131tlar\u0131, buradaki korkun\u00e7 sava\u015flarda ya\u015famlar\u0131n\u0131 yitiren kahraman T\u00fcrk askerleri i\u00e7in dikilmi\u015ftir. Yap\u0131m\u0131 Conkbay\u0131r\u0131 Mehmet\u00e7ik Park\u0131 An\u0131t\u0131 Yapt\u0131rma ve Ya\u015fatma Derne\u011fince ba\u015flat\u0131lm\u0131\u015f, 1981-1982 y\u0131llar\u0131nda Tar\u0131m Orman ve K\u00f6y \u0130\u015fleri Bakanl\u0131\u011f\u0131na ba\u011fl\u0131 O. G. M. taraf\u0131ndan tamamlanm\u0131\u015ft\u0131r.<\/p>\n<p><strong>\u00dcste\u011fmen Nazif \u00c7akmak An\u0131t\u0131<\/strong><br \/>\n9.T\u00fcmene ba\u011fl\u0131 64.Piyade Alay\u0131nda b\u00f6l\u00fck komutan\u0131yd\u0131.8 A\u011fustosta sald\u0131r\u0131ya ge\u00e7en Yeni Zellanda kuvvetlerine kar\u015f\u0131 Conk Bay\u0131r\u0131 Zirvesini savunurken \u015fehit d\u00fc\u015ft\u00fc.Mare\u015fal Fevzi \u00c7akmak&#8217;\u0131n k\u00fc\u00e7\u00fck karde\u015fidir.<\/p>\n<p><strong>Kemal Yeri An\u0131t\u0131<\/strong><br \/>\nBuraya Kemal Yeri ad\u0131,Fahrettin Altay&#8217;\u0131n teklifiyle 5-6 May\u0131s 1915 tarihinde verilmi\u015ftir.<br \/>\nAtat\u00fcrk\u2019\u00fcn May\u0131s ortalar\u0131na kadar sava\u015f idare yeri olarak kulland\u0131\u011f\u0131 tepededir. Gelibolu Yar\u0131madas\u0131 Tarihi ve Milli Park\u0131 M\u00fcd\u00fcrl\u00fc\u011f\u00fcnce buraya bir An\u0131t-Yaz\u0131t konmu\u015ftur. An\u0131t Yaz\u0131tta \u201cBenimle birlikte burada muharebe eden b\u00fct\u00fcn askerler kesin olarak bilmelidirler ki! Bize verilen namus g\u00f6revini eksiksiz yapmak i\u00e7in bir ad\u0131m geri gitmek yoktur. Uyku, dinlenme araman\u0131n, bu dinlenmeden yaln\u0131z bizim de\u011fil, b\u00fct\u00fcn milletimizin sonsuza kadar yoksun kalmas\u0131na sebep olaca\u011f\u0131n\u0131 hepinize hat\u0131rlat\u0131r\u0131m\u201d diye yazmaktad\u0131r.<\/p>\n<p><strong>57. Alay Komutanl\u0131\u011f\u0131<\/strong><br \/>\n57. Alay, \u00c7anakkale Sava\u015f\u0131\u2019n\u0131n ba\u015flang\u0131c\u0131 kabul edilen Anzak \u00c7\u0131karmas\u0131n\u0131 durdurmak amac\u0131yla 25 Nisan 1915 sabah\u0131 harekete ge\u00e7en Osmanl\u0131 alay\u0131d\u0131r.<br \/>\n19. F\u0131rka&#8217;ya ba\u011fl\u0131 \u00fc\u00e7 alaydan (72, 77 ve 57) biri olarak Tekirda\u011f Yark\u0131\u015fla mevkiinde 1 \u015eubat 1915 tarihinde kurulan[kaynak belirtilmeli] 57. Alay&#8217;\u0131n alay komutan\u0131, H\u00fcseyin Avni Bey (Ar\u0131burun)&#8217;dir.<br \/>\n22 \u015eubat 1915 tarihinde 19. F\u0131rka Komutan\u0131 Yarbay Mustafa Kemal taraf\u0131ndan t\u00f6renle sanca\u011f\u0131 verilen 57. Alay, 23 \u015eubat 1915 tarihinde \u00c7anakkale\u2019ye do\u011fru yola \u00e7\u0131karak, 25 \u015eubat 1915 tarihinde eski ad\u0131 Maydos olan Eceabat\u2019a vard\u0131. 19. F\u0131rka&#8217;n\u0131n ba\u011fl\u0131 oldu\u011fu 5. Ordu Komutanl\u0131\u011f\u0131&#8217;n\u0131n Enver Pa\u015fa taraf\u0131ndan kurulmas\u0131ndan sonra 57. Alay, genel ihtiyat (yedek) olarak 26 Mart 1915\u2019te Bigal\u0131 K\u00f6y\u00fc\u2019ne intikal etti. Bu tarihten, 24 Nisan 1915 tarihine kadar bizzat Yarbay Mustafa Kemal ve Binba\u015f\u0131 H\u00fcseyin Avni taraf\u0131ndan s\u00fcrekli e\u011fitime tabi tutulan 57. Alay Bigal\u0131 K\u00f6y\u00fc ve Tur\u015fun b\u00f6lgesinde tatbikatlar yapt\u0131.<br \/>\nBigal\u0131 K\u00f6y\u00fc\u2019nde e\u011fitim ve tatbikat faaliyetlerini y\u00fcr\u00fctt\u00fc\u011f\u00fc s\u0131rada 57. Alay\u2019\u0131n birka\u00e7 kez 5. Ordu taraf\u0131ndan yeri de\u011fi\u015ftirilmek istenmi\u015fse de Mustafa Kemal\u2019in \u00e7\u0131kartman\u0131n yap\u0131laca\u011f\u0131 yere en yak\u0131n noktalardan biri olmas\u0131ndan \u00f6t\u00fcr\u00fc Bigal\u0131 K\u00f6y\u00fc\u2019nde kalma y\u00f6n\u00fcnde \u0131srarc\u0131 olmu\u015f ve bunda da ba\u015far\u0131l\u0131 olmu\u015ftur. B\u00f6ylece 57. Alay, Bigal\u0131 K\u00f6y\u00fc&#8217;nde kalm\u0131\u015f, 25 Nisan 1915 sabah\u0131, kendisine bu y\u00f6nde bir emir gelmemi\u015f olmas\u0131na ra\u011fmen Mustafa Kemal&#8217;in ki\u015fisel inisiyatifiyle d\u00fc\u015fman \u00e7\u0131kartmas\u0131n\u0131 haber al\u0131r almaz Conkbay\u0131r\u0131&#8217;na do\u011fru hareket etmi\u015ftir. 57. Alay&#8217;\u0131n, Conkbay\u0131r\u0131&#8217;na hareket eden 3 taburu ve bir da\u011f bataryas\u0131n\u0131 olu\u015fturan yakla\u015f\u0131k 3000 subay ve asker, Conkbay\u0131r\u0131&#8217;na var\u0131ld\u0131\u011f\u0131 anda bizzat Mustafa Kemal&#8217;in y\u00f6netiminde kendisinden yakla\u015f\u0131k 4-6 kat daha b\u00fcy\u00fck bir d\u00fc\u015fman g\u00fcc\u00fcne kar\u015f\u0131 taarruza ge\u00e7mi\u015ftir.<br \/>\nDaha sonras\u0131nda mevcudunun \u00fc\u00e7te ikisini kaybeden alay, sava\u015f ortalar\u0131nda takviye edilmi\u015ftir. 13 A\u011fustos 1915&#8217;te alay komutan\u0131 olan H\u00fcseyin Avni Bey karargaha d\u00fc\u015fen bir top mermisi y\u00fcz\u00fcnden \u015fehit olmu\u015ftur. Yerine Binba\u015f\u0131 Hayri Bey atand\u0131; alay Ke\u015fan b\u00f6lgesinde konu\u015fland\u0131r\u0131lm\u0131\u015f ve eksikleri giderildikten sonra; ba\u011fl\u0131 bulundu\u011fu 19. T\u00fcmen&#8217;le birlikte yeni kurulan 15. Kolordu b\u00fcnyesinde Gali\u00e7ya Cephesi&#8217;ne g\u00f6nderildi.<br \/>\nBurada b\u00fcy\u00fck yararl\u0131l\u0131klar g\u00f6sterdikten sonra mevcudunun b\u00fcy\u00fck k\u0131sm\u0131 burada erimi\u015f ve 1100 ki\u015fi kalan alay, cephe gerisine al\u0131narak eksikleri giderildi. Sonras\u0131nda yeniden cepheye al\u0131nd\u0131; fakat Rusya&#8217;da Bol\u015fevik Devrimi&#8217;nin \u00e7\u0131kmas\u0131 \u00fczerine burada sava\u015f sonland\u0131. Kolordu bu sefer Sina ve Filistin Cephesi&#8217;ne yolland\u0131.<br \/>\n57. Alay burada b\u00fcy\u00fck yararl\u0131l\u0131klar g\u00f6stermesi&#8217;ne ra\u011fmen, \u0130ngilizler taraf\u0131ndan \u00e7embere al\u0131nd\u0131. Mevcudu 2 g\u00fcn i\u00e7inde makineli t\u00fcfek b\u00f6l\u00fckleriyle birlikte 260 ki\u015fiye d\u00fc\u015ft\u00fc. Megiddo Muharebesi s\u0131ras\u0131nda kalan mevcut esir edildi.<\/p>\n<p>Bu g\u00fczel gezi i\u00e7in BULT\u00dcRK Derne\u011fi Genel Ba\u015fkan\u0131m\u0131z Rafet ULUT\u00dcRK&#8217;e ve t\u00fcm eme\u011fi ge\u00e7enlere te\u015fekk\u00fcr ederiz.<\/p><div id=\"bghab-2548620729\" class=\"bghab-icerik-icine-30-paragraf bghab-entity-placement\"><script async src=\"\/\/pagead2.googlesyndication.com\/pagead\/js\/adsbygoogle.js?client=ca-pub-6203283170189293\" crossorigin=\"anonymous\"><\/script><ins class=\"adsbygoogle\" style=\"display:block; text-align:center;\" data-ad-client=\"ca-pub-6203283170189293\" \ndata-ad-slot=\"7303146466\" \ndata-ad-layout=\"in-article\"\ndata-ad-format=\"fluid\" data-full-width-responsive=\"true\"><\/ins>\n<script> \n(adsbygoogle = window.adsbygoogle || []).push({}); \n<\/script>\n<\/div>\n<div id=\"bghab-126628092\" class=\"bghab-yazi-altinda bghab-entity-placement\"><script async src=\"https:\/\/pagead2.googlesyndication.com\/pagead\/js\/adsbygoogle.js\"><\/script>\r\n<!-- bghaber-yaz\u0131-sonu -->\r\n<ins class=\"adsbygoogle\"\r\n     style=\"display:block\"\r\n     data-ad-client=\"ca-pub-6203283170189293\"\r\n     data-ad-slot=\"4222328180\"\r\n     data-ad-format=\"auto\"\r\n     data-full-width-responsive=\"true\"><\/ins>\r\n<script>\r\n     (adsbygoogle = window.adsbygoogle || []).push({});\r\n<\/script><\/div><br style=\"clear: both; display: block; float: none;\"\/>","protected":false},"excerpt":{"rendered":"<p>Raziye \u00c7AKIR \u0130stanbul Bult\u00fcrk Genel Merkezine 14.09.2013 saat 22.00 da 7\u2019den 70\u2019e \u00fcyeler gelmeye ba\u015flad\u0131lar. Burada Bult\u00fcrk \u2019\u00fcn merkezinde aralar\u0131nda kayna\u015fma, tan\u0131\u015fma ve sohbetler yap\u0131ld\u0131.<\/p>\n","protected":false},"author":29,"featured_media":6449,"comment_status":"closed","ping_status":"closed","sticky":false,"template":"","format":"standard","meta":{"advanced_seo_description":"","jetpack_seo_html_title":"","jetpack_seo_noindex":false,"jetpack_seo_schema_type":"","_jetpack_newsletter_access":"","_jetpack_dont_email_post_to_subs":false,"_jetpack_newsletter_tier_id":0,"_jetpack_memberships_contains_paywalled_content":false,"_jetpack_feature_clip_id":0,"_jetpack_memberships_contains_paid_content":false,"footnotes":"","jetpack_post_was_ever_published":false},"categories":[10],"tags":[37,785,991],"class_list":["post-6448","post","type-post","status-publish","format-standard","has-post-thumbnail","hentry","category-kultur-sanat","tag-bulturk","tag-bulturk-dernegi","tag-canakkale-sehitligi"],"jetpack_sharing_enabled":true,"jetpack_likes_enabled":true,"jetpack-related-posts":[],"jetpack_shortlink":"https:\/\/wp.me\/pc2PfJ-1G0","jetpack_featured_media_url":"https:\/\/i0.wp.com\/www.bghaber.org\/bghaber\/wp-content\/uploads\/2013\/09\/1240065_10151837374748917_1366978957_n.jpg?fit=720%2C960&ssl=1","_links":{"self":[{"href":"https:\/\/www.bghaber.org\/bghaber\/wp-json\/wp\/v2\/posts\/6448","targetHints":{"allow":["GET"]}}],"collection":[{"href":"https:\/\/www.bghaber.org\/bghaber\/wp-json\/wp\/v2\/posts"}],"about":[{"href":"https:\/\/www.bghaber.org\/bghaber\/wp-json\/wp\/v2\/types\/post"}],"author":[{"embeddable":true,"href":"https:\/\/www.bghaber.org\/bghaber\/wp-json\/wp\/v2\/users\/29"}],"replies":[{"embeddable":true,"href":"https:\/\/www.bghaber.org\/bghaber\/wp-json\/wp\/v2\/comments?post=6448"}],"version-history":[{"count":0,"href":"https:\/\/www.bghaber.org\/bghaber\/wp-json\/wp\/v2\/posts\/6448\/revisions"}],"wp:featuredmedia":[{"embeddable":true,"href":"https:\/\/www.bghaber.org\/bghaber\/wp-json\/wp\/v2\/media\/6449"}],"wp:attachment":[{"href":"https:\/\/www.bghaber.org\/bghaber\/wp-json\/wp\/v2\/media?parent=6448"}],"wp:term":[{"taxonomy":"category","embeddable":true,"href":"https:\/\/www.bghaber.org\/bghaber\/wp-json\/wp\/v2\/categories?post=6448"},{"taxonomy":"post_tag","embeddable":true,"href":"https:\/\/www.bghaber.org\/bghaber\/wp-json\/wp\/v2\/tags?post=6448"}],"curies":[{"name":"wp","href":"https:\/\/api.w.org\/{rel}","templated":true}]}}