{"id":6242,"date":"2013-09-10T15:02:54","date_gmt":"2013-09-10T12:02:54","guid":{"rendered":"http:\/\/bghaber.org\/bghaber\/?p=6242"},"modified":"2019-07-14T19:33:25","modified_gmt":"2019-07-14T17:33:25","slug":"makedonya-ile-tarihi-miras-sorunlari","status":"publish","type":"post","link":"https:\/\/www.bghaber.org\/bghaber\/makedonya-ile-tarihi-miras-sorunlari\/","title":{"rendered":"Makedonya ile tarihi miras sorunlar\u0131"},"content":{"rendered":"<p>Bulgaristan ile Makedonya aras\u0131nda devam\u00a0eden tarihi miras alandaki p\u00fcr\u00fczler devam ediyor. Bulgaristan,\u00a0UNESCO&#8217;nun d\u00fczenledi\u011fi ve 12 Balkan \u00fclkesinin kat\u0131ld\u0131\u011f\u0131 sergiden\u00a0\u00e7ekildi\u011fini a\u00e7\u0131klad\u0131.<!--more--><a href=\"https:\/\/i0.wp.com\/bghaber.org\/bghaber\/wp-content\/uploads\/2013\/09\/makedonya-bulgaristan-bayraklari.jpg\"><img data-recalc-dims=\"1\" loading=\"lazy\" decoding=\"async\" class=\"alignleft size-full wp-image-6243\" alt=\"makedonya-bulgaristan-bayraklari\" src=\"https:\/\/i0.wp.com\/bghaber.org\/bghaber\/wp-content\/uploads\/2013\/09\/makedonya-bulgaristan-bayraklari.jpg?resize=277%2C182\" width=\"277\" height=\"182\" \/><\/a><\/p>\n<p>UNESCO&#8217;nun Venedik temsilcili\u011fi taraf\u0131ndan Belgrad&#8217;ta d\u00fczenlenen &#8220;19.\u00a0Y\u00fczy\u0131lda Aidiyet ve Tarih&#8221; adl\u0131 sergiye kat\u0131lan Bulgaristan ve\u00a0Makedonya aras\u0131nda tarihi miras konusunda tart\u0131\u015fma ya\u015fand\u0131.<br \/>\nSergiye kat\u0131lan Bulgaristan&#8217;\u0131n temsilcileri, Makedonya&#8217;dan getirilen\u00a0tarihi belgelerin alt\u0131ndaki a\u00e7\u0131klama yaz\u0131lar\u0131n\u0131 ve bas\u0131lan\u00a0bro\u015f\u00fcrlerdeki ifadeleri protesto etmek amac\u0131yla sergiden \u00e7ekildi.<\/p>\n<p>Bulgaristan Ulusal Tarih M\u00fczesi M\u00fcd\u00fcr\u00fc Bojidar Dimitrov, Makedonya&#8217;n\u0131n\u00a0sergiledi\u011fi Gotse Del\u00e7ev foto\u011fraf\u0131n\u0131n alt\u0131nda &#8220;Makedonya ve\u00a0Bulgaristan&#8217;\u0131n ulusal kahraman\u0131 yerine &#8221; sadece \u00a0&#8220;Makedonya ulusal\u00a0kahraman\u0131&#8221; yaz\u0131ld\u0131\u011f\u0131n\u0131 belirtti. Bojidar Dimitrov, Gotse Del\u00e7ev\u00a0foto\u011fraf\u0131n\u0131n yan\u0131 s\u0131ra ba\u015fka tarihi ifadelerde de yanl\u0131\u015f bilgilerin\u00a0oldu\u011funu savundu.<\/p>\n<p>Dimitrov, \u00f6nceden uyarmalar\u0131na ve d\u00fczeltilece\u011fi konusunda s\u00f6z\u00a0verilmesine ra\u011fmen sergideki s\u00f6zkonusu yaz\u0131lar\u0131n ayn\u0131 kald\u0131\u011f\u0131n\u0131\u00a0kaydetti. Bunun \u00fczerine sergide Bulgaristan&#8217;\u0131 temsil eden Ulusal Tarih\u00a0M\u00fczesi&#8217;nin temsilcisinin geri \u00e7a\u011f\u0131r\u0131ld\u0131\u011f\u0131n\u0131 ifade etti.<\/p>\n<p>Dimitrov, UNUSCO temsilcilerini uyararak, s\u00f6zkonusu yaz\u0131lar\u0131n\u00a0d\u00fczeltilmemesi halinde di\u011fer Balkan \u00fclkelerinde de g\u00f6sterilecek &#8220;19.\u00a0Y\u00fczy\u0131lda Aidiyet ve Tarih&#8221; \u00a0sergisini protesto etmek amac\u0131yla\u00a0kat\u0131lmayacaklar\u0131n\u0131 ifade ederek \u00a0&#8220;Tarihimizin \u00e7al\u0131nmas\u0131n\u0131 kabul\u00a0edemeyiz&#8221; dedi.<\/p><div id=\"bghab-481380553\" class=\"bghab-icerik-icine bghab-entity-placement\"><script async src=\"\/\/pagead2.googlesyndication.com\/pagead\/js\/adsbygoogle.js?client=ca-pub-6203283170189293\" crossorigin=\"anonymous\"><\/script><ins class=\"adsbygoogle\" style=\"display:block; text-align:center;\" data-ad-client=\"ca-pub-6203283170189293\" \ndata-ad-slot=\"7303146466\" \ndata-ad-layout=\"in-article\"\ndata-ad-format=\"fluid\" data-full-width-responsive=\"true\"><\/ins>\n<script> \n(adsbygoogle = window.adsbygoogle || []).push({}); \n<\/script>\n<\/div>\n<p>Ajans Bg<\/p>\n<div id=\"bghab-2351876107\" class=\"bghab-yazi-altinda bghab-entity-placement\"><script async src=\"https:\/\/pagead2.googlesyndication.com\/pagead\/js\/adsbygoogle.js\"><\/script>\r\n<!-- bghaber-yaz\u0131-sonu -->\r\n<ins class=\"adsbygoogle\"\r\n     style=\"display:block\"\r\n     data-ad-client=\"ca-pub-6203283170189293\"\r\n     data-ad-slot=\"4222328180\"\r\n     data-ad-format=\"auto\"\r\n     data-full-width-responsive=\"true\"><\/ins>\r\n<script>\r\n     (adsbygoogle = window.adsbygoogle || []).push({});\r\n<\/script><\/div><br style=\"clear: both; display: block; float: none;\"\/>","protected":false},"excerpt":{"rendered":"<p>Bulgaristan ile Makedonya aras\u0131nda devam\u00a0eden tarihi miras alandaki p\u00fcr\u00fczler devam ediyor. Bulgaristan,\u00a0UNESCO&#8217;nun d\u00fczenledi\u011fi ve 12 Balkan \u00fclkesinin kat\u0131ld\u0131\u011f\u0131 sergiden\u00a0\u00e7ekildi\u011fini a\u00e7\u0131klad\u0131.<\/p>\n","protected":false},"author":29,"featured_media":6243,"comment_status":"closed","ping_status":"closed","sticky":false,"template":"","format":"standard","meta":{"advanced_seo_description":"","jetpack_seo_html_title":"","jetpack_seo_noindex":false,"jetpack_seo_schema_type":"","_jetpack_newsletter_access":"","_jetpack_dont_email_post_to_subs":false,"_jetpack_newsletter_tier_id":0,"_jetpack_memberships_contains_paywalled_content":false,"_jetpack_feature_clip_id":0,"_jetpack_memberships_contains_paid_content":false,"footnotes":"","jetpack_post_was_ever_published":false},"categories":[10],"tags":[30,63],"class_list":["post-6242","post","type-post","status-publish","format-standard","has-post-thumbnail","hentry","category-kultur-sanat","tag-bulgaristan","tag-makedonya"],"jetpack_sharing_enabled":true,"jetpack_likes_enabled":true,"jetpack-related-posts":[],"jetpack_shortlink":"https:\/\/wp.me\/pc2PfJ-1CG","jetpack_featured_media_url":"https:\/\/i0.wp.com\/www.bghaber.org\/bghaber\/wp-content\/uploads\/2013\/09\/makedonya-bulgaristan-bayraklari.jpg?fit=277%2C182&ssl=1","_links":{"self":[{"href":"https:\/\/www.bghaber.org\/bghaber\/wp-json\/wp\/v2\/posts\/6242","targetHints":{"allow":["GET"]}}],"collection":[{"href":"https:\/\/www.bghaber.org\/bghaber\/wp-json\/wp\/v2\/posts"}],"about":[{"href":"https:\/\/www.bghaber.org\/bghaber\/wp-json\/wp\/v2\/types\/post"}],"author":[{"embeddable":true,"href":"https:\/\/www.bghaber.org\/bghaber\/wp-json\/wp\/v2\/users\/29"}],"replies":[{"embeddable":true,"href":"https:\/\/www.bghaber.org\/bghaber\/wp-json\/wp\/v2\/comments?post=6242"}],"version-history":[{"count":0,"href":"https:\/\/www.bghaber.org\/bghaber\/wp-json\/wp\/v2\/posts\/6242\/revisions"}],"wp:featuredmedia":[{"embeddable":true,"href":"https:\/\/www.bghaber.org\/bghaber\/wp-json\/wp\/v2\/media\/6243"}],"wp:attachment":[{"href":"https:\/\/www.bghaber.org\/bghaber\/wp-json\/wp\/v2\/media?parent=6242"}],"wp:term":[{"taxonomy":"category","embeddable":true,"href":"https:\/\/www.bghaber.org\/bghaber\/wp-json\/wp\/v2\/categories?post=6242"},{"taxonomy":"post_tag","embeddable":true,"href":"https:\/\/www.bghaber.org\/bghaber\/wp-json\/wp\/v2\/tags?post=6242"}],"curies":[{"name":"wp","href":"https:\/\/api.w.org\/{rel}","templated":true}]}}