{"id":6236,"date":"2013-09-10T14:58:52","date_gmt":"2013-09-10T11:58:52","guid":{"rendered":"http:\/\/bghaber.org\/bghaber\/?p=6236"},"modified":"2019-07-14T19:33:25","modified_gmt":"2019-07-14T17:33:25","slug":"bulgaristan-turkiye-ve-yunanistan-mutfak-kulturu-ivaylovgradta-tanitildi","status":"publish","type":"post","link":"https:\/\/www.bghaber.org\/bghaber\/bulgaristan-turkiye-ve-yunanistan-mutfak-kulturu-ivaylovgradta-tanitildi\/","title":{"rendered":"Bulgaristan, T\u00fcrkiye ve Yunanistan mutfak k\u00fclt\u00fcr\u00fc \u0130vaylovgrad&#8217;ta tan\u0131t\u0131ld\u0131"},"content":{"rendered":"<p>Bulgaristan\u2019\u0131n Yunanistan ve T\u00fcrkiye s\u0131n\u0131r\u0131na yak\u0131n Arda Nehri b\u00f6lgesindeki yerle\u015fimlerinden \u0130vaylovgrad\u2019da d\u00fczenlenen 2. Trakya G\u0131da Mutfak Miras\u0131 ve El Sanatlar\u0131 Festivali&#8217;ne Edirne\u2019yi Tan\u0131tma Ve Turizm Derne\u011fi\u2019de kat\u0131ld\u0131. \u0130vaylovgrad Belediyesi\u2019nin \u00f6nc\u00fcl\u00fc\u011f\u00fcnde d\u00fczenlenen ve ba\u011f bozumu g\u00fcnlerine denk gelen etkinliklerde Trakya b\u00f6lgesinin tarihi ve turistik, el sanatlar\u0131 ve mutfak de\u011ferlerini tan\u0131tmak amac\u0131 ile yap\u0131lan etkinlikler 6-7-8 eyl\u00fcl 2013 tarihlerinde ger\u00e7ekle\u015fti. <!--more--><a href=\"https:\/\/i0.wp.com\/bghaber.org\/bghaber\/wp-content\/uploads\/2013\/09\/ivaylovgradta-yemek-tanitimi.jpg\"><img data-recalc-dims=\"1\" loading=\"lazy\" decoding=\"async\" class=\"alignleft size-medium wp-image-6237\" alt=\"ivaylovgradta-yemek-tanitimi\" src=\"https:\/\/i0.wp.com\/bghaber.org\/bghaber\/wp-content\/uploads\/2013\/09\/ivaylovgradta-yemek-tanitimi-300x199.jpg?resize=300%2C199\" width=\"300\" height=\"199\" \/><\/a><\/p>\n<div>Uluslararas\u0131 kat\u0131l\u0131m sa\u011flamak amac\u0131 ile Edirne\u2019yi Tan\u0131tma ve Turizm Derne\u011fi\u2019ni de davet edildi\u011fi etkinliklere Fransa ve Yunanistan dan da kat\u0131l\u0131mc\u0131lar vard\u0131. Ba\u011fc\u0131l\u0131k ve eko turizm alan\u0131nda \u00f6ne \u00e7\u0131kmaya \u00e7al\u0131\u015fan b\u00f6lgeye destek ve Edirne \u00fcr\u00fcnlerini tan\u0131tmak amac\u0131 ile kat\u0131lan ETTD Edirne\u2019ye \u00f6zg\u00fc bademli kurabiye, peynir, badem ezmesi, baklava, lokum gibi yiyecekler ve mis meyve sabunu, aynal\u0131 s\u00fcp\u00fcrge,k\u0131spet, Edirnekari gibi el sanatlar\u0131 \u00fcr\u00fcnleri kat\u0131lanlar\u0131n be\u011fenisine sunuldu.\u00a0 Edirne \u0130l K\u00fclt\u00fcr ve Turizm M\u00fcd\u00fcrl\u00fc\u011f\u00fc\u2019n\u00fcn haz\u0131rlam\u0131\u015f oldu\u011fu Bulgarca bro\u015f\u00fcr ve kitaplar\u0131 da\u011f\u0131t\u0131ld\u0131.<\/div>\n<div><b>S\u0131n\u0131r\u00f6tesi Trakya Turizm A\u011f\u0131 Kurabiliriz<\/b><\/div>\n<div>B\u00f6lge de s\u0131n\u0131r \u00f6tesi turizm de\u011ferleri ve ortak destinasyonlar a\u00e7\u0131s\u0131ndan hem tan\u0131tma hem de destek amac\u0131 ile bu festivale k\u00fc\u00e7\u00fck \u00f6l\u00e7ekli de olsa kat\u0131ld\u0131k ve destek veriyoruz.\u00a0 Gerek Yunanistan gerek Bulgaristan Trakya\u2019s\u0131n\u0131n turizm ve mutfak de\u011ferleri \u00fczerine ortak \u00e7al\u0131\u015fmalara destek vermemiz uzun vadede ilimizin faydas\u0131na olacakt\u0131r. \u00c7\u00fcnk\u00fc \u015fehrimize 2-3 saat mesafede bir \u00e7ok yere bir \u00e7ok organizasyonla y\u00fcz binlerce b\u00f6lge d\u0131\u015f\u0131 turist gelmekte ve Edirne\u2019den habersiz bu co\u011frafyadan ayr\u0131lmaktad\u0131r. Ayn\u0131 \u015fey Edirne\u2019ye gelen turistler a\u00e7\u0131s\u0131ndan Bulgaristan ve Yunanistan i\u00e7inde s\u00f6z konusudur. Ortak tur g\u00fczergahlar\u0131 ve \u00f6zellikle tematik turlar b\u00f6lge yarar\u0131na turizme kazand\u0131rabilinir. Bu tematik turlarda Trakya co\u011frafyas\u0131n\u0131n gastronomi, tarih ve do\u011fal \u00f6zelliklerini \u00f6n plana \u00e7\u0131kmal\u0131d\u0131r. Bunu ba\u015farbilmenin ilk ad\u0131m\u0131 da sekt\u00f6rel birlikteli\u011fin ve i\u015fbirli\u011finin art\u0131r\u0131lmas\u0131ndan ge\u00e7mektedir. ETTD olarak ileriye d\u00f6n\u00fck T\u00fcrkiye, Yunanistan, Bulgaristan turizm sekt\u00f6r\u00fcn\u00fc bir araya getirecek yap\u0131lar \u00fczerinde \u00e7al\u0131\u015fabiliriz. T\u00fcrkiye Trakya\u2019s\u0131ndan Semadirek Adas\u0131\u2019ndan Nessebar\u2019a kadar s\u0131n\u0131r \u00f6tesi turizm potansiyel hareketlili\u011fini fazlas\u0131yla art\u0131rabiliriz.<\/div>\n<div>Bizlere bu festivale kat\u0131l\u0131m ve \u00e7al\u0131\u015fmalar\u0131m\u0131zda destek olan Ke\u00e7ecizade, Aslanzade, Say\u0131nba\u015f, Kervan, Ezmecizade, Akg\u00fcn ve Nurlu Peynircilik, Arda A.\u015e ye,ETSO y\u00f6netim kurulu \u00fcyesi Ahmet \u00d6ZALP\u2019e, g\u00f6n\u00fcll\u00fc destek\u00e7iler M.Emin K\u0130R\u0130\u015e\u00c7\u0130LER,\u0130lkben Ergin,Hilal CANAN\u00a0 te\u015fekk\u00fcr ediyoruz. Trakya\u00a0 b\u00f6lgesinde s\u0131n\u0131r \u00f6tesi turizm geli\u015fimine katk\u0131 sunacak bu t\u00fcr etkinlikleri izlemeye devam edece\u011fiz.\u2019<\/div>\n<div>\u015earap tad\u0131m, geleneksel m\u00fczik konserleri, el sanatlar\u0131 sergileri, mutfak yar\u0131\u015fmas\u0131 ve yemeklerin, tatl\u0131lar\u0131n tan\u0131t\u0131ld\u0131\u011f\u0131 festival yar\u0131\u015fmada dereceye giren standalar\u0131 ve k\u00f6yleri \u0130vaylovgrad Belediye Ba\u015fkan\u0131 Diana OVCHAROVA\u2019n\u0131n \u00f6d\u00fcl vermesi ve ETTD ye kat\u0131l\u0131m i\u00e7in te\u015fekk\u00fcrleri ile sonland\u0131.<\/div>\n<div><\/div>\n<div>Edirne Haberci<\/div>\n<div id=\"bghab-1728847793\" class=\"bghab-yazi-altinda bghab-entity-placement\"><script async src=\"https:\/\/pagead2.googlesyndication.com\/pagead\/js\/adsbygoogle.js\"><\/script>\r\n<!-- bghaber-yaz\u0131-sonu -->\r\n<ins class=\"adsbygoogle\"\r\n     style=\"display:block\"\r\n     data-ad-client=\"ca-pub-6203283170189293\"\r\n     data-ad-slot=\"4222328180\"\r\n     data-ad-format=\"auto\"\r\n     data-full-width-responsive=\"true\"><\/ins>\r\n<script>\r\n     (adsbygoogle = window.adsbygoogle || []).push({});\r\n<\/script><\/div><br style=\"clear: both; display: block; float: none;\"\/>","protected":false},"excerpt":{"rendered":"<p>Bulgaristan\u2019\u0131n Yunanistan ve T\u00fcrkiye s\u0131n\u0131r\u0131na yak\u0131n Arda Nehri b\u00f6lgesindeki yerle\u015fimlerinden \u0130vaylovgrad\u2019da d\u00fczenlenen 2. Trakya G\u0131da Mutfak Miras\u0131 ve El Sanatlar\u0131 Festivali&#8217;ne Edirne\u2019yi Tan\u0131tma Ve Turizm<\/p>\n","protected":false},"author":29,"featured_media":6237,"comment_status":"closed","ping_status":"closed","sticky":false,"template":"","format":"standard","meta":{"advanced_seo_description":"","jetpack_seo_html_title":"","jetpack_seo_noindex":false,"jetpack_seo_schema_type":"","_jetpack_newsletter_access":"","_jetpack_dont_email_post_to_subs":false,"_jetpack_newsletter_tier_id":0,"_jetpack_memberships_contains_paywalled_content":false,"_jetpack_feature_clip_id":0,"_jetpack_memberships_contains_paid_content":false,"footnotes":"","jetpack_post_was_ever_published":false},"categories":[10],"tags":[30,17,76,56],"class_list":["post-6236","post","type-post","status-publish","format-standard","has-post-thumbnail","hentry","category-kultur-sanat","tag-bulgaristan","tag-edirne","tag-turkiye","tag-yunanistan"],"jetpack_sharing_enabled":true,"jetpack_likes_enabled":true,"jetpack-related-posts":[],"jetpack_shortlink":"https:\/\/wp.me\/pc2PfJ-1CA","jetpack_featured_media_url":"https:\/\/i0.wp.com\/www.bghaber.org\/bghaber\/wp-content\/uploads\/2013\/09\/ivaylovgradta-yemek-tanitimi.jpg?fit=640%2C426&ssl=1","_links":{"self":[{"href":"https:\/\/www.bghaber.org\/bghaber\/wp-json\/wp\/v2\/posts\/6236","targetHints":{"allow":["GET"]}}],"collection":[{"href":"https:\/\/www.bghaber.org\/bghaber\/wp-json\/wp\/v2\/posts"}],"about":[{"href":"https:\/\/www.bghaber.org\/bghaber\/wp-json\/wp\/v2\/types\/post"}],"author":[{"embeddable":true,"href":"https:\/\/www.bghaber.org\/bghaber\/wp-json\/wp\/v2\/users\/29"}],"replies":[{"embeddable":true,"href":"https:\/\/www.bghaber.org\/bghaber\/wp-json\/wp\/v2\/comments?post=6236"}],"version-history":[{"count":0,"href":"https:\/\/www.bghaber.org\/bghaber\/wp-json\/wp\/v2\/posts\/6236\/revisions"}],"wp:featuredmedia":[{"embeddable":true,"href":"https:\/\/www.bghaber.org\/bghaber\/wp-json\/wp\/v2\/media\/6237"}],"wp:attachment":[{"href":"https:\/\/www.bghaber.org\/bghaber\/wp-json\/wp\/v2\/media?parent=6236"}],"wp:term":[{"taxonomy":"category","embeddable":true,"href":"https:\/\/www.bghaber.org\/bghaber\/wp-json\/wp\/v2\/categories?post=6236"},{"taxonomy":"post_tag","embeddable":true,"href":"https:\/\/www.bghaber.org\/bghaber\/wp-json\/wp\/v2\/tags?post=6236"}],"curies":[{"name":"wp","href":"https:\/\/api.w.org\/{rel}","templated":true}]}}