{"id":6218,"date":"2013-09-11T14:37:36","date_gmt":"2013-09-11T11:37:36","guid":{"rendered":"http:\/\/bghaber.org\/bghaber\/?p=6218"},"modified":"2019-07-14T19:33:24","modified_gmt":"2019-07-14T17:33:24","slug":"kocaeli-balkan-genclik-kampi-ogrencileri-veda-etti","status":"publish","type":"post","link":"https:\/\/www.bghaber.org\/bghaber\/kocaeli-balkan-genclik-kampi-ogrencileri-veda-etti\/","title":{"rendered":"Kocaeli Balkan Gen\u00e7lik Kamp\u0131 \u00d6\u011frencileri Veda Etti"},"content":{"rendered":"<p>Balkan T\u00fcrkleri K\u00fclt\u00fcr ve Dayan\u0131\u015fma Derne\u011fi taraf\u0131ndan y\u00fcr\u00fct\u00fclen ve TC Ba\u015fbakanl\u0131k Yurtd\u0131\u015f\u0131 T\u00fcrkler ve Akraba Topluluklar Ba\u015fkanl\u0131\u011f\u0131 taraf\u0131ndan desteklenen Kocaeli Balkan Gen\u00e7lik Kamp\u0131 ikinci d\u00f6nem \u00f6\u011frencileri de Bulgaristan\u2019a d\u00f6nd\u00fc. <!--more--><a href=\"https:\/\/i0.wp.com\/bghaber.org\/bghaber\/wp-content\/uploads\/2013\/09\/kocaeli-balkan-genclik-kampi-sona-erdi.jpg\"><img data-recalc-dims=\"1\" loading=\"lazy\" decoding=\"async\" class=\"alignleft size-medium wp-image-6219\" alt=\"kocaeli-balkan-genclik-kampi-sona-erdi\" src=\"https:\/\/i0.wp.com\/bghaber.org\/bghaber\/wp-content\/uploads\/2013\/09\/kocaeli-balkan-genclik-kampi-sona-erdi-300x147.jpg?resize=300%2C147\" width=\"300\" height=\"147\" srcset=\"https:\/\/i0.wp.com\/www.bghaber.org\/bghaber\/wp-content\/uploads\/2013\/09\/kocaeli-balkan-genclik-kampi-sona-erdi.jpg?resize=300%2C147&amp;ssl=1 300w, https:\/\/i0.wp.com\/www.bghaber.org\/bghaber\/wp-content\/uploads\/2013\/09\/kocaeli-balkan-genclik-kampi-sona-erdi.jpg?w=659&amp;ssl=1 659w\" sizes=\"auto, (max-width: 300px) 100vw, 300px\" \/><\/a>\u0130lk 120 ki\u015filik \u00f6\u011frenci grubu 12 A\u011fustosta gelip 25 A\u011fustosta 13 g\u00fcnl\u00fck kamp\u0131 tamamlam\u0131\u015ft\u0131. \u0130kinci 200 ki\u015filik \u00f6\u011frenci grubu da 26 A\u011fustos-8 Eyl\u00fcl 2013 tarihleri aras\u0131ndaki kamp program\u0131n\u0131 tamamlad\u0131 ve Bulgaristan\u2019a geri d\u00f6nd\u00fc.<\/p>\n<p><strong>Uluslararas\u0131 Fuar Alan\u0131nda Veda Gecesi<\/strong><\/p>\n<p>Gen\u00e7lik Kamp\u0131 \u00f6\u011frencilerinin Kocaeli\u2019deki son ak\u015fam\u0131nda Kocaeli B\u00fcy\u00fck\u015fehir Belediyesi Uluslararas\u0131 Fuar alan\u0131nda bir veda gecesi d\u00fczenlendi. Ak\u015fam yeme\u011fi ile ba\u015flayan gece yemek sonras\u0131 Bal-T\u00fcrk Gene Ba\u015fkan\u0131 Dr. Bayram \u00c7olako\u011flu\u2019nun a\u00e7\u0131l\u0131\u015f ve projeyi de\u011ferlendirme konu\u015fmas\u0131 ile devam etti. \u00c7olako\u011flu \u00e7ok k\u0131sa s\u00fcre i\u00e7erisinde Genel Ba\u015fkan Yard\u0131mc\u0131lar\u0131 Do\u00e7. Dr. Sel\u00e7uk Ko\u00e7 ve Erol Meyzin ile birlikte Bulgaristan\u2019da proje tan\u0131t\u0131m\u0131na \u00e7\u0131kt\u0131klar\u0131n\u0131 ve bug\u00fcn Bulgaristan\u2019daki sivil toplumun da deste\u011fi ile 320 \u00f6\u011frencinin Kocaeli, Bursa, \u0130stanbul ve dolay\u0131s\u0131yla T\u00fcrkiye\u2019yi tan\u0131ma f\u0131rsat\u0131 buldu\u011funu ifade etti. \u00c7olako\u011flu konu\u015fmas\u0131nda, \u201cGelecek gen\u00e7lerindir. Biz de bu ama\u00e7la Bulgaristan\u2019dan siz gen\u00e7leri buraya getirdik ve proje kapsam\u0131ndaki programa dahil oldunuz. Sizlerin memnuniyeti bizi daha da memnun eder, sizin ba\u015far\u0131n\u0131z Bulgaristan\u2019\u0131n ba\u015far\u0131s\u0131na katk\u0131d\u0131r, T\u00fcrkiye Bulgaristan ili\u015fkilerine destektir. Gelecek sizlerin ise biz de hep sizlerleyiz. Projeye katk\u0131 veren herkese ve \u00f6zellikle \u00f6\u011fretmenlerimize te\u015fekk\u00fcr ediyor ve hepinizi g\u00f6zlerinizden \u00f6p\u00fcyorum\u201d dedi.<\/p>\n<p>Genel Bakan\u0131n yan\u0131 s\u0131ra Genel Ba\u015fkan Yard\u0131mc\u0131s\u0131 Erol Meyzin, Genel Sekreter Halit Meri\u00e7, Genel Sekreter Yard\u0131mc\u0131s\u0131 \u015e\u00fckr\u00fc Ar, y\u00f6netim kurulu \u00fcyeleri Ramadan G\u00fcler, Serkan Korkmaz, Derince \u015eube Ba\u015fkan\u0131 Berkant Aydemir, Karam\u00fcrsel \u015eube Ba\u015fkan\u0131 Emine \u00d6zt\u00fcrk de programda yerini ald\u0131.<\/p>\n<p><strong>\u00d6\u011frencilerin Muhte\u015fem performans\u0131<\/strong><\/p><div id=\"bghab-72924605\" class=\"bghab-icerik-icine bghab-entity-placement\"><script async src=\"\/\/pagead2.googlesyndication.com\/pagead\/js\/adsbygoogle.js?client=ca-pub-6203283170189293\" crossorigin=\"anonymous\"><\/script><ins class=\"adsbygoogle\" style=\"display:block; text-align:center;\" data-ad-client=\"ca-pub-6203283170189293\" \ndata-ad-slot=\"7303146466\" \ndata-ad-layout=\"in-article\"\ndata-ad-format=\"fluid\" data-full-width-responsive=\"true\"><\/ins>\n<script> \n(adsbygoogle = window.adsbygoogle || []).push({}); \n<\/script>\n<\/div>\n<p>Grup liderleri ve \u00f6\u011fretmenler ile gruplar\u0131 temsilen \u00f6\u011frenciler de proje hakk\u0131nda g\u00f6r\u00fc\u015flerini ve duygular\u0131n\u0131 ifade ettiler. Yap\u0131lan konu\u015fmalarda \u00f6\u011frencilerin ve \u00f6\u011fretmenlerin memnuniyeti s\u00f6zlerine de yans\u0131d\u0131. Bal-T\u00fcrk\u2019e \u00a0Genel Ba\u015fkan ve Ekibine te\u015fekk\u00fcrler ise ortak ifadeler oldu.<\/p>\n<p>&nbsp;<\/p>\n<p>Konu\u015fmalar\u0131n ard\u0131ndan \u00f6\u011frenciler birbirinden g\u00fczel \u015fark\u0131lar s\u00f6yledi, \u015fiirler okudu ve proje boyunca ya\u015fad\u0131klar\u0131n\u0131 kendi yazd\u0131klar\u0131 rap ile sahnelediler. Program sonunda hep birlikte halaylar \u00e7ekildi, oyunlar oynand\u0131.<\/p>\n<p>Pazar sabah\u0131 erkenden yola \u00e7\u0131kan \u00f6\u011frenciler sa\u011f selamet evlerine ula\u015ft\u0131lar.<\/p>\n<p>Ajans BT<\/p>\n<div id=\"bghab-10437617\" class=\"bghab-yazi-altinda bghab-entity-placement\"><script async src=\"https:\/\/pagead2.googlesyndication.com\/pagead\/js\/adsbygoogle.js\"><\/script>\r\n<!-- bghaber-yaz\u0131-sonu -->\r\n<ins class=\"adsbygoogle\"\r\n     style=\"display:block\"\r\n     data-ad-client=\"ca-pub-6203283170189293\"\r\n     data-ad-slot=\"4222328180\"\r\n     data-ad-format=\"auto\"\r\n     data-full-width-responsive=\"true\"><\/ins>\r\n<script>\r\n     (adsbygoogle = window.adsbygoogle || []).push({});\r\n<\/script><\/div><br style=\"clear: both; display: block; float: none;\"\/>","protected":false},"excerpt":{"rendered":"<p>Balkan T\u00fcrkleri K\u00fclt\u00fcr ve Dayan\u0131\u015fma Derne\u011fi taraf\u0131ndan y\u00fcr\u00fct\u00fclen ve TC Ba\u015fbakanl\u0131k Yurtd\u0131\u015f\u0131 T\u00fcrkler ve Akraba Topluluklar Ba\u015fkanl\u0131\u011f\u0131 taraf\u0131ndan desteklenen Kocaeli Balkan Gen\u00e7lik Kamp\u0131 ikinci d\u00f6nem<\/p>\n","protected":false},"author":29,"featured_media":6219,"comment_status":"closed","ping_status":"closed","sticky":false,"template":"","format":"standard","meta":{"advanced_seo_description":"","jetpack_seo_html_title":"","jetpack_seo_noindex":false,"jetpack_seo_schema_type":"","_jetpack_newsletter_access":"","_jetpack_dont_email_post_to_subs":false,"_jetpack_newsletter_tier_id":0,"_jetpack_memberships_contains_paywalled_content":false,"_jetpack_feature_clip_id":0,"_jetpack_memberships_contains_paid_content":false,"footnotes":"","jetpack_post_was_ever_published":false},"categories":[10],"tags":[30,200],"class_list":["post-6218","post","type-post","status-publish","format-standard","has-post-thumbnail","hentry","category-kultur-sanat","tag-bulgaristan","tag-kocaeli"],"jetpack_sharing_enabled":true,"jetpack_likes_enabled":true,"jetpack-related-posts":[],"jetpack_shortlink":"https:\/\/wp.me\/pc2PfJ-1Ci","jetpack_featured_media_url":"https:\/\/i0.wp.com\/www.bghaber.org\/bghaber\/wp-content\/uploads\/2013\/09\/kocaeli-balkan-genclik-kampi-sona-erdi.jpg?fit=659%2C324&ssl=1","_links":{"self":[{"href":"https:\/\/www.bghaber.org\/bghaber\/wp-json\/wp\/v2\/posts\/6218","targetHints":{"allow":["GET"]}}],"collection":[{"href":"https:\/\/www.bghaber.org\/bghaber\/wp-json\/wp\/v2\/posts"}],"about":[{"href":"https:\/\/www.bghaber.org\/bghaber\/wp-json\/wp\/v2\/types\/post"}],"author":[{"embeddable":true,"href":"https:\/\/www.bghaber.org\/bghaber\/wp-json\/wp\/v2\/users\/29"}],"replies":[{"embeddable":true,"href":"https:\/\/www.bghaber.org\/bghaber\/wp-json\/wp\/v2\/comments?post=6218"}],"version-history":[{"count":0,"href":"https:\/\/www.bghaber.org\/bghaber\/wp-json\/wp\/v2\/posts\/6218\/revisions"}],"wp:featuredmedia":[{"embeddable":true,"href":"https:\/\/www.bghaber.org\/bghaber\/wp-json\/wp\/v2\/media\/6219"}],"wp:attachment":[{"href":"https:\/\/www.bghaber.org\/bghaber\/wp-json\/wp\/v2\/media?parent=6218"}],"wp:term":[{"taxonomy":"category","embeddable":true,"href":"https:\/\/www.bghaber.org\/bghaber\/wp-json\/wp\/v2\/categories?post=6218"},{"taxonomy":"post_tag","embeddable":true,"href":"https:\/\/www.bghaber.org\/bghaber\/wp-json\/wp\/v2\/tags?post=6218"}],"curies":[{"name":"wp","href":"https:\/\/api.w.org\/{rel}","templated":true}]}}