{"id":6215,"date":"2013-09-11T14:30:26","date_gmt":"2013-09-11T11:30:26","guid":{"rendered":"http:\/\/bghaber.org\/bghaber\/?p=6215"},"modified":"2016-09-18T15:18:10","modified_gmt":"2016-09-18T12:18:10","slug":"dusunmeden-edemiyorum","status":"publish","type":"post","link":"https:\/\/www.bghaber.org\/bghaber\/dusunmeden-edemiyorum\/","title":{"rendered":"D\u00fc\u015f\u00fcnmeden edemiyorum"},"content":{"rendered":"<div>Ben Varna\u2019dan ayr\u0131lal\u0131 y\u0131llar ge\u00e7se de, insan\u0131n g\u00f6be\u011fi nerede kesilirse akl\u0131 hep orada. \u00c7ocukluk y\u0131llar\u0131, okul, lise, \u00fcniversite, yak\u0131nlar, akrabalar haf\u0131zam\u0131n temellerine yerle\u015fmi\u015f, zek\u00e2m\u0131n \u00f6z\u00fcnde, her an g\u00f6z\u00fcm\u00fcn \u00f6n\u00fcnde\u2026<!--more--><\/p>\n<figure id=\"attachment_5404\" aria-describedby=\"caption-attachment-5404\" style=\"width: 100px\" class=\"wp-caption alignleft\"><a href=\"https:\/\/i0.wp.com\/bghaber.org\/bghaber\/wp-content\/uploads\/2013\/08\/ayse_halide_umutfer.jpg\"><img data-recalc-dims=\"1\" loading=\"lazy\" decoding=\"async\" class=\"size-full wp-image-5404\" alt=\"Ay\u015fe Halide \u00dcmitfer BG-SAM\" src=\"https:\/\/i0.wp.com\/bghaber.org\/bghaber\/wp-content\/uploads\/2013\/08\/ayse_halide_umutfer.jpg?resize=100%2C125\" width=\"100\" height=\"125\" \/><\/a><figcaption id=\"caption-attachment-5404\" class=\"wp-caption-text\">A.Halide \u00dcmitfer<br \/>BG-SAM<\/figcaption><\/figure>\n<\/div>\n<div>Stratejik ara\u015ft\u0131rma merkezimizin yay\u0131nlar\u0131n\u0131 izliyorum, etkileniyorum, \u00f6fkeleniyorum, zaman zaman arkada\u015flarla tart\u0131\u015f\u0131yoruz \u201cbo\u015f ver\u201d, \u201c\u00fczme can\u0131n\u0131 bir \u015fey de\u011fi\u015fmez\u201d diyenler oluyor, \u201cbiz de okuyal\u0131m\u201d deyip ilgi g\u00f6sterenler art\u0131yor.<\/div>\n<div>\u015eu H\u00d6H partisinin Bulgaristan T\u00fcrk, Pomak ve T\u00fcrk M\u00fcsl\u00fcmanlar\u0131n\u0131 devaml\u0131 bask\u0131 alt\u0131nda tutup ezme takti\u011fini a\u00e7\u0131klayan bir\u00e7ok yaz\u0131 \u00e7\u0131kt\u0131, her kalem kendi a\u00e7\u0131s\u0131ndan yorumluyor, her dar c\u0131k kendi ipinle b\u00fcz\u00fcl\u00fcyor. Bizi bir \u0131stakoz (midya) gibi kabu\u011funa kapay\u0131p bunaltma konusunda \u00e7ok yaz\u0131ld\u0131. Bu \u00f6rnekte eksiklik g\u00f6r\u00fcyorum.<\/div>\n<div>Belki de Varna k\u0131z\u0131 oldu\u011fumdan \u0131stakoz ve yenge\u00e7 masallar\u0131n\u0131 \u00e7ok dinledi\u011fimden olacak, bana anlat\u0131mda eksiklik var.\u00a0\u00a0Bir defa yenge\u00e7lerin ana besin maddesi \u0131stakozdur. Yenge\u00e7ler \u0131stakoz yediklerine g\u00f6re yaratan onlara neden o kadar \u00e7ok ayak vermi\u015f, kerpeten gibi parmak (\u015ftipka) vermi\u015f, diye sorabilirsiniz.<\/div>\n<div>A\u00e7\u0131klamas\u0131 \u015f\u00f6yle: Yenge\u00e7lerin yaln\u0131z \u00f6ld\u00fcrd\u00fckleri \u0131stakozlar\u0131n etini yer. \u00d6yleyse yenge\u00e7ler kabuklar\u0131 i\u00e7ine b\u00fcz\u00fclm\u00fc\u015f \u0131stakozlar\u0131 nas\u0131l \u00f6ld\u00fcr\u00fcr? \u0130\u015fte sorunun yan\u0131t\u0131 ve g\u00f6zle g\u00f6r\u00fclmeyen taraf\u0131 burada gizlidir.<\/div>\n<div>Istakozlar kabu\u011fu dolunayda a\u00e7\u0131l\u0131r ve serilir. Bu geceleri yenge\u00e7lerin bayram geceleridir. Uyumazlar, b\u00fct\u00fcn gece \u00e7al\u0131\u015f\u0131rlar. A\u015f\u0131lan \u0131stakoz kabuklar\u0131n\u0131n i\u00e7ine parmaklar\u0131yla kopar\u0131p kopar\u0131p su bitkilerinden yaprak, \u00e7\u00f6p, yosun, yerden kum, k\u00fc\u00e7\u00fck ta\u015f vb. at\u0131p kabuklar\u0131n kapanmas\u0131n\u0131 engellerler. \u0130\u00e7ine yabanc\u0131 bir madde d\u00fc\u015fen \u0131stakoz kapanamaz ve \u00f6l\u00fcr ve yengece yem olur. Yenge\u00e7leri ya\u015fatan i\u015fte bu kurnazl\u0131kt\u0131r.<\/div>\n<div>Bu \u00f6yk\u00fcde yenge\u00e7 H\u00d6H \u2013 ajan liderleri, kapaklar\u0131 kapanmayan \u0131stakozlar ise, iki ucunu bir t\u00fcrl\u00fc birbirine ba\u011flayamayan insanlar\u0131m\u0131zd\u0131r. Bizim bunalmam\u0131z devaml\u0131 s\u00fcr\u00fcnmemizdendir.<\/div>\n<div>\u00d6yk\u00fcde, dolunayda a\u00e7\u0131lan \u0131stakoz mutluluk ararken, sinsi yengecin planl\u0131 hedefi ve kurban\u0131 olur. Kaderimiz \u00f6rne\u011fin benzeridir. T\u00fcrklerin, Pomaklar\u0131n ve t\u00fcm M\u00fcsl\u00fcmanlar\u0131n ba\u015f\u0131na art arda olumsuzluk gelmesi, kaps\u00fcle edilmi\u015f olduklar\u0131ndan \u00f6t\u00fcr\u00fc de\u011fil, a\u00e7\u0131lmak ve mutlu olmak istediklerinden dolay\u0131d\u0131r. \u00d6l\u00fcmc\u00fcl k\u00f6t\u00fcl\u00fck, dolunayda a\u00e7\u0131lmayan\u0131n de\u011fil, a\u00e7\u0131lan \u0131stakozun ba\u015f\u0131na gelir.<\/div>\n<div>Bunu \u015f\u00f6yle ifade etmek de m\u00fcmk\u00fcn: Hayat g\u00fczel olsayd\u0131, do\u011farken a\u011f\u0131lamazd\u0131k; ya\u015farken temiz kalsayd\u0131k, \u00f6l\u00fcnce y\u0131kanmazd\u0131k! Fakat bunun bir de tersi var, \u201cS\u00fcr\u00fcnen d\u00fc\u015fmekten korkmaz!\u201d Do\u011frudur, \u0131stakoz ile yenge\u00e7 ikisi de \u0131slakt\u0131r, sudad\u0131r, birbirlerine sen beni neden \u0131slatt\u0131n diyemez. Yenge\u00e7 \u0131stakoz kabu\u011funa kum atarken hile yapar, \u0131stakozu \u00f6ld\u00fcrme ve yeme niyetini belli etmez. Bunun i\u00e7in biz sinsi planlara kurban olduk derken, hakl\u0131y\u0131z.<\/div>\n<div>Bizdeki olay tam b\u00f6yle olmu\u015ftur. T\u00fcrkler, Pomaklar, t\u00fcm M\u00fcsl\u00fcmanlar 1989\u2019da ayaklanm\u0131\u015ft\u0131, halk\u0131n \u00f6fkesi da\u011flar\u0131 a\u015fm\u0131\u015ft\u0131, gizli \u00f6rg\u00fctlenme olu\u015fmu\u015f, legal partile\u015fme kap\u0131dayd\u0131.<\/div>\n<div>Bu durumu do\u011fru okuyan gizli servis DC \u2013 bizim Varna\u2019da gizlice ama yasala uygun bir parti (H\u00d6H) kurdurup, \u201c<b>demokrasi geldi, dolunay, \u0131stakoz kapaklar\u0131n\u0131 a\u00e7!<\/b>\u201d\u00a0\u00a0dedi ve hepimizi hak ve \u00f6zg\u00fcrl\u00fck zehiriyle \u00f6yle bir otalad\u0131 ki, o g\u00fcn bu g\u00fcn biz hi\u00e7 birimiz kendimize gelemedik.<\/div>\n<div>Istakozun \u00f6l\u00fcm\u00fc kapaklar\u0131n\u0131n kapanmamas\u0131ndansa, bizim \u00f6l\u00fcm\u00fcm\u00fcz ise, yava\u015f\u00e7a zehirlenip bunalmam\u0131zdand\u0131r. Bu \u00f6yk\u00fcde \u0131stakoz tepki veremez, ama biz insanlarda tepki vermek birinci i\u00e7g\u00fcd\u00fcm\u00fczd\u00fcr.<\/div>\n<div>Yay\u0131nlanan yorumlarda ana konu olan Ahmet Do\u011fan\u2019la ilgili g\u00f6r\u00fc\u015flerimi \u015f\u00f6yle a\u00e7\u0131klamak istiyorum. Ahmet\u2019i ben de birka\u00e7 defa g\u00f6rd\u00fcm. Hakikatten onda bizim insan\u0131m\u0131zdan farkl\u0131 bir tutum ve davran\u0131\u015f vard\u0131. Bizden biri olmad\u0131\u011f\u0131 belliydi. \u0130lk temas\u0131mdan sonra, \u00fcniversiteli y\u0131llar\u0131nda okudu\u011fum \u201cBen Devletim\u201d kitab\u0131n\u0131 an\u0131msad\u0131m. Bu eserde Fransa Kral\u0131 XIV. Louis anlat\u0131l\u0131r. G\u00f6zlemim ve intibalar\u0131mda hem Ahmet hem de XIV. Louis az konu\u015fan insanlard\u0131r. Bu tiplerin kan\u0131s\u0131na g\u00f6re, az konu\u015fmaktan etkili hi\u00e7bir \u015fey yoktur. Cevaplar\u0131 her zaman \u201cBakal\u0131m\u201d olmu\u015ftur. \u0130kisi de hi\u00e7bir olaya hi\u00e7bir zaman bakmam\u0131\u015f, hi\u00e7bir sorun \u00e7\u00f6zmemi\u015f ve hi\u00e7 kimseye yard\u0131m etmemi\u015ftir. \u201cBakal\u0131m\u201d t\u00fcm ricalara kar\u015f\u0131 verilen son derece k\u0131sa yan\u0131tlardan biri olup, \u201c<b>olursa olur, olmazsa Allah kerim<\/b>\u201d anlam\u0131ndad\u0131r.<\/div>\n<div>D\u00fczg\u00fcn konu\u015fmas\u0131nda do\u011fal p\u00fcr\u00fczler olan ve bu y\u00fczden her konu\u015fmas\u0131nda s\u0131radan dinleyenlerin anlamad\u0131\u011f\u0131 \u201cvekt\u00f6r\u201d , \u201calgoritma\u201d, \u201cmulti medya\u201d, \u201cmultipl\u0131kationen metod\u201d , \u201csubektivna identi\u00e7nost\u201d gibi somut pratik anlam\u0131 olmayan terimler kullanan Ahmet,\u00a0\u00a0bir ara uzun konu\u015fmalar yapmaya sevdalanm\u0131\u015ft\u0131 da, konu\u015ftuk\u00e7a batt\u0131\u011f\u0131n\u0131 tez anlad\u0131. \u015eimdiki suskunlu\u011funu kendisi se\u00e7mi\u015ftir. \u201c<b>Laf anlatamayan ve laftan anlamayanlar var!\u201d<\/b>\u00a0s\u00f6zleri onundur.<\/div>\n<div>\u00a0Ayn\u0131 zamanda, susman\u0131n bir oyun oldu\u011funa inan\u0131yorum, susmak Ahmet\u2019in kendinden a\u015fa\u011f\u0131daki her kesi \u015fa\u015f\u0131rtmak i\u00e7in kulland\u0131\u011f\u0131 bir eski maskedir.<\/div>\n<div>Y\u0131llar y\u0131l\u0131, ta a DC ve KGB ajan\u0131 oldu\u011fu kitap sayfalar\u0131n\u0131 doldurana kadar, kimse onun fikrini bilmedi ne de takt\u0131 maskenin arkas\u0131ndaki tepkiyi okuyabildi. Yaln\u0131z iki defa, Sofya K\u00fclt\u00fcr Saray\u0131\u2019nda bir defa Sosyalist Partiye bir de III. Simeon Partisine a\u00e7\u0131k ve kesin destek verdi. Bu da, hem fa\u015fizm y\u0131llar\u0131nda dedeniz Ferdinant\u2019\u0131n ve baban\u0131z 3. Boris\u2019in T\u00fcrklere, Pomaklara ve t\u00fcm M\u00fcsl\u00fcmanlara ettikleri eziyeti ve ayr\u0131ca Todor Jivkov\u2019un totaliter rejimle uygulad\u0131\u011f\u0131 \u201c<b>eritme<\/b>\u201d politikas\u0131n\u0131 tamamen destekliyoruz anlam\u0131ndayd\u0131 ki, bu tam bir rezillikti. O zaman ayaklanmal\u0131yd\u0131k, ama olmad\u0131.<\/div>\n<div>Ahmet bizim i\u015fitmek istedi\u011fimizi hi\u00e7bir zaman ve hi\u00e7bir yerde s\u00f6ylemedi. Biz de ona i\u015fitmek istediklerini s\u00f6yleyemedik, \u00e7\u00fcnk\u00fc onun ne i\u015fitmek istedi\u011fini asla tahmin bile edemedik. Yap\u0131lan y\u00fczlerce g\u00f6r\u00fc\u015fme, toplant\u0131, forum ve kurultayda \u00e7evresindekiler susan Ahmet ile konu\u015ftuk\u00e7a kendileri hakk\u0131nda \u00e7ok fazla \u015fey a\u00e7\u0131kl\u0131yorlard\u0131 ve Ahmet daha sonra i\u015fittiklerini onlara kar\u015f\u0131 kullan\u0131yordu.<\/div>\n<div><b>Sonu\u00e7 olarak Ahmet\u2019in sessizli\u011fi etraf\u0131ndakileri korkuttu.<\/b><\/div>\n<div>Hepsinin onun kontrol\u00fc alt\u0131na girmelerini ve orada ezilmelerini sa\u011flad\u0131. H\u00d6H MYK\u2019dabn at\u0131lanlar dayanamad\u0131lar.\u00a0\u00a0Ahmet Do\u011fan\u2019\u0131n g\u00fcc\u00fcn\u00fcn dayanaklar\u0131ndan biri konu\u015fmamak oldu.<\/div>\n<div>Art\u0131k delirmi\u015f oldu\u011fu s\u00f6ylentileri yay\u0131lsa da, ben izlenimlerimi payla\u015f\u0131yorum, devaml\u0131 susan Ahmet s\u00f6zc\u00fcklerini, g\u00fcl\u00fcmsemesini, bak\u0131\u015flar\u0131n\u0131 satmay\u0131 iyi bildi. Onun i\u00e7in her \u015fey de\u011ferliydi, her bilgiden yararlanma ustal\u0131\u011f\u0131 ona verilmi\u015fti, bu bak\u0131ma o hepimizden \u00e7ok farkl\u0131yd\u0131 ve ba\u015fka bir ifadeyle s\u00f6ylersem, Ahmet Do\u011fan gizli, servis DC\u2019nin gemisinde kaptan oldu\u011funu asla unutmad\u0131 ve bu bak\u0131ma o s\u00f6zlerinin azl\u0131\u011f\u0131yla g\u00fc\u00e7l\u00fcyd\u00fc.<\/div>\n<div>Zaten A.Do\u011fan\u2019a her \u015fey hoparl\u00f6rde bildiriliyordu, onun konu\u015fmas\u0131na gerek bile yoktu. Bu gemi 23 sene b\u00f6yle y\u00fcr\u00fcd\u00fc. Konu\u015fmadan sefa s\u00fcrenlerin partisi b\u00f6yle ya\u015fat\u0131ld\u0131.<\/div>\n<div>Fakat sesiz kalman\u0131n ak\u0131ll\u0131ca olmad\u0131\u011f\u0131 durumlar da vard\u0131r. H\u00d6H \u00f6rne\u011finde oldu\u011fu gibi, sessizlik \u015f\u00fcphe ve g\u00fcvensizlik uyand\u0131rm\u0131\u015ft\u0131r, istenmeyen yorumlar yap\u0131lmas\u0131na neden olmu\u015ftur. S\u00f6zler, yapmaya \u00e7al\u0131\u015f\u0131lan aldatmaca i\u00e7in bir sis perdesi olu\u015fturmaya da yarar. Bu i\u015fi genelde konu\u015fan ama hi\u00e7bir \u015fey s\u00f6ylemeyen soytar\u0131lar yapar, bizdeki saray soytar\u0131lar\u0131ndan biri Osman Oktayd\u0131. O ne kadar \u00e7ok konu\u015fursa o kadar az \u015f\u00fcphe uyand\u0131r\u0131yordu. \u015eu da var tabii, gereksiz \u015fekilde \u00e7ok konu\u015fanlar, kurnaz ve manevrac\u0131 olarak de\u011fil, \u00e7aresiz ve e\u011fitimsiz olarak g\u00f6r\u00fcl\u00fcrler. Halk\u0131m\u0131z\u0131n zek\u00e2s\u0131 O. Oktay\u2019\u0131 okuyabildi\u011fi i\u00e7in partisinin ard\u0131ndan kimse gitmedi. \u00c7ok konu\u015fmak g\u00fc\u00e7l\u00fc ki\u015finin uygulad\u0131\u011f\u0131 susma politikas\u0131n\u0131n tersidir. \u015eu da var, \u00e7ok konu\u015fan\u0131n anlatacak fikri olmal\u0131d\u0131r.<\/div>\n<div><b>De\u011findi\u011fimiz konular\u0131n bir ba\u015fka anlat\u0131m\u0131 da \u015f\u00f6yle olabilir:<\/b><\/div>\n<div>Lider ne kadar uzun s\u00fcre sesiz kal\u0131rsa, di\u011ferleri o kadar k\u0131sa s\u00fcrede dudaklar\u0131n\u0131 k\u0131p\u0131rdatmaya ba\u015flar. Ahmet \u00f6rne\u011finde, L. Mestan\u2019a bak\u0131nca bu ger\u00e7e\u011fi g\u00f6r\u00fcr\u00fcz. \u00c7ok konu\u015fan \u00e7ok yan\u0131l\u0131r atas\u00f6z\u00fcm\u00fcz derin anlam ta\u015f\u0131r.\u00a0\u00a0D\u00fcn BTV\u2019de H\u00d6H Ba\u015fkan\u0131\u2019n\u0131n Peevskiyi d\u00f6rt elle savunmas\u0131, onun ba\u015f\u0131n\u0131 yiyebilir, halk\u0131n istemedi\u011fini, kul asla istememelidir.<\/div>\n<div>Beni d\u00fc\u015f\u00fcnd\u00fcrenler bunlard\u0131.<\/div>\n<div><\/div>\n<div id=\"bghab-3615932858\" class=\"bghab-yazi-altinda bghab-entity-placement\"><script async src=\"https:\/\/pagead2.googlesyndication.com\/pagead\/js\/adsbygoogle.js\"><\/script>\r\n<!-- bghaber-yaz\u0131-sonu -->\r\n<ins class=\"adsbygoogle\"\r\n     style=\"display:block\"\r\n     data-ad-client=\"ca-pub-6203283170189293\"\r\n     data-ad-slot=\"4222328180\"\r\n     data-ad-format=\"auto\"\r\n     data-full-width-responsive=\"true\"><\/ins>\r\n<script>\r\n     (adsbygoogle = window.adsbygoogle || []).push({});\r\n<\/script><\/div><br style=\"clear: both; display: block; float: none;\"\/>","protected":false},"excerpt":{"rendered":"<p>Ben Varna\u2019dan ayr\u0131lal\u0131 y\u0131llar ge\u00e7se de, insan\u0131n g\u00f6be\u011fi nerede kesilirse akl\u0131 hep orada. \u00c7ocukluk y\u0131llar\u0131, okul, lise, \u00fcniversite, yak\u0131nlar, akrabalar haf\u0131zam\u0131n temellerine yerle\u015fmi\u015f, zek\u00e2m\u0131n \u00f6z\u00fcnde,<\/p>\n","protected":false},"author":16,"featured_media":5404,"comment_status":"closed","ping_status":"closed","sticky":false,"template":"","format":"standard","meta":{"advanced_seo_description":"","jetpack_seo_html_title":"","jetpack_seo_noindex":false,"jetpack_seo_schema_type":"","_jetpack_newsletter_access":"","_jetpack_dont_email_post_to_subs":false,"_jetpack_newsletter_tier_id":0,"_jetpack_memberships_contains_paywalled_content":false,"_jetpack_feature_clip_id":0,"_jetpack_memberships_contains_paid_content":false,"footnotes":"","jetpack_post_was_ever_published":false},"categories":[6],"tags":[30],"class_list":["post-6215","post","type-post","status-publish","format-standard","has-post-thumbnail","hentry","category-yorum","tag-bulgaristan"],"jetpack_sharing_enabled":true,"jetpack_likes_enabled":true,"jetpack-related-posts":[],"jetpack_shortlink":"https:\/\/wp.me\/pc2PfJ-1Cf","jetpack_featured_media_url":"https:\/\/i0.wp.com\/www.bghaber.org\/bghaber\/wp-content\/uploads\/2013\/08\/ayse_halide_umutfer.jpg?fit=100%2C125&ssl=1","_links":{"self":[{"href":"https:\/\/www.bghaber.org\/bghaber\/wp-json\/wp\/v2\/posts\/6215","targetHints":{"allow":["GET"]}}],"collection":[{"href":"https:\/\/www.bghaber.org\/bghaber\/wp-json\/wp\/v2\/posts"}],"about":[{"href":"https:\/\/www.bghaber.org\/bghaber\/wp-json\/wp\/v2\/types\/post"}],"author":[{"embeddable":true,"href":"https:\/\/www.bghaber.org\/bghaber\/wp-json\/wp\/v2\/users\/16"}],"replies":[{"embeddable":true,"href":"https:\/\/www.bghaber.org\/bghaber\/wp-json\/wp\/v2\/comments?post=6215"}],"version-history":[{"count":0,"href":"https:\/\/www.bghaber.org\/bghaber\/wp-json\/wp\/v2\/posts\/6215\/revisions"}],"wp:featuredmedia":[{"embeddable":true,"href":"https:\/\/www.bghaber.org\/bghaber\/wp-json\/wp\/v2\/media\/5404"}],"wp:attachment":[{"href":"https:\/\/www.bghaber.org\/bghaber\/wp-json\/wp\/v2\/media?parent=6215"}],"wp:term":[{"taxonomy":"category","embeddable":true,"href":"https:\/\/www.bghaber.org\/bghaber\/wp-json\/wp\/v2\/categories?post=6215"},{"taxonomy":"post_tag","embeddable":true,"href":"https:\/\/www.bghaber.org\/bghaber\/wp-json\/wp\/v2\/tags?post=6215"}],"curies":[{"name":"wp","href":"https:\/\/api.w.org\/{rel}","templated":true}]}}