{"id":6053,"date":"2013-09-07T03:05:02","date_gmt":"2013-09-07T00:05:02","guid":{"rendered":"http:\/\/bghaber.org\/bghaber\/?p=6053"},"modified":"2019-07-15T00:40:47","modified_gmt":"2019-07-14T22:40:47","slug":"burgaz-baskonsolosundan-kirklareline-ziyaret","status":"publish","type":"post","link":"https:\/\/www.bghaber.org\/bghaber\/burgaz-baskonsolosundan-kirklareline-ziyaret\/","title":{"rendered":"Burgaz Ba\u015fkonsolosu&#8217;ndan K\u0131rklareli&#8217;ne ziyaret"},"content":{"rendered":"<p>Bulgaristan Burgaz Ba\u015fkonsolosu Niyazi Evran Akyol, K\u0131rklareli Valisi Mustafa Yaman&#8217;\u0131 ziyaret etti.\u00a0<!--more--><br \/>\n<a href=\"https:\/\/i0.wp.com\/bghaber.org\/bghaber\/wp-content\/uploads\/2013\/09\/burgas-baskonsolosu-akyol-dan-vali-yaman-a-zi-5027794_o.jpg\"><img data-recalc-dims=\"1\" loading=\"lazy\" decoding=\"async\" class=\"alignleft size-medium wp-image-6054\" alt=\"burgas-baskonsolosu-akyol-dan-vali-yaman-a-zi-5027794_o\" src=\"https:\/\/i0.wp.com\/bghaber.org\/bghaber\/wp-content\/uploads\/2013\/09\/burgas-baskonsolosu-akyol-dan-vali-yaman-a-zi-5027794_o-300x199.jpg?resize=300%2C199\" width=\"300\" height=\"199\" \/><\/a><br \/>\nYeni g\u00f6reve ba\u015flayan T\u00fcrkiye&#8217;nin Bulgaristan Burgas Ba\u015fkonsolosu Akyol,K\u0131rklareli Valisi Yaman ile bir araya geldi. Ba\u015fkonsolos Akyol K\u0131rklareli Valili\u011fi ile g\u00fczel bir \u00e7al\u0131\u015fma ortaya koyacaklar\u0131n\u0131 dile getirdi.<\/p>\n<p>Vali Yaman ise ziyaretten duydu\u011fu memnuniyeti belirlterek Ba\u015fkonsolos Akyol&#8217;a te\u015fekk\u00fcr ederek g\u00f6revinde ba\u015far\u0131lar diledi.<\/p>\n<p>&nbsp;<\/p>\n<p>\u0130HA<\/p>\n<div id=\"bghab-1858559722\" class=\"bghab-yazi-altinda bghab-entity-placement\"><script async src=\"https:\/\/pagead2.googlesyndication.com\/pagead\/js\/adsbygoogle.js\"><\/script>\r\n<!-- bghaber-yaz\u0131-sonu -->\r\n<ins class=\"adsbygoogle\"\r\n     style=\"display:block\"\r\n     data-ad-client=\"ca-pub-6203283170189293\"\r\n     data-ad-slot=\"4222328180\"\r\n     data-ad-format=\"auto\"\r\n     data-full-width-responsive=\"true\"><\/ins>\r\n<script>\r\n     (adsbygoogle = window.adsbygoogle || []).push({});\r\n<\/script><\/div><br style=\"clear: both; display: block; float: none;\"\/>","protected":false},"excerpt":{"rendered":"<p>Bulgaristan Burgaz Ba\u015fkonsolosu Niyazi Evran Akyol, K\u0131rklareli Valisi Mustafa Yaman&#8217;\u0131 ziyaret etti.\u00a0<\/p>\n","protected":false},"author":29,"featured_media":6054,"comment_status":"closed","ping_status":"closed","sticky":false,"template":"","format":"standard","meta":{"advanced_seo_description":"","jetpack_seo_html_title":"","jetpack_seo_noindex":false,"jetpack_seo_schema_type":"","_jetpack_newsletter_access":"","_jetpack_dont_email_post_to_subs":false,"_jetpack_newsletter_tier_id":0,"_jetpack_memberships_contains_paywalled_content":false,"_jetpack_feature_clip_id":0,"_jetpack_memberships_contains_paid_content":false,"footnotes":"","jetpack_post_was_ever_published":false},"categories":[4],"tags":[30,173,174,71],"class_list":["post-6053","post","type-post","status-publish","format-standard","has-post-thumbnail","hentry","category-siyaset","tag-bulgaristan","tag-burgas","tag-burgaz","tag-kirklareli"],"jetpack_sharing_enabled":true,"jetpack_likes_enabled":true,"jetpack-related-posts":[],"jetpack_shortlink":"https:\/\/wp.me\/pc2PfJ-1zD","jetpack_featured_media_url":"https:\/\/i0.wp.com\/www.bghaber.org\/bghaber\/wp-content\/uploads\/2013\/09\/burgas-baskonsolosu-akyol-dan-vali-yaman-a-zi-5027794_o.jpg?fit=400%2C266&ssl=1","_links":{"self":[{"href":"https:\/\/www.bghaber.org\/bghaber\/wp-json\/wp\/v2\/posts\/6053","targetHints":{"allow":["GET"]}}],"collection":[{"href":"https:\/\/www.bghaber.org\/bghaber\/wp-json\/wp\/v2\/posts"}],"about":[{"href":"https:\/\/www.bghaber.org\/bghaber\/wp-json\/wp\/v2\/types\/post"}],"author":[{"embeddable":true,"href":"https:\/\/www.bghaber.org\/bghaber\/wp-json\/wp\/v2\/users\/29"}],"replies":[{"embeddable":true,"href":"https:\/\/www.bghaber.org\/bghaber\/wp-json\/wp\/v2\/comments?post=6053"}],"version-history":[{"count":0,"href":"https:\/\/www.bghaber.org\/bghaber\/wp-json\/wp\/v2\/posts\/6053\/revisions"}],"wp:featuredmedia":[{"embeddable":true,"href":"https:\/\/www.bghaber.org\/bghaber\/wp-json\/wp\/v2\/media\/6054"}],"wp:attachment":[{"href":"https:\/\/www.bghaber.org\/bghaber\/wp-json\/wp\/v2\/media?parent=6053"}],"wp:term":[{"taxonomy":"category","embeddable":true,"href":"https:\/\/www.bghaber.org\/bghaber\/wp-json\/wp\/v2\/categories?post=6053"},{"taxonomy":"post_tag","embeddable":true,"href":"https:\/\/www.bghaber.org\/bghaber\/wp-json\/wp\/v2\/tags?post=6053"}],"curies":[{"name":"wp","href":"https:\/\/api.w.org\/{rel}","templated":true}]}}