{"id":60401,"date":"2024-01-25T01:55:15","date_gmt":"2024-01-24T22:55:15","guid":{"rendered":"https:\/\/www.bghaber.org\/bghaber\/?p=60401"},"modified":"2024-01-25T01:55:17","modified_gmt":"2024-01-24T22:55:17","slug":"28-ocaka-kadar-grip-dalgasi-bulgaristanin-ucte-birini-etkisi-altina-alacak","status":"publish","type":"post","link":"https:\/\/www.bghaber.org\/bghaber\/28-ocaka-kadar-grip-dalgasi-bulgaristanin-ucte-birini-etkisi-altina-alacak\/","title":{"rendered":"28 Ocak\u2019a kadar grip dalgas\u0131 Bulgaristan\u2019\u0131n \u00fc\u00e7te birini etkisi alt\u0131na alacak"},"content":{"rendered":"\n<p class=\"wp-block-paragraph\"><span style=\"color: rgb(37, 51, 62); font-family: &quot;Open Sans&quot;, Verdana, Geneva, sans-serif; font-size: 16px; white-space-collapse: collapse;\">Nova TV\u2019ye konu\u015fan\u00a0<\/span><span style=\"color: rgb(37, 51, 62); font-family: &quot;Open Sans&quot;, Verdana, Geneva, sans-serif; font-size: 16px; white-space-collapse: collapse; font-weight: bolder;\">Bulgaristan Devlet Sa\u011fl\u0131k Ba\u015fm\u00fcfetti\u015fi Do\u00e7. Dr. Angel Kun\u00e7ev,\u00a0\u201cGrip dalgas\u0131 devam ediyor, bu nedenle hafta sonuna kadar Bulgaristan&#8217;\u0131n \u00fc\u00e7te birinin salg\u0131n de\u011ferlerine ula\u015fmas\u0131n\u0131 bekliyorum,\u201d s\u00f6zlerini kulland\u0131<\/span><span style=\"color: rgb(37, 51, 62); font-family: &quot;Open Sans&quot;, Verdana, Geneva, sans-serif; font-size: 16px; white-space-collapse: collapse;\">.<\/span><p style=\"line-height: 1.5; color: rgb(37, 51, 62); font-family: &quot;Open Sans&quot;, Verdana, Geneva, sans-serif; font-size: 16px; white-space-collapse: collapse;\">Okula devams\u0131zl\u0131k y\u00fczdesinin y\u00fcksek oldu\u011fu Varna\u2019daki \u00f6\u011frenciler i\u00e7in bug\u00fcn veya yar\u0131n yap\u0131lacak salg\u0131n duyurusu sonras\u0131 grip tatili olmas\u0131 planlan\u0131yor.\u00a0<span style=\"font-weight: bolder;\">Kun\u00e7ev, grip salg\u0131n\u0131 ilan edilen b\u00f6lgelere muhtemelen Pleven, Burgas ve Varna da dahil edilecek a\u00e7\u0131klamas\u0131nda bulundu<\/span>. Devlet Sa\u011fl\u0131k Ba\u015fm\u00fcfetti\u015fi, grip salg\u0131n\u0131 ilan edilmesine yak\u0131n \u015fehirler olarak ise Yambol, Pazarcik, Pernik ve Sofya B\u00f6lgesini s\u0131ralad\u0131.Ba\u015fkentteki durumu de\u011ferlendiren Do\u00e7. Dr. Angel Kun\u00e7ev, \u201c\u00c7al\u0131\u015fan ve okula giden herkes\u00a0<span style=\"font-weight: bolder;\">Sofya\u2019da da devams\u0131zl\u0131klar\u0131n oldu\u011funu g\u00f6rebilir. Vaka oran\u0131 \u015fimdi art\u0131yor ama yine de salg\u0131n ilan edilmesi de\u011feri olan \u00f6\u011frencilerin y\u00fczde 30\u2019unun hasta oldu\u011fu durumdan uzak oldu\u011fu g\u00f6r\u00fcl\u00fcyor,\u201d ifadelerini kulland\u0131<\/span>.\u00a0\u00a0<\/p><\/p>\n\n\n\n<p class=\"wp-block-paragraph\"><\/p>\n\n\n\n<p class=\"wp-block-paragraph\">BNR<\/p>\n<div id=\"bghab-1109619772\" class=\"bghab-yazi-altinda bghab-entity-placement\"><script async src=\"https:\/\/pagead2.googlesyndication.com\/pagead\/js\/adsbygoogle.js\"><\/script>\r\n<!-- bghaber-yaz\u0131-sonu -->\r\n<ins class=\"adsbygoogle\"\r\n     style=\"display:block\"\r\n     data-ad-client=\"ca-pub-6203283170189293\"\r\n     data-ad-slot=\"4222328180\"\r\n     data-ad-format=\"auto\"\r\n     data-full-width-responsive=\"true\"><\/ins>\r\n<script>\r\n     (adsbygoogle = window.adsbygoogle || []).push({});\r\n<\/script><\/div><br style=\"clear: both; display: block; float: none;\"\/>","protected":false},"excerpt":{"rendered":"<p>Nova TV\u2019ye konu\u015fan\u00a0Bulgaristan Devlet Sa\u011fl\u0131k Ba\u015fm\u00fcfetti\u015fi Do\u00e7. Dr. Angel Kun\u00e7ev,\u00a0\u201cGrip dalgas\u0131 devam ediyor, bu nedenle hafta sonuna kadar Bulgaristan&#8217;\u0131n \u00fc\u00e7te birinin salg\u0131n de\u011ferlerine ula\u015fmas\u0131n\u0131 bekliyorum,\u201d<\/p>\n","protected":false},"author":29,"featured_media":26509,"comment_status":"open","ping_status":"closed","sticky":false,"template":"","format":"standard","meta":{"advanced_seo_description":"","jetpack_seo_html_title":"","jetpack_seo_noindex":false,"jetpack_seo_schema_type":"","_jetpack_newsletter_access":"","_jetpack_dont_email_post_to_subs":false,"_jetpack_newsletter_tier_id":0,"_jetpack_memberships_contains_paywalled_content":false,"_jetpack_feature_clip_id":0,"_jetpack_memberships_contains_paid_content":false,"footnotes":"","jetpack_post_was_ever_published":false},"categories":[1,7],"tags":[30,2764],"class_list":["post-60401","post","type-post","status-publish","format-standard","has-post-thumbnail","hentry","category-haberler","category-saglik-spor","tag-bulgaristan","tag-grip"],"jetpack_sharing_enabled":true,"jetpack_likes_enabled":true,"jetpack-related-posts":[],"jetpack_shortlink":"https:\/\/wp.me\/pc2PfJ-fId","jetpack_featured_media_url":"https:\/\/i0.wp.com\/www.bghaber.org\/bghaber\/wp-content\/uploads\/2018\/01\/grip-saglik.jpg?fit=1120%2C743&ssl=1","_links":{"self":[{"href":"https:\/\/www.bghaber.org\/bghaber\/wp-json\/wp\/v2\/posts\/60401","targetHints":{"allow":["GET"]}}],"collection":[{"href":"https:\/\/www.bghaber.org\/bghaber\/wp-json\/wp\/v2\/posts"}],"about":[{"href":"https:\/\/www.bghaber.org\/bghaber\/wp-json\/wp\/v2\/types\/post"}],"author":[{"embeddable":true,"href":"https:\/\/www.bghaber.org\/bghaber\/wp-json\/wp\/v2\/users\/29"}],"replies":[{"embeddable":true,"href":"https:\/\/www.bghaber.org\/bghaber\/wp-json\/wp\/v2\/comments?post=60401"}],"version-history":[{"count":0,"href":"https:\/\/www.bghaber.org\/bghaber\/wp-json\/wp\/v2\/posts\/60401\/revisions"}],"wp:featuredmedia":[{"embeddable":true,"href":"https:\/\/www.bghaber.org\/bghaber\/wp-json\/wp\/v2\/media\/26509"}],"wp:attachment":[{"href":"https:\/\/www.bghaber.org\/bghaber\/wp-json\/wp\/v2\/media?parent=60401"}],"wp:term":[{"taxonomy":"category","embeddable":true,"href":"https:\/\/www.bghaber.org\/bghaber\/wp-json\/wp\/v2\/categories?post=60401"},{"taxonomy":"post_tag","embeddable":true,"href":"https:\/\/www.bghaber.org\/bghaber\/wp-json\/wp\/v2\/tags?post=60401"}],"curies":[{"name":"wp","href":"https:\/\/api.w.org\/{rel}","templated":true}]}}