{"id":60397,"date":"2024-01-25T01:47:43","date_gmt":"2024-01-24T22:47:43","guid":{"rendered":"https:\/\/www.bghaber.org\/bghaber\/?p=60397"},"modified":"2024-01-25T01:47:47","modified_gmt":"2024-01-24T22:47:47","slug":"suruculer-araclarini-kis-sartlarina-uygun-hale-getirmeli","status":"publish","type":"post","link":"https:\/\/www.bghaber.org\/bghaber\/suruculer-araclarini-kis-sartlarina-uygun-hale-getirmeli\/","title":{"rendered":"S\u00fcr\u00fcc\u00fcler ara\u00e7lar\u0131n\u0131 k\u0131\u015f \u015fartlar\u0131na uygun hale getirmeli"},"content":{"rendered":"\n<p class=\"wp-block-paragraph\"><span style=\"color: rgb(37, 51, 62); font-family: &quot;Open Sans&quot;, Verdana, Geneva, sans-serif; font-size: 16px; white-space-collapse: collapse; font-weight: bolder;\">Karayollar\u0131 Altyap\u0131 Ajans\u0131\u00a0AP\u0130, Cumartesi g\u00fcn\u00fc beklenen so\u011fuk hava ve kar ya\u011f\u0131\u015f\u0131 nedeniyle s\u00fcr\u00fcc\u00fclerin k\u0131\u015f \u015fartlar\u0131na uygun ara\u00e7larla, haz\u0131rl\u0131kl\u0131 olarak yola \u00e7\u0131kmalar\u0131n\u0131 tavsiye etti<\/span><span style=\"color: rgb(37, 51, 62); font-family: &quot;Open Sans&quot;, Verdana, Geneva, sans-serif; font-size: 16px; white-space-collapse: collapse;\">. \u00d6zellikle Kuzeydo\u011fu Bulgaristan\u2019da ve da\u011f ge\u00e7itleri boyunca r\u00fczgar ve kar f\u0131rt\u0131nas\u0131 etkili olacak.<\/span><p style=\"line-height: 1.5; color: rgb(37, 51, 62); font-family: &quot;Open Sans&quot;, Verdana, Geneva, sans-serif; font-size: 16px; white-space-collapse: collapse;\">AP\u0130\u2019den al\u0131nan bilgiye g\u00f6re, otoyollar ve birinci ile ikinci s\u0131n\u0131f yollar \u00f6ncelikli olmak \u00fczere, en yo\u011fun g\u00fczergahlar ve \u00fclkenin kuzey ve g\u00fcney kesimleri aras\u0131nda ba\u011flant\u0131y\u0131 sa\u011flayan ge\u00e7itlerde\u00a0<span style=\"font-weight: bolder;\">y\u00fczeyler buzlanmaya kar\u015f\u0131 i\u015flenmekte<\/span>. Karayollar\u0131 Altyap\u0131 Ajans\u0131, trafik g\u00fcvenli\u011fini art\u0131rmak amac\u0131yla Cumartesi g\u00fcn\u00fc baz\u0131 yollar\u0131n temizlenmek \u00fczere kapatlabilece\u011fini a\u00e7\u0131klad\u0131.<\/p><\/p>\n\n\n\n<p class=\"wp-block-paragraph\"><\/p>\n\n\n\n<p class=\"wp-block-paragraph\">BNR<\/p>\n<div id=\"bghab-2931713893\" class=\"bghab-yazi-altinda bghab-entity-placement\"><script async src=\"https:\/\/pagead2.googlesyndication.com\/pagead\/js\/adsbygoogle.js\"><\/script>\r\n<!-- bghaber-yaz\u0131-sonu -->\r\n<ins class=\"adsbygoogle\"\r\n     style=\"display:block\"\r\n     data-ad-client=\"ca-pub-6203283170189293\"\r\n     data-ad-slot=\"4222328180\"\r\n     data-ad-format=\"auto\"\r\n     data-full-width-responsive=\"true\"><\/ins>\r\n<script>\r\n     (adsbygoogle = window.adsbygoogle || []).push({});\r\n<\/script><\/div><br style=\"clear: both; display: block; float: none;\"\/>","protected":false},"excerpt":{"rendered":"<p>Karayollar\u0131 Altyap\u0131 Ajans\u0131\u00a0AP\u0130, Cumartesi g\u00fcn\u00fc beklenen so\u011fuk hava ve kar ya\u011f\u0131\u015f\u0131 nedeniyle s\u00fcr\u00fcc\u00fclerin k\u0131\u015f \u015fartlar\u0131na uygun ara\u00e7larla, haz\u0131rl\u0131kl\u0131 olarak yola \u00e7\u0131kmalar\u0131n\u0131 tavsiye etti. \u00d6zellikle Kuzeydo\u011fu<\/p>\n","protected":false},"author":29,"featured_media":60398,"comment_status":"open","ping_status":"closed","sticky":false,"template":"","format":"standard","meta":{"advanced_seo_description":"","jetpack_seo_html_title":"","jetpack_seo_noindex":false,"jetpack_seo_schema_type":"","_jetpack_newsletter_access":"","_jetpack_dont_email_post_to_subs":false,"_jetpack_newsletter_tier_id":0,"_jetpack_memberships_contains_paywalled_content":false,"_jetpack_feature_clip_id":0,"_jetpack_memberships_contains_paid_content":false,"footnotes":"","jetpack_post_was_ever_published":false},"categories":[1133,1,5],"tags":[30,2592,1235],"class_list":["post-60397","post","type-post","status-publish","format-standard","has-post-thumbnail","hentry","category-duyuru","category-haberler","category-yasam","tag-bulgaristan","tag-kis","tag-otomobil"],"jetpack_sharing_enabled":true,"jetpack_likes_enabled":true,"jetpack-related-posts":[],"jetpack_shortlink":"https:\/\/wp.me\/pc2PfJ-fI9","jetpack_featured_media_url":"https:\/\/i0.wp.com\/www.bghaber.org\/bghaber\/wp-content\/uploads\/2024\/01\/kar-kis-otomobil-bozuk.jpg?fit=1111%2C716&ssl=1","_links":{"self":[{"href":"https:\/\/www.bghaber.org\/bghaber\/wp-json\/wp\/v2\/posts\/60397","targetHints":{"allow":["GET"]}}],"collection":[{"href":"https:\/\/www.bghaber.org\/bghaber\/wp-json\/wp\/v2\/posts"}],"about":[{"href":"https:\/\/www.bghaber.org\/bghaber\/wp-json\/wp\/v2\/types\/post"}],"author":[{"embeddable":true,"href":"https:\/\/www.bghaber.org\/bghaber\/wp-json\/wp\/v2\/users\/29"}],"replies":[{"embeddable":true,"href":"https:\/\/www.bghaber.org\/bghaber\/wp-json\/wp\/v2\/comments?post=60397"}],"version-history":[{"count":0,"href":"https:\/\/www.bghaber.org\/bghaber\/wp-json\/wp\/v2\/posts\/60397\/revisions"}],"wp:featuredmedia":[{"embeddable":true,"href":"https:\/\/www.bghaber.org\/bghaber\/wp-json\/wp\/v2\/media\/60398"}],"wp:attachment":[{"href":"https:\/\/www.bghaber.org\/bghaber\/wp-json\/wp\/v2\/media?parent=60397"}],"wp:term":[{"taxonomy":"category","embeddable":true,"href":"https:\/\/www.bghaber.org\/bghaber\/wp-json\/wp\/v2\/categories?post=60397"},{"taxonomy":"post_tag","embeddable":true,"href":"https:\/\/www.bghaber.org\/bghaber\/wp-json\/wp\/v2\/tags?post=60397"}],"curies":[{"name":"wp","href":"https:\/\/api.w.org\/{rel}","templated":true}]}}