{"id":60395,"date":"2024-01-25T01:07:38","date_gmt":"2024-01-24T22:07:38","guid":{"rendered":"https:\/\/www.bghaber.org\/bghaber\/?p=60395"},"modified":"2024-01-25T01:43:55","modified_gmt":"2024-01-24T22:43:55","slug":"nato-bulgaristanda-askeri-ve-sivil-altyapi-insa-edecek","status":"publish","type":"post","link":"https:\/\/www.bghaber.org\/bghaber\/nato-bulgaristanda-askeri-ve-sivil-altyapi-insa-edecek\/","title":{"rendered":"NATO,\u00a0Bulgaristan&#8217;da askeri ve sivil altyap\u0131 in\u015fa edecek"},"content":{"rendered":"\n<p class=\"wp-block-paragraph\">Bulgaristan <strong>Savunma Bakan\u0131 Todor Tagarev<\/strong>, bTV&#8217;ye yapt\u0131\u011f\u0131 a\u00e7\u0131klamada, Bulgaristan&#8217;da NATO&#8217;nun ihtiya\u00e7lar\u0131 ve sivil ama\u00e7l\u0131 6 milyar avroluk\u00a0<strong>altyap\u0131<\/strong>\u00a0in\u015fa edilece\u011fini s\u00f6yledi.<\/p>\n\n\n\n<p class=\"wp-block-paragraph\">Bunlar yollar, demiryollar\u0131, petrol boru hatlar\u0131, depolar, konaklama binalar\u0131 olacak. \u0130ttifak, ABD, \u0130talya ve di\u011fer 5 kom\u015fu \u00fclkeden toplam 5 000 ki\u015filik&nbsp;<strong>\u00c7ok Uluslu Tugay Muharebe Gruplar\u0131n\u0131<\/strong>&nbsp;Bulgaristan&#8217;da konu\u015fland\u0131racak.<\/p>\n\n\n\n<p class=\"wp-block-paragraph\">ABD ziyaretinden d\u00f6nen Bakan Tagarev, sipari\u015f edilen ilk 8 adet&nbsp;<strong>F-16 Blok 70 sava\u015f u\u00e7a\u011f\u0131<\/strong>ndan 7&#8217;sinin montaj\u0131n\u0131n yap\u0131ld\u0131\u011f\u0131 fabrikalar\u0131 ziyaret etti\u011fini s\u00f6yledi.<\/p>\n\n\n\n<p class=\"wp-block-paragraph\">Sonbaharda sava\u015f i\u00e7aklar\u0131n\u0131n testlerine ba\u015flanmas\u0131 ve 2025 y\u0131l\u0131 ba\u015f\u0131nda ilk iki u\u00e7a\u011f\u0131n teslim edilmesi bekleniyor. K\u0131sa s\u00fcre sonra ilk&nbsp;<strong>Stryker z\u0131rhl\u0131 ara\u00e7lar\u0131<\/strong>&nbsp;teslim edilecek.<\/p>\n\n\n\n<p class=\"wp-block-paragraph\">Tagarev, Bulgaristan\u2019\u0131n Yemen&#8217;de\u00a0<strong>Husiler<\/strong>\u00a0taraf\u0131ndan g\u00f6zalt\u0131na al\u0131nan denizcilere yard\u0131m etmeye \u00e7al\u0131\u015ft\u0131\u011f\u0131na dikkat \u00e7ekti ve \u201cBulgaristan, Husilere y\u00f6nelik K\u0131z\u0131ldeniz operasyonuna do\u011frudan kat\u0131lmayacak, ancak Bahreyn&#8217;e irtibat g\u00f6revlileri g\u00f6nderecek\u201d dedi.\u00a0<\/p><div id=\"bghab-1145667157\" class=\"bghab-icerik-icine bghab-entity-placement\"><script async src=\"\/\/pagead2.googlesyndication.com\/pagead\/js\/adsbygoogle.js?client=ca-pub-6203283170189293\" crossorigin=\"anonymous\"><\/script><ins class=\"adsbygoogle\" style=\"display:block; text-align:center;\" data-ad-client=\"ca-pub-6203283170189293\" \ndata-ad-slot=\"7303146466\" \ndata-ad-layout=\"in-article\"\ndata-ad-format=\"fluid\" data-full-width-responsive=\"true\"><\/ins>\n<script> \n(adsbygoogle = window.adsbygoogle || []).push({}); \n<\/script>\n<\/div>\n\n\n\n<p class=\"wp-block-paragraph\"><\/p>\n\n\n\n<p class=\"wp-block-paragraph\">BNR<\/p>\n<div id=\"bghab-3672830360\" class=\"bghab-yazi-altinda bghab-entity-placement\"><script async src=\"https:\/\/pagead2.googlesyndication.com\/pagead\/js\/adsbygoogle.js\"><\/script>\r\n<!-- bghaber-yaz\u0131-sonu -->\r\n<ins class=\"adsbygoogle\"\r\n     style=\"display:block\"\r\n     data-ad-client=\"ca-pub-6203283170189293\"\r\n     data-ad-slot=\"4222328180\"\r\n     data-ad-format=\"auto\"\r\n     data-full-width-responsive=\"true\"><\/ins>\r\n<script>\r\n     (adsbygoogle = window.adsbygoogle || []).push({});\r\n<\/script><\/div><br style=\"clear: both; display: block; float: none;\"\/>","protected":false},"excerpt":{"rendered":"<p>Bulgaristan Savunma Bakan\u0131 Todor Tagarev, bTV&#8217;ye yapt\u0131\u011f\u0131 a\u00e7\u0131klamada, Bulgaristan&#8217;da NATO&#8217;nun ihtiya\u00e7lar\u0131 ve sivil ama\u00e7l\u0131 6 milyar avroluk\u00a0altyap\u0131\u00a0in\u015fa edilece\u011fini s\u00f6yledi. Bunlar yollar, demiryollar\u0131, petrol boru hatlar\u0131,<\/p>\n","protected":false},"author":29,"featured_media":42619,"comment_status":"open","ping_status":"closed","sticky":false,"template":"","format":"standard","meta":{"advanced_seo_description":"","jetpack_seo_html_title":"","jetpack_seo_noindex":false,"jetpack_seo_schema_type":"","_jetpack_newsletter_access":"","_jetpack_dont_email_post_to_subs":false,"_jetpack_newsletter_tier_id":0,"_jetpack_memberships_contains_paywalled_content":false,"_jetpack_feature_clip_id":0,"_jetpack_memberships_contains_paid_content":false,"footnotes":"","jetpack_post_was_ever_published":false},"categories":[1,4],"tags":[30,873],"class_list":["post-60395","post","type-post","status-publish","format-standard","has-post-thumbnail","hentry","category-haberler","category-siyaset","tag-bulgaristan","tag-nato"],"jetpack_sharing_enabled":true,"jetpack_likes_enabled":true,"jetpack-related-posts":[],"jetpack_shortlink":"https:\/\/wp.me\/pc2PfJ-fI7","jetpack_featured_media_url":"https:\/\/i0.wp.com\/www.bghaber.org\/bghaber\/wp-content\/uploads\/2019\/12\/nato-bayraklar-londra.jpg?fit=925%2C520&ssl=1","_links":{"self":[{"href":"https:\/\/www.bghaber.org\/bghaber\/wp-json\/wp\/v2\/posts\/60395","targetHints":{"allow":["GET"]}}],"collection":[{"href":"https:\/\/www.bghaber.org\/bghaber\/wp-json\/wp\/v2\/posts"}],"about":[{"href":"https:\/\/www.bghaber.org\/bghaber\/wp-json\/wp\/v2\/types\/post"}],"author":[{"embeddable":true,"href":"https:\/\/www.bghaber.org\/bghaber\/wp-json\/wp\/v2\/users\/29"}],"replies":[{"embeddable":true,"href":"https:\/\/www.bghaber.org\/bghaber\/wp-json\/wp\/v2\/comments?post=60395"}],"version-history":[{"count":0,"href":"https:\/\/www.bghaber.org\/bghaber\/wp-json\/wp\/v2\/posts\/60395\/revisions"}],"wp:featuredmedia":[{"embeddable":true,"href":"https:\/\/www.bghaber.org\/bghaber\/wp-json\/wp\/v2\/media\/42619"}],"wp:attachment":[{"href":"https:\/\/www.bghaber.org\/bghaber\/wp-json\/wp\/v2\/media?parent=60395"}],"wp:term":[{"taxonomy":"category","embeddable":true,"href":"https:\/\/www.bghaber.org\/bghaber\/wp-json\/wp\/v2\/categories?post=60395"},{"taxonomy":"post_tag","embeddable":true,"href":"https:\/\/www.bghaber.org\/bghaber\/wp-json\/wp\/v2\/tags?post=60395"}],"curies":[{"name":"wp","href":"https:\/\/api.w.org\/{rel}","templated":true}]}}