{"id":60178,"date":"2023-12-30T16:11:03","date_gmt":"2023-12-30T13:11:03","guid":{"rendered":"https:\/\/www.bghaber.org\/bghaber\/?p=60178"},"modified":"2023-12-30T16:11:08","modified_gmt":"2023-12-30T13:11:08","slug":"bulgaristanda-2023-yilinda-uretim-ve-satislarda-dusus-kaydedildi","status":"publish","type":"post","link":"https:\/\/www.bghaber.org\/bghaber\/bulgaristanda-2023-yilinda-uretim-ve-satislarda-dusus-kaydedildi\/","title":{"rendered":"Bulgaristan&#8217;da 2023 y\u0131l\u0131nda \u00fcretim ve sat\u0131\u015flarda d\u00fc\u015f\u00fc\u015f kaydedildi"},"content":{"rendered":"\n<p class=\"wp-block-paragraph\">Bulgaristan Ticaret Odas\u0131\u2019n\u0131n 2023 y\u0131l\u0131 i\u015f ortam\u0131 de\u011ferlendirmesine y\u00f6nelik y\u0131ll\u0131k ara\u015ft\u0131rma sonu\u00e7lar\u0131na g\u00f6re Bulgaristan\u2019daki \u015firketlerin \u00fcretim ve sat\u0131\u015flar\u0131nda ciddi bir d\u00fc\u015f\u00fc\u015f var. En az etkilenenler \u015firketlerin y\u00fczde 70\u2019inde artan gelirler oldu.<\/p>\n\n\n\n<p class=\"wp-block-paragraph\">Son y\u0131llarda biriken krizler nedeniyle&nbsp;<strong>\u015firketler<\/strong>&nbsp;<strong>2019 kriz \u00f6ncesine g\u00f6re daha d\u00fc\u015f\u00fck g\u00f6stergeler kaydetti<\/strong>.&nbsp;<strong>\u0130\u015f d\u00fcnyas\u0131na g\u00f6re, \u00fc<\/strong><strong>retim, sat\u0131\u015f ve d\u0131\u015f pazar hacimleri d\u00fc\u015f\u00fcyor ancak gelirler art\u0131yor<\/strong>.<\/p>\n\n\n\n<p class=\"wp-block-paragraph\">Ankete kat\u0131lanlar\u0131n\u00a0<strong>y\u00fczde 85\u2019i, maa\u015flarda\u00a0y\u00fczde 65, yemek kuponlar\u0131nda y\u00fczde 16, y\u0131ll\u0131k ikramiyelerde y\u00fczde 12 ve \u00fc\u00e7 ayl\u0131k ikramiyelerde y\u00fczde 7 oran\u0131nda art\u0131\u015fla \u00e7al\u0131\u015fanlar\u0131n\u0131n \u00fccretlerindeki enflasyonu dengelediklerini\u00a0payla\u015ft\u0131<\/strong>.<\/p>\n\n\n\n<p class=\"wp-block-paragraph\"><\/p>\n\n\n\n<p class=\"wp-block-paragraph\">BNR<\/p>\n<div id=\"bghab-2242923588\" class=\"bghab-yazi-altinda bghab-entity-placement\"><script async src=\"https:\/\/pagead2.googlesyndication.com\/pagead\/js\/adsbygoogle.js\"><\/script>\r\n<!-- bghaber-yaz\u0131-sonu -->\r\n<ins class=\"adsbygoogle\"\r\n     style=\"display:block\"\r\n     data-ad-client=\"ca-pub-6203283170189293\"\r\n     data-ad-slot=\"4222328180\"\r\n     data-ad-format=\"auto\"\r\n     data-full-width-responsive=\"true\"><\/ins>\r\n<script>\r\n     (adsbygoogle = window.adsbygoogle || []).push({});\r\n<\/script><\/div><br style=\"clear: both; display: block; float: none;\"\/>","protected":false},"excerpt":{"rendered":"<p>Bulgaristan Ticaret Odas\u0131\u2019n\u0131n 2023 y\u0131l\u0131 i\u015f ortam\u0131 de\u011ferlendirmesine y\u00f6nelik y\u0131ll\u0131k ara\u015ft\u0131rma sonu\u00e7lar\u0131na g\u00f6re Bulgaristan\u2019daki \u015firketlerin \u00fcretim ve sat\u0131\u015flar\u0131nda ciddi bir d\u00fc\u015f\u00fc\u015f var. En az etkilenenler<\/p>\n","protected":false},"author":29,"featured_media":11849,"comment_status":"open","ping_status":"closed","sticky":false,"template":"","format":"standard","meta":{"advanced_seo_description":"","jetpack_seo_html_title":"","jetpack_seo_noindex":false,"jetpack_seo_schema_type":"","_jetpack_newsletter_access":"","_jetpack_dont_email_post_to_subs":false,"_jetpack_newsletter_tier_id":0,"_jetpack_memberships_contains_paywalled_content":false,"_jetpack_feature_clip_id":0,"_jetpack_memberships_contains_paid_content":false,"footnotes":"","jetpack_post_was_ever_published":false},"categories":[9,1],"tags":[30],"class_list":["post-60178","post","type-post","status-publish","format-standard","has-post-thumbnail","hentry","category-ekonomi","category-haberler","tag-bulgaristan"],"jetpack_sharing_enabled":true,"jetpack_likes_enabled":true,"jetpack-related-posts":[],"jetpack_shortlink":"https:\/\/wp.me\/pc2PfJ-fEC","jetpack_featured_media_url":"https:\/\/i0.wp.com\/www.bghaber.org\/bghaber\/wp-content\/uploads\/2014\/10\/129.jpg?fit=850%2C478&ssl=1","_links":{"self":[{"href":"https:\/\/www.bghaber.org\/bghaber\/wp-json\/wp\/v2\/posts\/60178","targetHints":{"allow":["GET"]}}],"collection":[{"href":"https:\/\/www.bghaber.org\/bghaber\/wp-json\/wp\/v2\/posts"}],"about":[{"href":"https:\/\/www.bghaber.org\/bghaber\/wp-json\/wp\/v2\/types\/post"}],"author":[{"embeddable":true,"href":"https:\/\/www.bghaber.org\/bghaber\/wp-json\/wp\/v2\/users\/29"}],"replies":[{"embeddable":true,"href":"https:\/\/www.bghaber.org\/bghaber\/wp-json\/wp\/v2\/comments?post=60178"}],"version-history":[{"count":0,"href":"https:\/\/www.bghaber.org\/bghaber\/wp-json\/wp\/v2\/posts\/60178\/revisions"}],"wp:featuredmedia":[{"embeddable":true,"href":"https:\/\/www.bghaber.org\/bghaber\/wp-json\/wp\/v2\/media\/11849"}],"wp:attachment":[{"href":"https:\/\/www.bghaber.org\/bghaber\/wp-json\/wp\/v2\/media?parent=60178"}],"wp:term":[{"taxonomy":"category","embeddable":true,"href":"https:\/\/www.bghaber.org\/bghaber\/wp-json\/wp\/v2\/categories?post=60178"},{"taxonomy":"post_tag","embeddable":true,"href":"https:\/\/www.bghaber.org\/bghaber\/wp-json\/wp\/v2\/tags?post=60178"}],"curies":[{"name":"wp","href":"https:\/\/api.w.org\/{rel}","templated":true}]}}