{"id":60161,"date":"2023-12-28T06:50:45","date_gmt":"2023-12-28T03:50:45","guid":{"rendered":"https:\/\/www.bghaber.org\/bghaber\/?p=60161"},"modified":"2023-12-28T14:21:40","modified_gmt":"2023-12-28T11:21:40","slug":"kirca-ali-efsanesi-kitabi-cikti","status":"publish","type":"post","link":"https:\/\/www.bghaber.org\/bghaber\/kirca-ali-efsanesi-kitabi-cikti\/","title":{"rendered":"K\u0131rca-Ali Efsanesi Kitab\u0131 \u00c7\u0131kt\u0131"},"content":{"rendered":"<div class=\"top-block\">\n<div class=\"pr_description\">\n<div id=\"description_text\" class=\"readmore-js-section readmore-js-expanded\"><strong><span class=\"info__text\">KIRCA AL\u0130 EFSANES\u0130 &#8211; Unutulmu\u015f Tarihin Torunlar\u0131<\/span><\/strong><\/div>\n<div class=\"readmore-js-section readmore-js-expanded\"><span class=\"info__text\">Bu kitap, tarih sahnesinde unutulmu\u015f bir kahraman\u0131n \u00f6yk\u00fcs\u00fcn\u00fc g\u00fcn y\u00fcz\u00fcne \u00e7\u0131karmak, onun azim dolu ya\u015fam\u0131n\u0131 ve vatan sevgisiyle \u015fekillenen \u00f6rnek duru\u015funu anlatmak amac\u0131yla kaleme al\u0131nm\u0131\u015ft\u0131r. K\u0131rcaali&#8217;nin kurulu\u015funa damgas\u0131n\u0131 vuran bu b\u00fcy\u00fck \u015fahsiyet, ad\u0131yla an\u0131lan \u015fehrin \u00f6zde\u015fle\u015fmi\u015f sembol\u00fc haline gelmi\u015ftir.<\/span><\/div>\n<div class=\"readmore-js-section readmore-js-expanded\"><span class=\"info__text\"><br \/>\nTarihin derinliklerinde ke\u015ffedilmeyi, g\u00fcn y\u00fcz\u00fcne \u00e7\u0131kar\u0131lmay\u0131 bekleyen pek \u00e7ok kahramanl\u0131k hik\u00e2yesi vard\u0131r. Bu hik\u00e2yelerin i\u00e7inde \u00f6yle isimler vard\u0131r ki, onlar\u0131n ya\u015famlar\u0131 ve m\u00fccadeleleri sadece bir toplulu\u011fun de\u011fil, b\u00fct\u00fcn bir milletin kaderini etkiler i\u015fte K\u0131rc\u0131lar\u0131n Ali, Ali Bey de bu kahraman isimlerden biridir. Bu kitap, onun hayat\u0131n\u0131, m\u00fccadelesini ve K\u0131rcaali&#8217;nin temellerini atmaktaki rol\u00fcn\u00fc anlatmay\u0131 ama\u00e7lar.<br \/>\nTarih, insanl\u0131\u011f\u0131n ge\u00e7mi\u015fini ve kimli\u011fini ayd\u0131nlatan, gelece\u011fe y\u00f6n veren \u00f6nemli bir pusula gibidir.<\/span><\/div>\n<div class=\"readmore-js-section readmore-js-expanded\"><span class=\"info__text\"><br \/>\nBu pusula \u00fczerinde nice kahramanl\u0131k destanlar\u0131, medeniyetlerin y\u00fckseli\u015fi ve d\u00fc\u015f\u00fc\u015f\u00fc yaz\u0131l\u0131d\u0131r. K\u0131rcaali&#8217;nin \u00d6zbekistan&#8217;\u0131n Buhara kentinden Ahlat&#8217;a, oradan Balkanlara uzanan yolculu\u011fu, K\u0131rcaali&#8217;nin \u015fehrinin kurulu\u015f \u00f6yk\u00fcs\u00fc de tarihteki yerini alm\u0131\u015ft\u0131r. \u00d6nemli olan, bu alt\u0131n sayfalarla, kahramanlarla milleti tan\u0131\u015ft\u0131rabilmektir. Bu kitap, K\u0131rcaali&#8217;nin \u015fehrinin kurucusu, ayn\u0131 zamanda T\u00fcrk milletinin tarihine damgas\u0131n\u0131 vurmu\u015f bir kahraman olan K\u0131rcaali&#8217;nin hayat hikayesini anlatmak i\u00e7in kaleme al\u0131nm\u0131\u015ft\u0131n Onun ya\u015fam\u0131 ve \u00e7abalar\u0131, sadece bir \u015fehrin do\u011fu\u015funu de\u011fil, ayn\u0131 zamanda bir milletin m\u00fccadelesini, birli\u011fini ve azmini yans\u0131tmaktad\u0131r.<\/span><\/div>\n<div class=\"readmore-js-section readmore-js-expanded\"><span class=\"info__text\"><br \/>\nBu kitap, K\u0131rcaali&#8217;nin kurulu\u015f \u00f6yk\u00fcs\u00fcne odaklanarak \u015fehrin k\u00f6klerine ve kimli\u011fine \u0131\u015f\u0131k tutmay\u0131 ama\u00e7lamaktad\u0131r. K\u0131rcaali&#8217;nin temellerini atan b\u00fcy\u00fck bir \u015fahsiyetin hayat hik\u00e2yesi, esasen bir vatan sevgisi ve kahramanl\u0131k hik\u00e2yesidir. Bu y\u00f6n\u00fcyle kitap, K\u0131rcaali&#8217;nin \u015fahs\u0131nda T\u00fcrk \u0130slam tarihinin \u00f6zellikle Anadolu&#8217;dan Balkanlara uzanan <strong>&#8220;\u0130lay-\u0131 Kelimetullah-K\u0131z\u0131lelma&#8221;<\/strong> \u00fclk\u00fcs\u00fc ve sevdas\u0131 ile \u00e7ileli yolculu\u011fu ve muzafferiydin s\u0131rlar\u0131n\u0131 aralamay\u0131 ama\u00e7lamaktad\u0131r.<br \/>\n<\/span><\/div>\n<\/div>\n<\/div>\n<div><\/div>\n<div><strong>T\u00fcrk\u2019\u00fcn \u00dclk\u00fcs\u00fc KIZILELMA<\/strong><br \/>\n<strong>Hedef;<\/strong> G\u00fcne\u015fin Do\u011fdu\u011fu Yerden, G\u00fcne\u015fin Batt\u0131\u011f\u0131 Yere Kadard\u0131r!<\/div>\n<div><\/div>\n<div><strong>Bulgaristan T\u00fcrkleri &#8211; Biz kimiz<\/strong><\/div>\n<div><em>144 y\u0131ldan beri Bulgaristan Vatanda\u015f\u0131y\u0131m, ama 7000 y\u0131ldan beri T\u00fcrk\u2019\u00fcm.<\/em><br \/>\n<strong>Ad\u0131m\u0131z :<\/strong> Bulgaristan T\u00fcrk\u00fc &#8211; \/ Evlad-\u0131 Fatihan<br \/>\n<strong>Soyad\u0131m\u0131z :<\/strong> T\u00dcRK (O\u011fuz T\u00fcrk\u00fc)<br \/>\n<strong>Do\u011fumyeri :<\/strong> Ergenekon (Tanr\u0131 da\u011flar\u0131)<br \/>\n<strong>\u0130kametg\u00e2h\u0131 :<\/strong> Avrupa (Bulgaristan)<br \/>\n<strong>Karde\u015fleri :<\/strong> Macar, Bulgar, Gagauz<br \/>\n<strong>Ata ad\u0131 :<\/strong> Mete Han<br \/>\n<strong>Dili :<\/strong> T\u00fcrk\u00e7e \/ T\u00fcrkiye T\u00fcrk\u00e7esi\/<br \/>\n<strong>Dinimiz :<\/strong> \u0130sl\u00e2m<br \/>\n<strong>Hedefimiz :<\/strong> K\u0131z\u0131l Elma (G\u00fcne\u015fin do\u011fudu yerden &#8211; G\u00fcne\u015fin batt\u0131\u011f\u0131 yere)<\/div>\n<div><\/div>\n<div><strong>TAR\u0130H\u0130 SEVMEK<\/strong><br \/>\n<strong>Ey Y\u00fcce T\u00dcRK! &#8230;<\/strong><\/div>\n<div><em>Seni anlamak, seni tan\u0131mak,<\/em><br \/>\n<em>Seni tan\u0131mlamak, sana ula\u015fmak i\u00e7in<\/em><br \/>\n<em>Bu kadar u\u011fra\u015fa, eme\u011fe k\u00fclfete gerek var m\u0131?<\/em><br \/>\n<em>Senin erdemin, senin \u00f6zverin,<\/em><br \/>\n<em>\u0130nand\u0131\u011f\u0131n ilkelerin, tarihi ve k\u00fclt\u00fcr miras\u0131n,<\/em><br \/>\n<em>Olu\u015fturdu\u011fun de\u011ferlerin, bilim ve sanat a\u015fk\u0131n,<\/em><br \/>\n<em>\u0130nsanl\u0131k d\u00fcnyas\u0131na ve medeniyetine yapt\u0131\u011f\u0131n katk\u0131lar\u0131n,<\/em><br \/>\n<em>H\u00fcrriyet ve istiklalin, namusun ve onurun u\u011fruna<\/em><br \/>\n<em>Her millete \u00f6rnek olan m\u00fccadelelerin,<\/em><br \/>\n<em>Sabr\u0131n, vefak\u00e2rl\u0131\u011f\u0131n, konuk severli\u011fin,<\/em><br \/>\n<em>Binlerce y\u0131ll\u0131k tarihin ve y\u00fcksek insani ideallerin<\/em><br \/>\n<em>B\u00fct\u00fcn kalplerde ve zihinlerde yaz\u0131l\u0131 de\u011fil mi?<\/em><br \/>\n<em><strong>Ertu\u011frul \u00d6KTE<\/strong><\/em><\/div>\n<div><\/div>\n<div><\/div>\n<div>Almak \u0130steyenler buradan alabilirler:<\/div>\n<div><\/div>\n<div><a href=\"https:\/\/www.kitapyurdu.com\/kitap\/kircaali-efsanesi\/669535.html&amp;path=1_41\">https:\/\/www.kitapyurdu.com\/kitap\/kircaali-efsanesi\/669535.html&amp;path=1_41\u00a0<\/a><\/div>\n<div class=\"bottom-block\">\n<div class=\"pr_attributes\">\n<hr \/>\n<div class=\"attributes\">\n<table>\n<tbody>\n<tr>\n<td>Yay\u0131n Tarihi:<\/td>\n<td>26.12.2023<\/td>\n<\/tr>\n<tr>\n<td>Liste Fiyat\u0131:<\/td>\n<td>180,00<\/td>\n<\/tr>\n<tr>\n<td>ISBN:<\/td>\n<td>9786056783623<\/td>\n<\/tr>\n<tr>\n<td>Dil:<\/td>\n<td>T\u00dcRK\u00c7E<\/td>\n<\/tr>\n<tr>\n<td>Sayfa Say\u0131s\u0131:<\/td>\n<td>244<\/td>\n<\/tr>\n<tr>\n<td>Cilt Tipi:<\/td>\n<td>Karton Kapak<\/td>\n<\/tr>\n<tr>\n<td>Ka\u011f\u0131t Cinsi:<\/td>\n<td>Kitap Ka\u011f\u0131d\u0131<\/td>\n<\/tr>\n<tr>\n<td>Boyut:<\/td>\n<td>13.5 x 21 cm<\/td>\n<\/tr>\n<\/tbody>\n<\/table>\n<\/div>\n<\/div>\n<\/div>\n<div id=\"bghab-1123535440\" class=\"bghab-yazi-altinda bghab-entity-placement\"><script async src=\"https:\/\/pagead2.googlesyndication.com\/pagead\/js\/adsbygoogle.js\"><\/script>\r\n<!-- bghaber-yaz\u0131-sonu -->\r\n<ins class=\"adsbygoogle\"\r\n     style=\"display:block\"\r\n     data-ad-client=\"ca-pub-6203283170189293\"\r\n     data-ad-slot=\"4222328180\"\r\n     data-ad-format=\"auto\"\r\n     data-full-width-responsive=\"true\"><\/ins>\r\n<script>\r\n     (adsbygoogle = window.adsbygoogle || []).push({});\r\n<\/script><\/div><br style=\"clear: both; display: block; float: none;\"\/>","protected":false},"excerpt":{"rendered":"<p>KIRCA AL\u0130 EFSANES\u0130 &#8211; Unutulmu\u015f Tarihin Torunlar\u0131 Bu kitap, tarih sahnesinde unutulmu\u015f bir kahraman\u0131n \u00f6yk\u00fcs\u00fcn\u00fc g\u00fcn y\u00fcz\u00fcne \u00e7\u0131karmak, onun azim dolu ya\u015fam\u0131n\u0131 ve vatan sevgisiyle<\/p>\n","protected":false},"author":13,"featured_media":60162,"comment_status":"open","ping_status":"closed","sticky":false,"template":"","format":"standard","meta":{"advanced_seo_description":"","jetpack_seo_html_title":"","jetpack_seo_noindex":false,"jetpack_seo_schema_type":"","_jetpack_newsletter_access":"","_jetpack_dont_email_post_to_subs":false,"_jetpack_newsletter_tier_id":0,"_jetpack_memberships_contains_paywalled_content":false,"_jetpack_feature_clip_id":0,"_jetpack_memberships_contains_paid_content":false,"footnotes":"","jetpack_post_was_ever_published":false},"categories":[1133,10],"tags":[],"class_list":["post-60161","post","type-post","status-publish","format-standard","has-post-thumbnail","hentry","category-duyuru","category-kultur-sanat"],"jetpack_sharing_enabled":true,"jetpack_likes_enabled":true,"jetpack-related-posts":[],"jetpack_shortlink":"https:\/\/wp.me\/pc2PfJ-fEl","jetpack_featured_media_url":"https:\/\/i0.wp.com\/www.bghaber.org\/bghaber\/wp-content\/uploads\/2023\/12\/kircaali-efsanesi-kitap.jpg?fit=1080%2C1080&ssl=1","_links":{"self":[{"href":"https:\/\/www.bghaber.org\/bghaber\/wp-json\/wp\/v2\/posts\/60161","targetHints":{"allow":["GET"]}}],"collection":[{"href":"https:\/\/www.bghaber.org\/bghaber\/wp-json\/wp\/v2\/posts"}],"about":[{"href":"https:\/\/www.bghaber.org\/bghaber\/wp-json\/wp\/v2\/types\/post"}],"author":[{"embeddable":true,"href":"https:\/\/www.bghaber.org\/bghaber\/wp-json\/wp\/v2\/users\/13"}],"replies":[{"embeddable":true,"href":"https:\/\/www.bghaber.org\/bghaber\/wp-json\/wp\/v2\/comments?post=60161"}],"version-history":[{"count":0,"href":"https:\/\/www.bghaber.org\/bghaber\/wp-json\/wp\/v2\/posts\/60161\/revisions"}],"wp:featuredmedia":[{"embeddable":true,"href":"https:\/\/www.bghaber.org\/bghaber\/wp-json\/wp\/v2\/media\/60162"}],"wp:attachment":[{"href":"https:\/\/www.bghaber.org\/bghaber\/wp-json\/wp\/v2\/media?parent=60161"}],"wp:term":[{"taxonomy":"category","embeddable":true,"href":"https:\/\/www.bghaber.org\/bghaber\/wp-json\/wp\/v2\/categories?post=60161"},{"taxonomy":"post_tag","embeddable":true,"href":"https:\/\/www.bghaber.org\/bghaber\/wp-json\/wp\/v2\/tags?post=60161"}],"curies":[{"name":"wp","href":"https:\/\/api.w.org\/{rel}","templated":true}]}}