{"id":60158,"date":"2023-12-28T06:38:53","date_gmt":"2023-12-28T03:38:53","guid":{"rendered":"https:\/\/www.bghaber.org\/bghaber\/?p=60158"},"modified":"2023-12-28T06:38:53","modified_gmt":"2023-12-28T03:38:53","slug":"gercek-demokratik-bir-bulgaristan-icin","status":"publish","type":"post","link":"https:\/\/www.bghaber.org\/bghaber\/gercek-demokratik-bir-bulgaristan-icin\/","title":{"rendered":"GER\u00c7EK DEMOKRAT\u0130K B\u0130R BULGAR\u0130STAN \u0130\u00c7\u0130N\u2026"},"content":{"rendered":"<p>Bulgaristan siyasetine \u00e7ift vatanda\u015flar\u0131n se\u00e7ilme hakk\u0131, \u00fclkenin kritik d\u00f6neme\u00e7lerinde \u00f6nemli bir de\u011fer kazan\u0131yor. Bu ad\u0131m, h\u00fck\u00fcmetin vatanda\u015flar\u0131na sahip \u00e7\u0131kma refleksiyle toplumsal bar\u0131\u015f ve huzur i\u00e7in k\u0131ymetli bir ad\u0131m olarak g\u00f6r\u00fcl\u00fcyor.<\/p>\n<p>Bu cesur ad\u0131m, ger\u00e7ek bir de\u011fi\u015fimin fitilini ate\u015flemekte. H\u00fck\u00fcmetin, \u00fclkenin tamam\u0131n\u0131n kat\u0131l\u0131m\u0131yla y\u00f6netilmesi niyeti, e\u015fitlik ve toplumsal bar\u0131\u015fa ciddi bir katk\u0131 sa\u011flayabilir.<\/p>\n<p>Bulgaristan d\u0131\u015f\u0131nda ya\u015fay\u0131p da \u00fclkenin meseleleriyle ilgilenen \u00e7ift vatanda\u015flar &#8211; akademisyenler, ara\u015ft\u0131rmac\u0131lar, i\u015f insanlar\u0131 &#8211; siyasete uyum sa\u011flamak ve \u00fclke siyasetine katk\u0131da bulunma \u00e7abas\u0131, Bulgaristan&#8217;\u0131n gelece\u011fi i\u00e7in kritik bir ad\u0131md\u0131r.<\/p>\n<p><strong>Bu kanunu iyi niyetli, olumlu ve gerekli de\u011ferlendiriyoruz fakat yeterli de\u011fildir.<\/strong><\/p>\n<p>Bu kanun, olumlu bir ad\u0131m olmakla birlikte yeterli de\u011fildir. 180 g\u00fcn ikamet \u015fart\u0131, kanunun amac\u0131n\u0131 s\u0131n\u0131rlay\u0131c\u0131 bir etki yapmaktad\u0131r. Bu nedenle, bu \u015fart\u0131n kald\u0131r\u0131lmas\u0131, kanunun hedeflerine daha fazla hizmet edebilecektir.<\/p><div id=\"bghab-944785316\" class=\"bghab-icerik-icine bghab-entity-placement\"><script async src=\"\/\/pagead2.googlesyndication.com\/pagead\/js\/adsbygoogle.js?client=ca-pub-6203283170189293\" crossorigin=\"anonymous\"><\/script><ins class=\"adsbygoogle\" style=\"display:block; text-align:center;\" data-ad-client=\"ca-pub-6203283170189293\" \ndata-ad-slot=\"7303146466\" \ndata-ad-layout=\"in-article\"\ndata-ad-format=\"fluid\" data-full-width-responsive=\"true\"><\/ins>\n<script> \n(adsbygoogle = window.adsbygoogle || []).push({}); \n<\/script>\n<\/div>\n<p><strong>Bulgaristan halk\u0131n\u0131n hak etti\u011fi bu ve benzeri teklif ve giri\u015fimleri demokratikle\u015fme yolunda do\u011fru buluyoruz, destekliyoruz.<\/strong><\/p>\n<p>Bulgaristan halk\u0131n\u0131n hak etti\u011fi demokratikle\u015fme \u00e7abalar\u0131n\u0131 destekliyoruz ve benzer teklif ve giri\u015fimlerin, \u00fclkenin demokratik yap\u0131s\u0131n\u0131 g\u00fc\u00e7lendirece\u011fine inan\u0131yoruz.<\/p>\n<p><strong>Bulgaristan<\/strong><strong>\u2019da birlik mesajlar\u0131 \u00f6nemlidir.<\/strong><strong>.<\/strong><\/p>\n<p>Toplumsal huzura katk\u0131 sa\u011flamayan, di\u011fer etnik kimlikleri rahats\u0131z eden \u00f6zel g\u00fcn kutlamalar\u0131 yerine, adalet ve e\u015fitlik duygusuna destek olacak ad\u0131mlar at\u0131lmas\u0131 \u00f6nemlidir. Ayr\u0131ca, K\u0131rcaali \u015fehrinde eski Georgi Dimitrov&#8217;un an\u0131t\u0131n\u0131n yerine Aleksand\u0131r Stanboliyski&#8217;nin an\u0131t\u0131 yap\u0131lmas\u0131, Bulgaristan&#8217;da T\u00fcrkler ile Bulgarlar\u0131 birle\u015ftiren ortak bir fig\u00fcr olan Stanboliyski&#8217;nin \u00f6nemine vurgu yapacakt\u0131r.<\/p>\n<p>BULT\u00dcRK ve BGSAM olarak, Bulgaristan siyasetine destek vermek ve bu y\u00f6nde i\u015fbirli\u011fi yapmak iste\u011fimizi belirtmek isteriz. \u00dclkemizin demokratik ve birle\u015ftirici bir gelece\u011fi i\u00e7in her t\u00fcrl\u00fc ad\u0131mda i\u015fbirli\u011fi yapmaya haz\u0131r\u0131z.<\/p><div id=\"bghab-3769608758\" class=\"bghab-icerik-icine-10-paragraf bghab-entity-placement\"><script async src=\"\/\/pagead2.googlesyndication.com\/pagead\/js\/adsbygoogle.js?client=ca-pub-6203283170189293\" crossorigin=\"anonymous\"><\/script><ins class=\"adsbygoogle\" style=\"display:block; text-align:center;\" data-ad-client=\"ca-pub-6203283170189293\" \ndata-ad-slot=\"7303146466\" \ndata-ad-layout=\"in-article\"\ndata-ad-format=\"fluid\" data-full-width-responsive=\"true\"><\/ins>\n<script> \n(adsbygoogle = window.adsbygoogle || []).push({}); \n<\/script>\n<\/div>\n<p>Sayg\u0131lar\u0131m\u0131zla,<\/p>\n<p>Rafet ULUT\u00dcRK<\/p>\n<div id=\"bghab-529310878\" class=\"bghab-yazi-altinda bghab-entity-placement\"><script async src=\"https:\/\/pagead2.googlesyndication.com\/pagead\/js\/adsbygoogle.js\"><\/script>\r\n<!-- bghaber-yaz\u0131-sonu -->\r\n<ins class=\"adsbygoogle\"\r\n     style=\"display:block\"\r\n     data-ad-client=\"ca-pub-6203283170189293\"\r\n     data-ad-slot=\"4222328180\"\r\n     data-ad-format=\"auto\"\r\n     data-full-width-responsive=\"true\"><\/ins>\r\n<script>\r\n     (adsbygoogle = window.adsbygoogle || []).push({});\r\n<\/script><\/div><br style=\"clear: both; display: block; float: none;\"\/>","protected":false},"excerpt":{"rendered":"<p>Bulgaristan siyasetine \u00e7ift vatanda\u015flar\u0131n se\u00e7ilme hakk\u0131, \u00fclkenin kritik d\u00f6neme\u00e7lerinde \u00f6nemli bir de\u011fer kazan\u0131yor. Bu ad\u0131m, h\u00fck\u00fcmetin vatanda\u015flar\u0131na sahip \u00e7\u0131kma refleksiyle toplumsal bar\u0131\u015f ve huzur i\u00e7in<\/p>\n","protected":false},"author":13,"featured_media":60159,"comment_status":"open","ping_status":"closed","sticky":false,"template":"","format":"standard","meta":{"advanced_seo_description":"","jetpack_seo_html_title":"","jetpack_seo_noindex":false,"jetpack_seo_schema_type":"","_jetpack_newsletter_access":"","_jetpack_dont_email_post_to_subs":false,"_jetpack_newsletter_tier_id":0,"_jetpack_memberships_contains_paywalled_content":false,"_jetpack_feature_clip_id":0,"_jetpack_memberships_contains_paid_content":false,"footnotes":"","jetpack_post_was_ever_published":false},"categories":[6],"tags":[],"class_list":["post-60158","post","type-post","status-publish","format-standard","has-post-thumbnail","hentry","category-yorum"],"jetpack_sharing_enabled":true,"jetpack_likes_enabled":true,"jetpack-related-posts":[],"jetpack_shortlink":"https:\/\/wp.me\/pc2PfJ-fEi","jetpack_featured_media_url":"https:\/\/i0.wp.com\/www.bghaber.org\/bghaber\/wp-content\/uploads\/2023\/12\/bulgaristan-haritasi-dunyada.jpg?fit=1024%2C1024&ssl=1","_links":{"self":[{"href":"https:\/\/www.bghaber.org\/bghaber\/wp-json\/wp\/v2\/posts\/60158","targetHints":{"allow":["GET"]}}],"collection":[{"href":"https:\/\/www.bghaber.org\/bghaber\/wp-json\/wp\/v2\/posts"}],"about":[{"href":"https:\/\/www.bghaber.org\/bghaber\/wp-json\/wp\/v2\/types\/post"}],"author":[{"embeddable":true,"href":"https:\/\/www.bghaber.org\/bghaber\/wp-json\/wp\/v2\/users\/13"}],"replies":[{"embeddable":true,"href":"https:\/\/www.bghaber.org\/bghaber\/wp-json\/wp\/v2\/comments?post=60158"}],"version-history":[{"count":0,"href":"https:\/\/www.bghaber.org\/bghaber\/wp-json\/wp\/v2\/posts\/60158\/revisions"}],"wp:featuredmedia":[{"embeddable":true,"href":"https:\/\/www.bghaber.org\/bghaber\/wp-json\/wp\/v2\/media\/60159"}],"wp:attachment":[{"href":"https:\/\/www.bghaber.org\/bghaber\/wp-json\/wp\/v2\/media?parent=60158"}],"wp:term":[{"taxonomy":"category","embeddable":true,"href":"https:\/\/www.bghaber.org\/bghaber\/wp-json\/wp\/v2\/categories?post=60158"},{"taxonomy":"post_tag","embeddable":true,"href":"https:\/\/www.bghaber.org\/bghaber\/wp-json\/wp\/v2\/tags?post=60158"}],"curies":[{"name":"wp","href":"https:\/\/api.w.org\/{rel}","templated":true}]}}