{"id":60152,"date":"2023-12-28T02:18:20","date_gmt":"2023-12-27T23:18:20","guid":{"rendered":"https:\/\/www.bghaber.org\/bghaber\/?p=60152"},"modified":"2023-12-28T02:18:24","modified_gmt":"2023-12-27T23:18:24","slug":"bulgaristanda-isletmeler-devlet-duzenlemeleri-ve-personel-eksikliginden-sikayetci","status":"publish","type":"post","link":"https:\/\/www.bghaber.org\/bghaber\/bulgaristanda-isletmeler-devlet-duzenlemeleri-ve-personel-eksikliginden-sikayetci\/","title":{"rendered":"Bulgaristan&#8217;da \u0130\u015fletmeler Devlet D\u00fczenlemeleri ve Personel Eksikli\u011finden \u015eikayet\u00e7i"},"content":{"rendered":"\n<p class=\"wp-block-paragraph\">Bulgaristan Ticaret Odas\u0131&#8217;n\u0131n 2023 y\u0131l\u0131 i\u015f ortam\u0131yla ilgili yapt\u0131\u011f\u0131 ara\u015ft\u0131rma sonu\u00e7lar\u0131na g\u00f6re, kat\u0131lan y\u00f6neticilerin y\u00fczde 62&#8217;si a\u015f\u0131r\u0131 devlet d\u00fczenlemelerinden \u015fikayet ederken, i\u015fletmelerin y\u00fczde 61&#8217;i mevzuattaki s\u0131k de\u011fi\u015fikliklerden dolay\u0131 sorun ya\u015f\u0131yor.<\/p>\n\n\n\n<p class=\"wp-block-paragraph\">Ankete kat\u0131lanlar\u0131n y\u00fczde 59&#8217;u yolsuzlu\u011fu bir engel olarak g\u00f6r\u00fcrken, y\u00fczde 41&#8217;i adalet sistemi, y\u00fczde 43&#8217;\u00fc idari hizmetler ve elektronik hizmetlerin yetersizli\u011fi, y\u00fczde 15&#8217;i ise altyap\u0131n\u0131n durumundan memnun de\u011fil. Ankete kat\u0131lan her \u00fc\u00e7 ki\u015fiden biri, i\u015f d\u00fcnyas\u0131na kar\u015f\u0131 olumsuz bir tutumun a\u015f\u0131lanmas\u0131ndan rahats\u0131z oldu\u011funu belirtti. Ancak, 2023&#8217;\u00fcn en b\u00fcy\u00fck sorunu olarak personel eksikli\u011fi \u00f6ne \u00e7\u0131k\u0131yor; i\u015fverenlerin y\u00fczde 75&#8217;i eleman bulamad\u0131\u011f\u0131ndan \u015fikayet\u00e7i.<\/p>\n\n\n\n<p class=\"wp-block-paragraph\">Ara\u015ft\u0131rmaya g\u00f6re, 2021&#8217;de Bulgaristan&#8217;\u0131n Avro B\u00f6lgesi&#8217;ne kat\u0131lmas\u0131n\u0131 destekleyenlerin oran\u0131 y\u00fczde 47 iken, \u015fu anda bu oran y\u00fczde 60&#8217;a y\u00fckselmi\u015f durumda. &#8220;Karar veremiyorum&#8221; diyenlerin oran\u0131 ise y\u00fczde 27&#8217;den y\u00fczde 13&#8217;e d\u00fc\u015fm\u00fc\u015f.<\/p>\n\n\n\n<p class=\"wp-block-paragraph\"><\/p>\n\n\n\n<p class=\"wp-block-paragraph\">BG Haber<\/p>\n<div id=\"bghab-3099433639\" class=\"bghab-yazi-altinda bghab-entity-placement\"><script async src=\"https:\/\/pagead2.googlesyndication.com\/pagead\/js\/adsbygoogle.js\"><\/script>\r\n<!-- bghaber-yaz\u0131-sonu -->\r\n<ins class=\"adsbygoogle\"\r\n     style=\"display:block\"\r\n     data-ad-client=\"ca-pub-6203283170189293\"\r\n     data-ad-slot=\"4222328180\"\r\n     data-ad-format=\"auto\"\r\n     data-full-width-responsive=\"true\"><\/ins>\r\n<script>\r\n     (adsbygoogle = window.adsbygoogle || []).push({});\r\n<\/script><\/div><br style=\"clear: both; display: block; float: none;\"\/>","protected":false},"excerpt":{"rendered":"<p>Bulgaristan Ticaret Odas\u0131&#8217;n\u0131n 2023 y\u0131l\u0131 i\u015f ortam\u0131yla ilgili yapt\u0131\u011f\u0131 ara\u015ft\u0131rma sonu\u00e7lar\u0131na g\u00f6re, kat\u0131lan y\u00f6neticilerin y\u00fczde 62&#8217;si a\u015f\u0131r\u0131 devlet d\u00fczenlemelerinden \u015fikayet ederken, i\u015fletmelerin y\u00fczde 61&#8217;i mevzuattaki<\/p>\n","protected":false},"author":29,"featured_media":60153,"comment_status":"open","ping_status":"closed","sticky":false,"template":"","format":"standard","meta":{"advanced_seo_description":"","jetpack_seo_html_title":"","jetpack_seo_noindex":false,"jetpack_seo_schema_type":"","_jetpack_newsletter_access":"","_jetpack_dont_email_post_to_subs":false,"_jetpack_newsletter_tier_id":0,"_jetpack_memberships_contains_paywalled_content":false,"_jetpack_feature_clip_id":0,"_jetpack_memberships_contains_paid_content":false,"footnotes":"","jetpack_post_was_ever_published":false},"categories":[9,1],"tags":[30],"class_list":["post-60152","post","type-post","status-publish","format-standard","has-post-thumbnail","hentry","category-ekonomi","category-haberler","tag-bulgaristan"],"jetpack_sharing_enabled":true,"jetpack_likes_enabled":true,"jetpack-related-posts":[],"jetpack_shortlink":"https:\/\/wp.me\/pc2PfJ-fEc","jetpack_featured_media_url":"https:\/\/i0.wp.com\/www.bghaber.org\/bghaber\/wp-content\/uploads\/2023\/12\/bulgaristanda-i%CC%87sletmeler-devlet-duzenlemeleri-ve-personel-eksikliginden-sikayetci.jpg?fit=925%2C520&ssl=1","_links":{"self":[{"href":"https:\/\/www.bghaber.org\/bghaber\/wp-json\/wp\/v2\/posts\/60152","targetHints":{"allow":["GET"]}}],"collection":[{"href":"https:\/\/www.bghaber.org\/bghaber\/wp-json\/wp\/v2\/posts"}],"about":[{"href":"https:\/\/www.bghaber.org\/bghaber\/wp-json\/wp\/v2\/types\/post"}],"author":[{"embeddable":true,"href":"https:\/\/www.bghaber.org\/bghaber\/wp-json\/wp\/v2\/users\/29"}],"replies":[{"embeddable":true,"href":"https:\/\/www.bghaber.org\/bghaber\/wp-json\/wp\/v2\/comments?post=60152"}],"version-history":[{"count":0,"href":"https:\/\/www.bghaber.org\/bghaber\/wp-json\/wp\/v2\/posts\/60152\/revisions"}],"wp:featuredmedia":[{"embeddable":true,"href":"https:\/\/www.bghaber.org\/bghaber\/wp-json\/wp\/v2\/media\/60153"}],"wp:attachment":[{"href":"https:\/\/www.bghaber.org\/bghaber\/wp-json\/wp\/v2\/media?parent=60152"}],"wp:term":[{"taxonomy":"category","embeddable":true,"href":"https:\/\/www.bghaber.org\/bghaber\/wp-json\/wp\/v2\/categories?post=60152"},{"taxonomy":"post_tag","embeddable":true,"href":"https:\/\/www.bghaber.org\/bghaber\/wp-json\/wp\/v2\/tags?post=60152"}],"curies":[{"name":"wp","href":"https:\/\/api.w.org\/{rel}","templated":true}]}}