{"id":60148,"date":"2023-12-28T01:10:53","date_gmt":"2023-12-27T22:10:53","guid":{"rendered":"https:\/\/www.bghaber.org\/bghaber\/?p=60148"},"modified":"2023-12-28T01:10:58","modified_gmt":"2023-12-27T22:10:58","slug":"cifte-vatandaslar-da-bakan-ve-milletvekili-olabilecek","status":"publish","type":"post","link":"https:\/\/www.bghaber.org\/bghaber\/cifte-vatandaslar-da-bakan-ve-milletvekili-olabilecek\/","title":{"rendered":"\u00c7ifte vatanda\u015flar da bakan ve milletvekili olabilecek"},"content":{"rendered":"\n<p class=\"wp-block-paragraph\">Anayasada de\u011fi\u015fiklikle Cumhurba\u015fkan\u0131 ge\u00e7ici h\u00fck\u00fcmet \u00fcyeleri se\u00e7imindeki yetkilerini k\u0131s\u0131tlad\u0131. Cumhurba\u015fkan\u0131 teknokrat h\u00fck\u00fcmet&nbsp;<strong>ba\u015fbakanlar\u0131n\u0131 bir listeden se\u00e7ecek<\/strong>&nbsp;ve o listede Y\u00fcksek \u0130stinaf Mahkemesi ba\u015fkan\u0131n\u0131n ismi yer almayacak.&nbsp;<\/p>\n\n\n\n<p class=\"wp-block-paragraph\">Bulgaristan&#8217;\u0131n Ge\u00e7ici h\u00fck\u00fcmet ba\u015fbakan\u0131\u00a0<strong>Parlamento Ba\u015fkan\u0131, Bulgar Merkez Bankas\u0131 ba\u015fkan\u0131 veya vekili, Say\u0131\u015ftay ba\u015fkan\u0131 veya vekili, ombudsman veya yard\u0131mc\u0131s\u0131<\/strong>\u00a0aras\u0131nda se\u00e7ilebilir.<\/p>\n\n\n\n<p class=\"wp-block-paragraph\">Halk Meclisinde \u00e7o\u011funluk Anayasada onaylanan de\u011fi\u015fikliklerden sonra milletvekili ve bakanlar\u0131n \u00e7ifte vatanda\u015f olmas\u0131na da imkan sa\u011fland\u0131.<strong>&nbsp;Milletvekilleri son 18 ay \u00fclkede ikamet etmi\u015f olmalar\u0131 \u015fart\u0131<\/strong>&nbsp;varken, bakanlar i\u00e7in b\u00f6yle bir \u015fart konulmad\u0131.<\/p>\n\n\n\n<p class=\"wp-block-paragraph\">PP- DB milletvekili Antoaneta Tsoneva karar\u0131 desteklerken: \u201cAB\u2019nin b\u00fct\u00fcn \u00fclkelerinden sadece biz Bulgar vatanda\u015flar\u0131na b\u00f6yle bir hak tan\u0131yoruz. Bunun zaman\u0131 geldi\u201d dedi. &nbsp;<\/p>\n\n\n\n<p class=\"wp-block-paragraph\">Muhalefet BSP Atanas Zafirov: \u201cMilli g\u00fcvenlik sistemine dev bir \u00e7atlak deldiniz\u201d dedi ve Anayasada de\u011fi\u015fikli\u011fe kar\u015f\u0131 \u015fikayet sunacaklar\u0131n\u0131 bildirdi.<\/p><div id=\"bghab-868610436\" class=\"bghab-icerik-icine bghab-entity-placement\"><script async src=\"\/\/pagead2.googlesyndication.com\/pagead\/js\/adsbygoogle.js?client=ca-pub-6203283170189293\" crossorigin=\"anonymous\"><\/script><ins class=\"adsbygoogle\" style=\"display:block; text-align:center;\" data-ad-client=\"ca-pub-6203283170189293\" \ndata-ad-slot=\"7303146466\" \ndata-ad-layout=\"in-article\"\ndata-ad-format=\"fluid\" data-full-width-responsive=\"true\"><\/ins>\n<script> \n(adsbygoogle = window.adsbygoogle || []).push({}); \n<\/script>\n<\/div>\n\n\n\n<p class=\"wp-block-paragraph\"><\/p>\n\n\n\n<p class=\"wp-block-paragraph\">BNR<\/p>\n<div id=\"bghab-1188282558\" class=\"bghab-yazi-altinda bghab-entity-placement\"><script async src=\"https:\/\/pagead2.googlesyndication.com\/pagead\/js\/adsbygoogle.js\"><\/script>\r\n<!-- bghaber-yaz\u0131-sonu -->\r\n<ins class=\"adsbygoogle\"\r\n     style=\"display:block\"\r\n     data-ad-client=\"ca-pub-6203283170189293\"\r\n     data-ad-slot=\"4222328180\"\r\n     data-ad-format=\"auto\"\r\n     data-full-width-responsive=\"true\"><\/ins>\r\n<script>\r\n     (adsbygoogle = window.adsbygoogle || []).push({});\r\n<\/script><\/div><br style=\"clear: both; display: block; float: none;\"\/>","protected":false},"excerpt":{"rendered":"<p>Anayasada de\u011fi\u015fiklikle Cumhurba\u015fkan\u0131 ge\u00e7ici h\u00fck\u00fcmet \u00fcyeleri se\u00e7imindeki yetkilerini k\u0131s\u0131tlad\u0131. Cumhurba\u015fkan\u0131 teknokrat h\u00fck\u00fcmet&nbsp;ba\u015fbakanlar\u0131n\u0131 bir listeden se\u00e7ecek&nbsp;ve o listede Y\u00fcksek \u0130stinaf Mahkemesi ba\u015fkan\u0131n\u0131n ismi yer almayacak.&nbsp; Bulgaristan&#8217;\u0131n<\/p>\n","protected":false},"author":29,"featured_media":1802,"comment_status":"open","ping_status":"closed","sticky":false,"template":"","format":"standard","meta":{"advanced_seo_description":"","jetpack_seo_html_title":"","jetpack_seo_noindex":false,"jetpack_seo_schema_type":"","_jetpack_newsletter_access":"","_jetpack_dont_email_post_to_subs":false,"_jetpack_newsletter_tier_id":0,"_jetpack_memberships_contains_paywalled_content":false,"_jetpack_feature_clip_id":0,"_jetpack_memberships_contains_paid_content":false,"footnotes":"","jetpack_post_was_ever_published":false},"categories":[1,4],"tags":[30],"class_list":["post-60148","post","type-post","status-publish","format-standard","has-post-thumbnail","hentry","category-haberler","category-siyaset","tag-bulgaristan"],"jetpack_sharing_enabled":true,"jetpack_likes_enabled":true,"jetpack-related-posts":[],"jetpack_shortlink":"https:\/\/wp.me\/pc2PfJ-fE8","jetpack_featured_media_url":"https:\/\/i0.wp.com\/www.bghaber.org\/bghaber\/wp-content\/uploads\/2013\/05\/bulgaristan-meclisi.jpg?fit=600%2C357&ssl=1","_links":{"self":[{"href":"https:\/\/www.bghaber.org\/bghaber\/wp-json\/wp\/v2\/posts\/60148","targetHints":{"allow":["GET"]}}],"collection":[{"href":"https:\/\/www.bghaber.org\/bghaber\/wp-json\/wp\/v2\/posts"}],"about":[{"href":"https:\/\/www.bghaber.org\/bghaber\/wp-json\/wp\/v2\/types\/post"}],"author":[{"embeddable":true,"href":"https:\/\/www.bghaber.org\/bghaber\/wp-json\/wp\/v2\/users\/29"}],"replies":[{"embeddable":true,"href":"https:\/\/www.bghaber.org\/bghaber\/wp-json\/wp\/v2\/comments?post=60148"}],"version-history":[{"count":0,"href":"https:\/\/www.bghaber.org\/bghaber\/wp-json\/wp\/v2\/posts\/60148\/revisions"}],"wp:featuredmedia":[{"embeddable":true,"href":"https:\/\/www.bghaber.org\/bghaber\/wp-json\/wp\/v2\/media\/1802"}],"wp:attachment":[{"href":"https:\/\/www.bghaber.org\/bghaber\/wp-json\/wp\/v2\/media?parent=60148"}],"wp:term":[{"taxonomy":"category","embeddable":true,"href":"https:\/\/www.bghaber.org\/bghaber\/wp-json\/wp\/v2\/categories?post=60148"},{"taxonomy":"post_tag","embeddable":true,"href":"https:\/\/www.bghaber.org\/bghaber\/wp-json\/wp\/v2\/tags?post=60148"}],"curies":[{"name":"wp","href":"https:\/\/api.w.org\/{rel}","templated":true}]}}