{"id":60145,"date":"2023-12-27T14:39:53","date_gmt":"2023-12-27T11:39:53","guid":{"rendered":"https:\/\/www.bghaber.org\/bghaber\/?p=60145"},"modified":"2023-12-28T01:12:56","modified_gmt":"2023-12-27T22:12:56","slug":"bulgaristan-arnavutluku-avrupa-yolunda-destekliyor","status":"publish","type":"post","link":"https:\/\/www.bghaber.org\/bghaber\/bulgaristan-arnavutluku-avrupa-yolunda-destekliyor\/","title":{"rendered":"Bulgaristan Arnavutluk\u2019u Avrupa yolunda destekliyor"},"content":{"rendered":"<p><span style=\"color: #25333e; font-family: 'Open Sans', Verdana, Geneva, sans-serif; font-size: 16px; white-space-collapse: collapse;\">Bulgaristan Cumhurba\u015fkan\u0131 Rumen Radev Sofya\u2019da Arnavutluk Cumhurba\u015fkan\u0131 Bajram Begaj ile g\u00f6r\u00fc\u015fmesinde: <\/span><span style=\"color: #25333e; font-family: 'Open Sans', Verdana, Geneva, sans-serif; font-size: 16px; white-space-collapse: collapse; font-weight: bolder;\">\u201cBulgarstan Arnavutluk\u2019a Avrupa yolunda deste\u011fini teyit ederek, \u00fclkenin tam kat\u0131l\u0131m\u0131n\u0131 yard\u0131mlamak i\u00e7in kendi deneyimini payla\u015fmaya haz\u0131r oldu\u011funu beyan ediyor\u201d<\/span><span style=\"color: #25333e; font-family: 'Open Sans', Verdana, Geneva, sans-serif; font-size: 16px; white-space-collapse: collapse;\">\u00a0dedi.\u00a0<\/span><\/p>\n<p style=\"line-height: 1.5; color: #25333e; font-family: 'Open Sans', Verdana, Geneva, sans-serif; font-size: 16px; white-space-collapse: collapse;\">Radev bas\u0131n \u00f6n\u00fcnde konu\u015furken Arnavutluk\u2019un son iki y\u0131lda kendini\u00a0<span style=\"font-weight: bolder;\">Bat\u0131 Balkanlarda reformlar ve Avrupa entegrasyonu yolunda \u00f6nde \u00fclke\u00a0<\/span>olarak kan\u0131tlad\u0131\u011f\u0131n\u0131 belirtti ve iyi kom\u015fuluk ili\u015fkilerine dayal\u0131 i\u015fbirli\u011fini geni\u015fletme vizyonu beyan etti.Radev, Arnavutluk\u2019un AB yolunda giderken\u00a0<span style=\"font-weight: bolder;\">insan haklar\u0131n\u0131 korudu\u011funu ve az\u0131nl\u0131klara ayr\u0131mc\u0131l\u0131k uygulamad\u0131\u011f\u0131n\u0131<\/span>\u00a0\u00f6ne s\u00fcrd\u00fc ve bundan memnuniyetini ifade etti. \u00a0Rumen Radev Arnavutluk\u2019ta Bulgar az\u0131nl\u0131k mensuplar\u0131n\u0131n kendi kimlik, k\u00fclt\u00fcr ve geleneklerini serbest \u015fekilde ya\u015fatma imkan\u0131 verildi\u011fi i\u00e7in te\u015fekk\u00fcrlerini iletti.\u0130ki \u00fclke cumhurba\u015fkanlar\u0131\u00a0<span style=\"font-weight: bolder;\">8 No\u2019lu ula\u015f\u0131m koridorunun<\/span>\u00a0kurulmas\u0131n\u0131n b\u00f6lgeye stratejik \u00f6nem arz edece\u011fini ve onun b\u00fct\u00fcn b\u00f6lgeye yarar sa\u011flayaca\u011f\u0131n\u0131 vurgulad\u0131.\u00a0<\/p>\n<p><img data-recalc-dims=\"1\" decoding=\"async\" style=\"color: #25333e; font-family: 'Open Sans', Verdana, Geneva, sans-serif; font-size: 16px; white-space-collapse: collapse;\" src=\"https:\/\/i0.wp.com\/static.bnr.bg\/gallery\/cr\/fa51d2dd119ef7de8c51cfbfc991576b.jpg?w=640\" alt=\"\" data-loaded=\"true\" \/><\/p>\n<p style=\"line-height: 1.5; color: #25333e; font-family: 'Open Sans', Verdana, Geneva, sans-serif; font-size: 16px; white-space-collapse: collapse;\"><span style=\"font-weight: bolder;\">Arnavutluk Cumhurba\u015fkan\u0131 Bajram Begaj<\/span>\u00a0ise Bulgaristan\u2019\u0131n Arnavutluk\u2019un alt\u0131nc\u0131 b\u00fcy\u00fck\u00fckte ticari orta\u011f\u0131 oldu\u011funu ve yabanc\u0131 yat\u0131r\u0131mlar a\u00e7\u0131s\u0131ndan G\u00fcneydo\u011fu Avrupa\u2019dan \u00fc\u00e7\u00fcnc\u00fc orta\u011f\u0131 konumunda bulundu\u011funu bildirdi.Arnavutluk Cumhurba\u015fkan\u0131 ayn\u0131 zamanda\u00a0<span style=\"font-weight: bolder;\">ticari ili\u015fkilerin kar\u015f\u0131l\u0131kl\u0131 g\u00fcveni peki\u015ftiren bir k\u00f6pr\u00fc<\/span>\u00a0oldu\u011funa dikkat \u00e7ekti.\u00a0<\/p>\n\n\n<p class=\"wp-block-paragraph\"><\/p>\n\n\n\n<p class=\"wp-block-paragraph\">BNR<\/p>\n<div id=\"bghab-2132776137\" class=\"bghab-yazi-altinda bghab-entity-placement\"><script async src=\"https:\/\/pagead2.googlesyndication.com\/pagead\/js\/adsbygoogle.js\"><\/script>\r\n<!-- bghaber-yaz\u0131-sonu -->\r\n<ins class=\"adsbygoogle\"\r\n     style=\"display:block\"\r\n     data-ad-client=\"ca-pub-6203283170189293\"\r\n     data-ad-slot=\"4222328180\"\r\n     data-ad-format=\"auto\"\r\n     data-full-width-responsive=\"true\"><\/ins>\r\n<script>\r\n     (adsbygoogle = window.adsbygoogle || []).push({});\r\n<\/script><\/div><br style=\"clear: both; display: block; float: none;\"\/>","protected":false},"excerpt":{"rendered":"<p>Bulgaristan Cumhurba\u015fkan\u0131 Rumen Radev Sofya\u2019da Arnavutluk Cumhurba\u015fkan\u0131 Bajram Begaj ile g\u00f6r\u00fc\u015fmesinde: \u201cBulgarstan Arnavutluk\u2019a Avrupa yolunda deste\u011fini teyit ederek, \u00fclkenin tam kat\u0131l\u0131m\u0131n\u0131 yard\u0131mlamak i\u00e7in kendi deneyimini<\/p>\n","protected":false},"author":29,"featured_media":60146,"comment_status":"open","ping_status":"closed","sticky":false,"template":"","format":"standard","meta":{"advanced_seo_description":"","jetpack_seo_html_title":"","jetpack_seo_noindex":false,"jetpack_seo_schema_type":"","_jetpack_newsletter_access":"","_jetpack_dont_email_post_to_subs":false,"_jetpack_newsletter_tier_id":0,"_jetpack_memberships_contains_paywalled_content":false,"_jetpack_feature_clip_id":0,"_jetpack_memberships_contains_paid_content":false,"footnotes":"","jetpack_post_was_ever_published":false},"categories":[1,4],"tags":[280,30],"class_list":["post-60145","post","type-post","status-publish","format-standard","has-post-thumbnail","hentry","category-haberler","category-siyaset","tag-arnavutluk","tag-bulgaristan"],"jetpack_sharing_enabled":true,"jetpack_likes_enabled":true,"jetpack-related-posts":[],"jetpack_shortlink":"https:\/\/wp.me\/pc2PfJ-fE5","jetpack_featured_media_url":"https:\/\/i0.wp.com\/www.bghaber.org\/bghaber\/wp-content\/uploads\/2023\/12\/bulgaristan-cumhurbaskani-rumen-radev-ve-arnavutluk-cumhurbaskani-bajram-begaj.jpg?fit=925%2C520&ssl=1","_links":{"self":[{"href":"https:\/\/www.bghaber.org\/bghaber\/wp-json\/wp\/v2\/posts\/60145","targetHints":{"allow":["GET"]}}],"collection":[{"href":"https:\/\/www.bghaber.org\/bghaber\/wp-json\/wp\/v2\/posts"}],"about":[{"href":"https:\/\/www.bghaber.org\/bghaber\/wp-json\/wp\/v2\/types\/post"}],"author":[{"embeddable":true,"href":"https:\/\/www.bghaber.org\/bghaber\/wp-json\/wp\/v2\/users\/29"}],"replies":[{"embeddable":true,"href":"https:\/\/www.bghaber.org\/bghaber\/wp-json\/wp\/v2\/comments?post=60145"}],"version-history":[{"count":0,"href":"https:\/\/www.bghaber.org\/bghaber\/wp-json\/wp\/v2\/posts\/60145\/revisions"}],"wp:featuredmedia":[{"embeddable":true,"href":"https:\/\/www.bghaber.org\/bghaber\/wp-json\/wp\/v2\/media\/60146"}],"wp:attachment":[{"href":"https:\/\/www.bghaber.org\/bghaber\/wp-json\/wp\/v2\/media?parent=60145"}],"wp:term":[{"taxonomy":"category","embeddable":true,"href":"https:\/\/www.bghaber.org\/bghaber\/wp-json\/wp\/v2\/categories?post=60145"},{"taxonomy":"post_tag","embeddable":true,"href":"https:\/\/www.bghaber.org\/bghaber\/wp-json\/wp\/v2\/tags?post=60145"}],"curies":[{"name":"wp","href":"https:\/\/api.w.org\/{rel}","templated":true}]}}