{"id":59271,"date":"2023-05-15T14:47:43","date_gmt":"2023-05-15T11:47:43","guid":{"rendered":"https:\/\/www.bghaber.org\/bghaber\/?p=59271"},"modified":"2023-05-15T14:52:17","modified_gmt":"2023-05-15T11:52:17","slug":"tirgovistenin-yeni-muftusu-secildi","status":"publish","type":"post","link":"https:\/\/www.bghaber.org\/bghaber\/tirgovistenin-yeni-muftusu-secildi\/","title":{"rendered":"T\u0131rgovi\u015fte\u2019nin yeni m\u00fcft\u00fcs\u00fc se\u00e7ildi"},"content":{"rendered":"\n<p class=\"wp-block-paragraph\"><strong>T\u0131rgovi\u015fte\u2019nin yeni m\u00fcft\u00fcs\u00fc Arif Mehmed se\u00e7ildi.<\/strong><\/p>\n\n\n\n<p class=\"wp-block-paragraph\">\u0130l\u00a0merkezinde\u00a0d\u00fczenlenen B\u00f6lge M\u00fcsl\u00fcmanlar Konferans\u0131&#8217;nda 47 delegenin salt \u00e7o\u011funlu\u011fu ile V\u0131rbitsa M\u00fcft\u00fc Yard\u0131mc\u0131s\u0131 Arif Mehmed, T\u0131rgovi\u015fte b\u00f6lge m\u00fcft\u00fcl\u00fc\u011f\u00fc g\u00f6revine se\u00e7ildi.<\/p>\n\n\n\n<p class=\"wp-block-paragraph\">Se\u00e7im,&nbsp;<strong>Bulgaristan&nbsp;Cumhuriyeti&nbsp;M\u00fcsl\u00fcmanlar\u0131&nbsp;Diyaneti Y\u00fcksek \u0130slam&nbsp;<\/strong><strong>\u015euras\u0131&nbsp;<\/strong>taraf\u0131ndan onaylanacak.<\/p>\n\n\n\n<p class=\"wp-block-paragraph\">T\u0131rgovi\u015fte&#8217;deki b\u00f6lge m\u00fcft\u00fcl\u00fc\u011f\u00fc, \u00e7ok say\u0131da hay\u0131r giri\u015fimine imza att\u0131. May\u0131s ay\u0131 ba\u015f\u0131nda T\u0131rgovi\u015fte&#8217;deki &#8220;Sahat&#8221; Camii&#8217;nde &#8220;\u0130slami E\u011fitim&#8221; kampanyas\u0131na destek i\u00e7in bir kermes d\u00fczenlendi. Ayr\u0131ca\u00a0<strong>T\u00fcrkiye ve Suriye&#8217;deki depremzedeler<\/strong>\u00a0\u00a0i\u00e7in de \u00e7ok say\u0131da yard\u0131m topland\u0131.<\/p>\n\n\n\n<p class=\"wp-block-paragraph\"><\/p>\n\n\n\n<p class=\"wp-block-paragraph\">BNR<\/p><div id=\"bghab-847842413\" class=\"bghab-icerik-icine bghab-entity-placement\"><script async src=\"\/\/pagead2.googlesyndication.com\/pagead\/js\/adsbygoogle.js?client=ca-pub-6203283170189293\" crossorigin=\"anonymous\"><\/script><ins class=\"adsbygoogle\" style=\"display:block; text-align:center;\" data-ad-client=\"ca-pub-6203283170189293\" \ndata-ad-slot=\"7303146466\" \ndata-ad-layout=\"in-article\"\ndata-ad-format=\"fluid\" data-full-width-responsive=\"true\"><\/ins>\n<script> \n(adsbygoogle = window.adsbygoogle || []).push({}); \n<\/script>\n<\/div>\n<div id=\"bghab-3055393482\" class=\"bghab-yazi-altinda bghab-entity-placement\"><script async src=\"https:\/\/pagead2.googlesyndication.com\/pagead\/js\/adsbygoogle.js\"><\/script>\r\n<!-- bghaber-yaz\u0131-sonu -->\r\n<ins class=\"adsbygoogle\"\r\n     style=\"display:block\"\r\n     data-ad-client=\"ca-pub-6203283170189293\"\r\n     data-ad-slot=\"4222328180\"\r\n     data-ad-format=\"auto\"\r\n     data-full-width-responsive=\"true\"><\/ins>\r\n<script>\r\n     (adsbygoogle = window.adsbygoogle || []).push({});\r\n<\/script><\/div><br style=\"clear: both; display: block; float: none;\"\/>","protected":false},"excerpt":{"rendered":"<p>T\u0131rgovi\u015fte\u2019nin yeni m\u00fcft\u00fcs\u00fc Arif Mehmed se\u00e7ildi. \u0130l\u00a0merkezinde\u00a0d\u00fczenlenen B\u00f6lge M\u00fcsl\u00fcmanlar Konferans\u0131&#8217;nda 47 delegenin salt \u00e7o\u011funlu\u011fu ile V\u0131rbitsa M\u00fcft\u00fc Yard\u0131mc\u0131s\u0131 Arif Mehmed, T\u0131rgovi\u015fte b\u00f6lge m\u00fcft\u00fcl\u00fc\u011f\u00fc g\u00f6revine se\u00e7ildi.<\/p>\n","protected":false},"author":29,"featured_media":59272,"comment_status":"open","ping_status":"closed","sticky":false,"template":"","format":"standard","meta":{"advanced_seo_description":"","jetpack_seo_html_title":"","jetpack_seo_noindex":false,"jetpack_seo_schema_type":"","_jetpack_newsletter_access":"","_jetpack_dont_email_post_to_subs":false,"_jetpack_newsletter_tier_id":0,"_jetpack_memberships_contains_paywalled_content":false,"_jetpack_feature_clip_id":0,"_jetpack_memberships_contains_paid_content":false,"footnotes":"","jetpack_post_was_ever_published":false},"categories":[1,5],"tags":[30,938],"class_list":["post-59271","post","type-post","status-publish","format-standard","has-post-thumbnail","hentry","category-haberler","category-yasam","tag-bulgaristan","tag-tirgoviste"],"jetpack_sharing_enabled":true,"jetpack_likes_enabled":true,"jetpack-related-posts":[],"jetpack_shortlink":"https:\/\/wp.me\/pc2PfJ-fpZ","jetpack_featured_media_url":"https:\/\/i0.wp.com\/www.bghaber.org\/bghaber\/wp-content\/uploads\/2023\/05\/tirgovistenin-yeni-muftusu-arif-mehmed.jpg?fit=925%2C520&ssl=1","_links":{"self":[{"href":"https:\/\/www.bghaber.org\/bghaber\/wp-json\/wp\/v2\/posts\/59271","targetHints":{"allow":["GET"]}}],"collection":[{"href":"https:\/\/www.bghaber.org\/bghaber\/wp-json\/wp\/v2\/posts"}],"about":[{"href":"https:\/\/www.bghaber.org\/bghaber\/wp-json\/wp\/v2\/types\/post"}],"author":[{"embeddable":true,"href":"https:\/\/www.bghaber.org\/bghaber\/wp-json\/wp\/v2\/users\/29"}],"replies":[{"embeddable":true,"href":"https:\/\/www.bghaber.org\/bghaber\/wp-json\/wp\/v2\/comments?post=59271"}],"version-history":[{"count":0,"href":"https:\/\/www.bghaber.org\/bghaber\/wp-json\/wp\/v2\/posts\/59271\/revisions"}],"wp:featuredmedia":[{"embeddable":true,"href":"https:\/\/www.bghaber.org\/bghaber\/wp-json\/wp\/v2\/media\/59272"}],"wp:attachment":[{"href":"https:\/\/www.bghaber.org\/bghaber\/wp-json\/wp\/v2\/media?parent=59271"}],"wp:term":[{"taxonomy":"category","embeddable":true,"href":"https:\/\/www.bghaber.org\/bghaber\/wp-json\/wp\/v2\/categories?post=59271"},{"taxonomy":"post_tag","embeddable":true,"href":"https:\/\/www.bghaber.org\/bghaber\/wp-json\/wp\/v2\/tags?post=59271"}],"curies":[{"name":"wp","href":"https:\/\/api.w.org\/{rel}","templated":true}]}}