{"id":59257,"date":"2023-05-12T19:32:23","date_gmt":"2023-05-12T16:32:23","guid":{"rendered":"https:\/\/www.bghaber.org\/bghaber\/?p=59257"},"modified":"2023-05-12T19:51:28","modified_gmt":"2023-05-12T16:51:28","slug":"bugun-madan-maden-muzesi-aciliyor","status":"publish","type":"post","link":"https:\/\/www.bghaber.org\/bghaber\/bugun-madan-maden-muzesi-aciliyor\/","title":{"rendered":"Bug\u00fcn Madan Maden M\u00fczesi a\u00e7\u0131l\u0131yor"},"content":{"rendered":"\n<p class=\"wp-block-paragraph\">Madan Belediyesi, bug\u00fcn 12 May\u0131s g\u00fcn\u00fc madencilik turizmin bir par\u00e7as\u0131 olarak &#8220;Spoluka&#8221; Maden M\u00fczesinin resmen a\u00e7\u0131l\u0131\u015f\u0131n\u0131n yap\u0131laca\u011f\u0131n\u0131 a\u00e7\u0131klad\u0131.<\/p>\n\n\n\n<p class=\"wp-block-paragraph\"><strong>Balkanlar&#8217;da tek olan \u201cSpoluka\u201dMaden M\u00fczesi,<\/strong>&nbsp;b\u00f6lgedeki madencili\u011fin tarihini g\u00f6zler \u00f6n\u00fcne sererek turistlerin ziyaretine a\u00e7\u0131lacak.<\/p>\n\n\n\n<p class=\"wp-block-paragraph\">&#8220;Spoluka&#8221; madeninin galerileri,&nbsp;<strong>Avrupa B\u00f6lgesel \u0130\u015fbirli\u011fi Program\u0131&nbsp;INTERREG V-A Yunanistan-Bulgaristan&nbsp;2014-2020&nbsp;<\/strong><strong>program\u0131<\/strong>&nbsp;taraf\u0131ndan finanse edilen bir proje kapsam\u0131nda yeralt\u0131 maden m\u00fczesine d\u00f6n\u00fc\u015ft\u00fcr\u00fcld\u00fc.<\/p>\n\n\n\n<p class=\"wp-block-paragraph\">Projeye g\u00f6re kasabada bulunan &#8220;Rodope Cristali&#8221; adl\u0131 Kristal Salon&#8217;un yeniden in\u015fas\u0131 da ger\u00e7ekle\u015ftirildi.<\/p>\n\n\n\n<p class=\"wp-block-paragraph\">Maden kasabas\u0131 Madan\u2019da 12 ve 13 May\u0131s tarihlerinde iki g\u00fcn boyunca madenlerinden \u00e7\u0131kar\u0131lan kristal koleksiyonlar\u0131n\u0131n sergilenece\u011fi\u00a0<strong>Madan Kristal G\u00fcnleri<\/strong>\u00a0d\u00fczenlenecek.\u00a0<\/p><div id=\"bghab-2075813915\" class=\"bghab-icerik-icine bghab-entity-placement\"><script async src=\"\/\/pagead2.googlesyndication.com\/pagead\/js\/adsbygoogle.js?client=ca-pub-6203283170189293\" crossorigin=\"anonymous\"><\/script><ins class=\"adsbygoogle\" style=\"display:block; text-align:center;\" data-ad-client=\"ca-pub-6203283170189293\" \ndata-ad-slot=\"7303146466\" \ndata-ad-layout=\"in-article\"\ndata-ad-format=\"fluid\" data-full-width-responsive=\"true\"><\/ins>\n<script> \n(adsbygoogle = window.adsbygoogle || []).push({}); \n<\/script>\n<\/div>\n\n\n\n<p class=\"wp-block-paragraph\"><\/p>\n\n\n\n<p class=\"wp-block-paragraph\">BNR<\/p>\n<div id=\"bghab-522726302\" class=\"bghab-yazi-altinda bghab-entity-placement\"><script async src=\"https:\/\/pagead2.googlesyndication.com\/pagead\/js\/adsbygoogle.js\"><\/script>\r\n<!-- bghaber-yaz\u0131-sonu -->\r\n<ins class=\"adsbygoogle\"\r\n     style=\"display:block\"\r\n     data-ad-client=\"ca-pub-6203283170189293\"\r\n     data-ad-slot=\"4222328180\"\r\n     data-ad-format=\"auto\"\r\n     data-full-width-responsive=\"true\"><\/ins>\r\n<script>\r\n     (adsbygoogle = window.adsbygoogle || []).push({});\r\n<\/script><\/div><br style=\"clear: both; display: block; float: none;\"\/>","protected":false},"excerpt":{"rendered":"<p>Madan Belediyesi, bug\u00fcn 12 May\u0131s g\u00fcn\u00fc madencilik turizmin bir par\u00e7as\u0131 olarak &#8220;Spoluka&#8221; Maden M\u00fczesinin resmen a\u00e7\u0131l\u0131\u015f\u0131n\u0131n yap\u0131laca\u011f\u0131n\u0131 a\u00e7\u0131klad\u0131. Balkanlar&#8217;da tek olan \u201cSpoluka\u201dMaden M\u00fczesi,&nbsp;b\u00f6lgedeki madencili\u011fin tarihini<\/p>\n","protected":false},"author":29,"featured_media":59258,"comment_status":"open","ping_status":"closed","sticky":false,"template":"","format":"standard","meta":{"advanced_seo_description":"","jetpack_seo_html_title":"","jetpack_seo_noindex":false,"jetpack_seo_schema_type":"","_jetpack_newsletter_access":"","_jetpack_dont_email_post_to_subs":false,"_jetpack_newsletter_tier_id":0,"_jetpack_memberships_contains_paywalled_content":false,"_jetpack_feature_clip_id":0,"_jetpack_memberships_contains_paid_content":false,"footnotes":"","jetpack_post_was_ever_published":false},"categories":[1,10],"tags":[30,237,2781,2204],"class_list":["post-59257","post","type-post","status-publish","format-standard","has-post-thumbnail","hentry","category-haberler","category-kultur-sanat","tag-bulgaristan","tag-madan","tag-maden","tag-muze"],"jetpack_sharing_enabled":true,"jetpack_likes_enabled":true,"jetpack-related-posts":[],"jetpack_shortlink":"https:\/\/wp.me\/pc2PfJ-fpL","jetpack_featured_media_url":"https:\/\/i0.wp.com\/www.bghaber.org\/bghaber\/wp-content\/uploads\/2023\/05\/madan-muzesi.jpg?fit=925%2C520&ssl=1","_links":{"self":[{"href":"https:\/\/www.bghaber.org\/bghaber\/wp-json\/wp\/v2\/posts\/59257","targetHints":{"allow":["GET"]}}],"collection":[{"href":"https:\/\/www.bghaber.org\/bghaber\/wp-json\/wp\/v2\/posts"}],"about":[{"href":"https:\/\/www.bghaber.org\/bghaber\/wp-json\/wp\/v2\/types\/post"}],"author":[{"embeddable":true,"href":"https:\/\/www.bghaber.org\/bghaber\/wp-json\/wp\/v2\/users\/29"}],"replies":[{"embeddable":true,"href":"https:\/\/www.bghaber.org\/bghaber\/wp-json\/wp\/v2\/comments?post=59257"}],"version-history":[{"count":0,"href":"https:\/\/www.bghaber.org\/bghaber\/wp-json\/wp\/v2\/posts\/59257\/revisions"}],"wp:featuredmedia":[{"embeddable":true,"href":"https:\/\/www.bghaber.org\/bghaber\/wp-json\/wp\/v2\/media\/59258"}],"wp:attachment":[{"href":"https:\/\/www.bghaber.org\/bghaber\/wp-json\/wp\/v2\/media?parent=59257"}],"wp:term":[{"taxonomy":"category","embeddable":true,"href":"https:\/\/www.bghaber.org\/bghaber\/wp-json\/wp\/v2\/categories?post=59257"},{"taxonomy":"post_tag","embeddable":true,"href":"https:\/\/www.bghaber.org\/bghaber\/wp-json\/wp\/v2\/tags?post=59257"}],"curies":[{"name":"wp","href":"https:\/\/api.w.org\/{rel}","templated":true}]}}