{"id":59255,"date":"2023-05-12T19:23:53","date_gmt":"2023-05-12T16:23:53","guid":{"rendered":"https:\/\/www.bghaber.org\/bghaber\/?p=59255"},"modified":"2023-05-12T19:24:51","modified_gmt":"2023-05-12T16:24:51","slug":"razgrad-belediyesi-ureme-sorunu-olan-insanlara-mali-destek-saglayacak","status":"publish","type":"post","link":"https:\/\/www.bghaber.org\/bghaber\/razgrad-belediyesi-ureme-sorunu-olan-insanlara-mali-destek-saglayacak\/","title":{"rendered":"Razgrad Belediyesi \u00fcreme sorunu olan insanlara mali destek sa\u011flayacak"},"content":{"rendered":"\n<p class=\"wp-block-paragraph\"><strong>Razgrad Belediyesinden gelen a\u00e7\u0131klamaya g\u00f6re, \u00e7iftler, aileler ve \u00fcreme sorunlar\u0131 olan ki\u015filer i\u00e7in mali destek sa\u011flanacak<\/strong>. Belediye bununla ilgili bug\u00fcnden itibaren ba\u015fvuru belgelerinin al\u0131naca\u011f\u0131n\u0131 duyurdu. Belgeler bu y\u0131l\u0131n&nbsp;<strong>1 Aral\u0131k tarihine kadar<\/strong>&nbsp;belediye idaresine teslim edilebilir.<\/p>\n\n\n\n<p class=\"wp-block-paragraph\">Belediye b\u00fct\u00e7esinden&nbsp;<strong>50 000 leva ayr\u0131lm\u0131\u015ft\u0131r<\/strong>&nbsp;ve&nbsp;<strong>bir \u00fcreme sorunu vakas\u0131 i\u00e7in tahsis edilebilecek maksimum miktar 2 500 leva olacak<\/strong>.<\/p>\n\n\n\n<p class=\"wp-block-paragraph\">Fonlar, cari y\u0131l i\u00e7inde bir prosed\u00fcr i\u00e7in \u00f6ng\u00f6r\u00fclm\u00fc\u015ft\u00fcr ve ger\u00e7ek harcama i\u00e7in sunulan bir fatura ve yard\u0131mc\u0131 \u00fcreme i\u00e7in uzmanla\u015fm\u0131\u015f klinikten al\u0131nan t\u0131bbi belge kar\u015f\u0131l\u0131\u011f\u0131nda \u00f6deme yap\u0131lacakt\u0131.\u00a0<strong>Ba\u015fvuru ko\u015fullar\u0131 aras\u0131nda, \u00e7iftlerden en az birinin son 3 y\u0131lda Razgrad Belediyesinde ikamet ediyor olmas\u0131 var<\/strong>.<\/p>\n\n\n\n<p class=\"wp-block-paragraph\"><\/p>\n\n\n\n<p class=\"wp-block-paragraph\">BNR<\/p>\n<div id=\"bghab-3828090222\" class=\"bghab-yazi-altinda bghab-entity-placement\"><script async src=\"https:\/\/pagead2.googlesyndication.com\/pagead\/js\/adsbygoogle.js\"><\/script>\r\n<!-- bghaber-yaz\u0131-sonu -->\r\n<ins class=\"adsbygoogle\"\r\n     style=\"display:block\"\r\n     data-ad-client=\"ca-pub-6203283170189293\"\r\n     data-ad-slot=\"4222328180\"\r\n     data-ad-format=\"auto\"\r\n     data-full-width-responsive=\"true\"><\/ins>\r\n<script>\r\n     (adsbygoogle = window.adsbygoogle || []).push({});\r\n<\/script><\/div><br style=\"clear: both; display: block; float: none;\"\/>","protected":false},"excerpt":{"rendered":"<p>Razgrad Belediyesinden gelen a\u00e7\u0131klamaya g\u00f6re, \u00e7iftler, aileler ve \u00fcreme sorunlar\u0131 olan ki\u015filer i\u00e7in mali destek sa\u011flanacak. Belediye bununla ilgili bug\u00fcnden itibaren ba\u015fvuru belgelerinin al\u0131naca\u011f\u0131n\u0131 duyurdu.<\/p>\n","protected":false},"author":29,"featured_media":26405,"comment_status":"open","ping_status":"closed","sticky":false,"template":"","format":"standard","meta":{"advanced_seo_description":"","jetpack_seo_html_title":"","jetpack_seo_noindex":false,"jetpack_seo_schema_type":"","_jetpack_newsletter_access":"","_jetpack_dont_email_post_to_subs":false,"_jetpack_newsletter_tier_id":0,"_jetpack_memberships_contains_paywalled_content":false,"_jetpack_feature_clip_id":0,"_jetpack_memberships_contains_paid_content":false,"footnotes":"","jetpack_post_was_ever_published":false},"categories":[1,7],"tags":[30,92],"class_list":["post-59255","post","type-post","status-publish","format-standard","has-post-thumbnail","hentry","category-haberler","category-saglik-spor","tag-bulgaristan","tag-razgrad"],"jetpack_sharing_enabled":true,"jetpack_likes_enabled":true,"jetpack-related-posts":[],"jetpack_shortlink":"https:\/\/wp.me\/pc2PfJ-fpJ","jetpack_featured_media_url":"https:\/\/i0.wp.com\/www.bghaber.org\/bghaber\/wp-content\/uploads\/2018\/01\/bebek-asi.jpg?fit=850%2C478&ssl=1","_links":{"self":[{"href":"https:\/\/www.bghaber.org\/bghaber\/wp-json\/wp\/v2\/posts\/59255","targetHints":{"allow":["GET"]}}],"collection":[{"href":"https:\/\/www.bghaber.org\/bghaber\/wp-json\/wp\/v2\/posts"}],"about":[{"href":"https:\/\/www.bghaber.org\/bghaber\/wp-json\/wp\/v2\/types\/post"}],"author":[{"embeddable":true,"href":"https:\/\/www.bghaber.org\/bghaber\/wp-json\/wp\/v2\/users\/29"}],"replies":[{"embeddable":true,"href":"https:\/\/www.bghaber.org\/bghaber\/wp-json\/wp\/v2\/comments?post=59255"}],"version-history":[{"count":0,"href":"https:\/\/www.bghaber.org\/bghaber\/wp-json\/wp\/v2\/posts\/59255\/revisions"}],"wp:featuredmedia":[{"embeddable":true,"href":"https:\/\/www.bghaber.org\/bghaber\/wp-json\/wp\/v2\/media\/26405"}],"wp:attachment":[{"href":"https:\/\/www.bghaber.org\/bghaber\/wp-json\/wp\/v2\/media?parent=59255"}],"wp:term":[{"taxonomy":"category","embeddable":true,"href":"https:\/\/www.bghaber.org\/bghaber\/wp-json\/wp\/v2\/categories?post=59255"},{"taxonomy":"post_tag","embeddable":true,"href":"https:\/\/www.bghaber.org\/bghaber\/wp-json\/wp\/v2\/tags?post=59255"}],"curies":[{"name":"wp","href":"https:\/\/api.w.org\/{rel}","templated":true}]}}