{"id":59236,"date":"2023-05-05T14:48:05","date_gmt":"2023-05-05T11:48:05","guid":{"rendered":"https:\/\/www.bghaber.org\/bghaber\/?p=59236"},"modified":"2023-05-05T14:49:50","modified_gmt":"2023-05-05T11:49:50","slug":"bulgaristanda-hukumet-kurma-yetkisi-krizini-asmak-icin-gerb-ve-vizrajdane-partileri-gorusuyor","status":"publish","type":"post","link":"https:\/\/www.bghaber.org\/bghaber\/bulgaristanda-hukumet-kurma-yetkisi-krizini-asmak-icin-gerb-ve-vizrajdane-partileri-gorusuyor\/","title":{"rendered":"Bulgaristan&#8217;da H\u00fck\u00fcmet Kurma Yetkisi Krizini A\u015fmak \u0130\u00e7in GERB ve V\u0131zrajdane Partileri G\u00f6r\u00fc\u015f\u00fcyor"},"content":{"rendered":"\n<p class=\"wp-block-paragraph\">Bulgaristan&#8217;da GERB Parlamento Grubu Ba\u015fkan\u0131 Desislava Atanasova, &#8220;V\u0131zrajdane&#8221; partisiyle yapt\u0131\u011f\u0131 m\u00fczakereler sonras\u0131nda yapt\u0131\u011f\u0131 a\u00e7\u0131klamada, b\u00fct\u00e7eyi uygulayacak normal bir h\u00fck\u00fcmete sahip olman\u0131n \u00f6nemli oldu\u011funu s\u00f6yledi. Atanasova, &#8220;Se\u00e7men t\u00fcm partilere y\u00fckledi\u011fi sorumlulu\u011fu payla\u015fmak zorunday\u0131z&#8221; dedi ve hi\u00e7 kimsenin kendi kendine yeterli olmad\u0131\u011f\u0131n\u0131, kimseye 121 oy ile y\u00f6netim yetkisi verilmedi\u011fini vurgulad\u0131.<\/p>\n\n\n\n<p class=\"wp-block-paragraph\">&#8220;Prodaljavame Promyanata&#8221; partisinin, GERB&#8217;in h\u00fck\u00fcmet kurma yetkisi veya ikinci h\u00fck\u00fcmet kurma yetkisiyle kabineyi destekleme talebine yan\u0131t veren Atanasova, &#8220;\u00d6nlerinde sadece iki se\u00e7enek var. Birincisi, &#8220;Krizlerden Sonra Bulgaristan &#8211; Toparlanma Plan\u0131&#8221; program\u0131m\u0131z\u0131 m\u00fcmk\u00fcn olan ilk h\u00fck\u00fcmet kurma yetkisi ile desteklemek, ikinci se\u00e7enek ise se\u00e7imler&#8221; dedi.<\/p>\n\n\n\n<p class=\"wp-block-paragraph\"><\/p>\n\n\n\n<p class=\"wp-block-paragraph\">BG Haber<\/p>\n<div id=\"bghab-4008677664\" class=\"bghab-yazi-altinda bghab-entity-placement\"><script async src=\"https:\/\/pagead2.googlesyndication.com\/pagead\/js\/adsbygoogle.js\"><\/script>\r\n<!-- bghaber-yaz\u0131-sonu -->\r\n<ins class=\"adsbygoogle\"\r\n     style=\"display:block\"\r\n     data-ad-client=\"ca-pub-6203283170189293\"\r\n     data-ad-slot=\"4222328180\"\r\n     data-ad-format=\"auto\"\r\n     data-full-width-responsive=\"true\"><\/ins>\r\n<script>\r\n     (adsbygoogle = window.adsbygoogle || []).push({});\r\n<\/script><\/div><br style=\"clear: both; display: block; float: none;\"\/>","protected":false},"excerpt":{"rendered":"<p>Bulgaristan&#8217;da GERB Parlamento Grubu Ba\u015fkan\u0131 Desislava Atanasova, &#8220;V\u0131zrajdane&#8221; partisiyle yapt\u0131\u011f\u0131 m\u00fczakereler sonras\u0131nda yapt\u0131\u011f\u0131 a\u00e7\u0131klamada, b\u00fct\u00e7eyi uygulayacak normal bir h\u00fck\u00fcmete sahip olman\u0131n \u00f6nemli oldu\u011funu s\u00f6yledi. Atanasova,<\/p>\n","protected":false},"author":29,"featured_media":59237,"comment_status":"open","ping_status":"closed","sticky":false,"template":"","format":"standard","meta":{"advanced_seo_description":"","jetpack_seo_html_title":"","jetpack_seo_noindex":false,"jetpack_seo_schema_type":"","_jetpack_newsletter_access":"","_jetpack_dont_email_post_to_subs":false,"_jetpack_newsletter_tier_id":0,"_jetpack_memberships_contains_paywalled_content":false,"_jetpack_feature_clip_id":0,"_jetpack_memberships_contains_paid_content":false,"footnotes":"","jetpack_post_was_ever_published":false},"categories":[1,4],"tags":[30,114],"class_list":["post-59236","post","type-post","status-publish","format-standard","has-post-thumbnail","hentry","category-haberler","category-siyaset","tag-bulgaristan","tag-gerb"],"jetpack_sharing_enabled":true,"jetpack_likes_enabled":true,"jetpack-related-posts":[],"jetpack_shortlink":"https:\/\/wp.me\/pc2PfJ-fpq","jetpack_featured_media_url":"https:\/\/i0.wp.com\/www.bghaber.org\/bghaber\/wp-content\/uploads\/2023\/05\/gerb-parlamento-grubu-baskani-desislava-atanasova.jpg?fit=925%2C520&ssl=1","_links":{"self":[{"href":"https:\/\/www.bghaber.org\/bghaber\/wp-json\/wp\/v2\/posts\/59236","targetHints":{"allow":["GET"]}}],"collection":[{"href":"https:\/\/www.bghaber.org\/bghaber\/wp-json\/wp\/v2\/posts"}],"about":[{"href":"https:\/\/www.bghaber.org\/bghaber\/wp-json\/wp\/v2\/types\/post"}],"author":[{"embeddable":true,"href":"https:\/\/www.bghaber.org\/bghaber\/wp-json\/wp\/v2\/users\/29"}],"replies":[{"embeddable":true,"href":"https:\/\/www.bghaber.org\/bghaber\/wp-json\/wp\/v2\/comments?post=59236"}],"version-history":[{"count":0,"href":"https:\/\/www.bghaber.org\/bghaber\/wp-json\/wp\/v2\/posts\/59236\/revisions"}],"wp:featuredmedia":[{"embeddable":true,"href":"https:\/\/www.bghaber.org\/bghaber\/wp-json\/wp\/v2\/media\/59237"}],"wp:attachment":[{"href":"https:\/\/www.bghaber.org\/bghaber\/wp-json\/wp\/v2\/media?parent=59236"}],"wp:term":[{"taxonomy":"category","embeddable":true,"href":"https:\/\/www.bghaber.org\/bghaber\/wp-json\/wp\/v2\/categories?post=59236"},{"taxonomy":"post_tag","embeddable":true,"href":"https:\/\/www.bghaber.org\/bghaber\/wp-json\/wp\/v2\/tags?post=59236"}],"curies":[{"name":"wp","href":"https:\/\/api.w.org\/{rel}","templated":true}]}}