{"id":59149,"date":"2023-04-11T01:07:26","date_gmt":"2023-04-10T22:07:26","guid":{"rendered":"https:\/\/www.bghaber.org\/bghaber\/?p=59149"},"modified":"2023-04-11T01:07:26","modified_gmt":"2023-04-10T22:07:26","slug":"istanbul-kudus-mekke-esrarengiz-hat","status":"publish","type":"post","link":"https:\/\/www.bghaber.org\/bghaber\/istanbul-kudus-mekke-esrarengiz-hat\/","title":{"rendered":"\u0130STANBUL \u2013 KUD\u00dcS \u2013 MEKKE (ESRARENG\u0130Z HAT)"},"content":{"rendered":"<p><strong>Yazan: Rafet ULUT\u00dcRK<\/strong><\/p>\n<p><img loading=\"lazy\" decoding=\"async\" class=\"jetpack-lazy-image jetpack-lazy-image--handled\" src=\"https:\/\/i0.wp.com\/i.ytimg.com\/vi\/XuLaJ1IjYrQ\/hqdefault.jpg?resize=719%2C539&amp;ssl=1\" alt=\"Haritada Namaz K\u0131lan \u0130nsan \u015eekli ve \u0130stanbul, Kud\u00fcs ve Mekke'nin \u0130lgin\u00e7 S\u0131rr\u0131 - YouTube\" width=\"1064\" height=\"798\" data-recalc-dims=\"1\" data-lazy-loaded=\"1\" \/><\/p>\n<p>\u0130stanbul Kud\u00fcs Mekke Hatt\u0131nda \u2013 Ortado\u011fu Haritas\u0131nda \u2013 Gizli ve Esrarengiz Bir Hat..! \u00a0\u0130slam \u00c2leminin ve Ortado\u011fu\u2019nun gizemi \u0130stanbul, Kud\u00fcs, Mekke ne anlam ta\u015f\u0131yor? \u0130stanbul 29 kez ku\u015fat\u0131ld\u0131. \u0130stanbul\u2019u alan d\u00fcnya y\u00f6netimini al\u0131yor. Bu tarihte hep b\u00f6yle olmu\u015f.<\/p>\n<p><strong>\u0130stanbul Kudd\u00fcs Mekke Hatt\u0131nda \u2013 Ortado\u011fu Haritas\u0131nda \u2013 Gizli ve Esrarengiz Bir Hat..!<\/strong><\/p>\n<p><strong>\u0130slam \u00c2leminin ve Ortado\u011fu\u2019nun gizemi \u0130stanbul, Kud\u00fcs, Mekke ne anlam ta\u015f\u0131yor?<br \/>\n\u2022 Haritada D\u00fc\u015f\u00fcnce ve Y\u00f6netim Merkezi<br \/>\n<\/strong>Beyin \u2013 \u0130STANBUL olarak belirtilen BA\u015e B\u00f6lgesi Beyaz renk ile tasvir edilmi\u015ftir.<br \/>\n\u2022 \u0130lham ve Duygu Merkezi KALP- Kud\u00fcs olarak belirtilen b\u00f6lgesi Mavi renk ile tasvir edilmi\u015ftir.<\/p>\n<ul>\n<li><strong>Do\u011fum ve Yarat\u0131l\u0131\u015f Merkezi KARIN (Rahim) \u2013 \u201cMEKKE\u201d<\/strong>\u00a0olarak belirtilen RARIN-RAH\u0130M B\u00f6lgesi K\u0131rm\u0131z\u0131 renk ile tasvir edilmi\u015ftir.<br \/>\n<strong>\u2022 Resimde belirtilen \u0130STANBUL \u2013 KUD\u00dcS \u2013 MEKKE<\/strong>\u00a0hatt\u0131 Ye\u015fil renk ile ba\u011flanm\u0131\u015ft\u0131r.<\/li>\n<\/ul>\n<p><strong>Bu renklere g\u00f6re;<br \/>\n1. BEYAZ \u2013 D\u00fc\u015f\u00fcnce ve Y\u00f6netim Merkezi Beyin \u2013 \u0130STANBUL<br \/>\n<\/strong>Beyaz-Safl\u0131k, bar\u0131\u015f ve yeni ba\u015flang\u0131\u00e7lar\u0131n sembol\u00fc olmu\u015f bir renktir. Kutsal, bozulmam\u0131\u015f her \u015fey beyazla ifade edilir. Ortama \u0131\u015f\u0131\u011f\u0131 en iyi \u015fekilde yans\u0131t\u0131r, enerji ve parlakl\u0131k verir. Zarafet, asalet ve so\u011fukkanl\u0131l\u0131k en iyi beyazla ifade edilebilir. Dekorasyonda hijyen ve sa\u011fl\u0131\u011f\u0131n vurgulanmas\u0131n\u0131 sa\u011flar. Ortama geni\u015flik etkisi verir. Ancak \u0131\u015f\u0131k beyaz\u0131n etkisini de\u011fi\u015ftirebilir.<\/p><div id=\"bghab-3414463851\" class=\"bghab-icerik-icine bghab-entity-placement\"><script async src=\"\/\/pagead2.googlesyndication.com\/pagead\/js\/adsbygoogle.js?client=ca-pub-6203283170189293\" crossorigin=\"anonymous\"><\/script><ins class=\"adsbygoogle\" style=\"display:block; text-align:center;\" data-ad-client=\"ca-pub-6203283170189293\" \ndata-ad-slot=\"7303146466\" \ndata-ad-layout=\"in-article\"\ndata-ad-format=\"fluid\" data-full-width-responsive=\"true\"><\/ins>\n<script> \n(adsbygoogle = window.adsbygoogle || []).push({}); \n<\/script>\n<\/div>\n<ol start=\"2\">\n<li><strong>Mavi \u2013 \u0130lham ve Duygu Merkezi KALP- Kud\u00fcs<br \/>\n<\/strong>Daima dinginlik ve huzurun simgesi bir renktir. Mavi renk g\u00f6ky\u00fcz\u00fcn\u00fcn ve geni\u015f ufuklar\u0131n denizin simgesidir. Sonsuzlu\u011fu ve uzak bak\u0131\u015fl\u0131l\u0131\u011f\u0131 simgeler.<\/li>\n<li><strong>K\u0131rm\u0131z\u0131 \u2013 Do\u011fum ve Yarat\u0131l\u0131\u015f Merkezi KARIN (Rahim) \u2013 \u201cMEKKE\u201d<br \/>\n<\/strong>\u0130\u015ftah a\u00e7\u0131c\u0131 \u00f6zelli\u011fi ile bilinir. Bulundu\u011fu her ortama enerji yayan, ya\u015fam veren, hormon seviyelerinin y\u00fckselmesini sa\u011flayan, yaralar\u0131n iyile\u015fmesini kolayla\u015ft\u0131ranki\u015filerin d\u00fc\u015f\u00fcncelerini etkiler. K\u0131rm\u0131z\u0131 ana renklerden olup, insanlar\u0131n ilk tercihi aras\u0131na girmi\u015f en dominant, en dinamik renktir.<\/li>\n<li><strong>Ye\u015fil \u0130stanbul \u2013 Kud\u00fcs \u2013 Mekke Hatt\u0131<br \/>\n<\/strong>Duygusal olarak bizi en \u00e7ok etkileyen bir organ\u0131m\u0131z olan kalp organ\u0131n\u0131n, bu rengin yayd\u0131\u011f\u0131 enerji alan\u0131nda oldu\u011fu d\u00fc\u015f\u00fcn\u00fcl\u00fcr. Do\u011fan\u0131n ve bahar\u0131n rengidir. G\u00fcven veren renktir.<\/li>\n<\/ol>\n<p><img loading=\"lazy\" decoding=\"async\" class=\"jetpack-lazy-image jetpack-lazy-image--handled\" src=\"https:\/\/i0.wp.com\/i.ytimg.com\/vi\/9h4xAMu63cA\/maxresdefault.jpg?resize=718%2C403&amp;ssl=1\" alt=\"Ayasofya'n\u0131n Kutsal S\u0131rr\u0131: Kabe ve Kud\u00fcs \u0130le Ayn\u0131 \u00c7izgide - YouTube\" width=\"1009\" height=\"568\" data-recalc-dims=\"1\" data-lazy-loaded=\"1\" \/><\/p>\n<p><strong>De\u011ferli okurlar\u0131m\u0131z, sayg\u0131n dostlar\u0131m;<br \/>\n<\/strong>\u00dcstte g\u00f6sterilen D\u00fcnya Haritas\u0131 \u00fczerinde hayal edip d\u00fc\u015f\u00fcn\u00fclen k\u0131yam vaziyetinde bir insan\u0131n Rabbine dua eder bir pozisyonuna g\u00f6re,<br \/>\n\u0130nsan\u0131n Ba\u015f k\u0131sm\u0131nda; \u0130stanbul Kalbin bulundu\u011fu G\u00f6\u011f\u00fcs k\u0131sm\u0131nda KUD\u00dcS, \u0130nsan\u0131n yarat\u0131l\u0131\u015f esrarlar\u0131ndan olan Kar\u0131n (Rahim) k\u0131sm\u0131nda ise MEKKE \u015eehri G\u00f6r\u00fcnmektedir.<\/p>\n<p><strong>Kuzey-g\u00fcney do\u011frultusunda yakla\u015f\u0131k 2400 Km. mesafede \u0130STANBUL-MEKKE,<br \/>\n\u2013 1200 Km mesafede \u0130STANBUL-KUD\u00dcS yine 1200Km de ise MEKKE-KUD\u00dcS<br \/>\nyerle\u015fkeleri bulunmaktad\u0131r.<\/strong><\/p>\n<p>K\u00e2inat\u0131n yarat\u0131l\u0131\u015f\u0131nda bulunan \u00e7ok say\u0131da mucize ve hikmetlerden oldu\u011funa kanaat ve inanc\u0131m\u0131z iman\u0131m\u0131z ve gere\u011fi olup aklen de kabul ve tasdik ediyoruz.<\/p>\n<p>T\u00fcm yarat\u0131klarda \u00f6zellikle \u0130nsano\u011flunda v\u00fccut anatomisi<br \/>\nBa\u015f, G\u00f6vde, Kol ve bacaklar gibi di\u011fer yard\u0131mc\u0131 organlar olarak bilinir<br \/>\nve bu dizayn\u0131n \u00f6nemine g\u00f6re vazife g\u00f6ren organ ve merkezler yarat\u0131c\u0131 taraf\u0131ndan konu\u015fland\u0131r\u0131lm\u0131\u015ft\u0131r.<br \/>\nT\u00fcm canl\u0131larda, \u00d6zellikle ak\u0131l ve zek\u00e2ya sahip olan \u0130nsano\u011flunda BA\u015e b\u00f6lgesinde, \u0130nsan\u0131 her y\u00f6n\u00fc ile di\u011fer canl\u0131lardan ay\u0131ran merkezleri ve yetileri i\u00e7inde bar\u0131nd\u0131ran\u00a0<strong>BEY\u0130N \u2013 BEY\u0130NC\u0130K \u2013 OM\u0130R\u0130L\u0130K SO\u011eANI<\/strong>\u00a0bulunmaktad\u0131r.<\/p>\n<p><strong>\u201cBEY\u0130N\u201d<\/strong>\u00a0insan\u0131n ya\u015famak i\u00e7in elzem olarak bildi\u011fi ve g\u00f6rd\u00fc\u011f\u00fc Ak\u0131l, Fikir, D\u00fc\u015f\u00fcnce, Zek\u00e2 ve be\u015f duyu merkezleri (G\u00f6rme, Tatma, \u0130\u015fitme, Dokunma ve Koku) ve bunlara yard\u0131mc\u0131 olarak denge, y\u00fcr\u00fcy\u00fc\u015f ve dik duru\u015f i\u00e7in hizmet veren yard\u0131mc\u0131 merkezlerinde\u00a0<strong><em>BA\u015e<\/em><\/strong>\u00a0b\u00f6lgesinde kom\u015fusu olup k\u0131sacas\u0131 bulundu\u011fu canl\u0131lar\u0131 \u00f6zellikle y\u00fcce Rabbimiz taraf\u0131ndan,\u00a0<strong><em>\u201cE\u015eREF\u0130 MAHL\u00dbKAT\u201d<\/em><\/strong>\u00a0\u2013\u00a0<strong><em>\u201cAHSEN\u0130 TAKV\u0130M\u201d<\/em><\/strong>\u00a0olarak Yarat\u0131lm\u0131\u015flar\u0131n en g\u00fczeli \u015feklinde onurland\u0131rd\u0131\u011f\u0131\u00a0<strong><em>\u0130NSAN<\/em><\/strong>\u00a0o\u011flunun sevk ve idaresini sa\u011flayan en \u00f6nemli merkez ve organd\u0131r.<\/p><div id=\"bghab-3277773874\" class=\"bghab-icerik-icine-10-paragraf bghab-entity-placement\"><script async src=\"\/\/pagead2.googlesyndication.com\/pagead\/js\/adsbygoogle.js?client=ca-pub-6203283170189293\" crossorigin=\"anonymous\"><\/script><ins class=\"adsbygoogle\" style=\"display:block; text-align:center;\" data-ad-client=\"ca-pub-6203283170189293\" \ndata-ad-slot=\"7303146466\" \ndata-ad-layout=\"in-article\"\ndata-ad-format=\"fluid\" data-full-width-responsive=\"true\"><\/ins>\n<script> \n(adsbygoogle = window.adsbygoogle || []).push({}); \n<\/script>\n<\/div>\n<p><strong>D\u00fc\u015f\u00fcnce ve Y\u00f6netim Merkezi Beyin \u2013 \u0130STANBUL<br \/>\n<\/strong>S\u00f6z konusu Harita \u00fczerinde k\u0131yamda dua eder \u015fekilde bulunan \u0130nsan\u0131n BA\u015e b\u00f6lgesinde bulunan \u0130STANBUL \u015fehrinde D\u00fcnya Milletleri i\u00e7in adeta bir BEY\u0130N g\u00f6revi ifa eden bir \u00f6zellikte g\u00f6r\u00fclm\u00fc\u015f oldu\u011fundan tarih boyunca 29 kere muhasara edilmi\u015ftir.<br \/>\nRoma \u0130mparatorlu\u011fu, Bizans \u0130mparatorlu\u011fu ve Osmanl\u0131 \u0130mparatorlu\u011funa ba\u015fkent olarak hizmet veren \u0130STANBUL ayn\u0131 zamanda semavi dinlerin tamam\u0131 i\u00e7in bir hilafet merkezi olarak da vazife icra etmi\u015ftir.<br \/>\n<strong><em>-Napolyon;<br \/>\n<\/em><\/strong>\u201c\u0130stanbul\u2019u alan D\u00fcnyay\u0131 y\u00f6netir\u201d s\u00f6z\u00fc ile \u0130STANBUL\u2019UN D\u00fcnya y\u00f6netimindeki \u00f6nemine i\u015faret etmi\u015ftir. \u0130sl\u00e2m Medeniyetinde ise;<br \/>\nHz. Muhammed Mustafa (sav) \u0130stanbul ile ilgili hadisi \u015ferifinde;<br \/>\n\u2013 \u201cKostant\u00eeniyye elbette fetholunacakt\u0131r. Onu fetheden kumandan ne g\u00fczel kumandand\u0131r! Onu fetheden askerler ne g\u00fczel askerlerdir!\u201d<br \/>\nBuyurarak \u0130stanbul\u2019un d\u00fcnya medeniyetleri ve insanl\u0131k \u00e2lemi i\u00e7in olmazsa olmaz oldu\u011funa i\u015faret buyurmu\u015ftur.<br \/>\nBu hadisi \u015ferifin m\u00fcjdesine nail olmak isteyen \u00e7ok say\u0131da M\u00fcsl\u00fcman Devlet adamlar\u0131 ve kumandanlar taraf\u0131ndan \u0130stanbul 11 defa ku\u015fat\u0131larak en sonunda 29 May\u0131s 1453 tarihinde Osmanl\u0131 Padi\u015fah\u0131 Fatih Sultan Mehmet Han taraf\u0131ndan Fethedilerek \u0130slam \u00c2leminin y\u00f6netildi\u011fi \u201cBEY\u0130N\u201d olarak vazife g\u00f6rece\u011fi Payitaht-Ba\u015fkent yapm\u0131\u015ft\u0131r.<br \/>\nYavuz Sultan Selim Han\u0131n M\u0131s\u0131r seferinden sonra Hilafet makam\u0131n\u0131 \u0130stanbul\u2019a kutsal emanetler ile birlikte getirmesiyle \u0130slam \u00c2leminin de merkezi Hilafet Makam\u0131n\u0131 \u0130stanbul temsil ederek \u201cBEY\u0130N\u201d e yard\u0131mc\u0131 unsur denge ve y\u00fcr\u00fcme ve dik durmay\u0131 sa\u011flayan merkez (Beyincik ve omurilik so\u011fan\u0131) g\u00f6revini de yerine getirmi\u015ftir.<\/p>\n<p><strong>\u0130lham ve Duygu Merkezi KALP- Kud\u00fcs<br \/>\n<\/strong>Canl\u0131larda ve \u00f6zellikle \u0130nsan v\u00fccudunda;<br \/>\nG\u00f6\u011f\u00fcs ve G\u00f6\u011f\u00fcs kafesi diye bildi\u011fimiz b\u00f6lgenin muhafazas\u0131 i\u00e7inde bulunan\u00a0<strong><em>\u201cKALP\u201d<\/em><\/strong>\u00a0canl\u0131lar\u0131n \u00f6zellikle insano\u011flunun ya\u015famas\u0131 ve g\u00f6n\u00fcl, iman ve a\u015fk duygular\u0131n\u0131n itici g\u00fcc\u00fc motorudur.<br \/>\nHaritada g\u00f6r\u00fcld\u00fc\u011f\u00fc \u00fczre \u201cKUD\u00dcS\u201d insanl\u0131k tarihinde bulundu\u011fu b\u00f6lgede t\u00fcm dinlerde \u00f6zellikle semavi dinler olan Yahudilik, H\u0131ristiyanl\u0131k ve \u0130slamiyet i\u00e7in y\u00f6nlendirici ve etkileyici bir idari dini ve siyasi merkezidir. T\u0131pk\u0131 insan v\u00fccudunda hayat veren\u00a0<strong><em>\u201cKALP\u201d<\/em><\/strong>te oldu\u011fu gibi.<br \/>\n<strong><em>\u201cKUD\u00dcS\u201d<\/em><\/strong>\u00a0\u00e7evresinde bulunan dinler ve medeniyetlerin israrl\u0131 koruma ve sahiplenme hareketlerine maruz kalm\u0131\u015f t\u00fcm insanl\u0131\u011f\u0131n ortak gaye ve hedefleri olmu\u015ftur.<br \/>\nAs\u0131rlard\u0131r bu duygu ve inan\u00e7lardan dolay\u0131 Yahudi \u2013 H\u0131ristiyan, H\u0131ristiyan \u2013 M\u00fcsl\u00fcman, Yahudi \u2013 M\u00fcsl\u00fcman din ve medeniyetleri aras\u0131nda son derece kanl\u0131 ve y\u0131k\u0131c\u0131 m\u00fccadelelere sahne olmu\u015ftur. H\u0131ristiyanl\u0131kta ve \u00f6zellikle M\u00fcsl\u00fcmanl\u0131kta\u00a0<strong><em>\u201cKUD\u00dcS\u201d<\/em><\/strong>\u00a0ilk ortak k\u0131ble ve dini merkez halinde idi.<\/p>\n<p>Yahudi inanc\u0131na g\u00f6re\u00a0<strong><em>\u201cKUD\u00dcS\u201d<\/em><\/strong>\u00a0vaat edilmi\u015f topraklar \u201cArz-Mev\u2019ud\u201dun merkezi olarak bilinmektedir. Bu nedenle son zamanlarda b\u00f6lgede kurulmu\u015f sonradan ter\u00f6r devleti haline gelmi\u015f Yahudilerin s\u00f6zde temsilcisi olduklar\u0131n\u0131 iddia eden \u0130srail ile Mazlum M\u00fcsl\u00fcmanlar\u0131n kanl\u0131 sava\u015flar\u0131 ile\u00a0<strong><em>\u201cKUD\u00dcS\u201d<\/em><\/strong>\u00a0as\u0131rlard\u0131r korudu\u011fu t\u00fcm semavi dinlerin cazibe merkezleri olma s\u0131fat\u0131ndan yak\u0131l\u0131p y\u0131k\u0131larak enkaz haline getirilmektedir.<br \/>\nBu durum da insan v\u00fccudunda ya\u015fam i\u00e7in enerji sa\u011flayan\u00a0<strong><em>\u201cKALP\u201d<\/em><\/strong>i g\u00f6revini yerine getiremez hale sokmaktad\u0131r.<br \/>\nSevgi ve A\u015fk\u0131n Merkezi g\u00f6n\u00fcl olarak bildi\u011fimiz\u00a0<strong><em>\u201cKALP\u201d<\/em><\/strong>\u00a0\u00f6l\u00fcrse \u015fevkat, merhamet, sayg\u0131 ve sevgi de \u00f6l\u00fcr.<br \/>\nDolay\u0131s\u0131 ile\u00a0<strong><em>\u201cKUD\u00dcS\u201d<\/em><\/strong>\u00a0yak\u0131l\u0131p y\u0131k\u0131l\u0131rsa ho\u015fg\u00f6r\u00fc ve semavi dinlerin merkezi olmaktan \u00e7\u0131kar\u0131l\u0131rsa t\u00fcm dinler ve insanl\u0131k alemi onar\u0131lmas\u0131 g\u00fc\u00e7 zarar g\u00f6r\u00fcr.<br \/>\nYaratan\u0131n\u00a0<strong><em>\u201cKALP\u201d<\/em><\/strong>i g\u00f6\u011f\u00fcs kafesinde her \u015fartlara ve duruma kar\u015f\u0131 korudu\u011fu gibi insanl\u0131k da\u00a0<strong><em>\u201cKUD\u00dcS\u201d<\/em><\/strong>\u00a0\u00fc o hassasiyette korumal\u0131d\u0131r.<\/p>\n<p>Do\u011fum ve Yarat\u0131l\u0131\u015f Merkezi KARIN (Rahim) \u2013\u00a0<strong><em>\u201cMEKKE\u201d<\/em><\/strong><br \/>\nCanl\u0131larda ve \u00f6zellikle \u0130nsan v\u00fccudunda;<br \/>\nHayat\u0131n ve varolu\u015fun ba\u015flang\u0131c\u0131nda Rahman ve Rahim olan Y\u00fcce Yarat\u0131c\u0131m\u0131z ALLAH (cc) \u0130nsano\u011flunu inanc\u0131m\u0131za g\u00f6re ilk \u00e7amurdan yaratarak \u00e7enette mukim k\u0131lm\u0131\u015ft\u0131r.<\/p>\n<p>\u0130nsanl\u0131\u011f\u0131n Babas\u0131\u00a0<strong><em>\u201cEbulbe\u015fer\u201d<\/em><\/strong>\u00a0Hz. Adem (as) e e\u015f olarak yaratt\u0131\u011f\u0131 Hz. Havva annemizle birlikte cennette ya\u015famlar\u0131 s\u00fcrecine baz\u0131 yasaklar koymu\u015ftur. \u015eeytan\u0131 aleyhillanenin \u0131srarl\u0131 takip, kand\u0131rma ve m\u00fccadelesi ile Hz. Adem (as) ve Hz. Havva annemiz kendilerine konulan yasa\u011f\u0131 \u00e7i\u011fnemi\u015flerdir.<\/p><div id=\"bghab-4271968632\" class=\"bghab-icerik-icine-15-paragraf bghab-entity-placement\"><script async src=\"\/\/pagead2.googlesyndication.com\/pagead\/js\/adsbygoogle.js?client=ca-pub-6203283170189293\" crossorigin=\"anonymous\"><\/script><ins class=\"adsbygoogle\" style=\"display:block; text-align:center;\" data-ad-client=\"ca-pub-6203283170189293\" \ndata-ad-slot=\"7303146466\" \ndata-ad-layout=\"in-article\"\ndata-ad-format=\"fluid\" data-full-width-responsive=\"true\"><\/ins>\n<script> \n(adsbygoogle = window.adsbygoogle || []).push({}); \n<\/script>\n<\/div>\n<p>Bunun \u00fczerine\u00a0<strong><em>\u201cRAH\u0130M\u201d<\/em><\/strong>\u00a0olan yarat\u0131c\u0131 taraf\u0131ndan \u00fczerlerinde bulunan cennet elbiseleri soyularak cennetten kovulmu\u015flard\u0131r.<br \/>\nBir rivayete g\u00f6re 223 g\u00fcn sonra Hz. \u00c2dem (as) ve Hz. Havva annemiz\u00a0<strong><em>\u201cMEKKE\u201d<\/em><\/strong>\u00a0\u015fehrinin Arafat da\u011f\u0131nda Cebrail\u2019in de yard\u0131mlar\u0131 ile g\u00fcnahlar\u0131ndan t\u00f6vbe ederek bulu\u015fup evlenmi\u015flerdir.<\/p>\n<p><strong><em>\u201cMEKKE\u201d<\/em><\/strong>\u00a0\u015fehri bundan b\u00f6yle insanl\u0131\u011f\u0131n \u00e7o\u011falarak d\u00fcnya \u00fczerinde neslinin yay\u0131lmas\u0131nda\u00a0<strong><em>\u201cRAH\u0130M\u201d<\/em><\/strong>\u00a0(G\u00fcvenilir, Esirgeyen, Ac\u0131yan, Koruyan, Merhametli. \u0130yilere de, k\u00f6t\u00fclere de rahmet eden.) olan\u00a0<strong><em>ALLAH<\/em><\/strong>\u00a0(cc)\u2019\u0131n s\u0131fat\u0131nda oldu\u011fu gibi insanl\u0131\u011fa hizmette bulunmu\u015f kadim bir \u015fehirdir.<br \/>\n<strong><em>Y\u00fcce ALLAH (cc)\u2019\u0131n<\/em><\/strong>\u00a0kudret eliyle t\u00fcm insanl\u0131\u011f\u0131 Hz. \u00c2dem ve Hz. Havva annemizin arac\u0131l\u0131\u011f\u0131 ile bir damla sudan yarat\u0131\u011f\u0131 Kuran\u0131 Kerim\u2019de bir\u00e7ok s\u00fcrede biz insanlara anlat\u0131lmaktad\u0131r. T\u0131pk\u0131 insano\u011flunun do\u011fup, b\u00fcy\u00fcy\u00fcp \u00f6lmesinde oldu\u011fu gibi hayat denilen bize g\u00f6re uzun, ancak k\u00e2inat\u0131n ve yarat\u0131c\u0131n\u0131n taktir ve g\u00fcc\u00fcne g\u00f6re k\u0131sac\u0131k \u00f6m\u00fcr \u201cRAH\u0130M\u201d de ba\u015flamaktad\u0131r.<br \/>\nKurni Kerim\u2019de M\u00fcminun s\u00fcresi 13 Ayetinde y\u00fcce ALLAH (cc) biz kullar\u0131na\u00a0<strong><em>\u201cSonra onu emin ve sa\u011flam bir kararg\u00e2hta (rahimde) nutfe (sperma) haline getirdik.\u201d<\/em><\/strong>\u00a0Buyurdu\u011fu gibi konu ile ilgili 11 surede olmak \u00fczere toplam 12 ayet daha bulunur.<br \/>\n\u0130nsan\u0131n yarad\u0131l\u0131\u015f\u0131ndaki s\u0131rlarda oldu\u011fu gibi k\u00e2inatta o s\u0131rlara uygun olarak hayat \u00e7izgisini devam ettirmektedir.<br \/>\n<strong><em>\u201cMEKKE\u201d<\/em><\/strong>\u00a0\u015fehri insano\u011flunun inan\u00e7lar\u0131na ve medeniyetlerine\u00a0<strong><em>\u201cRAH\u0130M\u201d<\/em><\/strong>\u00a0(G\u00fcvenilir, Esirgeyen, Ac\u0131yan, Koruyan, Merhametli. \u0130yilere de, k\u00f6t\u00fclere de rahmet) de bulunarak yarat\u0131c\u0131ya kar\u015f\u0131 y\u00fck\u00fcml\u00fcl\u00fck ve sorumluluklar\u0131n belirlendi\u011fi kabul g\u00f6rd\u00fc\u011f\u00fc bir kadim medeniyettir.<br \/>\nT\u00fcm semavi dinlerde oldu\u011fu gibi\u00a0<strong><em>ALLAH<\/em><\/strong>\u00a0(cc) tan yap\u0131lan g\u00fcnah ve k\u00f6t\u00fcl\u00fckler i\u00e7in t\u00f6vbe edilir, af dilenir.<br \/>\n\u0130slam dininin be\u015f temel emrinden biri olan HAC farizas\u0131nda da \u201cMEKKE\u201d \u015fehrinin Arafat da\u011f\u0131nda vakfe duas\u0131 yap\u0131larak t\u00f6vbe edilmesi elzemdir.\u00a0 HAC hakk\u0131nda Hz. Muhammed (cc) bir hadisi \u015ferifinde;<br \/>\n<strong><em>\u201cHac Arafatt\u0131r\u201d<\/em><\/strong>\u00a0\u2013 Buna g\u00f6re\u00a0<strong><em>\u201cHac, Arafat\u2019t\u0131r\u201d<\/em><\/strong>\u0131n anlam\u0131; hacda mutlaka Arafat\u2019ta durulmas\u0131 (vakfe yap\u0131lmas\u0131) gerekir, demektir. Arafat\u2019ta durmayan\u0131n, hacc\u0131 yoktur (kabul olunmaz).<br \/>\n<strong><em>\u201cMEKKE\u201d<\/em><\/strong>\u00a0\u015fehrine bu \u00f6nem ve g\u00fczelli\u011fi sa\u011flayan \u015fartlar\u00a0<strong><em>\u201cRAH\u0130M\u201d<\/em><\/strong>\u00a0s\u0131fat\u0131n\u0131n i\u00e7eri\u011finde olan g\u00fcvenilirlik, Esirgeyen, Ac\u0131yan, Koruyan, Merhametli. \u0130yilere de, k\u00f6t\u00fclere de rahmet vas\u0131flar\u0131 ile birlikte dinlerin ve insanl\u0131\u011f\u0131n biat etti\u011fi m\u00fcbarek bir \u015fehir olmas\u0131d\u0131r.<br \/>\nBunlar\u0131n yan\u0131 s\u0131ra\u00a0<strong><em>\u201cKABE\u201d<\/em><\/strong>\u00a0nin de\u00a0<strong><em>\u201cMEKKE\u201d<\/em><\/strong>\u00a0\u015fehrinde bulunmas\u0131 ve tarihinin insanl\u0131k tarihi kadar eski ve toparlay\u0131c\u0131 oldu\u011funa belirtmektedir.<\/p>\n<p><strong><em><img loading=\"lazy\" decoding=\"async\" class=\"jetpack-lazy-image jetpack-lazy-image--handled\" src=\"https:\/\/i0.wp.com\/pbs.twimg.com\/ext_tw_video_thumb\/941387795058364417\/pu\/img\/ZSddVt2_OFE8_ug2.jpg?resize=725%2C417&amp;ssl=1\" alt=\"Kadir \u00d6zt\u00fcrk on Twitter: &quot;Mekke, Kud\u00fcs ve \u0130stanbul ayn\u0131 d\u00fczlemde olup aralar\u0131ndaki mesafeler birbirine e\u015fittir. Di\u011fer bir ifade ile Kud\u00fcs, Mekke ve \u0130stanbul'un tam ortas\u0131ndad\u0131r. \u0130stanbul'da namaza duran bir ki\u015fi, ayn\u0131 anda\" width=\"996\" height=\"573\" data-recalc-dims=\"1\" data-lazy-loaded=\"1\" \/>Kabe nas\u0131l yap\u0131ld\u0131:<br \/>\n<\/em><\/strong>K\u00e2be\u2019nin yap\u0131l\u0131\u015f\u0131 hakk\u0131ndaki rivayetler g\u00f6re, Hz. Adem ile Havva cennetten \u00e7\u0131kar\u0131ld\u0131klar\u0131 vakit yery\u00fcz\u00fcnde Arafat\u2019ta bulu\u015furlar, beraber bat\u0131ya do\u011fru y\u00fcr\u00fcrler. K\u00e2be\u2019nin bulundu\u011fu yere gelirler. Bu esnada Hz. \u00e2dem, bu bulu\u015fmaya \u015f\u00fck\u00fcr olmak \u00fczere rabbine, ibadet etmek ister ve cennette iken, etraf\u0131nda tavaf ederek ibadet etti\u011fi nurdan s\u00fctunun tekrar kendine verilmesini diler. \u0130\u015fte o nurdan s\u00fctun orada tecelli eder ve Hz. \u00c2dem onun etraf\u0131nda tavaf ederek Allah\u2019a ibadet eder. Bu nurdan s\u00fctun Hz. \u015eit zaman\u0131nda kaybolur, yerine bir ta\u015f kal\u0131r. Bunun \u00fczerine Hz. \u015eit onun yerine, ta\u015ftan onun gibi d\u00f6rt k\u00f6\u015fe bir bina yapar. Ve o siyah ta\u015f\u0131 binan\u0131n bir k\u00f6\u015fesine yerle\u015ftirir. \u0130\u015fte bug\u00fcn hacer-\u00fcl esvad diye bilinen siyah ta\u015f odur. Sonra Nuh tufan\u0131nda bina, kumlar alt\u0131nda uzunca bir s\u00fcre kal\u0131r<br \/>\nHz. \u0130brahim Allah\u2019\u0131n emri ile K\u00e2be\u2019nin bulundu\u011fu yere gider, o\u011flu \u0130smail ve e\u015fi. hacer ile orada yerle\u015fir. Sonra \u0130smail ile K\u00e2be\u2019nin yerini kazar. Hz. \u015eit taraf\u0131ndan yap\u0131lan binan\u0131n temellerini bulur. Ve o temeller \u00fczerine bug\u00fcn mevcut olan K\u00e2be\u2019yi in\u015fa ederler. Ayette\u00a0<strong><em>\u201cBeytullah\u0131n temellerini y\u00fckseltiyor.\u201d<\/em><\/strong>\u00a0c\u00fcmlesi bunu ifade eder.<br \/>\n\u0130slam eserlerinde Allah\u2019\u0131n Hz. \u0130brahim\u2019i K\u00e2be\u2019yi in\u015fa etmekle g\u00f6revlendirerek Mekke\u2019ye g\u00f6nderdi\u011fi yaz\u0131l\u0131d\u0131r. Bununla birlikte, K\u00e2be\u2019nin Hz. \u0130brahim\u2019den \u00e7ok daha \u00f6nce eski bir d\u00f6neme ait ge\u00e7mi\u015finden de bahsedilir. Yani, K\u00e2be \u00e7ok \u00f6nceleri de vard\u0131. Ama Nuh tufan\u0131ndan sonra y\u0131k\u0131larak kaybolmu\u015ftu. \u0130\u015fte Hz. \u0130brahim bundan dolay\u0131, kabeyi bulmak ve yeniden in\u015fa etmek i\u00e7in Allah taraf\u0131ndan g\u00f6revlendirilmi\u015fti.<br \/>\nK\u00e2be y\u00fcz y\u0131llard\u0131r ayakta kalan bir yap\u0131d\u0131r. Zaman i\u00e7erisinde \u00e7ok hasar g\u00f6rm\u00fc\u015f, sel felaketlerine u\u011fram\u0131\u015f, \u00e7ok \u00e7e\u015fitli sald\u0131r\u0131lara maruz kalm\u0131\u015ft\u0131r.<br \/>\nOsmanl\u0131 d\u00f6neminde K\u00e2be hizmetine \u00e7ok \u00f6nem verilirdi. Bu kutsal mek\u00e2na her t\u00fcrl\u00fc yard\u0131mda bulunurlar ve kendilerini<strong><em>,\u201dhaadim\u00fcl harameyn\u201d<\/em><\/strong>olarak, yani Mekke ve Medine\u2019nin hizmet\u00e7isi olarak takdim ederlerdi. Bug\u00fcn Mekke ve \u00e7evresinde bir hayli Osmanl\u0131 eserleri mevcuttur.<br \/>\nK\u00e2be M\u00fcsl\u00fcmanlar\u0131n ibadetinde \u00e7ok \u00f6nemli bir yere sahiptir. Her g\u00fcn d\u00fcnya \u00fczerinde ya\u015fayan M\u00fcsl\u00fcmanlar, nerede olursa olsun K\u00e2be\u2019ye y\u00f6nlerini d\u00f6ner ve o y\u00f6ne do\u011fru namaz k\u0131larlar.<br \/>\n<strong>Tarihte \u0130stanbul 29 kes ku\u015fat\u0131ld\u0131<br \/>\n<\/strong>\u0130stanbul\u2019u alan d\u00fcnya y\u00f6netimini al\u0131yor<br \/>\nK\u0131saca; \u0130stanbul, Kudd\u00fcs ve Mekke\u2019nin harita \u00fczerinde 1 TEK hat \u00fcst\u00fcnde bulunmas\u0131.<br \/>\n\u00dcst\u00fcne \u00fcstl\u00fck Kudd\u00fcs mesafa olarak Istanbul ve Mekke\u2019nin TAM ortas\u0131nda bulunmas\u0131.<br \/>\n<strong><em>\u0130stanbul-K\u00fcd\u00fcs 1200km Kud\u00fcs-Mekke aralar\u0131nda mesafe de 1200 km buna da Alt\u0131n hat ismi verilir<\/em><\/strong><\/p>\n<p><strong>Sayg\u0131lar\u0131m\u0131zla,<\/strong><\/p>\n<p>&nbsp;<\/p>\n<p>Rafet ULUT\u00dcRK<br \/>\nBULT\u00dcRK Derne\u011fi<br \/>\nGenel Ba\u015fkan<\/p><div id=\"bghab-3758415608\" class=\"bghab-icerik-icine-20-paragraf bghab-entity-placement\"><script async src=\"\/\/pagead2.googlesyndication.com\/pagead\/js\/adsbygoogle.js?client=ca-pub-6203283170189293\" crossorigin=\"anonymous\"><\/script><ins class=\"adsbygoogle\" style=\"display:block; text-align:center;\" data-ad-client=\"ca-pub-6203283170189293\" \ndata-ad-slot=\"7303146466\" \ndata-ad-layout=\"in-article\"\ndata-ad-format=\"fluid\" data-full-width-responsive=\"true\"><\/ins>\n<script> \n(adsbygoogle = window.adsbygoogle || []).push({}); \n<\/script>\n<\/div>\n<p><img loading=\"lazy\" decoding=\"async\" class=\"\" src=\"https:\/\/pbs.twimg.com\/media\/EYBMbvtXsAA4N6e?format=jpg&amp;name=small\" alt=\"Image\" width=\"981\" height=\"743\" \/><\/p>\n<div id=\"bghab-2729514860\" class=\"bghab-yazi-altinda bghab-entity-placement\"><script async src=\"https:\/\/pagead2.googlesyndication.com\/pagead\/js\/adsbygoogle.js\"><\/script>\r\n<!-- bghaber-yaz\u0131-sonu -->\r\n<ins class=\"adsbygoogle\"\r\n     style=\"display:block\"\r\n     data-ad-client=\"ca-pub-6203283170189293\"\r\n     data-ad-slot=\"4222328180\"\r\n     data-ad-format=\"auto\"\r\n     data-full-width-responsive=\"true\"><\/ins>\r\n<script>\r\n     (adsbygoogle = window.adsbygoogle || []).push({});\r\n<\/script><\/div><br style=\"clear: both; display: block; float: none;\"\/>","protected":false},"excerpt":{"rendered":"<p>Yazan: Rafet ULUT\u00dcRK \u0130stanbul Kud\u00fcs Mekke Hatt\u0131nda \u2013 Ortado\u011fu Haritas\u0131nda \u2013 Gizli ve Esrarengiz Bir Hat..! \u00a0\u0130slam \u00c2leminin ve Ortado\u011fu\u2019nun gizemi \u0130stanbul, Kud\u00fcs, Mekke ne<\/p>\n","protected":false},"author":13,"featured_media":55872,"comment_status":"open","ping_status":"closed","sticky":false,"template":"","format":"standard","meta":{"advanced_seo_description":"","jetpack_seo_html_title":"","jetpack_seo_noindex":false,"jetpack_seo_schema_type":"","_jetpack_newsletter_access":"","_jetpack_dont_email_post_to_subs":false,"_jetpack_newsletter_tier_id":0,"_jetpack_memberships_contains_paywalled_content":false,"_jetpack_feature_clip_id":0,"_jetpack_memberships_contains_paid_content":false,"footnotes":"","jetpack_post_was_ever_published":false},"categories":[6],"tags":[],"class_list":["post-59149","post","type-post","status-publish","format-standard","has-post-thumbnail","hentry","category-yorum"],"jetpack_sharing_enabled":true,"jetpack_likes_enabled":true,"jetpack-related-posts":[],"jetpack_shortlink":"https:\/\/wp.me\/pc2PfJ-fo1","jetpack_featured_media_url":"https:\/\/i0.wp.com\/www.bghaber.org\/bghaber\/wp-content\/uploads\/2021\/12\/rafet-tr-bg-byrkl2.jpg?fit=796%2C598&ssl=1","_links":{"self":[{"href":"https:\/\/www.bghaber.org\/bghaber\/wp-json\/wp\/v2\/posts\/59149","targetHints":{"allow":["GET"]}}],"collection":[{"href":"https:\/\/www.bghaber.org\/bghaber\/wp-json\/wp\/v2\/posts"}],"about":[{"href":"https:\/\/www.bghaber.org\/bghaber\/wp-json\/wp\/v2\/types\/post"}],"author":[{"embeddable":true,"href":"https:\/\/www.bghaber.org\/bghaber\/wp-json\/wp\/v2\/users\/13"}],"replies":[{"embeddable":true,"href":"https:\/\/www.bghaber.org\/bghaber\/wp-json\/wp\/v2\/comments?post=59149"}],"version-history":[{"count":0,"href":"https:\/\/www.bghaber.org\/bghaber\/wp-json\/wp\/v2\/posts\/59149\/revisions"}],"wp:featuredmedia":[{"embeddable":true,"href":"https:\/\/www.bghaber.org\/bghaber\/wp-json\/wp\/v2\/media\/55872"}],"wp:attachment":[{"href":"https:\/\/www.bghaber.org\/bghaber\/wp-json\/wp\/v2\/media?parent=59149"}],"wp:term":[{"taxonomy":"category","embeddable":true,"href":"https:\/\/www.bghaber.org\/bghaber\/wp-json\/wp\/v2\/categories?post=59149"},{"taxonomy":"post_tag","embeddable":true,"href":"https:\/\/www.bghaber.org\/bghaber\/wp-json\/wp\/v2\/tags?post=59149"}],"curies":[{"name":"wp","href":"https:\/\/api.w.org\/{rel}","templated":true}]}}