{"id":59147,"date":"2023-04-10T13:39:49","date_gmt":"2023-04-10T10:39:49","guid":{"rendered":"https:\/\/www.bghaber.org\/bghaber\/?p=59147"},"modified":"2026-02-02T19:46:53","modified_gmt":"2026-02-02T16:46:53","slug":"bulgaristanda-49-parlamentosu-12-nisanda-toplanacak","status":"publish","type":"post","link":"https:\/\/www.bghaber.org\/bghaber\/bulgaristanda-49-parlamentosu-12-nisanda-toplanacak\/","title":{"rendered":"Bulgaristan&#8217;da 49. Parlamentosu 12 Nisan\u2019da toplanacak"},"content":{"rendered":"<p>Bulgaristan Cumhurba\u015fkan\u0131 Rumen Radev 49. Parlamentosunun ilk oturumunu 12 Nisan 2023 \u00c7ar\u015famba g\u00fcn\u00fc saat 10:00&#8217;da yap\u0131lmas\u0131n\u0131 kararla\u015ft\u0131rd\u0131.<\/p>\n<p>Yeni Mecliste GERB &#8211; 69, De\u011fi\u015fime Devam Partisi &#8211; 64, Dirili\u015f Partisi &#8211; 37, DPS &#8211; 36, BSP \u0130ttifak\u0131 &#8211; 23, Var B\u00f6yle Bir Halk Partisi &#8211; 11 milletvekili temsil edecek.<\/p>\n<p>Parlamentonun ilk oturumunda milletvekilleri Meclis Ba\u015fkan\u0131n\u0131 se\u00e7ecek. Oturum en ya\u015fl\u0131 milletvekili Vejdi RA\u015e\u0130DOV taraf\u0131ndan a\u00e7\u0131laca\u011f\u0131 bekleniyor.<\/p>\n<p>Meclisteki partilerin liderleri, ilk g\u00f6revlerinin bu y\u0131l\u0131n b\u00fct\u00e7esini kabul etmek oldu\u011funu \u015fimdiden ilan ettiler.<\/p>\n<div id=\"bghab-1193972609\" class=\"bghab-yazi-altinda bghab-entity-placement\"><script async src=\"https:\/\/pagead2.googlesyndication.com\/pagead\/js\/adsbygoogle.js\"><\/script>\r\n<!-- bghaber-yaz\u0131-sonu -->\r\n<ins class=\"adsbygoogle\"\r\n     style=\"display:block\"\r\n     data-ad-client=\"ca-pub-6203283170189293\"\r\n     data-ad-slot=\"4222328180\"\r\n     data-ad-format=\"auto\"\r\n     data-full-width-responsive=\"true\"><\/ins>\r\n<script>\r\n     (adsbygoogle = window.adsbygoogle || []).push({});\r\n<\/script><\/div><br style=\"clear: both; display: block; float: none;\"\/>","protected":false},"excerpt":{"rendered":"<p>Bulgaristan Cumhurba\u015fkan\u0131 Rumen Radev 49. Parlamentosunun ilk oturumunu 12 Nisan 2023 \u00c7ar\u015famba g\u00fcn\u00fc saat 10:00&#8217;da yap\u0131lmas\u0131n\u0131 kararla\u015ft\u0131rd\u0131. Yeni Mecliste GERB &#8211; 69, De\u011fi\u015fime Devam Partisi<\/p>\n","protected":false},"author":13,"featured_media":59094,"comment_status":"open","ping_status":"closed","sticky":false,"template":"","format":"standard","meta":{"advanced_seo_description":"","jetpack_seo_html_title":"","jetpack_seo_noindex":false,"jetpack_seo_schema_type":"","_jetpack_newsletter_access":"","_jetpack_dont_email_post_to_subs":false,"_jetpack_newsletter_tier_id":0,"_jetpack_memberships_contains_paywalled_content":false,"_jetpack_feature_clip_id":0,"_jetpack_memberships_contains_paid_content":false,"footnotes":"","jetpack_post_was_ever_published":false},"categories":[1133,1,3848],"tags":[],"class_list":["post-59147","post","type-post","status-publish","format-standard","has-post-thumbnail","hentry","category-duyuru","category-haberler","category-secim"],"jetpack_sharing_enabled":true,"jetpack_likes_enabled":true,"jetpack-related-posts":[],"jetpack_shortlink":"https:\/\/wp.me\/pc2PfJ-fnZ","jetpack_featured_media_url":"https:\/\/i0.wp.com\/www.bghaber.org\/bghaber\/wp-content\/uploads\/2023\/04\/bg-parlamentosu-meclisi.jpg?fit=525%2C311&ssl=1","_links":{"self":[{"href":"https:\/\/www.bghaber.org\/bghaber\/wp-json\/wp\/v2\/posts\/59147","targetHints":{"allow":["GET"]}}],"collection":[{"href":"https:\/\/www.bghaber.org\/bghaber\/wp-json\/wp\/v2\/posts"}],"about":[{"href":"https:\/\/www.bghaber.org\/bghaber\/wp-json\/wp\/v2\/types\/post"}],"author":[{"embeddable":true,"href":"https:\/\/www.bghaber.org\/bghaber\/wp-json\/wp\/v2\/users\/13"}],"replies":[{"embeddable":true,"href":"https:\/\/www.bghaber.org\/bghaber\/wp-json\/wp\/v2\/comments?post=59147"}],"version-history":[{"count":0,"href":"https:\/\/www.bghaber.org\/bghaber\/wp-json\/wp\/v2\/posts\/59147\/revisions"}],"wp:featuredmedia":[{"embeddable":true,"href":"https:\/\/www.bghaber.org\/bghaber\/wp-json\/wp\/v2\/media\/59094"}],"wp:attachment":[{"href":"https:\/\/www.bghaber.org\/bghaber\/wp-json\/wp\/v2\/media?parent=59147"}],"wp:term":[{"taxonomy":"category","embeddable":true,"href":"https:\/\/www.bghaber.org\/bghaber\/wp-json\/wp\/v2\/categories?post=59147"},{"taxonomy":"post_tag","embeddable":true,"href":"https:\/\/www.bghaber.org\/bghaber\/wp-json\/wp\/v2\/tags?post=59147"}],"curies":[{"name":"wp","href":"https:\/\/api.w.org\/{rel}","templated":true}]}}