{"id":58634,"date":"2023-01-26T19:45:52","date_gmt":"2023-01-26T16:45:52","guid":{"rendered":"https:\/\/www.bghaber.org\/bghaber\/?p=58634"},"modified":"2026-02-02T19:47:22","modified_gmt":"2026-02-02T16:47:22","slug":"bulgaristanda-hukumet-kuramayan-bsp-gorevi-cumhurbaskanina-iade-etti","status":"publish","type":"post","link":"https:\/\/www.bghaber.org\/bghaber\/bulgaristanda-hukumet-kuramayan-bsp-gorevi-cumhurbaskanina-iade-etti\/","title":{"rendered":"Bulgaristan&#8217;da h\u00fck\u00fcmet kuramayan BSP g\u00f6revi Cumhurba\u015fkan\u0131&#8217;na iade etti"},"content":{"rendered":"<h2 id=\"trtspot1\" class=\"detOzet\">Bulgaristan&#8217;da h\u00fck\u00fcmeti kuramayan Bulgaristan Sosyalist Partisinin lideri Korneliya Ninova, g\u00f6revi Cumhurba\u015fkan\u0131 Rumen Radev&#8217;e iade etti.<\/h2>\n<div class=\"detYazi cf\">\n<div id=\"trtdty\" class=\"editorPart blackle\">\n<p>Bulgaristan&#8217;\u0131n 240 sandalyeli meclisinde 24 milletvekiline sahip\u00a0<a href=\"https:\/\/www.trthaber.com\/etiket\/bulgaristan\/\" target=\"_blank\" rel=\"noopener\">Bulgaristan<\/a>\u00a0Sosyalist Partisinin (BSP) h\u00fck\u00fcmeti kurma konusunda ba\u015far\u0131s\u0131z olmas\u0131, \u00fclkede son iki y\u0131lda 5. kez erken genel se\u00e7ime giden yolun \u00f6n\u00fcn\u00fc a\u00e7t\u0131.<\/p>\n<p>Cumhurba\u015fkanl\u0131\u011f\u0131nda d\u00fczenlenen t\u00f6rende Ninova, 48. parlamentoda kabineyi kurmakla g\u00f6revlendirilmi\u015f partisinin elinden gelen \u00e7abalar\u0131 g\u00f6sterdi\u011fine i\u015faret ederek, &#8220;Parti olarak 4 ana \u00f6nceli\u011fi di\u011fer partilere sunduk. Bunlar\u0131n aras\u0131nda Bulgaristan&#8217;\u0131n \u015eengen alan\u0131na kat\u0131lmas\u0131, Kalk\u0131nma ve S\u00fcrd\u00fcr\u00fclebilirlik Plan\u0131 ile ilgili gerekli yasalar\u0131n kabul\u00fc, 2023 y\u0131l\u0131 b\u00fct\u00e7esinin oylanmas\u0131 ve adalet sisteminde reformlar yap\u0131lmas\u0131 yer al\u0131yor. T\u00fcm partileri m\u00fczakerelere davet ettik. M\u00fczakerelere kat\u0131lan ve kat\u0131lmayan partilerin tavr\u0131ndan bir h\u00fck\u00fcmetin kurulmas\u0131 i\u00e7in gerekli destek alamayaca\u011f\u0131m\u0131z\u0131 anlad\u0131k.&#8221; diye konu\u015ftu.<\/p>\n<p><strong>H\u00fck\u00fcmetin kurulamamas\u0131 durumunda martta erken se\u00e7im i\u00e7in tarih belirlenecek<\/strong><\/p>\n<p>Cumhurba\u015fkan\u0131 Radev, \u00fclkede zorlu siyasi ortamda BSP&#8217;nin g\u00f6sterdi\u011fi gayreti takdirle kar\u015f\u0131lad\u0131\u011f\u0131n\u0131 dile getirerek, &#8220;Merkez Se\u00e7im Komisyonu (Z\u0130K) ile se\u00e7im haz\u0131rl\u0131\u011f\u0131 konusunda g\u00f6r\u00fc\u015fme yapt\u0131ktan sonra parlamentoyu feshetme ve yeni erken se\u00e7im i\u00e7in tarih belirleme karar\u0131m\u0131 a\u00e7\u0131klayaca\u011f\u0131m.&#8221; dedi.<\/p>\n<p>Radev&#8217;in daha \u00f6nce h\u00fck\u00fcmeti kurmakla g\u00f6revlendirdi\u011fi eski Ba\u015fbakan Boyko Borisov&#8217;un lideri oldu\u011fu Bulgaristan&#8217;\u0131n Avrupal\u0131 Geli\u015fimi \u0130\u00e7in Yurtta\u015flar (GERB) Partisi ve yine eski Ba\u015fbakan Kiril Petkov&#8217;un e\u015f ba\u015fkan\u0131 oldu\u011fu De\u011fi\u015fime Devam (PP) Partisi de ba\u015far\u0131s\u0131z olmu\u015ftu.<\/p><div id=\"bghab-725095463\" class=\"bghab-icerik-icine bghab-entity-placement\"><script async src=\"\/\/pagead2.googlesyndication.com\/pagead\/js\/adsbygoogle.js?client=ca-pub-6203283170189293\" crossorigin=\"anonymous\"><\/script><ins class=\"adsbygoogle\" style=\"display:block; text-align:center;\" data-ad-client=\"ca-pub-6203283170189293\" \ndata-ad-slot=\"7303146466\" \ndata-ad-layout=\"in-article\"\ndata-ad-format=\"fluid\" data-full-width-responsive=\"true\"><\/ins>\n<script> \n(adsbygoogle = window.adsbygoogle || []).push({}); \n<\/script>\n<\/div>\n<p>Radev, \u00fclkede h\u00fck\u00fcmetin kurulamamas\u0131 durumunda martta erken se\u00e7im i\u00e7in tarih belirleyece\u011fini duyurmu\u015ftu.<\/p>\n<p><strong>Bulgaristan&#8217;da siyasi istikrars\u0131zl\u0131\u011f\u0131n ge\u00e7mi\u015fi<\/strong><\/p>\n<p>Bulgaristan&#8217;da siyasi kriz, Nisan 2021&#8217;de yap\u0131lan genel se\u00e7imlerin ard\u0131ndan olu\u015fturulan 45. parlamento d\u00f6neminde ba\u015flam\u0131\u015ft\u0131.<\/p>\n<p>Partiler aras\u0131nda h\u00fck\u00fcmeti kurma konusunda uzla\u015fma sa\u011flanamamas\u0131 nedeniyle Bulgar se\u00e7menler, 2021 y\u0131l\u0131n\u0131n temmuz ve kas\u0131m aylar\u0131nda, ayr\u0131ca 2022 y\u0131l\u0131n\u0131n ekim ay\u0131nda 3 kez daha erken se\u00e7im i\u00e7in sand\u0131k ba\u015f\u0131na gitmi\u015fti.<\/p>\n<p>Nisan 2021&#8217;den bu yana parlamentodan g\u00fcvenoyu alan bir h\u00fck\u00fcmet olu\u015fturulmad\u0131\u011f\u0131 i\u00e7in \u00fclke, Radev&#8217;in kurdu\u011fu ge\u00e7ici h\u00fck\u00fcmetler taraf\u0131ndan y\u00f6netiliyor.<\/p><div id=\"bghab-842014160\" class=\"bghab-icerik-icine-10-paragraf bghab-entity-placement\"><script async src=\"\/\/pagead2.googlesyndication.com\/pagead\/js\/adsbygoogle.js?client=ca-pub-6203283170189293\" crossorigin=\"anonymous\"><\/script><ins class=\"adsbygoogle\" style=\"display:block; text-align:center;\" data-ad-client=\"ca-pub-6203283170189293\" \ndata-ad-slot=\"7303146466\" \ndata-ad-layout=\"in-article\"\ndata-ad-format=\"fluid\" data-full-width-responsive=\"true\"><\/ins>\n<script> \n(adsbygoogle = window.adsbygoogle || []).push({}); \n<\/script>\n<\/div>\n<p>Aradan ge\u00e7en zamanda Radev, toplam 12 kez parlamentoda temsili olan \u00e7e\u015fitli siyasi partileri h\u00fck\u00fcmeti kurmakla g\u00f6revlendirmi\u015f ancak bu partilerin siyasi gayretleri sonu\u00e7 verememi\u015fti.<\/p>\n<p>Bulgaristan&#8217;da anayasal \u00e7er\u00e7evede cumhurba\u015fkan\u0131 \u00f6nce parlamentoda en b\u00fcy\u00fck iki partiye, s\u0131ras\u0131yla kabineyi kurma g\u00f6revini veriyor.<\/p>\n<p>Bu partilerin ba\u015far\u0131s\u0131z kalmas\u0131 durumunda cumhurba\u015fkan\u0131 kendi tercihine g\u00f6re 3. bir siyasi partiye daha kabine kurmakla g\u00f6revlendiriyor. S\u00f6z konusu \u00fc\u00e7 denemenin ba\u015far\u0131s\u0131z olmas\u0131 durumunda \u00fclke yeniden erken se\u00e7ime gidiyor.<\/p>\n<\/div>\n<\/div>\n<div id=\"bghab-2328806941\" class=\"bghab-yazi-altinda bghab-entity-placement\"><script async src=\"https:\/\/pagead2.googlesyndication.com\/pagead\/js\/adsbygoogle.js\"><\/script>\r\n<!-- bghaber-yaz\u0131-sonu -->\r\n<ins class=\"adsbygoogle\"\r\n     style=\"display:block\"\r\n     data-ad-client=\"ca-pub-6203283170189293\"\r\n     data-ad-slot=\"4222328180\"\r\n     data-ad-format=\"auto\"\r\n     data-full-width-responsive=\"true\"><\/ins>\r\n<script>\r\n     (adsbygoogle = window.adsbygoogle || []).push({});\r\n<\/script><\/div><br style=\"clear: both; display: block; float: none;\"\/>","protected":false},"excerpt":{"rendered":"<p>Bulgaristan&#8217;da h\u00fck\u00fcmeti kuramayan Bulgaristan Sosyalist Partisinin lideri Korneliya Ninova, g\u00f6revi Cumhurba\u015fkan\u0131 Rumen Radev&#8217;e iade etti. Bulgaristan&#8217;\u0131n 240 sandalyeli meclisinde 24 milletvekiline sahip\u00a0Bulgaristan\u00a0Sosyalist Partisinin (BSP) h\u00fck\u00fcmeti<\/p>\n","protected":false},"author":13,"featured_media":57170,"comment_status":"open","ping_status":"closed","sticky":false,"template":"","format":"standard","meta":{"advanced_seo_description":"","jetpack_seo_html_title":"","jetpack_seo_noindex":false,"jetpack_seo_schema_type":"","_jetpack_newsletter_access":"","_jetpack_dont_email_post_to_subs":false,"_jetpack_newsletter_tier_id":0,"_jetpack_memberships_contains_paywalled_content":false,"_jetpack_feature_clip_id":0,"_jetpack_memberships_contains_paid_content":false,"footnotes":"","jetpack_post_was_ever_published":false},"categories":[1133,1,3848],"tags":[],"class_list":["post-58634","post","type-post","status-publish","format-standard","has-post-thumbnail","hentry","category-duyuru","category-haberler","category-secim"],"jetpack_sharing_enabled":true,"jetpack_likes_enabled":true,"jetpack-related-posts":[],"jetpack_shortlink":"https:\/\/wp.me\/pc2PfJ-ffI","jetpack_featured_media_url":"https:\/\/i0.wp.com\/www.bghaber.org\/bghaber\/wp-content\/uploads\/2022\/04\/bg-meclis.jpg?fit=925%2C520&ssl=1","_links":{"self":[{"href":"https:\/\/www.bghaber.org\/bghaber\/wp-json\/wp\/v2\/posts\/58634","targetHints":{"allow":["GET"]}}],"collection":[{"href":"https:\/\/www.bghaber.org\/bghaber\/wp-json\/wp\/v2\/posts"}],"about":[{"href":"https:\/\/www.bghaber.org\/bghaber\/wp-json\/wp\/v2\/types\/post"}],"author":[{"embeddable":true,"href":"https:\/\/www.bghaber.org\/bghaber\/wp-json\/wp\/v2\/users\/13"}],"replies":[{"embeddable":true,"href":"https:\/\/www.bghaber.org\/bghaber\/wp-json\/wp\/v2\/comments?post=58634"}],"version-history":[{"count":0,"href":"https:\/\/www.bghaber.org\/bghaber\/wp-json\/wp\/v2\/posts\/58634\/revisions"}],"wp:featuredmedia":[{"embeddable":true,"href":"https:\/\/www.bghaber.org\/bghaber\/wp-json\/wp\/v2\/media\/57170"}],"wp:attachment":[{"href":"https:\/\/www.bghaber.org\/bghaber\/wp-json\/wp\/v2\/media?parent=58634"}],"wp:term":[{"taxonomy":"category","embeddable":true,"href":"https:\/\/www.bghaber.org\/bghaber\/wp-json\/wp\/v2\/categories?post=58634"},{"taxonomy":"post_tag","embeddable":true,"href":"https:\/\/www.bghaber.org\/bghaber\/wp-json\/wp\/v2\/tags?post=58634"}],"curies":[{"name":"wp","href":"https:\/\/api.w.org\/{rel}","templated":true}]}}