{"id":58627,"date":"2023-01-24T23:32:04","date_gmt":"2023-01-24T20:32:04","guid":{"rendered":"https:\/\/www.bghaber.org\/bghaber\/bulgaristan-son-iki-yilda-besinci-kez-erken-secime-gidiyor\/"},"modified":"2023-01-24T23:50:20","modified_gmt":"2023-01-24T20:50:20","slug":"bulgaristan-son-iki-yilda-besinci-kez-erken-secime-gidiyor","status":"publish","type":"post","link":"https:\/\/www.bghaber.org\/bghaber\/bulgaristan-son-iki-yilda-besinci-kez-erken-secime-gidiyor\/","title":{"rendered":"Bulgaristan son iki y\u0131lda be\u015finci kez erken se\u00e7ime gidiyor"},"content":{"rendered":"<p>Bulgaristan son iki y\u0131lda be\u015finci kez se\u00e7ime gidiyor. Bulgaristan Cumhurba\u015fkan\u0131 Rumen Radev, 3 \u015eubat\u2019ta parlamentonun feshedilece\u011fini ve 2 Nisan\u2019da erken genel se\u00e7ime gidilece\u011fini a\u00e7\u0131klad\u0131.<\/p>\n<p>Sosyalist Parti&#8217;nin h\u00fck\u00fcmeti kurmay\u0131 ba\u015faramad\u0131\u011f\u0131n\u0131 ve g\u00f6revi cumhurba\u015fkan\u0131na iade etti\u011fini a\u00e7\u0131klamas\u0131n\u0131n ard\u0131ndan Bulgaristan Cumhurba\u015fkan\u0131 Rumen Radev erken se\u00e7ime gidilece\u011fini duyurdu.<\/p>\n<p>\u00dclkede iki y\u0131l i\u00e7inde yap\u0131lacak be\u015finci parlamento se\u00e7imlerinin tarihi 2 Nisan olarak belirlendi.<\/p>\n<p>Radev, parlamentoyu 3 \u015eubat&#8217;ta feshedece\u011fini belirterek, milletvekillerinin o zamana kadar Avrupa Birli\u011fi yard\u0131m fonlar\u0131n\u0131n verimli bir \u015fekilde kullan\u0131lmas\u0131n\u0131 sa\u011flamak i\u00e7in gereken yasay\u0131 onaylamas\u0131n\u0131 umdu\u011funu ifade etti.<\/p>\n<p>Bulgaristan&#8217;da h\u00fck\u00fcmeti kuramayan Bulgaristan Sosyalist Partisinin (BSP) lideri Korneliya Ninova, g\u00f6revi Cumhurba\u015fkan\u0131 Rumen Radev&#8217;e iade etmi\u015fti.<\/p><div id=\"bghab-591062703\" class=\"bghab-icerik-icine bghab-entity-placement\"><script async src=\"\/\/pagead2.googlesyndication.com\/pagead\/js\/adsbygoogle.js?client=ca-pub-6203283170189293\" crossorigin=\"anonymous\"><\/script><ins class=\"adsbygoogle\" style=\"display:block; text-align:center;\" data-ad-client=\"ca-pub-6203283170189293\" \ndata-ad-slot=\"7303146466\" \ndata-ad-layout=\"in-article\"\ndata-ad-format=\"fluid\" data-full-width-responsive=\"true\"><\/ins>\n<script> \n(adsbygoogle = window.adsbygoogle || []).push({}); \n<\/script>\n<\/div>\n<p>Bulgaristan&#8217;\u0131n 240 sandalyeli meclisinde 24 milletvekiline sahip BSP&#8217;nin h\u00fck\u00fcmeti kurma konusunda ba\u015far\u0131s\u0131z olmas\u0131, \u00fclkede son iki y\u0131lda 5. kez erken genel se\u00e7ime giden yolun \u00f6n\u00fcn\u00fc a\u00e7m\u0131\u015ft\u0131.<\/p>\n<p>&nbsp;<\/p>\n<p>Habert\u00fcrk<\/p>\n<div id=\"bghab-2266040697\" class=\"bghab-yazi-altinda bghab-entity-placement\"><script async src=\"https:\/\/pagead2.googlesyndication.com\/pagead\/js\/adsbygoogle.js\"><\/script>\r\n<!-- bghaber-yaz\u0131-sonu -->\r\n<ins class=\"adsbygoogle\"\r\n     style=\"display:block\"\r\n     data-ad-client=\"ca-pub-6203283170189293\"\r\n     data-ad-slot=\"4222328180\"\r\n     data-ad-format=\"auto\"\r\n     data-full-width-responsive=\"true\"><\/ins>\r\n<script>\r\n     (adsbygoogle = window.adsbygoogle || []).push({});\r\n<\/script><\/div><br style=\"clear: both; display: block; float: none;\"\/>","protected":false},"excerpt":{"rendered":"<p>Bulgaristan son iki y\u0131lda be\u015finci kez se\u00e7ime gidiyor. Bulgaristan Cumhurba\u015fkan\u0131 Rumen Radev, 3 \u015eubat\u2019ta parlamentonun feshedilece\u011fini ve 2 Nisan\u2019da erken genel se\u00e7ime gidilece\u011fini a\u00e7\u0131klad\u0131. Sosyalist Parti&#8217;nin h\u00fck\u00fcmeti kurmay\u0131 ba\u015faramad\u0131\u011f\u0131n\u0131 ve g\u00f6revi cumhurba\u015fkan\u0131na iade etti\u011fini a\u00e7\u0131klamas\u0131n\u0131n ard\u0131ndan Bulgaristan Cumhurba\u015fkan\u0131 Rumen Radev erken se\u00e7ime gidilece\u011fini duyurdu. \u00dclkede iki y\u0131l i\u00e7inde yap\u0131lacak be\u015finci parlamento se\u00e7imlerinin tarihi 2 Nisan [&#8230;]<\/p>\n","protected":false},"author":29,"featured_media":58628,"comment_status":"open","ping_status":"closed","sticky":false,"template":"","format":"standard","meta":{"advanced_seo_description":"","jetpack_seo_html_title":"","jetpack_seo_noindex":false,"jetpack_seo_schema_type":"","_jetpack_newsletter_access":"","_jetpack_dont_email_post_to_subs":false,"_jetpack_newsletter_tier_id":0,"_jetpack_memberships_contains_paywalled_content":false,"_jetpack_feature_clip_id":0,"_jetpack_memberships_contains_paid_content":false,"footnotes":"","jetpack_post_was_ever_published":false},"categories":[1,4],"tags":[30,746,604],"class_list":["post-58627","post","type-post","status-publish","format-standard","has-post-thumbnail","hentry","category-haberler","category-siyaset","tag-bulgaristan","tag-rumen-radev","tag-secim"],"jetpack_sharing_enabled":true,"jetpack_likes_enabled":true,"jetpack-related-posts":[],"jetpack_shortlink":"https:\/\/wp.me\/pc2PfJ-ffB","jetpack_featured_media_url":"https:\/\/i0.wp.com\/www.bghaber.org\/bghaber\/wp-content\/uploads\/2023\/01\/3559198_810x458.jpg?fit=810%2C458&ssl=1","_links":{"self":[{"href":"https:\/\/www.bghaber.org\/bghaber\/wp-json\/wp\/v2\/posts\/58627","targetHints":{"allow":["GET"]}}],"collection":[{"href":"https:\/\/www.bghaber.org\/bghaber\/wp-json\/wp\/v2\/posts"}],"about":[{"href":"https:\/\/www.bghaber.org\/bghaber\/wp-json\/wp\/v2\/types\/post"}],"author":[{"embeddable":true,"href":"https:\/\/www.bghaber.org\/bghaber\/wp-json\/wp\/v2\/users\/29"}],"replies":[{"embeddable":true,"href":"https:\/\/www.bghaber.org\/bghaber\/wp-json\/wp\/v2\/comments?post=58627"}],"version-history":[{"count":0,"href":"https:\/\/www.bghaber.org\/bghaber\/wp-json\/wp\/v2\/posts\/58627\/revisions"}],"wp:featuredmedia":[{"embeddable":true,"href":"https:\/\/www.bghaber.org\/bghaber\/wp-json\/wp\/v2\/media\/58628"}],"wp:attachment":[{"href":"https:\/\/www.bghaber.org\/bghaber\/wp-json\/wp\/v2\/media?parent=58627"}],"wp:term":[{"taxonomy":"category","embeddable":true,"href":"https:\/\/www.bghaber.org\/bghaber\/wp-json\/wp\/v2\/categories?post=58627"},{"taxonomy":"post_tag","embeddable":true,"href":"https:\/\/www.bghaber.org\/bghaber\/wp-json\/wp\/v2\/tags?post=58627"}],"curies":[{"name":"wp","href":"https:\/\/api.w.org\/{rel}","templated":true}]}}